{"id":4792,"date":"2021-05-14T18:37:20","date_gmt":"2021-05-14T17:37:20","guid":{"rendered":"https:\/\/bruxelles-pantheres.be\/?p=4792"},"modified":"2021-05-12T18:47:24","modified_gmt":"2021-05-12T17:47:24","slug":"les-zapatistes-naviguent-vers-leurope","status":"publish","type":"post","link":"https:\/\/bruxelles-pantheres.be\/?p=4792","title":{"rendered":"LES ZAPATISTES NAVIGUENT VERS L\u2019EUROPE"},"content":{"rendered":"<p><i>Le Soir<\/i>\u00a0(Bruxelles, 7 mai) &#8211; Bernard Duterme, coordinateur du livre collectif\u00a0<a href=\"https:\/\/www.cetri.be\/Zapatisme-la-rebellion-qui-dure\">Zapatisme\u00a0: la r\u00e9bellion qui dure<\/a>, commente la prochaine \u00ab\u00a0invasion\u00a0\u00bb du continent europ\u00e9en par les surprenants rebelles du Chiapas, \u00e0 l\u2019heure de la ratification d\u2019un nouvel accord de d\u00e9r\u00e9gulation des investissements et des \u00e9changes commerciaux entre l\u2019Europe et le Mexique.<!--more--><\/p>\n<div class=\"crayon article-texte-5630 \">\n<div>\n<p style=\"text-align: center;\"><a href=\"https:\/\/bruxelles-pantheres.be\/wp-content\/uploads\/2021\/05\/1-mai-2021-suedmexiko-newsletter-04-30-2021.png\"><img decoding=\"async\" class=\"alignnone size-full wp-image-4796\" src=\"https:\/\/bruxelles-pantheres.be\/wp-content\/uploads\/2021\/05\/1-mai-2021-suedmexiko-newsletter-04-30-2021.png\" alt=\"\" width=\"964\" height=\"962\" srcset=\"https:\/\/bruxelles-pantheres.be\/wp-content\/uploads\/2021\/05\/1-mai-2021-suedmexiko-newsletter-04-30-2021.png 964w, https:\/\/bruxelles-pantheres.be\/wp-content\/uploads\/2021\/05\/1-mai-2021-suedmexiko-newsletter-04-30-2021-300x300.png 300w, https:\/\/bruxelles-pantheres.be\/wp-content\/uploads\/2021\/05\/1-mai-2021-suedmexiko-newsletter-04-30-2021-150x150.png 150w, https:\/\/bruxelles-pantheres.be\/wp-content\/uploads\/2021\/05\/1-mai-2021-suedmexiko-newsletter-04-30-2021-768x766.png 768w\" sizes=\"(max-width: 964px) 100vw, 964px\" \/><\/a><\/p>\n<p>C\u2019est parti. La caravelle \u00ab\u00a0<i>La Monta\u00f1a<\/i>\u00a0\u00bb a quitt\u00e9 la p\u00e9ninsule du Yucat\u00e1n au Mexique pour rallier les c\u00f4tes europ\u00e9ennes. \u00c0 bord, une d\u00e9l\u00e9gation du mouvement zapatiste du Chiapas, baptis\u00e9e \u00ab\u00a0l\u2019escadron 421\u00a0\u00bb, car compos\u00e9e de quatre femmes, deux hommes et une personne transgenre, originaires de diff\u00e9rentes ethnies mayas. Mission\u00a0: \u00ab\u00a0envahir\u00a0\u00bb le continent europ\u00e9en pour y propager \u00ab\u00a0le virus de la r\u00e9bellion\u00a0\u00bb. Une centaine d\u2019autres indig\u00e8nes zapatistes devraient les y rejoindre, par avion, au d\u00e9but de l\u2019\u00e9t\u00e9. Avec, sans doute, la m\u00eame gravit\u00e9 et la m\u00eame ironie, caract\u00e9ristiques de cette dr\u00f4le d\u2019insurrection.<\/p>\n<p>Les rebelles du Sud-Est mexicain n\u2019en sont pas \u00e0 leur premier coup d\u2019\u00e9clat, depuis ce 1er janvier 1994, il y a plus d\u2019un quart de si\u00e8cle, lorsque, vieilles p\u00e9toires \u00e0 la main, ils d\u00e9clar\u00e8rent la guerre au gouvernement du pr\u00e9sident Salinas et \u00e0 son arm\u00e9e. Le jour m\u00eame de l\u2019entr\u00e9e en vigueur de l\u2019Accord de libre-\u00e9change entre les \u00c9tats-Unis, le Canada et le Mexique\u00a0! L\u2019\u00e9lan martial fit long feu, mais les zapatistes, d\u00e9sormais encagoul\u00e9s \u00ab\u00a0pour \u00eatre reconnus\u00a0\u00bb \u2013 l\u2019un de leurs multiples paradoxes \u2013, vont rester mobilis\u00e9s contre vents et mar\u00e9es, pour \u00ab\u00a0la libert\u00e9, la d\u00e9mocratie et la justice\u00a0\u00bb.<\/p>\n<p>Trois processus divergents bien que concomitants marqueront les premi\u00e8res ann\u00e9es\u00a0: des n\u00e9gociations erratiques entre les insurg\u00e9s et le gouvernement\u00a0; une strat\u00e9gie et des faits de harc\u00e8lement (para-)militaire des autorit\u00e9s \u00e0 l\u2019\u00e9gard des communaut\u00e9s rebelles\u00a0; et une succession de rencontres bigarr\u00e9es avec la soci\u00e9t\u00e9 civile nationale et internationale, \u00e0 l\u2019initiative des zapatistes.<\/p>\n<p>Les trois options vont capoter. Ni le gouvernement ni le congr\u00e8s n\u2019appliqueront le seul accord sign\u00e9 avec les commandants mayas (\u00e0 San Andr\u00e9s en f\u00e9vrier 1996) sur le droit \u00e0 l\u2019autod\u00e9termination et le respect des cultures autochtones. La \u00ab\u00a0guerre de basse intensit\u00e9\u00a0\u00bb men\u00e9e parall\u00e8lement contre les villages zapatistes va affermir le mouvement plut\u00f4t que l\u2019affaiblir. Et les diverses tentatives d\u2019articuler les gauches mexicaines dans une nouvelle dynamique organisationnelle, \u00e0 l\u2019instigation du sous-commandant Marcos, porte-parole de la r\u00e9bellion, vont crisper plus que charmer.<\/p>\n<p>Seul le Congr\u00e8s national indig\u00e8ne (CNI), constitu\u00e9 en 1996 pour r\u00e9unir \u00e0 l\u2019\u00e9chelle du pays les peuples indiens en lutte contre l\u2019exploitation et les discriminations dont ils sont l\u2019objet, subsistera. Il fait d\u2019ailleurs partie de cette nouvelle \u00e9pop\u00e9e annonc\u00e9e d\u00e8s octobre dernier qui va voir les d\u00e9l\u00e9gations indig\u00e8nes sillonner les cinq continents, en commen\u00e7ant par l\u2019Europe \u2013 elles sont attendues dans plus d\u2019une vingtaine de pays \u2013 et par Madrid\u2026 o\u00f9 l\u2019Arm\u00e9e zapatiste de lib\u00e9ration nationale (EZLN) compte bien f\u00eater \u00e0 sa fa\u00e7on le 13 ao\u00fbt prochain, les 500 ans de la prise de Mexico-Tenochtitl\u00e1n par les troupes du conquistador Hern\u00e1n Cort\u00e9s.<\/p>\n<p>Depuis pr\u00e8s de deux d\u00e9cennies maintenant, les rebelles du Chiapas administrent au quotidien un r\u00e9gime d\u2019\u00ab\u00a0autonomie de fait\u00a0\u00bb, faute d\u2019autonomie de droit, dans leurs zones d\u2019influence, un territoire de la taille de la Belgique, mais tr\u00e8s fragment\u00e9 politiquement. Ils tentent d\u2019y construire \u00ab\u00a0un autre monde\u00a0\u00bb, \u00e0 distance du capitalisme et en rupture avec les diff\u00e9rents registres de domination face auxquels leur nouvelle perspective \u00e9mancipatrice s\u2019est progressivement construite, au fil des circonstances.<\/p>\n<p>Aspirations combin\u00e9es \u00e0 la reconnaissance et \u00e0 la redistribution, \u00e0 l\u2019\u00e9galit\u00e9 hommes-femmes, au respect du vivant sous toutes ses formes, \u00e0 l\u2019int\u00e9gration sans assimilation et \u00e0 l\u2019autonomie sans s\u00e9paration, \u00e0 la citoyennet\u00e9, \u00e0 la lib\u00e9ration et \u00e0 la dignit\u00e9\u2026 Le tout emball\u00e9 dans la prose baroque du prolifique Marcos (rebaptis\u00e9 sous-commandant Galeano en 2014), chacune et chacun de ce c\u00f4t\u00e9-ci de l\u2019Atlantique peut y trouver sa saveur pr\u00e9f\u00e9r\u00e9e. Parfois en n\u00e9gligeant les autres parfums, voire en conditionnant sa solidarit\u00e9 \u00e0 leur abandon. Dans le meilleur des cas cependant, socialistes, f\u00e9ministes, libertaires, \u00e9cologistes, d\u00e9mocrates, tiers-mondistes, chr\u00e9tiens progressistes, d\u00e9coloniaux, indianistes\u2026 convergent dans leur int\u00e9r\u00eat pour la cause zapatiste.<\/p>\n<p>Ce sont d\u2019ailleurs elles et eux que les zapatistes souhaitent rencontrer en Europe, \u00ab\u00a0en bas, \u00e0 gauche\u00a0\u00bb, pour discuter le coup, \u00ab\u00a0partager\u00a0\u00bb, \u00ab\u00a0apprendre les un\u00b7es des autres dans le respect des diff\u00e9rences\u00a0\u00bb, \u00ab\u00a0dynamiser un r\u00e9seau de r\u00e9sistances\u00a0\u00bb \u00e0 l\u2019ordre \u00e9tabli. Pourvu que les syndicats par exemple, au-del\u00e0 des seuls comit\u00e9s de solidarit\u00e9 avec le Chiapas, les accueillent. Car l\u2019Europe dans laquelle les d\u00e9l\u00e9gations de l\u2019EZLN s\u2019appr\u00eatent \u00e0 d\u00e9barquer est pr\u00e9cis\u00e9ment celle dont les \u00c9tats membres sont appel\u00e9s \u00e0 ratifier le nouvel accord de libre-\u00e9change conclu avec le Mexique en 2020.<\/p>\n<p>Un accord qui, en d\u00e9pit des impacts sociaux et environnementaux d\u00e9sastreux du pr\u00e9c\u00e9dent sign\u00e9 en 2000, pr\u00e9voit d\u2019accentuer la lib\u00e9ralisation et la d\u00e9r\u00e9glementation du commerce entre l\u2019Europe et le Mexique, en donnant davantage de pouvoir encore aux investisseurs ext\u00e9rieurs. Ceux-l\u00e0 m\u00eames qui sont consid\u00e9r\u00e9s l\u00e0-bas, par \u00ab\u00a0le Mexique d\u2019en-bas\u00a0\u00bb, comme des \u00ab\u00a0envahisseurs\u00a0\u00bb y gagneraient le droit exclusif de poursuivre l\u2019\u00c9tat mexicain \u00e0 la moindre tentative de r\u00e9gulation. \u00c0 l\u2019heure de la \u00ab\u00a0conqu\u00eate invers\u00e9e\u00a0\u00bb du continent europ\u00e9en par les indig\u00e8nes zapatistes, pourvu qu\u2019on en parle.<\/p>\n<p><span class=\"spip_document_2924 spip_documents spip_documents_center\"><img decoding=\"async\" class=\"aligncenter\" src=\"https:\/\/www.cetri.be\/local\/cache-vignettes\/L730xH432\/ez-5f4da.jpg?1620397709\" alt=\"\" width=\"730\" height=\"432\" \/><\/span><\/p>\n<\/div>\n<\/div>\n<p>&nbsp;<\/p>\n","protected":false},"excerpt":{"rendered":"<p>Le Soir\u00a0(Bruxelles, 7 mai) &#8211; Bernard Duterme, coordinateur du livre collectif\u00a0Zapatisme\u00a0: la r\u00e9bellion qui dure, commente la prochaine \u00ab\u00a0invasion\u00a0\u00bb du continent europ\u00e9en par les surprenants rebelles du Chiapas, \u00e0 l\u2019heure de la ratification d\u2019un nouvel accord de d\u00e9r\u00e9gulation des investissements et des \u00e9changes commerciaux entre l\u2019Europe et le Mexique.<\/p>\n","protected":false},"author":1,"featured_media":4794,"comment_status":"open","ping_status":"open","sticky":false,"template":"","format":"standard","meta":{"footnotes":""},"categories":[35,21,36,18],"tags":[202],"class_list":["post-4792","post","type-post","status-publish","format-standard","has-post-thumbnail","hentry","category-amerique-du-sud","category-anti-imperialisme","category-europe","category-resistance-bruxelles","tag-armee-zapatiste-de-liberation-nationale"],"_links":{"self":[{"href":"https:\/\/bruxelles-pantheres.be\/index.php?rest_route=\/wp\/v2\/posts\/4792","targetHints":{"allow":["GET"]}}],"collection":[{"href":"https:\/\/bruxelles-pantheres.be\/index.php?rest_route=\/wp\/v2\/posts"}],"about":[{"href":"https:\/\/bruxelles-pantheres.be\/index.php?rest_route=\/wp\/v2\/types\/post"}],"author":[{"embeddable":true,"href":"https:\/\/bruxelles-pantheres.be\/index.php?rest_route=\/wp\/v2\/users\/1"}],"replies":[{"embeddable":true,"href":"https:\/\/bruxelles-pantheres.be\/index.php?rest_route=%2Fwp%2Fv2%2Fcomments&post=4792"}],"version-history":[{"count":3,"href":"https:\/\/bruxelles-pantheres.be\/index.php?rest_route=\/wp\/v2\/posts\/4792\/revisions"}],"predecessor-version":[{"id":4797,"href":"https:\/\/bruxelles-pantheres.be\/index.php?rest_route=\/wp\/v2\/posts\/4792\/revisions\/4797"}],"wp:featuredmedia":[{"embeddable":true,"href":"https:\/\/bruxelles-pantheres.be\/index.php?rest_route=\/wp\/v2\/media\/4794"}],"wp:attachment":[{"href":"https:\/\/bruxelles-pantheres.be\/index.php?rest_route=%2Fwp%2Fv2%2Fmedia&parent=4792"}],"wp:term":[{"taxonomy":"category","embeddable":true,"href":"https:\/\/bruxelles-pantheres.be\/index.php?rest_route=%2Fwp%2Fv2%2Fcategories&post=4792"},{"taxonomy":"post_tag","embeddable":true,"href":"https:\/\/bruxelles-pantheres.be\/index.php?rest_route=%2Fwp%2Fv2%2Ftags&post=4792"}],"curies":[{"name":"wp","href":"https:\/\/api.w.org\/{rel}","templated":true}]}}