{"id":4798,"date":"2021-05-16T07:42:07","date_gmt":"2021-05-16T06:42:07","guid":{"rendered":"https:\/\/bruxelles-pantheres.be\/?p=4798"},"modified":"2021-05-16T07:42:07","modified_gmt":"2021-05-16T06:42:07","slug":"colloque-a-lumons-sur-colonisation-decolonisation-des-memoires-multiples-et-plurielles","status":"publish","type":"post","link":"https:\/\/bruxelles-pantheres.be\/?p=4798","title":{"rendered":"Colloque \u00e0 l&rsquo;UMons sur \u00ab\u00a0Colonisation, d\u00e9colonisation : des m\u00e9moires multiples et plurielles\u00a0\u00bb."},"content":{"rendered":"<p><span style=\"font-weight: 400;\">Le discours de BP au colloque \u00e0 Mons :<\/span><\/p>\n<p style=\"font-weight: 400;\">Bonjour. Nous remercions le Mons Memorial Museum et l\u2019UMONS pour l\u2019organisation de<a href=\"https:\/\/mumons.be\/museum\/activites\/colloque-international-memoires-coloniales\/?fbclid=IwAR2Cf18xP4goJU0q7HJ6cEAaO7Zzfqiqg067_g05OfvnM610t1KKVqeX8pE\"> ce colloque et pour l\u2019invitation.<\/a><\/p>\n<p>Ce colloque nous permet de prendre connaissance de beaucoup de recherches et de travaux sur la \u00ab\u00a0m\u00e9moire coloniale\u00a0\u00bb, le \u00ab\u00a0patrimoine\u00a0\u00bb, la \u00ab\u00a0Culture\u00a0\u00bb, etc.<\/p>\n<p>Malgr\u00e9 l\u2019int\u00e9r\u00eat ind\u00e9niable de telles recherches, ce sont les cons\u00e9quences actuelles et mat\u00e9rielles de la colonialit\u00e9 du pouvoir et du savoir (le folklore \u00e9tant inclus dans le savoir) sur la vie des personnes Noires et afro-descendantes qui nous pr\u00e9occupent. Nous n\u2019avons rien contre un travail intellectuel s\u00e9rieux. C\u2019est m\u00eame l\u2019une des bases de nos argumentations dans notre lutte contre la domination raciale.<!--more--><br \/>\nJe vais revenir sur ces cons\u00e9quences. Cons\u00e9quences que de nombreux aspects de nombreux folklores wallons participent \u00e0 maintenir et \u00e0 p\u00e9renniser, au pr\u00e9texte du respect de la \u00ab\u00a0m\u00e9moire\u00a0\u00bb et des traditions.<\/p>\n<p>La Convention de l\u2019UNESCO de 2003 concernant le patrimoine immat\u00e9riel dit entre-autre ceci :\u00a0\u00ab\u00a0<em>seul sera pris en consid\u00e9ration le patrimoine conforme aux instruments internationaux existants relatifs aux droits de l\u2019homme, ainsi qu\u2019\u00e0 l\u2019exigence du respect mutuel entre communaut\u00e9s, groupes et individus<\/em>\u00a0\u00bb.<\/p>\n<p style=\"font-weight: 400;\">Concr\u00e8tement nous ne pouvons que constater que, dans le cas de Ath, loin de respecter la convention \u00e0 laquelle la ducasse a adh\u00e9r\u00e9e, le sauvage de Ath participe en r\u00e9alit\u00e9 \u00e0 maintenir et \u00e0 renforcer la n\u00e9grophobie. Si les autres carnavals mentionn\u00e9s ne sont pas patrimoine immat\u00e9riel UNESCO, leur personnage \u00ab\u00a0africains\u00a0\u00bb on le m\u00eame effet de maintien et de renforcement de la n\u00e9grophobie en Belgique.<br \/>\nCes folklores sont une des modalit\u00e9s de \u00ab\u00a0la continuation de la colonisation par d\u2019autres moyens\u00a0\u00bb.<\/p>\n<p style=\"font-weight: 400;\">Quid des perceptions li\u00e9es aux folklores\u00a0? Quid de la stigmatisation des populations rabaiss\u00e9es et d\u00e9shumanis\u00e9es\u00a0? Quid du sort des victimes r\u00e9elles\u00a0?<\/p>\n<p style=\"font-weight: 400;\">Quid de l\u2019\u00e9volution des folklores \u00e0 la suite de l\u2019ind\u00e9pendance du Congo en 1960\u00a0?<br \/>\nLe \u00ab\u00a0p\u00e8re fouettard\u00a0\u00bb (Belgique) , l\u2019\u0153uvre royale des \u00ab\u00a0noirauds\u00a0\u00bb (Bruxelles), le \u00ab\u00a0Sauvage d\u2019Ath\u00a0\u00bb et la \u00ab\u00a0sortie des n\u00e8gres\u00a0\u00bb \u00e0 Lessines\/Deux-Acrens (Hainaut), le carnaval de Malmedy (labelis\u00e9 \u00ab\u00a0Chef-d\u2019\u0153uvre du Patrimoine oral et immat\u00e9riel\u00a0\u00bb par la FWB).<\/p>\n<p style=\"font-weight: 400;\">Intensification de la n\u00e9grophobie apr\u00e8s la fin de la colonisation.<br \/>\nLe sauvage n\u2019est devenu \u00ab\u00a0la star\u00a0\u00bb de la ducasse d\u2019Ath qu\u2019apr\u00e8s l\u2019ind\u00e9pendance du Congo. La \u00ab\u00a0sortie des n\u00e8gres\u00a0\u00bb n\u2019est apparue qu\u2019au d\u00e9but des ann\u00e9es 80. Je n\u2019ai pas assist\u00e9 \u00e0 la journ\u00e9e d\u2019hier. Mais je n\u2019ai rien entendu aujourd\u2019hui au sujet de cette intensification de la n\u00e9grophobie post-d\u00e9colonisation.<\/p>\n<p>Le niveau d\u2019attachement aux personnages n\u00e9grophobes exprim\u00e9 par les populations ayant r\u00e9agi \u00e0 nos actions \u00e0 Deux-Acrens et Ath est tout bonnement effrayant. Le simple fait de remettre en question l\u2019existence de ces personnages n\u00e9grophobes nous a valu des milliers d\u2019insultes, des centaines de menaces et des accusations en tout genre\u00a0: \u00ab\u00a0rentrez chez vous\u00a0\u00bb, \u00ab\u00a0vous voulez tuer notre folklore\u00a0\u00bb, \u00ab\u00a0ce sont nos traditions\u00a0\u00bb, \u00ab\u00a0vous voulez remplacer la ducasse par la sharia\u00a0\u00bb, etc.<br \/>\nFolklore pr\u00e9sent\u00e9 comme \u00ab\u00a0bon enfant\u00a0\u00bb, pas raciste, juste pour s\u2019amuser, etc.<\/p>\n<p>Accusation d\u2019importer le \u00ab\u00a0mod\u00e8le am\u00e9ricain\u00a0\u00bb. La n\u00e9grophobie, les violences polici\u00e8res, tout \u00e7a c\u2019est am\u00e9ricain.<br \/>\nCeux qui disent \u00e7a semble oublier que les USA sont la plus belle r\u00e9ussite de la colonisation europ\u00e9enne de la plan\u00e8te. Les supr\u00e9matistes blancs des USA sont les rejetons de l\u2019Europe des Lumi\u00e8res, les rejetons de l\u2019Europe coloniale, les rejetons, aussi des guerres de religions en Europe.<\/p>\n<p>A cet \u00e9gard, j\u2019aimerais \u00e9voquer le cas particulier de Jesse de Forest qui venait de Avesnes, Hainaut et dont le nom est mentionn\u00e9 sur une st\u00e8le comm\u00e9morative offerte par le conseil provincial du Hainaut \u00e0 la ville de New-York en 1924 pour honorer le souvenir des colons Wallons (300 ans).<a href=\"https:\/\/bruxelles-pantheres.be\/wp-content\/uploads\/2021\/05\/a4d58d_1d37cee75caf4fd4910d1429cf51f7ce_mv2.jpg\"><img decoding=\"async\" class=\"wp-image-4800 size-large aligncenter\" src=\"https:\/\/bruxelles-pantheres.be\/wp-content\/uploads\/2021\/05\/a4d58d_1d37cee75caf4fd4910d1429cf51f7ce_mv2-768x1024.jpg\" alt=\"\" width=\"768\" height=\"1024\" srcset=\"https:\/\/bruxelles-pantheres.be\/wp-content\/uploads\/2021\/05\/a4d58d_1d37cee75caf4fd4910d1429cf51f7ce_mv2-768x1024.jpg 768w, https:\/\/bruxelles-pantheres.be\/wp-content\/uploads\/2021\/05\/a4d58d_1d37cee75caf4fd4910d1429cf51f7ce_mv2-225x300.jpg 225w, https:\/\/bruxelles-pantheres.be\/wp-content\/uploads\/2021\/05\/a4d58d_1d37cee75caf4fd4910d1429cf51f7ce_mv2.jpg 1000w\" sizes=\"(max-width: 768px) 100vw, 768px\" \/><\/a><\/p>\n<p>Ceux qui pensent que la colonisation belge se limite \u00e0 l\u2019Afrique centrale ne donnent pas une image compl\u00e8te de l\u2019histoire coloniale belge.<\/p>\n<p>En mati\u00e8re de colonisation, la Belgique n\u2019est pas un petit pays. Wallons \u00e0 New-York au d\u00e9but du 17\u00e8 si\u00e8cle, Belgique de L\u00e9opold Ier impliqu\u00e9e dans une guerre coloniale au Mexique, participation \u00e0 la conf\u00e9rence de Berlin 1885, Etat ind\u00e9pendant du Congo, Congo-belge 1908, et aujourd\u2019hui acteur de l\u2019imp\u00e9rialisme postcolonial \u00e0 travers sa pr\u00e9sence dans l\u2019OTAN (dont le si\u00e8ge n\u2019est pas tr\u00e8s loin d\u2019ici) et d\u2019autres organisations internationales, la Belgique est un acteur majeur et incontournable de la colonisation europ\u00e9enne du reste de la plan\u00e8te.<\/p>\n<p>Addendum\u00a0: La Belgique \u00e9tait aussi l\u2019une des puissances coloniales \u00ab\u00a0gestionnaire\u00a0\u00bb de Tanger.<\/p>\n<p>Ne pas oublier qu\u2019\u00e0 Berlin \u00e7a ressemble fort \u00e0 une r\u00e9union de famille pour se partager un h\u00e9ritage, ou plut\u00f4t un magot et la monarchie belge est le pivot de cette famille, son d\u00e9nominateur commun.<\/p>\n<p>B\u00e9n\u00e9ficiaires\u00a0(aspects \u00e9conomiques\u00a0: argent, prestige, etc.) :<\/p>\n<ol>\n<li style=\"font-weight: 400;\">Forces s\u00e9curitaires (y compris \u00ab\u00a0pr\u00e9vention\u00a0\u00bb et \u00ab\u00a0social\u00a0\u00bb).<\/li>\n<li style=\"font-weight: 400;\">Monde de la recherche<\/li>\n<li style=\"font-weight: 400;\">Monde de l\u2019\u00e9ducation permanente, de l\u2019\u00e9dition, journalistes, artistes en tout genre, experts en tout genre, mus\u00e9es et folklore, etc.<\/li>\n<\/ol>\n<p style=\"font-weight: 400;\">Nombre de carri\u00e8re sont en fait partiellement ou compl\u00e8tement construites sur l\u2019exploitation du racisme d\u2019Etat.<\/p>\n<p style=\"font-weight: 400;\">Victimes\u00a0:<\/p>\n<ol>\n<li style=\"font-weight: 400;\">Mort sociale et physique des Noirs et des Arabes \u00ab\u00a0l\u00e9galement\u00a0\u00bb en Belgique. Discriminations diverses, s\u00e9gr\u00e9gation spatiale, etc.<\/li>\n<li style=\"font-weight: 400;\">Chasse aux migrants (Mawda, Semira)<\/li>\n<li style=\"font-weight: 400;\">R\u00e9pression politique de BP. Poursuite contre Nordine et d\u00e9ni de tous mes droits en 2019 \u00e0 Ath. Tout ceci sans covid.<\/li>\n<\/ol>\n<p style=\"font-weight: 400;\">Beaucoup d\u2019int\u00e9r\u00eat pour les recherches et les \u00e9tudes et les exercices intellectuels en g\u00e9n\u00e9ral.<br \/>\nMais l\u2019urgence, c\u2019est le mat\u00e9riel, c\u2019est la vie des gens, la vie de nos enfants, la reconnaissance et le respect de l\u2019histoire de nos ascendants et de leurs luttes contre la colonisation et la supr\u00e9matie blanche.<\/p>\n<p style=\"font-weight: 400;\">L\u2019urgence c\u2019est d\u2019abattre la racisme d\u2019Etat, d\u2019abattre la colonialit\u00e9 du pouvoir et du savoir, y compris dans ses aspects folkloriques.<\/p>\n<p>&nbsp;<\/p>\n<p style=\"text-align: left;\">Mouhad Reghif Porte-parole de Bruxelles Panth\u00e8res<\/p>\n","protected":false},"excerpt":{"rendered":"<p>Le discours de BP au colloque \u00e0 Mons : Bonjour. Nous remercions le Mons Memorial Museum et l\u2019UMONS pour l\u2019organisation de ce colloque et pour l\u2019invitation. Ce colloque nous permet de prendre connaissance de beaucoup de recherches et de travaux sur la \u00ab\u00a0m\u00e9moire coloniale\u00a0\u00bb, le \u00ab\u00a0patrimoine\u00a0\u00bb, la \u00ab\u00a0Culture\u00a0\u00bb, etc. Malgr\u00e9 l\u2019int\u00e9r\u00eat ind\u00e9niable de telles recherches, &#8230; <a title=\"Colloque \u00e0 l&rsquo;UMons sur \u00ab\u00a0Colonisation, d\u00e9colonisation : des m\u00e9moires multiples et plurielles\u00a0\u00bb.\" class=\"read-more\" href=\"https:\/\/bruxelles-pantheres.be\/?p=4798\" aria-label=\"En savoir plus sur Colloque \u00e0 l&rsquo;UMons sur \u00ab\u00a0Colonisation, d\u00e9colonisation : des m\u00e9moires multiples et plurielles\u00a0\u00bb.\">Lire la suite<\/a><\/p>\n","protected":false},"author":1,"featured_media":4799,"comment_status":"open","ping_status":"open","sticky":false,"template":"","format":"standard","meta":{"footnotes":""},"categories":[1,35,21,36,7,18],"tags":[188,375,423],"class_list":["post-4798","post","type-post","status-publish","format-standard","has-post-thumbnail","hentry","category-non-classe","category-amerique-du-sud","category-anti-imperialisme","category-europe","category-negrophobie","category-resistance-bruxelles","tag-blackface","tag-mouhad-reghif","tag-negrophobie"],"_links":{"self":[{"href":"https:\/\/bruxelles-pantheres.be\/index.php?rest_route=\/wp\/v2\/posts\/4798","targetHints":{"allow":["GET"]}}],"collection":[{"href":"https:\/\/bruxelles-pantheres.be\/index.php?rest_route=\/wp\/v2\/posts"}],"about":[{"href":"https:\/\/bruxelles-pantheres.be\/index.php?rest_route=\/wp\/v2\/types\/post"}],"author":[{"embeddable":true,"href":"https:\/\/bruxelles-pantheres.be\/index.php?rest_route=\/wp\/v2\/users\/1"}],"replies":[{"embeddable":true,"href":"https:\/\/bruxelles-pantheres.be\/index.php?rest_route=%2Fwp%2Fv2%2Fcomments&post=4798"}],"version-history":[{"count":1,"href":"https:\/\/bruxelles-pantheres.be\/index.php?rest_route=\/wp\/v2\/posts\/4798\/revisions"}],"predecessor-version":[{"id":4801,"href":"https:\/\/bruxelles-pantheres.be\/index.php?rest_route=\/wp\/v2\/posts\/4798\/revisions\/4801"}],"wp:featuredmedia":[{"embeddable":true,"href":"https:\/\/bruxelles-pantheres.be\/index.php?rest_route=\/wp\/v2\/media\/4799"}],"wp:attachment":[{"href":"https:\/\/bruxelles-pantheres.be\/index.php?rest_route=%2Fwp%2Fv2%2Fmedia&parent=4798"}],"wp:term":[{"taxonomy":"category","embeddable":true,"href":"https:\/\/bruxelles-pantheres.be\/index.php?rest_route=%2Fwp%2Fv2%2Fcategories&post=4798"},{"taxonomy":"post_tag","embeddable":true,"href":"https:\/\/bruxelles-pantheres.be\/index.php?rest_route=%2Fwp%2Fv2%2Ftags&post=4798"}],"curies":[{"name":"wp","href":"https:\/\/api.w.org\/{rel}","templated":true}]}}