{"id":481,"date":"2013-03-15T05:28:25","date_gmt":"2013-03-15T04:28:25","guid":{"rendered":"https:\/\/bruxelles-pantheres.be\/?p=481"},"modified":"2013-11-10T05:30:09","modified_gmt":"2013-11-10T04:30:09","slug":"transfert-arbitraire-de-abdelkader-belliraj","status":"publish","type":"post","link":"https:\/\/bruxelles-pantheres.be\/?p=481","title":{"rendered":"Transfert arbitraire de Abdelkader Belliraj"},"content":{"rendered":"<div style=\"text-align: justify;\"><\/div>\n<div style=\"text-align: justify;\"><img decoding=\"async\" class=\"aligncenter\" alt=\"https:\/\/fbcdn-sphotos-a-a.akamaihd.net\/hphotos-ak-prn1\/71915_10151553051248126_648692473_n.jpg\" src=\"https:\/\/fbcdn-sphotos-a-a.akamaihd.net\/hphotos-ak-prn1\/71915_10151553051248126_648692473_n.jpg\" \/><\/div>\n<div style=\"text-align: justify;\">L\u2019AMDH-Section de Belgique a appris avec stup\u00e9faction, le transfert arbitraire de Mr.Belliraj \u00e0 la prison de Toulal pr\u00e8s de Mekn\u00e8s, r\u00e9put\u00e9e pour ses conditions de d\u00e9tentions plus s\u00e9v\u00e8res, et la duret\u00e9 des m\u00e9thodes qui y sont appliqu\u00e9es, ainsi que l\u2019accentuation des conditions de d\u00e9tention de Mr Ali Aaras, en plus de comportement d\u00e9gradant vis-\u00e0-vis de sa personne de la part de l\u2019administration p\u00e9nitentiaire marocaine.<\/div>\n<div style=\"text-align: justify;\">Ceci t\u00e9moigne d\u2019un esprit revanchard (de l\u2019administration p\u00e9nitentiaire marocaine) vis-\u00e0-vis des familles de ces d\u00e9tenus Belgo-marocains, qui ont eu le courage de d\u00e9noncer publiquement l\u2019injustice faite \u00e0 leurs proches, et t\u00e9moigner de leur souffrance lors de la conf\u00e9rence de L\u2019AMDH en Belgique le 16 f\u00e9vrier 2013, \u00e0 Bruxelles.<!--more--><\/div>\n<div style=\"text-align: justify;\">Tout en exprimant son indignation de cette nouvelle injustice, L\u2019AMDH \u2013 Belgique tient \u00e0 r\u00e9affirmer son soutien et sa solidarit\u00e9 sans failles avec ces d\u00e9tenus Belgo-Marocains et leurs familles, victimes de proc\u00e8s injustes et de proc\u00e9dures aveugles manquant d\u2019\u00e9l\u00e9ments de justice, d\u2019\u00e9quit\u00e9 et de droit \u00e9l\u00e9mentaires.<\/div>\n<div style=\"text-align: justify;\">En plus du mauvais sort r\u00e9serv\u00e9 \u00e0 leur proches, ces familles du fait de l\u2019\u00e9loignement et la distance qui s\u00e9pare le Maroc de la Belgique, restent orphelins de parents encore en vie, qu\u2019ils ne peuvent voir qu\u2019une fois ou deux fois par an, dans des conditions pitoyables : derri\u00e8re un grillage et pendant un quart d\u2019heure, sans aucune consid\u00e9ration de leurs situations familiales et tant que personnes r\u00e9sidants dans un pays \u00e9tranger.<\/div>\n<div style=\"text-align: justify;\">Le dossier Belliraj (ainsi que celui d\u2019Ali Aaras) est un dossier vide, et non conforme \u00e0 toute<br \/>\nlogique judicaire.<br \/>\nC\u2019est une supercherie, pr\u00e9fabriqu\u00e9e par la police marocaine.<br \/>\nMr Belliraj a \u00e9t\u00e9 kidnapp\u00e9 \u00e0 Marrakech, au mois de janvier 2008, et s\u00e9questr\u00e9 pendant un<br \/>\nmois. Subissant la torture sous toutes ses formes, y compris le tabassage, et<br \/>\nl\u2019\u00e9loctrocution,et la technique dite (avion), et la pendaison par les pieds, et le chiffon de javel,<br \/>\net la bouteille\u2026pour qu\u2019en fin de compte le ministre de l\u2019int\u00e9rieur marocain de l\u2019\u00e9poque, Mr<br \/>\nChakib Ben Moussa, appara\u00eet un jour du 18 F\u00e9vrier 2008 devant une armada de journalistes,<br \/>\nmarocains et \u00e9trangers, et affirmer ,sans vergogne, que le Maroc vient de d\u00e9manteler (le jour<br \/>\nm\u00eame..)Un fameux r\u00e9seau terroriste dont Belliraj est le chef\u2026tout en \u00e9talant (en public) tout<br \/>\nle dossier, y compris des soi-disant aveux obtenus sous la torture, Dans une violation<br \/>\nflagrante du secret de l\u2019instruction.<br \/>\nToutes les objections de la d\u00e9fense ont \u00e9t\u00e9 rejet\u00e9es et balay\u00e9s par une cour aux ordres des<br \/>\nautorit\u00e9s marocaines : Le vrai juge au Maroc, c\u2019est la police politique qui se trouve dans les<br \/>\ncoulisses du tribunal.<br \/>\nLe proc\u00e8s de Mr Belliraj fut un proc\u00e8s inique et de d\u00e9ni de droit, Et tous les observateurs<br \/>\nayant assist\u00e9 \u00e0 ce proc\u00e8s avaient \u00e9mis la plus grande r\u00e9serve sur la th\u00e8se marocaine de<br \/>\nl\u2019implication de Abdelkader Belliraj dans un r\u00e9seau islamiste.<br \/>\nMr .Belliraj doit \u00eatre relax\u00e9 et lib\u00e9r\u00e9, tout comme Mr Mohamed El Marouani (pr\u00e9sident du<br \/>\nparti Al Oumma, non encore reconnu) et Mr Mostafa Lmouatassime (Parti d\u2019Al Badil Al<br \/>\nHadari pas encore autoris\u00e9), tous deux condamn\u00e9s \u00e0 de lourdes peines dans le m\u00eame<br \/>\ndossier Belliraj (respectivement 28 ans, et 30 ans de prison ferme) et qui ont retrouv\u00e9 leur<br \/>\nlibert\u00e9 contrairement \u00e0 Mr Belliraj.<br \/>\nL\u2019AMDH -Belgique, estime que cette mascarade a suffisamment dur\u00e9, et r\u00e9clame une intervention directe de la Belgique (qui reste en spectateur..) pour la lib\u00e9ration pure et simple et sans conditions de tous les d\u00e9tenus de ce dossier.<\/div>\n<div style=\"text-align: justify;\">Notre section apporte \u00e0 cette occasion, son soutien total et inconditionnel \u00e0 toutes les campagnes des familles ici en Belgique pour expliquer davantage \u00e0 l\u2019opinion publique, le non-respect des droits de l\u2019homme par l\u2019\u00e9tat marocain dans ce dossier fabriqu\u00e9 de toutes pi\u00e8ces.<\/div>\n<div style=\"text-align: justify;\">Bruxelles, le 14\/03\/2013<\/div>\n","protected":false},"excerpt":{"rendered":"<p>L\u2019AMDH-Section de Belgique a appris avec stup\u00e9faction, le transfert arbitraire de Mr.Belliraj \u00e0 la prison de Toulal pr\u00e8s de Mekn\u00e8s, r\u00e9put\u00e9e pour ses conditions de d\u00e9tentions plus s\u00e9v\u00e8res, et la duret\u00e9 des m\u00e9thodes qui y sont appliqu\u00e9es, ainsi que l\u2019accentuation des conditions de d\u00e9tention de Mr Ali Aaras, en plus de comportement d\u00e9gradant vis-\u00e0-vis de &#8230; <a title=\"Transfert arbitraire de Abdelkader Belliraj\" class=\"read-more\" href=\"https:\/\/bruxelles-pantheres.be\/?p=481\" aria-label=\"En savoir plus sur Transfert arbitraire de Abdelkader Belliraj\">Lire la suite<\/a><\/p>\n","protected":false},"author":1,"featured_media":443,"comment_status":"open","ping_status":"open","sticky":false,"template":"","format":"standard","meta":{"footnotes":""},"categories":[24,8],"tags":[31,14],"class_list":["post-481","post","type-post","status-publish","format-standard","has-post-thumbnail","hentry","category-belgique-maroc","category-prisons","tag-belgique","tag-bruxelles"],"_links":{"self":[{"href":"https:\/\/bruxelles-pantheres.be\/index.php?rest_route=\/wp\/v2\/posts\/481","targetHints":{"allow":["GET"]}}],"collection":[{"href":"https:\/\/bruxelles-pantheres.be\/index.php?rest_route=\/wp\/v2\/posts"}],"about":[{"href":"https:\/\/bruxelles-pantheres.be\/index.php?rest_route=\/wp\/v2\/types\/post"}],"author":[{"embeddable":true,"href":"https:\/\/bruxelles-pantheres.be\/index.php?rest_route=\/wp\/v2\/users\/1"}],"replies":[{"embeddable":true,"href":"https:\/\/bruxelles-pantheres.be\/index.php?rest_route=%2Fwp%2Fv2%2Fcomments&post=481"}],"version-history":[{"count":1,"href":"https:\/\/bruxelles-pantheres.be\/index.php?rest_route=\/wp\/v2\/posts\/481\/revisions"}],"predecessor-version":[{"id":482,"href":"https:\/\/bruxelles-pantheres.be\/index.php?rest_route=\/wp\/v2\/posts\/481\/revisions\/482"}],"wp:featuredmedia":[{"embeddable":true,"href":"https:\/\/bruxelles-pantheres.be\/index.php?rest_route=\/wp\/v2\/media\/443"}],"wp:attachment":[{"href":"https:\/\/bruxelles-pantheres.be\/index.php?rest_route=%2Fwp%2Fv2%2Fmedia&parent=481"}],"wp:term":[{"taxonomy":"category","embeddable":true,"href":"https:\/\/bruxelles-pantheres.be\/index.php?rest_route=%2Fwp%2Fv2%2Fcategories&post=481"},{"taxonomy":"post_tag","embeddable":true,"href":"https:\/\/bruxelles-pantheres.be\/index.php?rest_route=%2Fwp%2Fv2%2Ftags&post=481"}],"curies":[{"name":"wp","href":"https:\/\/api.w.org\/{rel}","templated":true}]}}