{"id":483,"date":"2013-03-13T15:26:13","date_gmt":"2013-03-13T14:26:13","guid":{"rendered":"https:\/\/bruxelles-pantheres.be\/?p=483"},"modified":"2013-11-10T15:39:25","modified_gmt":"2013-11-10T14:39:25","slug":"debat-de-quoi-la-burqa-pride-est-elle-le-nom-censure-par-le-ps","status":"publish","type":"post","link":"https:\/\/bruxelles-pantheres.be\/?p=483","title":{"rendered":"D\u00c9BAT\u00ab DE QUOI LA BURQA PRIDE EST-ELLE LE NOM ? \u00bb CENSURE PAR LE PS"},"content":{"rendered":"<p data-ft=\"{&quot;type&quot;:1,&quot;tn&quot;:&quot;K&quot;}\"><strong>Communiqu\u00e9 de presse<\/strong><br \/>\n<strong> D\u00c9BAT\u00ab DE QUOI LA BURQA PRIDE EST-ELLE LE NOM ? \u00bb CENSURE PAR LE PS<\/strong><\/p>\n<p>Quart d\u2019X, collectif antiracismes, souhaitait revenir sur la manifestation Burqa Pride, organis\u00e9e il y a un an \u00e0 l\u2019ULB. A l\u2019\u00e9poque, plusieurs dizaines de personnes \u2013 syndicalistes, \u00e9tudiant.e.s, militant.e.s de gauche, indig\u00e8nes ou non -, entendaient protester contre la tribune laudative accord\u00e9e \u00e0 Caroline Fourest, \u00ab porte-parole de l\u2019islamophobie de gauche \u00bb comme l\u2019a d\u00e9finie Alain Gresh, du Monde diplomatique. Ils voulaient d\u00e9noncer un discours islamophobe, relay\u00e9 partout dans les m\u00e9dias et les discours politiques, per\u00e7u comme alimentant l\u2019extr\u00eame-droite et occultant les probl\u00e8mes socio-\u00e9conomiques r\u00e9els auxquels est confront\u00e9e la soci\u00e9t\u00e9. Le traitement m\u00e9diatique donn\u00e9 \u00e0 cette manifestation validait, de fait, ce qui \u00e9tait d\u00e9nonc\u00e9. A savoir un racisme institutionnel migraphobe, qui construit une partie de la population comme le principal danger auquel la soci\u00e9t\u00e9 devrait faire face.<!--more--><\/p>\n<p>Au d\u00e9part, Quart d\u2019X voulait organiser ce d\u00e9bat \u00e0 l\u2019ULB, sous forme d\u2019un d\u00e9bat respectant toutes les formes et conditions impos\u00e9es par la hi\u00e9rarchie universitaires. Las, tout le monde a refus\u00e9. Eddy Caekelberghs, Edouard Delruelle, Caroline Fourest elle-m\u00eame, ont \u00e9t\u00e9 invit\u00e9s, parmi de nombreux autres, \u00e0 venir d\u00e9battre des enjeux de la Burqa Pride, sans succ\u00e8s : tous se sont montr\u00e9s hostile \u00e0 l\u2019id\u00e9e de d\u00e9battre, au motif que \u00ab tout a \u00e9t\u00e9 dit \u00bb, ou ont simplement ignor\u00e9 l\u2019invitation.<\/p>\n<p>Quart d\u2019X a donc d\u00e9cid\u00e9 d\u2019organiser ce d\u00e9bat ailleurs. Et de donner la parole aux voix minoritaires, principales victimes du discours islamophobe. Souhail Chichah, qui a pay\u00e9 de sa personne puisqu\u2019il a \u00e9t\u00e9 exclu de l\u2019ULB, o\u00f9 il \u00e9tait assistant et doctorant, au motif qu\u2019il avait particip\u00e9 \u00e0 la Burqa Pride (on l\u2019a m\u00eame pr\u00e9sent\u00e9 comme \u00ab l\u2019instigateur \u00bb de la manifestation, allant jusqu\u2019\u00e0 le qualifier d\u2019assassin de la d\u00e9mocratie dans le journal \u00abLe Soir \u00bb) \u00e9tait appel\u00e9 \u00e0 expliquer son point de vue et ses id\u00e9es, dans le cadre d\u2019un d\u00e9bat \u00ab priv\u00e9 \u00bb. Salle a donc \u00e9t\u00e9 trouv\u00e9e et lou\u00e9e.<\/p>\n<p>C\u2019\u00e9tait compter sans l\u2019intervention du parti socialiste, d\u00e9cid\u00e9ment hostile \u00e0 l\u2019expression d\u2019une parole dissonante. Philippe Delfosse, administrateur d\u00e9l\u00e9gu\u00e9 de l\u2019asbl CEM\u00f4me, gestionnaire de la salle lou\u00e9e, qui avait pourtant sign\u00e9 une convention de location en bonne et d\u00fbe forme, re\u00e7u le paiement de la location, a rompu les termes du contrat et emp\u00each\u00e9 l\u2019acc\u00e8s \u00e0 la salle, le jour-m\u00eame. Qui trouve-t-on dans le conseil d\u2019administration de cette asbl, pr\u00eate \u00e0 d\u00e9noncer une convention commerciale pour exercer une censure politique ? Des \u00e9diles socialistes. Alain Hutchinson, Jean Spinette et Cathy Marcus\u2026 Bourgmestre PS ff de St-Gilles, commune de M. Picqu\u00e9, Ministre-Pr\u00e9sident de la R\u00e9gion Bruxelles-Capitale.<\/p>\n<p>Alors de quoi a peur le PS ? Que Souhail Chichah, comme tant d\u2019autres, d\u00e9nonce un racisme institutionnel v\u00e9hicul\u00e9 par ceux-l\u00e0 m\u00eames qui sont cens\u00e9s le combattre ? Qu\u2019il remette en question la gauche dite progressiste, qui, sous couvert de f\u00e9minisme ou de la\u00efcit\u00e9 d\u00e9fend l\u2019exclusion et la limitation des libert\u00e9s individuelles ? Qu\u2019il dise aux mouvements consid\u00e9r\u00e9s comme \u00ab antiracistes \u00bb : votre discours, les politiques que vous pr\u00e9conisez, contribuent aux discriminations sociales, \u00e9conomiques et culturelles des plus d\u00e9munis ? Et qu\u2019il s\u2019adresse \u00e0 ceux qui subissent ces discriminations au quotidien : les populations \u00ab d\u2019origine \u00e9trang\u00e8re \u00bb \u00e9tant les premi\u00e8res victimes de la crise ? Exclues du march\u00e9 du travail, de l\u2019acc\u00e8s au logement, de l\u2019\u00e9ducation, catalogu\u00e9es comme sexistes, extr\u00e9mistes ou islamistes, au titre de leur g\u00e9n\u00e9alogie, elles repr\u00e9sentent aujourd\u2019hui un bouc-\u00e9missaire de choix, celui qui porte toutes les contradictions du syst\u00e8me.<\/p>\n<p>Quart d\u2019X d\u00e9nonce donc la censure. Et va porter plainte contre l\u2019asbl CEM\u00f4me pour rupture de contrat. Mais aussi contre son conseil d\u2019administration pour censure politique. Dans un Etat de droit, d\u00e9mocratique, que des \u00e9lus politiques du PS, qui s\u2019\u00e9rige en d\u00e9fenseur de la libert\u00e9 d\u2019expression, de l\u2019\u00e9galit\u00e9 des droits et de la d\u00e9fense des opprim\u00e9s, pratique la censure, c\u2019est inacceptable. Et c\u2019est ill\u00e9gal.<\/p>\n<p><strong>\u00ab\u00a0Qui a peur de ce d\u00e9bat ? Pourquoi ?\u00a0\u00bb<\/strong><br \/>\n<iframe src=\"\/\/www.youtube.com\/embed\/kKLE4V5eX_k\" height=\"315\" width=\"560\" allowfullscreen=\"\" frameborder=\"0\"><\/iframe><\/p>\n<p><strong>Lire Aussi<\/strong><\/p>\n<p>&nbsp;<\/p>\n<address><a title=\"Permanent Link to LIBERT\u00c9D\u2019EXPRESSION :                                                                                                                                DEUX POIDS, DEUX MESURES !\" href=\"http:\/\/www.egalite.be\/?p=5609\" rel=\"bookmark\">LIBERT\u00c9D\u2019EXPRESSION : DEUX POIDS, DEUX MESURES !<\/a><\/address>\n<p>&nbsp;<\/p>\n<p>&nbsp;<\/p>\n<address><a title=\"Permanent Link to \u201cPour le recteur Viviers, Chichah est infr\u00e9quentable, Peres non\u2026\u201d\" href=\"http:\/\/www.egalite.be\/?p=5534\" rel=\"bookmark\">\u201cPour le recteur Viviers, Chichah est infr\u00e9quentable, Peres non\u2026\u201d<\/a><\/address>\n<p>&nbsp;<\/p>\n<p>&nbsp;<\/p>\n<address><a title=\"Permanent Link to Nordine Sa\u00efdi, porte-parole du parti \u00c9GALIT\u00c9, inculp\u00e9 \u00e0 la suite d\u2019une plainte de la journaliste Caroline Fourest\" href=\"http:\/\/www.egalite.be\/?p=5428\" rel=\"bookmark\">Nordine Sa\u00efdi, porte-parole du parti \u00c9GALIT\u00c9, inculp\u00e9 \u00e0 la suite d\u2019une plainte de la journaliste Caroline Fourest<\/a><\/address>\n<p>&nbsp;<\/p>\n<p>&nbsp;<\/p>\n<address><a title=\"Permanent Link to De quoi la \u00abburqa pride\u00bb est-elle le nom?\" href=\"http:\/\/www.egalite.be\/?p=5456\" rel=\"bookmark\">De quoi la \u00abburqa pride\u00bb est-elle le nom?<\/a><\/address>\n<p>&nbsp;<\/p>\n<address><a title=\"Permanent Link to Burqa Bla Bla, Petit chahut deviendra grand\" href=\"http:\/\/www.egalite.be\/?p=3041\" rel=\"bookmark\">Burqa Bla Bla, Petit chahut deviendra grand<\/a><\/address>\n","protected":false},"excerpt":{"rendered":"<p>Communiqu\u00e9 de presse D\u00c9BAT\u00ab DE QUOI LA BURQA PRIDE EST-ELLE LE NOM ? \u00bb CENSURE PAR LE PS Quart d\u2019X, collectif antiracismes, souhaitait revenir sur la manifestation Burqa Pride, organis\u00e9e il y a un an \u00e0 l\u2019ULB. A l\u2019\u00e9poque, plusieurs dizaines de personnes \u2013 syndicalistes, \u00e9tudiant.e.s, militant.e.s de gauche, indig\u00e8nes ou non -, entendaient protester &#8230; <a title=\"D\u00c9BAT\u00ab DE QUOI LA BURQA PRIDE EST-ELLE LE NOM ? \u00bb CENSURE PAR LE PS\" class=\"read-more\" href=\"https:\/\/bruxelles-pantheres.be\/?p=483\" aria-label=\"En savoir plus sur D\u00c9BAT\u00ab DE QUOI LA BURQA PRIDE EST-ELLE LE NOM ? \u00bb CENSURE PAR LE PS\">Lire la suite<\/a><\/p>\n","protected":false},"author":1,"featured_media":0,"comment_status":"open","ping_status":"open","sticky":false,"template":"","format":"standard","meta":{"footnotes":""},"categories":[4,18,28,17],"tags":[14,41,23,13,15],"class_list":["post-483","post","type-post","status-publish","format-standard","hentry","category-islamophobie","category-resistance-bruxelles","category-racismes","category-video","tag-bruxelles","tag-censure","tag-discrimination","tag-nordine-saidi","tag-resistance"],"_links":{"self":[{"href":"https:\/\/bruxelles-pantheres.be\/index.php?rest_route=\/wp\/v2\/posts\/483","targetHints":{"allow":["GET"]}}],"collection":[{"href":"https:\/\/bruxelles-pantheres.be\/index.php?rest_route=\/wp\/v2\/posts"}],"about":[{"href":"https:\/\/bruxelles-pantheres.be\/index.php?rest_route=\/wp\/v2\/types\/post"}],"author":[{"embeddable":true,"href":"https:\/\/bruxelles-pantheres.be\/index.php?rest_route=\/wp\/v2\/users\/1"}],"replies":[{"embeddable":true,"href":"https:\/\/bruxelles-pantheres.be\/index.php?rest_route=%2Fwp%2Fv2%2Fcomments&post=483"}],"version-history":[{"count":3,"href":"https:\/\/bruxelles-pantheres.be\/index.php?rest_route=\/wp\/v2\/posts\/483\/revisions"}],"predecessor-version":[{"id":495,"href":"https:\/\/bruxelles-pantheres.be\/index.php?rest_route=\/wp\/v2\/posts\/483\/revisions\/495"}],"wp:attachment":[{"href":"https:\/\/bruxelles-pantheres.be\/index.php?rest_route=%2Fwp%2Fv2%2Fmedia&parent=483"}],"wp:term":[{"taxonomy":"category","embeddable":true,"href":"https:\/\/bruxelles-pantheres.be\/index.php?rest_route=%2Fwp%2Fv2%2Fcategories&post=483"},{"taxonomy":"post_tag","embeddable":true,"href":"https:\/\/bruxelles-pantheres.be\/index.php?rest_route=%2Fwp%2Fv2%2Ftags&post=483"}],"curies":[{"name":"wp","href":"https:\/\/api.w.org\/{rel}","templated":true}]}}