{"id":4835,"date":"2021-06-15T10:43:18","date_gmt":"2021-06-15T09:43:18","guid":{"rendered":"https:\/\/bruxelles-pantheres.be\/?p=4835"},"modified":"2021-06-15T10:43:57","modified_gmt":"2021-06-15T09:43:57","slug":"la-negrophobie-arabe-et-le-reste-comme-impuissance-indigene","status":"publish","type":"post","link":"https:\/\/bruxelles-pantheres.be\/?p=4835","title":{"rendered":"La n\u00e9grophobie arabe (et le reste) comme impuissance indig\u00e8ne"},"content":{"rendered":"<p>Par Houria Bouteldja<\/p>\n<p class=\"selectionShareable\">\u00ab\u00a0<strong>Des perdants. Mon optimisme ne renaitra que sur le socle de cette v\u00e9rit\u00e9 ultime. Nous sommes des perdants. Ce sera mon point de d\u00e9part sinon rien.<\/strong>\u00a0\u00bb<\/p>\n<p class=\"selectionShareable\">C\u2019est cette phrase, perdue quelque part dans mon livre, qui me revient quand, perplexe, je m\u00e9dite sur la surm\u00e9diatisation des insultes n\u00e9grophobes prof\u00e9r\u00e9es par un Maghr\u00e9bin \u00e0 Cergy et la puissante \u00e9motion qu\u2019elle a provoqu\u00e9e. C\u2019est cette m\u00eame phrase qui avait travers\u00e9 mon esprit au moment de l\u2019affaire \u00ab\u00a0Bouhlel\u00a0\u00bb, du nom de cet Alg\u00e9rien qui avait d\u00e9fray\u00e9 la chronique en avril dernier au Maroc et suscit\u00e9 un \u00e9moi national en insultant les Marocains.<\/p>\n<p class=\"selectionShareable\">Ce ne sont pas tant les formes de racismes intercommunautaires (certes non r\u00e9solues mais reconnues et trait\u00e9es par le mouvement d\u00e9colonial) ou le m\u00e9pris (qu\u2019on peut aussi appeler racisme) des \u00ab\u00a0blanchis\u00a0\u00bb \u00e0 l\u2019\u00e9gard de leurs \u00ab\u00a0fr\u00e8res\u00a0\u00bb rest\u00e9s dans le Sud qui m\u2019int\u00e9ressent ici, mais la parfaite similitude des deux situations et ce qu\u2019elle dit de l\u2019\u00e9tat de d\u00e9composition de la conscience politique des indig\u00e8nes, tant du Sud que du Nord et du pourrissement id\u00e9ologique g\u00e9n\u00e9ralis\u00e9. Je m\u2019explique.<\/p>\n<p class=\"selectionShareable\">Les faits d\u2019abord.<!--more--><\/p>\n<p><img decoding=\"async\" class=\"aligncenter\" src=\"https:\/\/qgdecolonial.fr\/wp-content\/uploads\/2021\/06\/stadii-shizofrenii-opisanie-priznaki-i-osobennosti-lecheniya_2.jpeg\" alt=\"La n\u00e9grophobie arabe (et le reste) comme impuissance indig\u00e8ne\" \/><\/p>\n<p class=\"selectionShareable\">La pol\u00e9mique marocaine met en sc\u00e8ne trois personnages publiques d\u2019origine maghr\u00e9bine vivant en France : Brahim Bouhlel, Hedi Bouchenafa tous deux d\u2019origine alg\u00e9rienne et Zbarbooking, d\u2019origine marocaine. D\u00e9but avril 2021, ils mettent en ligne une vid\u00e9o devenue virale o\u00f9 ils se moquent des prostitu\u00e9es marocaines qu\u2019ils \u00ab paient 100 dirhams \u00bb et de leurs enfants qu\u2019ils traitent de \u00ab fils de putes \u00bb et ce devant le regard incr\u00e9dule d\u2019une fillette et de deux gar\u00e7ons qu\u2019ils utilisent pour leur sketch. Bouhlel prof\u00e8re des insanit\u00e9s misogynes : \u00ab J\u2019ai niqu\u00e9 encore quinze meufs, \u00ab salut bande de fils de pute, ou encore \u00ab votre m\u00e8re, c\u2019est une grosse salope \u00bb recyclant tous les clich\u00e9s d\u00e9gradants sur les femmes marocaines, au demeurant relativement partag\u00e9s par les autres pays arabes. L\u2019\u00e9motion submerge les r\u00e9seaux sociaux et se cristallise sur Bouhlel, \u00e0 la fois parce qu\u2019il est le plus connu des trois (acteur de la s\u00e9rie \u00ab Valid\u00e9 \u00bb de Canal +) mais aussi et surtout parce qu\u2019il est Alg\u00e9rien. Les internautes interpellent Adidas et Canal + avec qui il est en contrat. Adidas se fend d\u2019un communiqu\u00e9 et s\u2019engage \u00e0 \u00ab reconsid\u00e9rer sa collaboration avec lui \u00bb. Le club des avocats marocains porte plainte. Malgr\u00e9 les regrets exprim\u00e9s (tardivement et per\u00e7us comme insinc\u00e8res), le procureur du roi diligente une enqu\u00eate contre les trois c\u00e9l\u00e9brit\u00e9s. La page facebook de Bouhlel est couverte d\u2019insultes contre les Alg\u00e9riens, tandis que les menaces de mort pleuvent sur lui. L\u2019acteur \u00e9cope de huit mois de prison ferme tandis que Zbarbooking prend un an. La sanction est si s\u00e9v\u00e8re et l\u2019onde de choc d\u2019une telle amplitude que m\u00eame Cyril Hanouna y consacre une \u00e9mission tandis que Booba, la Fouine et l\u2019\u00e9quipe de la s\u00e9rie finissent par t\u00e9moigner d\u2019une solidarit\u00e9 critique vis \u00e0 vis des deux comp\u00e8res.<\/p>\n<p class=\"selectionShareable\">La pol\u00e9mique de Cergy quant \u00e0 elle se cristallise autour de la \u00ab\u00a0n\u00e9grophobie arabe\u00a0\u00bb. Un homme d\u2019origine alg\u00e9rienne, \u00ab\u00a0Mourad\u00a0\u00bb agresse physiquement un livreur noir. La sc\u00e8ne n\u2019est pas film\u00e9e mais la suite l\u2019est, par une femme noire. L\u2019agresseur insulte alors cette derni\u00e8re avec une v\u00e9h\u00e9mence n\u00e9grophobe d\u2019une rare violence\u00a0: \u00ab\u00a0esp\u00e8ce de n\u00e9gresse, esp\u00e8ce de sales noirs\u00a0\u00bb, \u00ab\u00a0pendant 800 ans on vous a vendus comme du b\u00e9tail\u00a0\u00bb, \u00ab\u00a0sale pute\u00a0\u00bb. La vid\u00e9o est virale. Des centaines de personnes (noires pour la plupart) se mobilisent devant le restaurant o\u00f9 a lieu la sc\u00e8ne \u00e0 la recherche du fameux Mourad. La pression est \u00e0 son comble. La plupart des m\u00e9dias mainstream s\u2019emparent de l\u2019affaire\u00a0: BFM, LCI, CNEWS, RT, TPMP, Le Nouvel Obs, le Parisien. Les organisations de l\u2019antiracisme officiel aussi\u00a0: la Licra et SOS Racisme. Marl\u00e8ne Schiappa n\u2019est pas en reste : \u00ab\u00a0Devant cette nouvelle agression choquante, violente et raciste d\u2019un livreur de repas \u00e0 domicile, j\u2019ai demand\u00e9 que l\u2019on \u00e9tudie la possibilit\u00e9 d\u2019un article 40 pour signaler les faits au Procureur de la r\u00e9publique. Le racisme n\u2019est pas une opinion\u00a0!\u00a0\u00bb Alors que les esprits continuent de s\u2019\u00e9chauffer et que la chasse \u00e0 l\u2019homme continue sur les r\u00e9seaux (la photo de \u00ab\u00a0Mourad\u00a0\u00bb est publi\u00e9e pour activer les recherches), il est enfin interpell\u00e9 par la police le 1<sup>er<\/sup>\u00a0juin.<\/p>\n<p class=\"selectionShareable\">Voil\u00e0 pour les faits.<\/p>\n<p class=\"selectionShareable\">La citation \u00e9voqu\u00e9e plus haut \u2013 \u00ab\u00a0nous sommes des perdants. Ce sera mon point de d\u00e9part sinon rien\u00a0\u00bb \u2013 est, dans le livre, prolong\u00e9e de ces mots\u00a0: \u00ab\u00a0<strong>Mais cette renaissance se refuse \u00e0 toute falsification. Nous sommes des fuyards et nous adorons les fables qui prolongent cette fuite<\/strong>.\u00a0\u00bb C\u2019est justement ce qui me frappe dans ces deux affaires\u00a0: la manifestation d\u2019une r\u00e9sistance \u00e9dent\u00e9e si je puis dire qui prend la forme d\u2019une fuite. Une r\u00e9sistance qui exprime d\u2019abord et avant tout la forme que prend l\u2019impuissance indig\u00e8ne lorsque le contexte politique est pourri et les occasions de lever la t\u00eate rares. D\u00e9cryptons les faits et observons comment les deux \u00ab\u00a0cas\u00a0\u00bb se superposent et se r\u00e9v\u00e8lent l\u2019un l\u2019autre.<\/p>\n<p class=\"selectionShareable\">Dans le cas de la pol\u00e9mique marocaine, nous avons affaire \u00e0 des indig\u00e8nes alg\u00e9riens prototypiques qui souffrent d\u2019un double complexe de sup\u00e9riorit\u00e9 lui-m\u00eame contrari\u00e9 par un complexe d\u2019inf\u00e9riorit\u00e9. Ils sont \u00ab\u00a0Fran\u00e7ais\u00a0\u00bb (blanchis selon les cat\u00e9gories de l\u2019antiracisme politique) et ont int\u00e9gr\u00e9 l\u2019id\u00e9e de leur \u00ab\u00a0avantage\u00a0\u00bb sur les peuples du Sud pour lesquels ils aiment \u00e0 \u00e9prouver du d\u00e9dain. On connait tous autour de nous ce comportement typique du fils d\u2019immigr\u00e9s qui rentre au bled avec de l\u2019argent, une belle caisse et qui se la raconte mais qui en France est traqu\u00e9 par la police, discrimin\u00e9 et montr\u00e9 du doigt. Ajoutons \u00e0 cela le complexe de l\u2019Alg\u00e9rien-qui-a-du-nif (\u00ab\u00a0contrairement aux Marocains qui baisent la main du roi et aux Tunisiens qui sont des femmes\u00a0\u00bb selon une th\u00e9orie alg\u00e9rienne bien connue) et qui a bout\u00e9 le Fran\u00e7ais hors d\u2019Alg\u00e9rie. Rempli de cette victoire qui est surtout celle de ses anc\u00eatres mais qui lui sert de faire-valoir en toute circonstance, il en usera plus volontiers contre ses fr\u00e8res de \u00ab\u00a0race\u00a0\u00bb que contre la domination blanche par l\u00e2chet\u00e9 et par impuissance. Si en France, il n\u2019est rien, c\u2019est au Maroc qu\u2019il pourra \u00eatre quelqu\u2019un. On touche l\u00e0 aux limites du nationalisme \u00e9mancipateur des pays du Sud. Tant qu\u2019il est orient\u00e9 contre l\u2019oppresseur occidental, il est un puissant catalyseur et il sert objectivement la dignit\u00e9 des peuples colonis\u00e9s ou post-colonis\u00e9s. Lorsqu\u2019il est dirig\u00e9 contre ses presque semblables, il est un v\u00e9ritable poison. Mais dans l\u2019affaire qui nous occupe, cette arrogance \u00e0 la fois blanche et nationaliste s\u2019est cass\u00e9 les dents sur un autre sentiment national tout aussi abim\u00e9 et tr\u00e8s \u00e0 fleur de peau. Si le peuple marocain et rifain en particulier m\u00e8ne depuis de nombreuses ann\u00e9es une lutte exemplaire contre l\u2019arbitraire du pouvoir, il peine \u00e0 conjurer les humiliations qu\u2019il subit au quotidien. Aussi, l\u2019arrogance d\u00e9complex\u00e9e de nos pieds nickel\u00e9s alg\u00e9riens a fait office d\u2019\u00e9tincelle et s\u2019est transform\u00e9e en opportunit\u00e9 divine pour assouvir une frustration collective et enkyst\u00e9e. On notera que les touristes europ\u00e9ens avec leur morgue et leur mentalit\u00e9 coloniale font certainement subir aux Marocains de tr\u00e8s nombreuses humiliations de ce type, mais on ne touche ni aux Allemands, ni aux Hollandais. Une col\u00e8re d\u00e9vi\u00e9e sur un alg\u00e9rien est \u00e9videmment beaucoup moins risqu\u00e9e et imm\u00e9diatement rentable. Pour le makhzen c\u2019\u00e9tait tout b\u00e9n\u00e9f\u00a0: en caressant l\u2019ire populaire dans le sens du poil, il n\u2019h\u00e9sitera pas \u00e0 faire de la surench\u00e8re et redorera son blason sur le dos d\u2019un fils d\u2019immigr\u00e9 alg\u00e9rien au nom d\u2019un patriotisme frelat\u00e9, lui qui venait de normaliser ses relations avec Isra\u00ebl au grand dam d\u2019un peuple dont la fibre propalestinienne ne s\u2019est jamais d\u00e9mentie. De plus, dans le cadre de la comp\u00e9tition entre Etats-nation de la r\u00e9gion, taper sur son voisin alg\u00e9rien est un sport national, sport que le voisin en question pratique \u00e9galement avec grand panache. Tous les ingr\u00e9dients de la mis\u00e8re coloniale \u00e9taient ainsi r\u00e9unis, toutes les frustrations n\u00e9es des ind\u00e9pendances non achev\u00e9es s\u2019exprimant \u00e0 tous les moments et \u00e0 tous les \u00e9tages\u00a0: 1\/ un indig\u00e8ne fran\u00e7ais, alg\u00e9rien qui plus est, qui vit le cul entre deux chaises, ni vraiment Fran\u00e7ais, ni vraiment alg\u00e9rien qui crache son venin sur des enfants et des femmes d\u2019un pays pauvre et opprim\u00e9 \u00e0 d\u00e9faut de pouvoir le cracher sur le syst\u00e8me qui l\u2019\u00e9crase, 2\/ des Marocains qui se trouvent une victime expiatoire en la personne de cet alg\u00e9rien pas assez blanc pour \u00eatre \u00e9pargn\u00e9, mais suffisamment \u00ab\u00a0fr\u00e8re\u00a0\u00bb pour subir la vindicte, 3\/un pouvoir qui se refait une virginit\u00e9 sur un fait divers \u00e0 tr\u00e8s peu de frais.<\/p>\n<p class=\"selectionShareable\">Le parall\u00e8le avec l\u2019affaire de Cergy est troublant.<\/p>\n<p class=\"selectionShareable\">Comme au Maroc, l\u2019agresseur est un arabe, et plus pr\u00e9cis\u00e9ment d\u2019origine alg\u00e9rienne. Il est d\u00e9crit comme \u00ab tr\u00e8s d\u00e9favorablement connu des services de police \u00bb. En ce sens, c\u2019est un m\u00e2le indig\u00e8ne prototypique dont le parcours est fl\u00e9ch\u00e9 d\u00e8s le d\u00e9part. Cela ne peut pas excuser sa violence n\u00e9grophobe mais depuis \u00ab Les damn\u00e9s de la terre \u00bb on sait que la capacit\u00e9 chez l\u2019indig\u00e8ne \u00e0 se refaire une dignit\u00e9 sur le dos de \u00ab plus inf\u00e9rieur que soit \u00bb est une tendance lourde :<\/p>\n<div dir=\"auto\">\u00ab\u00a0Cette agressivit\u00e9 s\u00e9diment\u00e9e dans ses muscles, le colonis\u00e9 va la manifester d\u2019abord contre les siens\u2026\u00a0\u00bbAu niveau des individus, on assiste \u00e0 une v\u00e9ritable n\u00e9gation du bon sens. Alors que le colon ou le policier peuvent, \u00e0 longueur de journ\u00e9e, frapper le colonis\u00e9, l\u2019insulter, le faire mettre \u00e0 genoux, on verra le colonis\u00e9 sortir son couteau au moindre regard hostile ou agressif d\u2019un autre colonis\u00e9. Car la derni\u00e8re ressource du colonis\u00e9 est de d\u00e9fendre sa personnalit\u00e9 face \u00e0 son cong\u00e9n\u00e8re.\u00a0\u00bb<\/div>\n<div dir=\"auto\"><\/div>\n<p class=\"selectionShareable\">Le caract\u00e8re \u00e9dent\u00e9 de la n\u00e9grophobie des Maghr\u00e9bins de France, s\u2019il n\u2019est pas adoss\u00e9 \u00e0 un pouvoir<a href=\"https:\/\/qgdecolonial.fr\/2021\/06\/03\/la-negrophobie-arabe-et-le-reste-comme-impuissance-indigene\/#_ftn1\" name=\"_ftnref1\">[1]<\/a>, ne fait que le reproduire et assigner les Noirs non seulement \u00e0 une place inf\u00e9rieure en g\u00e9n\u00e9ral mais dans le cas d\u2019esp\u00e8ce, \u00e0 une place inf\u00e9rieure aux \u00abArabes\u00a0\u00bb. On n\u2019a aucun mal \u00e0 imaginer la fonction expiatrice de ce racisme, \u00e0 la fois l\u00e2che et vulgaire. Mais l\u2019\u00e9motion l\u00e9gitime qui s\u2019est empar\u00e9e des internautes noirs, du moins ceux qui se sont exprim\u00e9s, n\u2019est pas moins d\u00e9nu\u00e9e de contradictions et d\u2019ambigu\u00eft\u00e9s. En effet, la n\u00e9grophobie \u00e9tant un ph\u00e9nom\u00e8ne structurel en France, les occasions de la d\u00e9noncer ne manquent pas. Ce qui distingue cet acte pr\u00e9cis des autres, c\u2019est qu\u2019il est perp\u00e9tr\u00e9 par un Arabe. Et c\u2019est cela qui redouble la violence des internautes noirs \u00e0 son \u00e9gard. Tout se passe comme si on jouait le deuxi\u00e8me round de la CAN 2019 o\u00f9 le meurtrier de Mamoudou Barry qu\u2019on avait esp\u00e9r\u00e9 arabe s\u2019est trouv\u00e9 \u00eatre un blanc avec des origines partiellement turques. L\u2019effervescence \u00e9tait alors aussit\u00f4t retomb\u00e9e comme si l\u2019identit\u00e9 de l\u2019agresseur \u00e9tait la clef de l\u2019affaire. En creux, cela nous indique une chose essentielle qu\u2019il est urgent de m\u00e9diter\u00a0et qui est au c\u0153ur de notre int\u00e9grationisme : les indig\u00e8nes n\u2019admettent et ne l\u00e9gitiment qu\u2019un seul racisme : celui du syst\u00e8me blanc \u00e9manant de Blancs. Pr\u00e9cis\u00e9ment celui contre lequel les non Blancs, quels qu\u2019ils soient, se mobilisent le moins. Tout indig\u00e8ne sait le caract\u00e8re implacable et d\u00e9terminant de ce racisme-l\u00e0. C\u2019est pourquoi, l\u2019ampleur de la t\u00e2che se transforme la plupart du temps en impuissance qui se transforme \u00e0 son tour en r\u00e9signation ou alors en haine contre l\u2019ennemi \u00e0 sa port\u00e9e (l\u2019Arabe pour les Noirs, le Juif pour les Arabes\u2026), celui contre lequel il sera plus facile de remporter une victoire. Les militants de l\u2019antiracisme politique le savent, eux qui peinent tant \u00e0 mobiliser contre les institutions de l\u2019Etat. Mais parfois l\u2019actualit\u00e9 offre \u00e0 cette impuissance des grands moments de d\u00e9foulement. Cette fois-ci, ce moment aura un nom et un visage\u00a0: \u00ab\u00a0Mourad\u00a0\u00bb.<\/p>\n<p class=\"selectionShareable\">Mais au fait, en plus d\u2019\u00eatre un m\u00e2le indig\u00e8ne \u00ab\u00a0tr\u00e8s d\u00e9favorablement connu des services de police\u00a0\u00bb, qui est \u00ab\u00a0Mourad\u00a0\u00bb ? Nous le savons tous\u00a0: sous l\u2019Alg\u00e9rien se cache l\u2019Arabe, et sous l\u2019Arabe, le Musulman. Et ce Musulman, qui est-il ? La cible privil\u00e9gi\u00e9e du racisme institutionnel fran\u00e7ais aussi appel\u00e9 \u00ab\u00a0islamophobie\u00a0\u00bb. L\u2019occasion faisant le larron, et tout comme le pouvoir marocain qui fait passer ses pilules a peu de frais, le pouvoir fran\u00e7ais n\u2019a fait que saisir une aubaine, au moment o\u00f9 son racisme est \u00e0 nu et qu\u2019il fait voter une loi contre le s\u00e9paratisme. Aussi, lorsque \u00ab\u00a0Mourad\u00a0\u00bb est interpell\u00e9, Darmanin jubile et f\u00e9licite sa police\u00a0: \u00ab\u00a0Le racisme ne doit jamais rester impuni\u00a0\u00bb.<\/p>\n<p class=\"selectionShareable\">J\u2019avoue, le ministre de l\u2019int\u00e9rieur aurait eu tort de se priver de ce moment de gr\u00e2ce.<\/p>\n<p class=\"selectionShareable\">Faut-il d\u00e9duire de tout cela qu\u2019il ne fallait pas se mobiliser contre ces agressions et ces insultes qui touchent \u00e0 la dignit\u00e9 des humains, l\u00e0-bas de tout un peuple, ici des Afro-descendants ?<\/p>\n<p class=\"selectionShareable\">Non. Au contraire. Il le fallait d\u2019autant que des organisations de l\u2019antiracisme politique l\u2019ont fait sans sombrer dans la moindre ambigu\u00eft\u00e9. Il revient donc \u00e0 chacun d\u2019y mettre le contenu qu\u2019il souhaite et dont il sera tenu responsable.<\/p>\n<h5 class=\"author-name\" style=\"text-align: right;\">Houria Bouteldja<\/h5>\n<p class=\"selectionShareable\"><a href=\"https:\/\/qgdecolonial.fr\/2021\/06\/03\/la-negrophobie-arabe-et-le-reste-comme-impuissance-indigene\/#_ftnref1\" name=\"_ftn1\">[1]<\/a>\u00a0Il est question ici strictement de la n\u00e9grophobie intercommunautaire en France. Celle des pays du Maghreb rel\u00e8ve elle d\u2019une logique structurelle notamment parce que ces derniers ont un r\u00f4le de gendarmes de l\u2019Europe. D\u2019autres logiques renforcent et perp\u00e9tuent cette n\u00e9grophobie. Nous y reviendrons dans d\u2019autres publications.<\/p>\n<p><a href=\"https:\/\/qgdecolonial.fr\/2021\/06\/03\/la-negrophobie-arabe-et-le-reste-comme-impuissance-indigene\/\">SOURCE<\/a><\/p>\n","protected":false},"excerpt":{"rendered":"<p>Par Houria Bouteldja \u00ab\u00a0Des perdants. Mon optimisme ne renaitra que sur le socle de cette v\u00e9rit\u00e9 ultime. Nous sommes des perdants. Ce sera mon point de d\u00e9part sinon rien.\u00a0\u00bb C\u2019est cette phrase, perdue quelque part dans mon livre, qui me revient quand, perplexe, je m\u00e9dite sur la surm\u00e9diatisation des insultes n\u00e9grophobes prof\u00e9r\u00e9es par un Maghr\u00e9bin &#8230; <a title=\"La n\u00e9grophobie arabe (et le reste) comme impuissance indig\u00e8ne\" class=\"read-more\" href=\"https:\/\/bruxelles-pantheres.be\/?p=4835\" aria-label=\"En savoir plus sur La n\u00e9grophobie arabe (et le reste) comme impuissance indig\u00e8ne\">Lire la suite<\/a><\/p>\n","protected":false},"author":1,"featured_media":3787,"comment_status":"open","ping_status":"open","sticky":false,"template":"","format":"standard","meta":{"footnotes":""},"categories":[1,21,36,4,7,18,28],"tags":[147,181,423],"class_list":["post-4835","post","type-post","status-publish","format-standard","has-post-thumbnail","hentry","category-non-classe","category-anti-imperialisme","category-europe","category-islamophobie","category-negrophobie","category-resistance-bruxelles","category-racismes","tag-houria-bouteldja","tag-islamophobie","tag-negrophobie"],"_links":{"self":[{"href":"https:\/\/bruxelles-pantheres.be\/index.php?rest_route=\/wp\/v2\/posts\/4835","targetHints":{"allow":["GET"]}}],"collection":[{"href":"https:\/\/bruxelles-pantheres.be\/index.php?rest_route=\/wp\/v2\/posts"}],"about":[{"href":"https:\/\/bruxelles-pantheres.be\/index.php?rest_route=\/wp\/v2\/types\/post"}],"author":[{"embeddable":true,"href":"https:\/\/bruxelles-pantheres.be\/index.php?rest_route=\/wp\/v2\/users\/1"}],"replies":[{"embeddable":true,"href":"https:\/\/bruxelles-pantheres.be\/index.php?rest_route=%2Fwp%2Fv2%2Fcomments&post=4835"}],"version-history":[{"count":2,"href":"https:\/\/bruxelles-pantheres.be\/index.php?rest_route=\/wp\/v2\/posts\/4835\/revisions"}],"predecessor-version":[{"id":4837,"href":"https:\/\/bruxelles-pantheres.be\/index.php?rest_route=\/wp\/v2\/posts\/4835\/revisions\/4837"}],"wp:featuredmedia":[{"embeddable":true,"href":"https:\/\/bruxelles-pantheres.be\/index.php?rest_route=\/wp\/v2\/media\/3787"}],"wp:attachment":[{"href":"https:\/\/bruxelles-pantheres.be\/index.php?rest_route=%2Fwp%2Fv2%2Fmedia&parent=4835"}],"wp:term":[{"taxonomy":"category","embeddable":true,"href":"https:\/\/bruxelles-pantheres.be\/index.php?rest_route=%2Fwp%2Fv2%2Fcategories&post=4835"},{"taxonomy":"post_tag","embeddable":true,"href":"https:\/\/bruxelles-pantheres.be\/index.php?rest_route=%2Fwp%2Fv2%2Ftags&post=4835"}],"curies":[{"name":"wp","href":"https:\/\/api.w.org\/{rel}","templated":true}]}}