{"id":4840,"date":"2021-06-18T14:05:34","date_gmt":"2021-06-18T13:05:34","guid":{"rendered":"https:\/\/bruxelles-pantheres.be\/?p=4840"},"modified":"2021-06-20T14:09:01","modified_gmt":"2021-06-20T13:09:01","slug":"regularisation-maintenant","status":"publish","type":"post","link":"https:\/\/bruxelles-pantheres.be\/?p=4840","title":{"rendered":"REGULARISATION MAINTENANT !"},"content":{"rendered":"<div class=\"kvgmc6g5 cxmmr5t8 oygrvhab hcukyx3x c1et5uql\" style=\"text-align: center;\">REGULARISATION MAINTENANT !<\/div>\n<div class=\"o9v6fnle cxmmr5t8 oygrvhab hcukyx3x c1et5uql\" style=\"text-align: center;\"><span class=\"pq6dq46d tbxw36s4 knj5qynh kvgmc6g5 ditlmg2l oygrvhab nvdbi5me sf5mxxl7 gl3lb2sf hhz5lgdu\"><img decoding=\"async\" src=\"https:\/\/static.xx.fbcdn.net\/images\/emoji.php\/v9\/t39\/1\/16\/1f4e2.png\" alt=\"\ud83d\udce2\" width=\"16\" height=\"16\" \/><\/span>\u00a0Ce dimanche 20 Juin \u00e0 15h00 manifestation de soutien aux gr\u00e8ves de la faim de l\u2019USPR \u00e0 l\u2019ULB, \u00e0 la VUB, et au B\u00e9guinage.<\/div>\n<div class=\"o9v6fnle cxmmr5t8 oygrvhab hcukyx3x c1et5uql\" style=\"text-align: center;\"><span class=\"pq6dq46d tbxw36s4 knj5qynh kvgmc6g5 ditlmg2l oygrvhab nvdbi5me sf5mxxl7 gl3lb2sf hhz5lgdu\"><img decoding=\"async\" src=\"https:\/\/static.xx.fbcdn.net\/images\/emoji.php\/v9\/t5f\/1\/16\/270a.png\" alt=\"\u270a\" width=\"16\" height=\"16\" \/><\/span>\u00a015h-18h : Marche du B\u00e9guinage \u00e0 la Plaine.<\/div>\n<div class=\"o9v6fnle cxmmr5t8 oygrvhab hcukyx3x c1et5uql\" style=\"text-align: center;\"><span class=\"pq6dq46d tbxw36s4 knj5qynh kvgmc6g5 ditlmg2l oygrvhab nvdbi5me sf5mxxl7 gl3lb2sf hhz5lgdu\"><img decoding=\"async\" src=\"https:\/\/static.xx.fbcdn.net\/images\/emoji.php\/v9\/tba\/1\/16\/1f4e3.png\" alt=\"\ud83d\udce3\" width=\"16\" height=\"16\" \/><\/span>\u00a019h : Grande assembl\u00e9e des soutiens \u00e0 l&rsquo;occupation de l&rsquo;ULB<\/div>\n<div><\/div>\n<div>\n<div class=\"o9v6fnle cxmmr5t8 oygrvhab hcukyx3x c1et5uql\">Les sans-papiers membres de l\u2019USPR occupent l\u2019\u00e9glise du B\u00e9guinage, et les campus de la Plaine \u00e0 l\u2019ULB et de la VUB depuis plus d\u2019une centaine de jours.<\/div>\n<div><\/div>\n<div class=\"o9v6fnle cxmmr5t8 oygrvhab hcukyx3x c1et5uql\">Malgr\u00e9 le soutien important autour de la campagne pour la mise en place de crit\u00e8res clairs et permanents de r\u00e9gularisation ainsi qu\u2019une commission ind\u00e9pendante, dans les faits, la vie quotidienne des sans-papiers en Belgique est rendue impossible.<\/div>\n<\/div>\n<p><!--more--><\/p>\n<p class=\"o9v6fnle cxmmr5t8 oygrvhab hcukyx3x c1et5uql\">Face \u00e0 un blocage politique total, plus de r\u00e9gularisation collective depuis 2009 et l\u2019absence de toute perspective de vie digne, ils ont depuis le 23 mai 2021 entam\u00e9 un gr\u00e8ve de la faim. Par cette action ils tentent de cr\u00e9er un bras de fer avec Sammy Mehdi et le gouvernement afin de sortir de leur situation d\u2019exploitation et de grande pr\u00e9carit\u00e9.<\/p>\n<p>&nbsp;<\/p>\n<p class=\"o9v6fnle cxmmr5t8 oygrvhab hcukyx3x c1et5uql\">Ils ne peuvent \u00eatre laiss\u00e9s seuls dans un corps \u00e0 corps avec un pouvoir qui n\u2019entend rien. C\u2019est pourquoi les comit\u00e9s de soutien des diff\u00e9rentes occupations, ainsi que diff\u00e9rents collectifs de sans-papiers, organisent dimanche 13 juin 2021 \u00e0 15h00 au d\u00e9part de l\u2019\u00e9glise du B\u00e9guinage une grande marche de soutien aux occupations.<\/p>\n<p>&nbsp;<\/p>\n<p class=\"o9v6fnle cxmmr5t8 oygrvhab hcukyx3x c1et5uql\">Les syndicats, les organisation de la soci\u00e9t\u00e9 civile, les organisations citoyennes, les universit\u00e9s soutiennent l\u2019actuel mouvement pour la r\u00e9gularisation des sans-papiers. Chaque jour des nouvelles hospitalisations ont lieu. Les occupants ne peuvent plus attendre des vagues promesses de changement l\u00e9gislatif ou de d\u00e9bat parlementaire.<\/p>\n<p>&nbsp;<\/p>\n<p class=\"o9v6fnle cxmmr5t8 oygrvhab hcukyx3x c1et5uql\">C\u2019est maintenant qu\u2019ils doivent \u00eatre r\u00e9gularis\u00e9s collectivement. \u00c0 travers cette r\u00e9gularisation, ils ouvrent une br\u00e8che pour la r\u00e9gularisation des sans-papiers en Belgique. Nous les soutenons dans cette action l\u00e9gitime et n\u00e9cessaire et appelons l\u2019ensemble des organisations et syndicats \u00e0 rejoindre cette marche.<\/p>\n<p class=\"o9v6fnle cxmmr5t8 oygrvhab hcukyx3x c1et5uql\">\u2022 R\u00e9gularisation collective des occupants (gr\u00e9vistes de la faim)<\/p>\n<p class=\"o9v6fnle cxmmr5t8 oygrvhab hcukyx3x c1et5uql\">&#8211; R\u00e9gularisation de tous les sans-papiers<\/p>\n<div class=\"o9v6fnle cxmmr5t8 oygrvhab hcukyx3x c1et5uql\"><\/div>\n<div class=\"o9v6fnle cxmmr5t8 oygrvhab hcukyx3x c1et5uql\">Comit\u00e9s de soutien de l\u2019USPR<br \/>\nUSPR<br \/>\nJOC Bruxelles<br \/>\nCampagne Stop R\u00e9pression Nouvelle voie Anti-coloniale<br \/>\nR\u00e9seau ADES<br \/>\nGauche anticapitaliste \/ SAP antikapitalisten<br \/>\nSant\u00e9 en Lutte<br \/>\nUSE<br \/>\nBruxelles Panth\u00e8res<br \/>\nPSL<br \/>\nEGA<br \/>\nMetal<br \/>\nComac ULB\/\/VUB<br \/>\nUnion Communiste Libertaire Bruxelles<br \/>\nLes D\u00e9cha\u00een\u00e9.es<br \/>\nLE GAMS<br \/>\nBruxelles Zone Antifasciste (BZA)<\/div>\n","protected":false},"excerpt":{"rendered":"<p>REGULARISATION MAINTENANT ! \u00a0Ce dimanche 20 Juin \u00e0 15h00 manifestation de soutien aux gr\u00e8ves de la faim de l\u2019USPR \u00e0 l\u2019ULB, \u00e0 la VUB, et au B\u00e9guinage. \u00a015h-18h : Marche du B\u00e9guinage \u00e0 la Plaine. \u00a019h : Grande assembl\u00e9e des soutiens \u00e0 l&rsquo;occupation de l&rsquo;ULB Les sans-papiers membres de l\u2019USPR occupent l\u2019\u00e9glise du B\u00e9guinage, et &#8230; <a title=\"REGULARISATION MAINTENANT !\" class=\"read-more\" href=\"https:\/\/bruxelles-pantheres.be\/?p=4840\" aria-label=\"En savoir plus sur REGULARISATION MAINTENANT !\">Lire la suite<\/a><\/p>\n","protected":false},"author":1,"featured_media":4841,"comment_status":"open","ping_status":"open","sticky":false,"template":"","format":"standard","meta":{"footnotes":""},"categories":[18,39],"tags":[],"class_list":["post-4840","post","type-post","status-publish","format-standard","has-post-thumbnail","hentry","category-resistance-bruxelles","category-sans-papier"],"_links":{"self":[{"href":"https:\/\/bruxelles-pantheres.be\/index.php?rest_route=\/wp\/v2\/posts\/4840","targetHints":{"allow":["GET"]}}],"collection":[{"href":"https:\/\/bruxelles-pantheres.be\/index.php?rest_route=\/wp\/v2\/posts"}],"about":[{"href":"https:\/\/bruxelles-pantheres.be\/index.php?rest_route=\/wp\/v2\/types\/post"}],"author":[{"embeddable":true,"href":"https:\/\/bruxelles-pantheres.be\/index.php?rest_route=\/wp\/v2\/users\/1"}],"replies":[{"embeddable":true,"href":"https:\/\/bruxelles-pantheres.be\/index.php?rest_route=%2Fwp%2Fv2%2Fcomments&post=4840"}],"version-history":[{"count":3,"href":"https:\/\/bruxelles-pantheres.be\/index.php?rest_route=\/wp\/v2\/posts\/4840\/revisions"}],"predecessor-version":[{"id":4844,"href":"https:\/\/bruxelles-pantheres.be\/index.php?rest_route=\/wp\/v2\/posts\/4840\/revisions\/4844"}],"wp:featuredmedia":[{"embeddable":true,"href":"https:\/\/bruxelles-pantheres.be\/index.php?rest_route=\/wp\/v2\/media\/4841"}],"wp:attachment":[{"href":"https:\/\/bruxelles-pantheres.be\/index.php?rest_route=%2Fwp%2Fv2%2Fmedia&parent=4840"}],"wp:term":[{"taxonomy":"category","embeddable":true,"href":"https:\/\/bruxelles-pantheres.be\/index.php?rest_route=%2Fwp%2Fv2%2Fcategories&post=4840"},{"taxonomy":"post_tag","embeddable":true,"href":"https:\/\/bruxelles-pantheres.be\/index.php?rest_route=%2Fwp%2Fv2%2Ftags&post=4840"}],"curies":[{"name":"wp","href":"https:\/\/api.w.org\/{rel}","templated":true}]}}