{"id":4848,"date":"2021-06-24T16:11:29","date_gmt":"2021-06-24T15:11:29","guid":{"rendered":"https:\/\/bruxelles-pantheres.be\/?p=4848"},"modified":"2021-06-24T16:13:15","modified_gmt":"2021-06-24T15:13:15","slug":"regularisation-des-grevistes-maintenant-regularisation-de-tous-les-sans-papiers","status":"publish","type":"post","link":"https:\/\/bruxelles-pantheres.be\/?p=4848","title":{"rendered":"R\u00e9gularisation des gr\u00e9vistes maintenant R\u00e9gularisation de tous les sans-papiers !"},"content":{"rendered":"<div class=\"kvgmc6g5 cxmmr5t8 oygrvhab hcukyx3x c1et5uql ii04i59q\">\n<div dir=\"auto\" style=\"text-align: center;\"><a class=\"oajrlxb2 g5ia77u1 qu0x051f esr5mh6w e9989ue4 r7d6kgcz rq0escxv nhd2j8a9 nc684nl6 p7hjln8o kvgmc6g5 cxmmr5t8 oygrvhab hcukyx3x jb3vyjys rz4wbd8a qt6c0cv9 a8nywdso i1ao9s8h esuyzwwr f1sip0of lzcic4wl q66pz984 gpro0wi8 b1v8xokw\" tabindex=\"0\" role=\"link\" href=\"https:\/\/www.facebook.com\/hashtag\/r%C3%A9gularisationdesgr%C3%A9vistesmaintenant?__eep__=6&amp;__cft__[0]=AZWcyULbKvtsusk9oLfzdtrxlD8QutQfs69UsHnQyGSZR7DJBjev9TtscceMAmuim52i1CJKWTgi9e4F0knYoxhXmwJui7QisV-OFYq3a-cUErsOsn3DgpKjJd35Xd2D7wE&amp;__tn__=*NK-R\">#r\u00e9gularisationdesgr\u00e9vistesmaintenant<\/a><\/div>\n<\/div>\n<div class=\"o9v6fnle cxmmr5t8 oygrvhab hcukyx3x c1et5uql ii04i59q\">\n<div dir=\"auto\" style=\"text-align: center;\">R\u00e9gularisation de tous les sans-papiers !<\/div>\n<div dir=\"auto\"><\/div>\n<div dir=\"auto\">Tract en 10 points r\u00e9dig\u00e9 \u00e0 l\u2019occasion de la grande marche de la dignit\u00e9 pour la r\u00e9gularisation du 20 juin 2021.<\/div>\n<\/div>\n<p><!--more--><\/p>\n<p class=\"o9v6fnle cxmmr5t8 oygrvhab hcukyx3x c1et5uql ii04i59q\">1) L\u2019accumulation de refus de s\u00e9jour par l\u2019O.E. depuis 2009 cristallise un contentieux migratoire sous une forme in\u00e9dite qui a conduit \u00e0 l\u2019actuel mouvement de lutte et de gr\u00e8ves de la faim.<\/p>\n<p>&nbsp;<\/p>\n<p dir=\"auto\">2) Les occupations et gr\u00e8ves de la faim de l\u2019USPR ont r\u00e9ouvert un espace politique in\u00e9dit depuis 2008-2009 autour de la pr\u00e9sence des sans-papiers en Belgique.<\/p>\n<p dir=\"auto\">\n<p dir=\"auto\">3) La r\u00e9gularisation collective des occupants du B\u00e9guinage, de l\u2019ULB, de la VUB et du \u00ab See U \u00bb qui sont aujourd\u2019hui \u00e0 leur 22e jours de gr\u00e8ve de la faim constituera la premi\u00e8re \u00e9tape vers une nouvelle politique de r\u00e9gularisation, juste et humaine.<\/p>\n<p dir=\"auto\">\n<p dir=\"auto\">4) Proposer un retour \u00e0 l\u2019introduction des dossiers individuellement, sans avoir obtenu un engagement pr\u00e9alable clair du gouvernement (permis de s\u00e9jour et de travail) ainsi que du directeur de l\u2019Office des Etrangers (Freddy Roosemont), c\u2019est renvoyer les occupants en gr\u00e8ve de la faim \u00e0 l\u2019arbitraire des proc\u00e9dures, risquer de d\u00e9membrer le mouvement, revenir au cas par cas, affaiblir l\u2019action collective et renvoyer dans la clandestinit\u00e9 une part importante des occupants.<\/p>\n<p dir=\"auto\">\n<p dir=\"auto\">5) Les occupations repr\u00e9sentent des lieux d\u2019organisation collective. Celles-ci doivent \u00eatre maintenues et soutenues tout au long du rapport de force avec l\u2019O.E. et le gouvernement. Certainement durant les mois de juillet et d\u2019ao\u00fbt et tant qu\u2019une solution acceptable n\u2019aura pas \u00e9t\u00e9 n\u00e9goci\u00e9e. Les universit\u00e9s doivent tout mettre en \u0153uvre pour soutenir la r\u00e9gularisation du s\u00e9jour des occupants.<\/p>\n<p dir=\"auto\">\n<p dir=\"auto\">6) La situation collective des gr\u00e9vistes de la faim repr\u00e9sente une diversit\u00e9 de trajectoires complexes mais assez repr\u00e9sentatives de la situation des sans-papiers en Belgique. A travers leur r\u00e9gularisation, les crit\u00e8res qui pourraient \u00eatre inscrits dans une loi feraient l\u2019\u00e9preuve des r\u00e9alit\u00e9s sociales, \u00e9conomiques, (g\u00e9o)politiques actuelles v\u00e9cues et port\u00e9es par les sans-papiers en Belgique.<\/p>\n<p dir=\"auto\">\n<p dir=\"auto\">7) La lutte pour la prolongation et la r\u00e9gularisation du s\u00e9jour des occupants de l\u2019USPR est donc l\u2019espace central susceptible de g\u00e9n\u00e9rer des crit\u00e8res pertinents de r\u00e9gularisation.<\/p>\n<p dir=\"auto\"><span class=\"pq6dq46d tbxw36s4 knj5qynh kvgmc6g5 ditlmg2l oygrvhab nvdbi5me sf5mxxl7 gl3lb2sf hhz5lgdu\"><img decoding=\"async\" src=\"https:\/\/static.xx.fbcdn.net\/images\/emoji.php\/v9\/t83\/1\/16\/1f60e.png\" alt=\"\ud83d\ude0e\" width=\"16\" height=\"16\" \/><\/span> Les \u00ab circonstances exceptionnelles \u00bb non d\u00e9finies dans le cadre de la loi de 1980 peuvent \u00eatre pr\u00e9ciser sur base des situations concr\u00e8tes v\u00e9cues par les sans-papiers aujourd\u2019hui en Belgique. La crise pand\u00e9mique et sociale en cours ainsi que les n\u00e9cessit\u00e9s de relances \u00e9conomiques font d\u00e9sormais aussi \u00ab circonstances exceptionnelles \u00bb.<\/p>\n<p dir=\"auto\">\n<p dir=\"auto\">9) Les proc\u00e9dures de r\u00e9gularisation doivent se faire par l\u2019obtention d\u2019un permis de travail A qui n\u2019attache pas le travailleur \u00e0 un patron et lui permet de se mouvoir sur le march\u00e9 du travail, de se former et d\u2019ainsi rejoindre l\u2019offre des m\u00e9tiers en p\u00e9nurie.<\/p>\n<p dir=\"auto\">\n<p dir=\"auto\">10) La commission ind\u00e9pendante de l\u2019OE (comme celle mise en place par la loi du 22 d\u00e9cembre 1999) devra \u00e9tablir, sur base de la r\u00e9gularisation des occupants de l\u2019USPR, les crit\u00e8res qui entreront dans le cadre de la future loi de r\u00e9gularisation, elle les mettra en \u0153uvre, en assurera le suivi et en \u00e9valuera les effets. Les chambres de cette commission seront compos\u00e9es d\u2019un magistrat, d\u2019un avocat, d\u2019un membre d\u2019une ONG internationale sp\u00e9cialis\u00e9 dans les droits des migrants, ainsi que d\u2019un repr\u00e9sentant des collectifs de sans-papiers. La d\u00e9cision d\u2019\u00e9tablissement des crit\u00e8res qui entreront dans la loi pour engager cette politique de r\u00e9gularisation sera soumise au pouvoir discr\u00e9tionnaire des sans-papiers eux-m\u00eames. Les propositions de crit\u00e8res seront donc syst\u00e9matiquement \u00e9valu\u00e9es, amend\u00e9es et valid\u00e9es par les membres des actuels collectifs de sans-papiers mandat\u00e9s pour si\u00e9ger dans le cadre de cette commission ind\u00e9pendante.<\/p>\n<p class=\"o9v6fnle cxmmr5t8 oygrvhab hcukyx3x c1et5uql ii04i59q\"><a href=\"https:\/\/l.facebook.com\/l.php?u=https%3A%2F%2Fcdn.fbsbx.com%2Fv%2Ft59.2708-21%2F202131810_287781783045400_8403544982286704653_n.docx%2FTract-20-juin.docx%3F_nc_cat%3D102%26ccb%3D1-3%26_nc_sid%3D0cab14%26_nc_ohc%3DdRTzoS3_3NgAX9d9MuU%26_nc_ht%3Dcdn.fbsbx.com%26oh%3D2e3a323a2c7fddd129589a0ecfc1158c%26oe%3D60D4F61D%26dl%3D1%26fbclid%3DIwAR1RdCmVen6Hz_hXV7Jj_URBm8iv7El8JqbDd-v-MWq1sM0HaJX-zU94Guo&amp;h=AT1XS7tDuAKvdBZo938-aGNd3oohddl7H1h_YLHtxL_xZ1jX_Akaq7jgaK6WzKfx5SKqHMexGAiHSdlOakb8Rpg0b-81YxW9g8e7_-VHjix8wKTsGGPijXON4eQ3VUjrG6H0Q-i9XTQJUesslxVz&amp;__tn__=H-R&amp;c[0]=AT0kkYHJhZZcRxNfO1aIBOD6rw8e3pB1SW3JvG4j4KlwjPySMpXbS4oWQQJfOP0nLVezNh-0oWqpJ-K0VS072iLbRgI5Y9oG3bGO4uAwHosPlen4XKK3aR9aUVGewgXvFUIa4PNglWwWvMCVxxTpOHCePQ\">Comit\u00e9 de Soutien USPR<\/a><\/p>\n<p class=\"o9v6fnle cxmmr5t8 oygrvhab hcukyx3x c1et5uql ii04i59q\">20 juin 2021, journ\u00e9e mondiale des migrants.<\/p>\n","protected":false},"excerpt":{"rendered":"<p>#r\u00e9gularisationdesgr\u00e9vistesmaintenant R\u00e9gularisation de tous les sans-papiers ! Tract en 10 points r\u00e9dig\u00e9 \u00e0 l\u2019occasion de la grande marche de la dignit\u00e9 pour la r\u00e9gularisation du 20 juin 2021.<\/p>\n","protected":false},"author":1,"featured_media":4440,"comment_status":"open","ping_status":"open","sticky":false,"template":"","format":"standard","meta":{"footnotes":""},"categories":[18,39],"tags":[31,14,23,15],"class_list":["post-4848","post","type-post","status-publish","format-standard","has-post-thumbnail","hentry","category-resistance-bruxelles","category-sans-papier","tag-belgique","tag-bruxelles","tag-discrimination","tag-resistance"],"_links":{"self":[{"href":"https:\/\/bruxelles-pantheres.be\/index.php?rest_route=\/wp\/v2\/posts\/4848","targetHints":{"allow":["GET"]}}],"collection":[{"href":"https:\/\/bruxelles-pantheres.be\/index.php?rest_route=\/wp\/v2\/posts"}],"about":[{"href":"https:\/\/bruxelles-pantheres.be\/index.php?rest_route=\/wp\/v2\/types\/post"}],"author":[{"embeddable":true,"href":"https:\/\/bruxelles-pantheres.be\/index.php?rest_route=\/wp\/v2\/users\/1"}],"replies":[{"embeddable":true,"href":"https:\/\/bruxelles-pantheres.be\/index.php?rest_route=%2Fwp%2Fv2%2Fcomments&post=4848"}],"version-history":[{"count":4,"href":"https:\/\/bruxelles-pantheres.be\/index.php?rest_route=\/wp\/v2\/posts\/4848\/revisions"}],"predecessor-version":[{"id":4852,"href":"https:\/\/bruxelles-pantheres.be\/index.php?rest_route=\/wp\/v2\/posts\/4848\/revisions\/4852"}],"wp:featuredmedia":[{"embeddable":true,"href":"https:\/\/bruxelles-pantheres.be\/index.php?rest_route=\/wp\/v2\/media\/4440"}],"wp:attachment":[{"href":"https:\/\/bruxelles-pantheres.be\/index.php?rest_route=%2Fwp%2Fv2%2Fmedia&parent=4848"}],"wp:term":[{"taxonomy":"category","embeddable":true,"href":"https:\/\/bruxelles-pantheres.be\/index.php?rest_route=%2Fwp%2Fv2%2Fcategories&post=4848"},{"taxonomy":"post_tag","embeddable":true,"href":"https:\/\/bruxelles-pantheres.be\/index.php?rest_route=%2Fwp%2Fv2%2Ftags&post=4848"}],"curies":[{"name":"wp","href":"https:\/\/api.w.org\/{rel}","templated":true}]}}