{"id":4866,"date":"2021-07-17T18:05:38","date_gmt":"2021-07-17T17:05:38","guid":{"rendered":"https:\/\/bruxelles-pantheres.be\/?p=4866"},"modified":"2021-07-17T18:05:38","modified_gmt":"2021-07-17T17:05:38","slug":"marche-pour-la-veriteetjusticepour-sabrinaetouassim","status":"publish","type":"post","link":"https:\/\/bruxelles-pantheres.be\/?p=4866","title":{"rendered":"marche pour la #V\u00e9rit\u00e9EtJusticePour SabrinaEtOuassim"},"content":{"rendered":"<div dir=\"auto\">\n<div dir=\"auto\">\n<div dir=\"auto\">Amira (la soeur de Ouassim Paix \u00e0 son \u00e2me) Appel \u00e0 une mobilisation g\u00e9n\u00e9rale pour participer \u00e0 la manifestation de ce dimanche 18 juillet \u00e0 Bruxelles (au dessus du tunnel Bailli)<\/div>\n<div dir=\"auto\"><a class=\"oajrlxb2 g5ia77u1 qu0x051f esr5mh6w e9989ue4 r7d6kgcz rq0escxv nhd2j8a9 nc684nl6 p7hjln8o kvgmc6g5 cxmmr5t8 oygrvhab hcukyx3x jb3vyjys rz4wbd8a qt6c0cv9 a8nywdso i1ao9s8h esuyzwwr f1sip0of lzcic4wl q66pz984 gpro0wi8 b1v8xokw\" tabindex=\"0\" role=\"link\" href=\"https:\/\/www.facebook.com\/hashtag\/verit%C3%A9etjusticepoursabrinaetouassim?__eep__=6&amp;__cft__[0]=AZUv3VD9Atxt7mD8Emt_5kElB4QcEYSBFLGXHL4H5H-kO_Elp1iX3YnX7UNzAcs8wgw1B0LUnrG5EcjEE6MKX9kL0BKzqmUCHJF0Xnp2JuQnJFMSJAdrOx6TtC5LURHj_TQ0AUxTIZYB5xPKCX1RQX_aL6QFV1P5oBLHaC_sHsyToA&amp;__tn__=*NK-R\">#Verit\u00e9EtJusticePourSabrinaEtOuassim<\/a><\/div>\n<\/div>\n<\/div>\n<p><!--more--><\/p>\n<p><iframe style=\"border: none; overflow: hidden;\" src=\"https:\/\/www.facebook.com\/plugins\/video.php?height=476&amp;href=https%3A%2F%2Fwww.facebook.com%2F1659276081047947%2Fvideos%2F335487861490391%2F&amp;show_text=false&amp;width=476&amp;t=0\" width=\"476\" height=\"476\" frameborder=\"0\" scrolling=\"no\" allowfullscreen=\"allowfullscreen\"><\/iframe><br \/>\nLe 9 mai 2017, Ouassim roulait \u00e0 moto. Sabrina \u00e9tait passag\u00e8re de cette moto. Ils sont morts lors d&rsquo;une course poursuite engag\u00e9e par la police en raison de deux pr\u00e9sum\u00e9es infractions au code de la route : \u00ab\u00a0vitesse inappropri\u00e9e\u00a0\u00bb et \u00ab\u00a0absence de v\u00eatements de protection suffisants \u00bb (chaussures).<\/p>\n<div dir=\"auto\">\n<div><a href=\"https:\/\/bruxelles-pantheres.be\/wp-content\/uploads\/2021\/07\/214859755_2590849964557216_2450823324614037283_n.jpg\"><img decoding=\"async\" class=\"size-full wp-image-4867 aligncenter\" src=\"https:\/\/bruxelles-pantheres.be\/wp-content\/uploads\/2021\/07\/214859755_2590849964557216_2450823324614037283_n.jpg\" alt=\"\" width=\"750\" height=\"1067\" srcset=\"https:\/\/bruxelles-pantheres.be\/wp-content\/uploads\/2021\/07\/214859755_2590849964557216_2450823324614037283_n.jpg 750w, https:\/\/bruxelles-pantheres.be\/wp-content\/uploads\/2021\/07\/214859755_2590849964557216_2450823324614037283_n-211x300.jpg 211w, https:\/\/bruxelles-pantheres.be\/wp-content\/uploads\/2021\/07\/214859755_2590849964557216_2450823324614037283_n-720x1024.jpg 720w\" sizes=\"(max-width: 750px) 100vw, 750px\" \/><\/a><\/div>\n<div class=\"o9v6fnle cxmmr5t8 oygrvhab hcukyx3x c1et5uql\">Selon nous, cette course poursuite est ill\u00e9gale. Selon la loi sur la fonction de police une course poursuite doit \u00eatre n\u00e9cessaire et proportionn\u00e9e. Ce n\u2019\u00e9tait pas le cas. La course poursuite n&rsquo;\u00e9tait pas n\u00e9cessaire car la plaque d&rsquo;immatriculation de la moto avait \u00e9t\u00e9 not\u00e9e et la moto identifi\u00e9e. La course poursuite n&rsquo;\u00e9tait pas non plus proportionn\u00e9e car elle entra\u00eenait incontestablement des risques tr\u00e8s \u00e9lev\u00e9s pour les personnes se trouvant sur la moto comme pour les autres usagers de la route.<\/div>\n<div class=\"o9v6fnle cxmmr5t8 oygrvhab hcukyx3x c1et5uql\">Trois voitures de police ont poursuivi la moto. Une quatri\u00e8me voiture s&rsquo;est plac\u00e9e en travers de la route juste \u00e0 la sortie du tunnel. Le motocycliste n&rsquo;a donc pas pu voir cette voiture en sortant du tunnel et n&rsquo;a pas pu l\u2019\u00e9viter. La collision in\u00e9vitable a entrain\u00e9 la mort des deux jeunes gens.<\/div>\n<div class=\"o9v6fnle cxmmr5t8 oygrvhab hcukyx3x c1et5uql\">Le droit \u00e0 la vie est un droit fondamental. Une telle course poursuite constitue un usage de la force ill\u00e9gal portant atteinte \u00e0 ce droit. Les policiers doivent donc \u00eatre poursuivis pour avoir caus\u00e9 la mort de Sabrina et Ouassim. Une infraction au code de la route ne vaut pas deux vies.<\/div>\n<div class=\"o9v6fnle cxmmr5t8 oygrvhab hcukyx3x c1et5uql\">Aucun policier n&rsquo;a \u00e9t\u00e9 inculp\u00e9 et le minist\u00e8re public demande un non-lieu car \u00ab\u00a0aucune infraction\u00a0\u00bb n&rsquo;a \u00e9t\u00e9 commise. La famille ne peut pas accepter cela.<\/div>\n<div class=\"o9v6fnle cxmmr5t8 oygrvhab hcukyx3x c1et5uql\">La famille a le droit \u00e0 ce que les responsables de la mort de leurs enfants soient amen\u00e9s devant un juge. De telles interventions de police ne peuvent rester impunies. La Justice doit jouer son r\u00f4le de dissuasion afin que d\u2019autres drames ne se reproduisent.<\/div>\n<div class=\"o9v6fnle cxmmr5t8 oygrvhab hcukyx3x c1et5uql\">Nous demandons au tribunal de renvoyer l&rsquo;affaire au procureur du Roi afin d&rsquo;inculper les policiers.<\/div>\n<div class=\"o9v6fnle cxmmr5t8 oygrvhab hcukyx3x c1et5uql\">Nous demandons que les policiers qui ont caus\u00e9 la mort de Sabrina et Ouassim soit jug\u00e9s.<\/div>\n<div class=\"o9v6fnle cxmmr5t8 oygrvhab hcukyx3x c1et5uql\">En effet, la course poursuite \u00e9tait ill\u00e9gale<\/div>\n<div class=\"o9v6fnle cxmmr5t8 oygrvhab hcukyx3x c1et5uql\"><\/div>\n<div class=\"o9v6fnle cxmmr5t8 oygrvhab hcukyx3x c1et5uql\">Elle n\u2019\u00e9tait pas n\u00e9cessaire \u00e9tant donn\u00e9 que la plaque de la moto \u00e9tait identifi\u00e9e. Une amende aurait pu \u00eatre envoy\u00e9e. On ne pourchasse pas une moto pour de pr\u00e9sum\u00e9es infractions de la route.<br \/>\nElle n\u2019\u00e9tait pas non plus proportionnelle. Le droit \u00e0 la vie est un droit fondamental. Pourchasser une moto avec trois voitures de police et ainsi pousser la moto \u00e0 rouler de plus en plus vite est tout simplement insens\u00e9. Dresser un barrage \u00e0 la sortie du tunnel est meurtrier.<\/div>\n<div class=\"o9v6fnle cxmmr5t8 oygrvhab hcukyx3x c1et5uql\">Les policiers ont donc viol\u00e9 la loi et caus\u00e9 la mort de Sabrina et Ouassim. On ne peut laisser cela impuni.<\/div>\n<div class=\"o9v6fnle cxmmr5t8 oygrvhab hcukyx3x c1et5uql\">La procureure estime que le seul responsable de la mort de Sabrina et Ouassim est Ouassim, et que les policiers n\u2019ont fait aucune erreur malgr\u00e9 toutes les preuves \u00e0 leurs encontre.<\/div>\n<div class=\"o9v6fnle cxmmr5t8 oygrvhab hcukyx3x c1et5uql\"><\/div>\n<div class=\"o9v6fnle cxmmr5t8 oygrvhab hcukyx3x c1et5uql\">Les familles vont continuer leur combat pour que justice soit faite et pour que de tels drames ne se reproduisent plus jamais!<\/div>\n<div class=\"o9v6fnle cxmmr5t8 oygrvhab hcukyx3x c1et5uql\">1er action pour exiger la justice pour Sabrina et Ouassim: Ce dimanche 18\/07 \u00e0 13h<\/div>\n<div class=\"o9v6fnle cxmmr5t8 oygrvhab hcukyx3x c1et5uql\">Nous vous attendons nombreux<\/div>\n<\/div>\n<div><\/div>\n<div><a href=\"https:\/\/bruxelles-pantheres.be\/wp-content\/uploads\/2021\/07\/216758844_2592650984377114_8352502127010384115_n.jpg\"><img decoding=\"async\" class=\"size-full wp-image-4868 aligncenter\" src=\"https:\/\/bruxelles-pantheres.be\/wp-content\/uploads\/2021\/07\/216758844_2592650984377114_8352502127010384115_n.jpg\" alt=\"\" width=\"526\" height=\"830\" srcset=\"https:\/\/bruxelles-pantheres.be\/wp-content\/uploads\/2021\/07\/216758844_2592650984377114_8352502127010384115_n.jpg 526w, https:\/\/bruxelles-pantheres.be\/wp-content\/uploads\/2021\/07\/216758844_2592650984377114_8352502127010384115_n-190x300.jpg 190w\" sizes=\"(max-width: 526px) 100vw, 526px\" \/><\/a><\/div>\n<div>\n<div class=\"kvgmc6g5 cxmmr5t8 oygrvhab hcukyx3x c1et5uql ii04i59q\">\n<div dir=\"auto\">Nous comptons sur vous pour vous joindre \u00e0 nous afin d&rsquo;exiger ENSEMBLE une JUSTICE IMAPRTIALE pour nos d\u00e9funts \u00ab\u00a0Sabrina &amp; Ouassim\u00a0\u00bb<\/div>\n<div dir=\"auto\">RDV ce dimanche 18 Juillet \u00e0 13h<\/div>\n<\/div>\n<div class=\"o9v6fnle cxmmr5t8 oygrvhab hcukyx3x c1et5uql ii04i59q\">\n<div dir=\"auto\">Merci de diffuser\/partager LARGEMENT cet \u00e9v\u00e8nement <span class=\"pq6dq46d tbxw36s4 knj5qynh kvgmc6g5 ditlmg2l oygrvhab nvdbi5me sf5mxxl7 gl3lb2sf hhz5lgdu\"><img decoding=\"async\" src=\"https:\/\/www.facebook.com\/images\/emoji.php\/v9\/t80\/1\/16\/1f64f.png\" alt=\"\ud83d\ude4f\" width=\"16\" height=\"16\" \/><\/span><\/div>\n<\/div>\n<div class=\"o9v6fnle cxmmr5t8 oygrvhab hcukyx3x c1et5uql ii04i59q\">\n<div dir=\"auto\"><a class=\"oajrlxb2 g5ia77u1 qu0x051f esr5mh6w e9989ue4 r7d6kgcz rq0escxv nhd2j8a9 nc684nl6 p7hjln8o kvgmc6g5 cxmmr5t8 oygrvhab hcukyx3x jb3vyjys rz4wbd8a qt6c0cv9 a8nywdso i1ao9s8h esuyzwwr f1sip0of lzcic4wl q66pz984 gpro0wi8 b1v8xokw\" tabindex=\"0\" role=\"link\" href=\"https:\/\/www.facebook.com\/hashtag\/v%C3%A9rit%C3%A9etjusticepoursabrinaetouassim?__eep__=6&amp;__cft__[0]=AZVteJFjCYWu84oJ9ovr_gRQRXAcOsddEJbFaRm8PM9Np4mR0ePw2frAo-diQLgaRtAOynWFL63usCbJGAzuzVxqD1hwyGUb57AIAGcTd5hKGYEKrf_S858CD_e1gM11ft29La3-RT7EoiNx_h1qpQ1E&amp;__tn__=*NK-R\">#V\u00e9rit\u00e9EtJusticePourSabrinaEtOuassim<\/a><\/div>\n<div dir=\"auto\"><a href=\"https:\/\/bruxelles-pantheres.be\/wp-content\/uploads\/2021\/07\/206667775_2580116632297216_5400649223571835482_n.jpg\"><img decoding=\"async\" class=\"size-full wp-image-4869 aligncenter\" src=\"https:\/\/bruxelles-pantheres.be\/wp-content\/uploads\/2021\/07\/206667775_2580116632297216_5400649223571835482_n.jpg\" alt=\"\" width=\"509\" height=\"720\" srcset=\"https:\/\/bruxelles-pantheres.be\/wp-content\/uploads\/2021\/07\/206667775_2580116632297216_5400649223571835482_n.jpg 509w, https:\/\/bruxelles-pantheres.be\/wp-content\/uploads\/2021\/07\/206667775_2580116632297216_5400649223571835482_n-212x300.jpg 212w\" sizes=\"(max-width: 509px) 100vw, 509px\" \/><\/a><\/div>\n<\/div>\n<\/div>\n","protected":false},"excerpt":{"rendered":"<p>Amira (la soeur de Ouassim Paix \u00e0 son \u00e2me) Appel \u00e0 une mobilisation g\u00e9n\u00e9rale pour participer \u00e0 la manifestation de ce dimanche 18 juillet \u00e0 Bruxelles (au dessus du tunnel Bailli) #Verit\u00e9EtJusticePourSabrinaEtOuassim<\/p>\n","protected":false},"author":1,"featured_media":4867,"comment_status":"open","ping_status":"open","sticky":false,"template":"","format":"standard","meta":{"footnotes":""},"categories":[18,28,5],"tags":[461],"class_list":["post-4866","post","type-post","status-publish","format-standard","has-post-thumbnail","hentry","category-resistance-bruxelles","category-racismes","category-violence-policiere","tag-sabrina-ouassim"],"_links":{"self":[{"href":"https:\/\/bruxelles-pantheres.be\/index.php?rest_route=\/wp\/v2\/posts\/4866","targetHints":{"allow":["GET"]}}],"collection":[{"href":"https:\/\/bruxelles-pantheres.be\/index.php?rest_route=\/wp\/v2\/posts"}],"about":[{"href":"https:\/\/bruxelles-pantheres.be\/index.php?rest_route=\/wp\/v2\/types\/post"}],"author":[{"embeddable":true,"href":"https:\/\/bruxelles-pantheres.be\/index.php?rest_route=\/wp\/v2\/users\/1"}],"replies":[{"embeddable":true,"href":"https:\/\/bruxelles-pantheres.be\/index.php?rest_route=%2Fwp%2Fv2%2Fcomments&post=4866"}],"version-history":[{"count":1,"href":"https:\/\/bruxelles-pantheres.be\/index.php?rest_route=\/wp\/v2\/posts\/4866\/revisions"}],"predecessor-version":[{"id":4870,"href":"https:\/\/bruxelles-pantheres.be\/index.php?rest_route=\/wp\/v2\/posts\/4866\/revisions\/4870"}],"wp:featuredmedia":[{"embeddable":true,"href":"https:\/\/bruxelles-pantheres.be\/index.php?rest_route=\/wp\/v2\/media\/4867"}],"wp:attachment":[{"href":"https:\/\/bruxelles-pantheres.be\/index.php?rest_route=%2Fwp%2Fv2%2Fmedia&parent=4866"}],"wp:term":[{"taxonomy":"category","embeddable":true,"href":"https:\/\/bruxelles-pantheres.be\/index.php?rest_route=%2Fwp%2Fv2%2Fcategories&post=4866"},{"taxonomy":"post_tag","embeddable":true,"href":"https:\/\/bruxelles-pantheres.be\/index.php?rest_route=%2Fwp%2Fv2%2Ftags&post=4866"}],"curies":[{"name":"wp","href":"https:\/\/api.w.org\/{rel}","templated":true}]}}