{"id":4871,"date":"2021-08-01T06:08:55","date_gmt":"2021-08-01T05:08:55","guid":{"rendered":"https:\/\/bruxelles-pantheres.be\/?p=4871"},"modified":"2021-08-01T15:54:27","modified_gmt":"2021-08-01T14:54:27","slug":"4871","status":"publish","type":"post","link":"https:\/\/bruxelles-pantheres.be\/?p=4871","title":{"rendered":"Journ\u00e9e en hommage \u00e0 Mehdi"},"content":{"rendered":"<div class=\"kvgmc6g5 cxmmr5t8 oygrvhab hcukyx3x c1et5uql ii04i59q\">\n<div dir=\"auto\"><span class=\"pq6dq46d tbxw36s4 knj5qynh kvgmc6g5 ditlmg2l oygrvhab nvdbi5me sf5mxxl7 gl3lb2sf hhz5lgdu\"><img decoding=\"async\" src=\"https:\/\/www.facebook.com\/images\/emoji.php\/v9\/t4f\/1\/16\/1f447.png\" alt=\"\ud83d\udc47\" width=\"16\" height=\"16\" \/><\/span> \u00c0 vos agendas ! <span class=\"pq6dq46d tbxw36s4 knj5qynh kvgmc6g5 ditlmg2l oygrvhab nvdbi5me sf5mxxl7 gl3lb2sf hhz5lgdu\"><img decoding=\"async\" src=\"https:\/\/www.facebook.com\/images\/emoji.php\/v9\/t5c\/1\/16\/1f5d3.png\" alt=\"\ud83d\uddd3\" width=\"16\" height=\"16\" \/><\/span><\/div>\n<\/div>\n<div class=\"o9v6fnle cxmmr5t8 oygrvhab hcukyx3x c1et5uql ii04i59q\">\n<div dir=\"auto\">Le collectif Justice pour Mehdi organise un journ\u00e9e en hommage \u00e0 Mehdi le 20 ao\u00fbt prochain. Faites d\u00e9filer les photos pour plus d&rsquo;informations ! (FR &amp; NL)<\/div>\n<\/div>\n<div class=\"o9v6fnle cxmmr5t8 oygrvhab hcukyx3x c1et5uql ii04i59q\">\n<div dir=\"auto\">Formulaire d&rsquo;inscription au tournoi: <a class=\"oajrlxb2 g5ia77u1 qu0x051f esr5mh6w e9989ue4 r7d6kgcz rq0escxv nhd2j8a9 nc684nl6 p7hjln8o kvgmc6g5 cxmmr5t8 oygrvhab hcukyx3x jb3vyjys rz4wbd8a qt6c0cv9 a8nywdso i1ao9s8h esuyzwwr f1sip0of lzcic4wl py34i1dx gpro0wi8\" tabindex=\"0\" role=\"link\" href=\"https:\/\/forms.gle\/E8XiH1FKyxfc6PuH9?fbclid=IwAR01WRWfaFLEs9NbsQamlhAq_hWQAAyHAuXV6x8EqgS85RZfNlsM73-W86Y\" target=\"_blank\" rel=\"nofollow noopener\">https:\/\/forms.gle\/E8XiH1FKyxfc6PuH9<\/a><\/div>\n<\/div>\n<div class=\"o9v6fnle cxmmr5t8 oygrvhab hcukyx3x c1et5uql ii04i59q\">\n<div dir=\"auto\">La famille vous remercie d\u00e9j\u00e0 pour votre soutien !<\/div>\n<\/div>\n<div class=\"o9v6fnle cxmmr5t8 oygrvhab hcukyx3x c1et5uql ii04i59q\">\n<div dir=\"auto\">Ensemble, exigeons la <a class=\"oajrlxb2 g5ia77u1 qu0x051f esr5mh6w e9989ue4 r7d6kgcz rq0escxv nhd2j8a9 nc684nl6 p7hjln8o kvgmc6g5 cxmmr5t8 oygrvhab hcukyx3x jb3vyjys rz4wbd8a qt6c0cv9 a8nywdso i1ao9s8h esuyzwwr f1sip0of lzcic4wl q66pz984 gpro0wi8 b1v8xokw\" tabindex=\"0\" role=\"link\" href=\"https:\/\/www.facebook.com\/hashtag\/justicepourmehdi?__eep__=6&amp;__cft__[0]=AZUvqf2dwVKcceP9P6D7JKWpx0tIBTwu_6AD6FZUKTgLB3BlXWLeyotdvK0oKAX4Jnm9yqT8D7OMVfb2sq-77swNWvYp6q53nt_XcKaHMjmKl6bdqPZVQHniXr08JvpZ4rKp8rbLLjhXUS94MRqo6cSO&amp;__tn__=*NK-R\">#justicepourMehdi<\/a><\/div>\n<\/div>\n<p><!--more--><\/p>\n<p>(FR) Dates de l\u2019\u00e9v\u00e9nement\u00a0: 15 ao\u00fbt &amp; 20 Ao\u00fbt 2021<br \/>\nAdresses de l\u2019\u00e9v\u00e9nement\u00a0:<br \/>\n&#8211; Palais du Midi (phases de poule), Rue Roger van der Weyden 3, 1000 Bruxelles<br \/>\n&#8211; Place du Nouveau March\u00e9 aux Grains (phases finales)<\/p>\n<p>Pour plus d&rsquo;informations, veuillez nous contacter sur l&rsquo;adresse mail <a href=\"mailto:tournoi.justicepourmehdi@gmail.com\">tournoi.justicepourmehdi@gmail.com<\/a><\/p>\n<p>(NL)Data van evenementen: 15 augustus en 20 augustus 2021<br \/>\nAdressen van het evenement:<br \/>\n&#8211; Palais du Midi (poulefases), Roger van der Weydenstraat 3, 1000 Bruxelles<br \/>\n&#8211; Place du Nouveau March\u00e9 aux Grains (finales)<\/p>\n<p>Neem voor meer informatie contact met ons op via <a href=\"mailto:tournoi.justicepourmehdi@gmail.com\">tournoi.justicepourmehdi@gmail.com<\/a><\/p>\n<p>(EN) Event dates: August 15 &amp; August 20, 2021<br \/>\nAddresses of the event:<br \/>\n&#8211; Palais du Midi (group phases)<br \/>\n&#8211; Place du Nouveau March\u00e9 aux Grains (final phases)<\/p>\n<p>For more information, please contact us at <a href=\"mailto:tournoi.justicepourmehdi@gmail.com\">tournoi.justicepourmehdi@gmail.com<\/a><\/p>\n<p><a href=\"https:\/\/bruxelles-pantheres.be\/wp-content\/uploads\/2021\/07\/206188532_544310916934561_6959599499287283229_n.jpg\"><img decoding=\"async\" class=\"size-full wp-image-4872 aligncenter\" src=\"https:\/\/bruxelles-pantheres.be\/wp-content\/uploads\/2021\/07\/206188532_544310916934561_6959599499287283229_n.jpg\" alt=\"\" width=\"960\" height=\"960\" srcset=\"https:\/\/bruxelles-pantheres.be\/wp-content\/uploads\/2021\/07\/206188532_544310916934561_6959599499287283229_n.jpg 960w, https:\/\/bruxelles-pantheres.be\/wp-content\/uploads\/2021\/07\/206188532_544310916934561_6959599499287283229_n-300x300.jpg 300w, https:\/\/bruxelles-pantheres.be\/wp-content\/uploads\/2021\/07\/206188532_544310916934561_6959599499287283229_n-150x150.jpg 150w, https:\/\/bruxelles-pantheres.be\/wp-content\/uploads\/2021\/07\/206188532_544310916934561_6959599499287283229_n-768x768.jpg 768w\" sizes=\"(max-width: 960px) 100vw, 960px\" \/><\/a><\/p>\n<p><a href=\"https:\/\/bruxelles-pantheres.be\/wp-content\/uploads\/2021\/07\/207813137_544310993601220_8543624958123092587_n.jpg\"><img decoding=\"async\" class=\"size-full wp-image-4873 aligncenter\" src=\"https:\/\/bruxelles-pantheres.be\/wp-content\/uploads\/2021\/07\/207813137_544310993601220_8543624958123092587_n.jpg\" alt=\"\" width=\"960\" height=\"960\" srcset=\"https:\/\/bruxelles-pantheres.be\/wp-content\/uploads\/2021\/07\/207813137_544310993601220_8543624958123092587_n.jpg 960w, https:\/\/bruxelles-pantheres.be\/wp-content\/uploads\/2021\/07\/207813137_544310993601220_8543624958123092587_n-300x300.jpg 300w, https:\/\/bruxelles-pantheres.be\/wp-content\/uploads\/2021\/07\/207813137_544310993601220_8543624958123092587_n-150x150.jpg 150w, https:\/\/bruxelles-pantheres.be\/wp-content\/uploads\/2021\/07\/207813137_544310993601220_8543624958123092587_n-768x768.jpg 768w\" sizes=\"(max-width: 960px) 100vw, 960px\" \/><\/a><\/p>\n<p><a href=\"https:\/\/bruxelles-pantheres.be\/wp-content\/uploads\/2021\/07\/208892550_544311100267876_298137712203140781_n.jpg\"><img decoding=\"async\" class=\"size-full wp-image-4874 aligncenter\" src=\"https:\/\/bruxelles-pantheres.be\/wp-content\/uploads\/2021\/07\/208892550_544311100267876_298137712203140781_n.jpg\" alt=\"\" width=\"960\" height=\"960\" srcset=\"https:\/\/bruxelles-pantheres.be\/wp-content\/uploads\/2021\/07\/208892550_544311100267876_298137712203140781_n.jpg 960w, https:\/\/bruxelles-pantheres.be\/wp-content\/uploads\/2021\/07\/208892550_544311100267876_298137712203140781_n-300x300.jpg 300w, https:\/\/bruxelles-pantheres.be\/wp-content\/uploads\/2021\/07\/208892550_544311100267876_298137712203140781_n-150x150.jpg 150w, https:\/\/bruxelles-pantheres.be\/wp-content\/uploads\/2021\/07\/208892550_544311100267876_298137712203140781_n-768x768.jpg 768w\" sizes=\"(max-width: 960px) 100vw, 960px\" \/><\/a><\/p>\n<p><a href=\"https:\/\/bruxelles-pantheres.be\/wp-content\/uploads\/2021\/07\/206992947_544311176934535_6310145947359992219_n.jpg\"><img decoding=\"async\" class=\"size-full wp-image-4875 aligncenter\" src=\"https:\/\/bruxelles-pantheres.be\/wp-content\/uploads\/2021\/07\/206992947_544311176934535_6310145947359992219_n.jpg\" alt=\"\" width=\"960\" height=\"960\" srcset=\"https:\/\/bruxelles-pantheres.be\/wp-content\/uploads\/2021\/07\/206992947_544311176934535_6310145947359992219_n.jpg 960w, https:\/\/bruxelles-pantheres.be\/wp-content\/uploads\/2021\/07\/206992947_544311176934535_6310145947359992219_n-300x300.jpg 300w, https:\/\/bruxelles-pantheres.be\/wp-content\/uploads\/2021\/07\/206992947_544311176934535_6310145947359992219_n-150x150.jpg 150w, https:\/\/bruxelles-pantheres.be\/wp-content\/uploads\/2021\/07\/206992947_544311176934535_6310145947359992219_n-768x768.jpg 768w\" sizes=\"(max-width: 960px) 100vw, 960px\" \/><\/a><\/p>\n<p>&nbsp;<\/p>\n<h4 style=\"text-align: center;\">http:\/\/www.justicepourmehdi.com<\/h4>\n<p>&nbsp;<\/p>\n<p>&nbsp;<\/p>\n","protected":false},"excerpt":{"rendered":"<p>\u00c0 vos agendas ! Le collectif Justice pour Mehdi organise un journ\u00e9e en hommage \u00e0 Mehdi le 20 ao\u00fbt prochain. Faites d\u00e9filer les photos pour plus d&rsquo;informations ! (FR &amp; NL) Formulaire d&rsquo;inscription au tournoi: https:\/\/forms.gle\/E8XiH1FKyxfc6PuH9 La famille vous remercie d\u00e9j\u00e0 pour votre soutien ! Ensemble, exigeons la #justicepourMehdi<\/p>\n","protected":false},"author":1,"featured_media":4876,"comment_status":"open","ping_status":"open","sticky":false,"template":"","format":"standard","meta":{"footnotes":""},"categories":[18,28,5],"tags":[462],"class_list":["post-4871","post","type-post","status-publish","format-standard","has-post-thumbnail","hentry","category-resistance-bruxelles","category-racismes","category-violence-policiere","tag-mehdi"],"_links":{"self":[{"href":"https:\/\/bruxelles-pantheres.be\/index.php?rest_route=\/wp\/v2\/posts\/4871","targetHints":{"allow":["GET"]}}],"collection":[{"href":"https:\/\/bruxelles-pantheres.be\/index.php?rest_route=\/wp\/v2\/posts"}],"about":[{"href":"https:\/\/bruxelles-pantheres.be\/index.php?rest_route=\/wp\/v2\/types\/post"}],"author":[{"embeddable":true,"href":"https:\/\/bruxelles-pantheres.be\/index.php?rest_route=\/wp\/v2\/users\/1"}],"replies":[{"embeddable":true,"href":"https:\/\/bruxelles-pantheres.be\/index.php?rest_route=%2Fwp%2Fv2%2Fcomments&post=4871"}],"version-history":[{"count":2,"href":"https:\/\/bruxelles-pantheres.be\/index.php?rest_route=\/wp\/v2\/posts\/4871\/revisions"}],"predecessor-version":[{"id":4883,"href":"https:\/\/bruxelles-pantheres.be\/index.php?rest_route=\/wp\/v2\/posts\/4871\/revisions\/4883"}],"wp:featuredmedia":[{"embeddable":true,"href":"https:\/\/bruxelles-pantheres.be\/index.php?rest_route=\/wp\/v2\/media\/4876"}],"wp:attachment":[{"href":"https:\/\/bruxelles-pantheres.be\/index.php?rest_route=%2Fwp%2Fv2%2Fmedia&parent=4871"}],"wp:term":[{"taxonomy":"category","embeddable":true,"href":"https:\/\/bruxelles-pantheres.be\/index.php?rest_route=%2Fwp%2Fv2%2Fcategories&post=4871"},{"taxonomy":"post_tag","embeddable":true,"href":"https:\/\/bruxelles-pantheres.be\/index.php?rest_route=%2Fwp%2Fv2%2Ftags&post=4871"}],"curies":[{"name":"wp","href":"https:\/\/api.w.org\/{rel}","templated":true}]}}