{"id":4878,"date":"2022-02-20T12:13:16","date_gmt":"2022-02-20T11:13:16","guid":{"rendered":"https:\/\/bruxelles-pantheres.be\/?p=4878"},"modified":"2021-07-19T12:20:10","modified_gmt":"2021-07-19T11:20:10","slug":"suite-a-lassassinat-de-patrice-lumumba","status":"publish","type":"post","link":"https:\/\/bruxelles-pantheres.be\/?p=4878","title":{"rendered":"suite \u00e0 l&rsquo;assassinat de Patrice Lumumba"},"content":{"rendered":"<p><strong>Intervention du Dr. El Mehdi Ben Aboud \u0627\u0644\u0645\u0647\u062f\u064a \u0628\u0646 \u0639\u0628\u0648\u062f ambassadeur du Maroc au Conseil de s\u00e9curit\u00e9 (20 f\u00e9v1961) suite \u00e0 l&rsquo;assassinat de Patrice Lumumba<\/strong><\/p>\n<p><strong>L&rsquo;assassinat du Premier Ministre, M. Lumumba, et de ses coll\u00e8gues a, pour nous, une signification inqui\u00e9tante d\u00e9j\u00e0 partiellement d\u00e9crite dans notre derni\u00e8re intervention (935\u00e8me s\u00e9ance) ; elle d\u00e9masque les criminels, \u00e9tablit les responsabilit\u00e9s de la crise au Congo et attire l&rsquo;attention des gens de bonne foi sur les perspectives sombres de l&rsquo;avenir, \u00e0 la fois imm\u00e9diat et lointain. La crise congolaise s&rsquo;\u00e9tend du territoire du Congo au cadre de l&rsquo;Organisation des Nations-Unies. Elle devient ainsi une crise complexe ; ses graves r\u00e9percussions, plus que probables sur le continent africain, sont aujourd&rsquo;hui admises par tous les observateurs objectifs.<!--more--><\/strong><\/p>\n<div dir=\"auto\" style=\"text-align: center;\"><a href=\"https:\/\/bruxelles-pantheres.be\/wp-content\/uploads\/2013\/11\/2079308231.4.jpg\"><img decoding=\"async\" class=\"alignnone size-full wp-image-614\" src=\"https:\/\/bruxelles-pantheres.be\/wp-content\/uploads\/2013\/11\/2079308231.4.jpg\" alt=\"\" width=\"420\" height=\"421\" srcset=\"https:\/\/bruxelles-pantheres.be\/wp-content\/uploads\/2013\/11\/2079308231.4.jpg 420w, https:\/\/bruxelles-pantheres.be\/wp-content\/uploads\/2013\/11\/2079308231.4-300x300.jpg 300w, https:\/\/bruxelles-pantheres.be\/wp-content\/uploads\/2013\/11\/2079308231.4-150x150.jpg 150w\" sizes=\"(max-width: 420px) 100vw, 420px\" \/><\/a><\/div>\n<p dir=\"auto\"><strong>Quant \u00e0 l&rsquo;Organisation des Nations Unies, l&rsquo;opinion est maintenant unanime qu&rsquo;elle doit saisir sa derni\u00e8re chance pour r\u00e9tablir la justice avec \u00e9nergie et fermet\u00e9, car nous sommes en pr\u00e9sence de la phase la plus grave de la trag\u00e9die.<\/strong><\/p>\n<p dir=\"auto\"><strong>Les le\u00e7ons \u00e0 tirer de l&rsquo;assassinat du Premier Ministre, M. Lumumba, et de ses coll\u00e8gues au Katanga, au Kasa\u00ef et ailleurs, doivent retenir notre attention. Pour que les colonialistes deviennent des assassins au grand jour, sous le couvert de leurs agents serviles, il faut admettre que le colonialisme se sent au bord de l&rsquo;ab\u00eeme, proche des derniers instants de son agonie. Pour se cramponner au pouvoir effectif, cach\u00e9 derri\u00e8re leur gouvernement fantoche ou s\u00e9cessionniste, ou les deux, ils recourent au coup d\u2019\u00c9tat, provoquent la dissolution du Parlement et, par les moyens financiers puissants dont ils disposent, installent un gouvernement qui est une sorte de com\u00e9die juv\u00e9nile plut\u00f4t qu&rsquo;un vrai gouvernement r\u00e9volutionnaire de commissaires. Mais lorsque l&rsquo;opinion populaire se cristallise progressivement autour de leaders politiques fid\u00e8les \u00e0 l&rsquo;id\u00e9al national et imperturbables devant les menaces de l&rsquo;imp\u00e9rialisme, les puissants int\u00e9r\u00eats industriels et financiers, piliers du colonialisme, recourent au crime et \u00e0 l&rsquo;assassinat.<\/strong><\/p>\n<p dir=\"auto\"><strong>Le premier avertissement que ce crime impardonnable nous donne, c&rsquo;est que le sang appelle le sang dans une r\u00e9action en cha\u00eene infernale. D&rsquo;abord, nous sommes en droit de nous inqui\u00e9ter sur le sort des autres leaders politiques qui, malgr\u00e9 leur immunit\u00e9 parlementaire, sont encore en prison. Ensuite, comme les Nations Unies n&rsquo;ont rien pu faire pour redresser la situation dans les sept derniers mois, les criminels et leurs instruments serviles doivent br\u00fbler d&rsquo;envie d&rsquo;instituer le r\u00e8gne de la terreur au moyen de leurs mercenaires.<\/strong><\/p>\n<p dir=\"auto\"><strong>Le deuxi\u00e8me avertissement que l&rsquo;assassinat nous donne, est que ce crime politique injustifiable \u00e9veille la conscience du peuple qui, t\u00f4t ou tard, prendra sa revanche par une s\u00e9rie de crises successives. Ceci revient \u00e0 dire que la trag\u00e9die congolaise n&rsquo;en est pas \u00e0 son acte final, \u00e0 moins que la justice ne triomphe imm\u00e9diatement pour r\u00e9tablir le gouvernement du peuple par le peuple, \u00e0 la place de la com\u00e9die gouvernementale impos\u00e9e par l&rsquo;\u00e9tranger.<\/strong><\/p>\n<p dir=\"auto\"><strong>Le troisi\u00e8me avertissement que ce crime pr\u00e9m\u00e9dit\u00e9 par les \u00e9trangers et leurs instruments nous donne, est que les criminels colonialistes ne recourent \u00e0 l&rsquo;assassinat qu&rsquo;avec l&rsquo;arri\u00e8re-pens\u00e9e de mettre le pays \u00e0 feu et \u00e0 sang pour d\u00e9clencher une v\u00e9ritable guerre civile et accentuer le d\u00e9sordre, afin de mener \u00e0 bien leur double plan de liquidation physique des patriotes et d&rsquo;\u00e9clatement du territoire national. Le d\u00e9chirement du Congo s&rsquo;ensuivrait et les magnats des compagnies mini\u00e8res se trouveraient bien \u00e0 leur aise.<\/strong><\/p>\n<p dir=\"auto\"><strong>Enfin, le quatri\u00e8me avertissement, c&rsquo;est d&rsquo;attirer notre attention sur l&rsquo;alliance des imp\u00e9rialismes qui, par leurs efforts conjugu\u00e9s, contribuent \u00e0 la fois \u00e0 la faillite de la mission des patriotes congolais et \u00e0 celle des Nations Unies. L&rsquo;imp\u00e9rialisme ne peut vivre et se maintenir sans alliance. Ses alli\u00e9s sont de deux sortes : \u00e0 l&rsquo;int\u00e9rieur de l&rsquo;ancienne colonie ou de la colonie victime pr\u00e9sente, ce sont les fantoches all\u00e9ch\u00e9s par leurs satisfactions ou la satisfaction des ambitions personnelles ; \u00e0 l&rsquo;ext\u00e9rieur du Congo, ce sont les autres pays colonialistes, fr\u00e8res dans le m\u00e9tier. C&rsquo;est en quelque sorte un parasitisme multilat\u00e9ral qui compte tenir t\u00eate \u00e0 l&rsquo;Organisation des Nations Unies ou tout au moins la faire d\u00e9vier de sa mission pour d\u00e9tourner son activit\u00e9 \u00e0 son profit.<\/strong><\/p>\n<p dir=\"auto\"><strong>Mais un des dangers les plus graves pour l&rsquo;humanit\u00e9 enti\u00e8re touche les Nations Unies par voie de cons\u00e9quence. La Soci\u00e9t\u00e9 des Nations \u00e9tait devenue le foyer des imp\u00e9rialistes colonialistes qui l&rsquo;utilisaient d&rsquo;une mani\u00e8re d\u00e9tourn\u00e9e \u00e0 prot\u00e9ger l&rsquo;existence des empires acquis. Elle est morte de la mauvaise foi du colonialisme d\u00e9guis\u00e9 en mission civilisatrice. La conduite des puissances colonialistes, avec leur politique d\u2019agression, de \u00ab\u00a0balkanisation\u00a0\u00bb, de crimes et de d\u00e9sordre, lance un d\u00e9fi r\u00e9p\u00e9t\u00e9 \u00e0 notre organisation et contribue soit \u00e0 la discr\u00e9diter, soit \u00e0 la ruiner. Or si l&rsquo;on veut se donner la peine de se repr\u00e9senter ce que serait le monde sans cette organisation, on comprend tr\u00e8s facilement qu&rsquo;elle constitue le seul instrument tampon entre la paix et la guerre. Nous, les petits pays, nous consid\u00e9rons notre organisation comme la m\u00e8re patrie de tous les peuples jeunes et d\u00e9termin\u00e9s \u00e0 vivre ensemble en paix. Nous n&rsquo;oserons jamais qualifier avec d\u00e9dain notre institution de \u00ab\u00a0Nations dites unies. L&rsquo;essentiel est d&rsquo;avoir \u00e0 la base la bonne volont\u00e9 n\u00e9cessaire pour \u0153uvrer dans le sens du bien de tous les peuples.<\/strong><\/p>\n<p dir=\"auto\"><strong>Si, par cons\u00e9quent, l&rsquo;Organisation des Nations Unies ne se m\u00e9fie pas suffisamment du n\u00e9o-colonialisme et de ses intrigues, au besoin par le recours aux sanctions, son prestige &#8211; et peut-\u00eatre sa propre existence &#8211; en souffrira. Sa mission ne peut \u00eatre accomplie que par des mesures \u00e9nergiques, comme dans l&rsquo;exemple de l&rsquo;agression de Suez. L&rsquo;action commune ne devient impossible que lorsque le colonialisme triomphe de toutes les r\u00e9solutions du Conseil de s\u00e9curit\u00e9 et de l&rsquo;Assembl\u00e9e g\u00e9n\u00e9rale. Nous avons jet\u00e9 \u00e0 temps un cri d\u2019alarme sur le pourrissement de la situation. Nous pensons aujourd&rsquo;hui que la nouvelle tournure des \u00e9v\u00e9nements menace l&rsquo;Afrique tout enti\u00e8re. En effet, la victoire du n\u00e9o-colonialisme au Congo porte en elle le danger de contagion dans les pays avoisinants. Dans le nord de l&rsquo;Afrique comme dans le sud et le sud-ouest de l&rsquo;Afrique, les quelques exemples de foyers d&rsquo;incendie en existence aujourd&rsquo;hui suffisent pour nous montrer que la lutte est engag\u00e9e entre les forces du pass\u00e9 qui veulent imposer un gouvernement pr\u00e9fabriqu\u00e9 par l&rsquo;\u00e9tranger, et les forces de l\u2019avenir qui d\u00e9fendent la forme de gouvernement par le peuple, quel que soit l&rsquo;aspect constitutionnel de ce gouvernement.<\/strong><\/p>\n<p dir=\"auto\"><strong>Finalement, le sacrifice du Premier Ministre, M. Lumumba, et de tous ses coll\u00e8gues signifie pour nous que le sacrifice du sang trempe le caract\u00e8re du peuple et co\u00fbtera cher aux puissances coloniales. L&rsquo;id\u00e9al national congolais compte un nombre d&rsquo;adeptes de plus en plus grand et de plus en plus puissant. Les manifestations silencieuses qui ont eu lieu r\u00e9cemment au Congo sont plus impressionnantes que les batailles de rues. Lorsqu&rsquo;un patriote est assassin\u00e9, les g\u00e9n\u00e9rations qui le suivent sont plus intransigeantes que lui, ce qui est un ph\u00e9nom\u00e8ne in\u00e9vitable et un fait d&rsquo;observation historique.<\/strong><\/p>\n<p dir=\"auto\"><strong>Ainsi donc, le colonialisme belge fait, comme on dit, ses quatre volont\u00e9s au Congo et risque de mettre en danger \u00e0 la fois l&rsquo;existence de la R\u00e9publique du Congo telle qu&rsquo;elle est n\u00e9e de son ind\u00e9pendance et le prestige et l&rsquo;efficacit\u00e9 de l&rsquo;Organisation des Nations Unies.<\/strong><\/p>\n<p dir=\"auto\"><strong>Pourquoi ce d\u00e9fi des Belges \u00e0 notre organisation et comment peut-il se maintenir et se prolonger ? Voil\u00e0 la question, et la r\u00e9ponse est claire : c&rsquo;est que la Belgique n&rsquo;est pas seule. Les puissances coloniales sont derri\u00e8re elle. Elle profite \u00e9galement de la guerre froide pour ne reculer ni devant l&rsquo;injustice, ni devant le d\u00e9sordre. Elle ignore l&rsquo;existence et les d\u00e9cisions de l&rsquo;ONU, avec les b\u00e9n\u00e9dictions de certains Membres de l&rsquo;Organisation des Nations Unies. En effet, on ne peut s&#8217;emp\u00eacher de remarquer les faits suivants qui ont encourag\u00e9 la Belgique \u00e0 lancer un d\u00e9fi au monde entier.<\/strong><\/p>\n<p dir=\"auto\"><strong>Premi\u00e8rement, la faiblesse des r\u00e9solutions du Conseil de s\u00e9curit\u00e9 et de l&rsquo;Assembl\u00e9e g\u00e9n\u00e9rale. Ces r\u00e9solutions ne refl\u00e8tent pas une attitude \u00e9nergique ; au lieu de fixer une date limite pour mettre fin \u00e0 l&rsquo;agression belge, d&rsquo;indiquer des sanctions si n\u00e9cessaire, de formuler une condamnation franche, je me rappelle, bien au contraire, qu&rsquo;il a fallu n\u00e9gocier pendant deux jours pour savoir si le d\u00e9part du personnel militaire belge devait \u00eatre imm\u00e9diat, ou rapide, ou non. Aujourd&rsquo;hui encore, ma d\u00e9l\u00e9gation a le regret de constater qu\u2019aucune mesure \u00e9nergique de ce genre n\u2019est prise \u00e0 l&rsquo;\u00e9gard d&rsquo;un agresseur qui cherche l&rsquo;\u00e9clatement du Congo et qui risque de mettre l&rsquo;Afrique et le monde entier en danger. Les alli\u00e9s de la Belgique portent une tr\u00e8s grande responsabilit\u00e9 \u00e0 cet \u00e9gard.<\/strong><\/p>\n<p dir=\"auto\"><strong>Deuxi\u00e8mement, la mollesse de l&rsquo;action de l&rsquo;ONU devant le r\u00e8gne de terreur qui prend des proportions \u00e9normes par l\u2019assassinat des prisonniers politiques et le massacre des populations civiles. Ceci encourage les colonialistes et leurs instruments serviles \u00e0 multiplier les actes criminels. Les petites nations sont en droit de noter les injustices commises au Congo gr\u00e2ce \u00e0 la passivit\u00e9 de l&rsquo;ONU.<\/strong><\/p>\n<p dir=\"auto\"><strong>Troisi\u00e8mement, la Belgique a voulu combattre certains leaders et en appuyer d&rsquo;autres. Elle a r\u00e9ussi facilement \u00e0 ex\u00e9cuter son plan. La d\u00e9l\u00e9gation de M. Kasa-Vubu a pu s&rsquo;imposer \u00e0 l&rsquo;Assembl\u00e9e g\u00e9n\u00e9rale malgr\u00e9 les d\u00e9cisions de l&rsquo;Assembl\u00e9e et, depuis lors, la Belgique et ses instruments serviles sont devenus intraitables. Les prisonniers politiques furent transf\u00e9r\u00e9s au Katanga et maintenant au Kasar m\u00e9ridional et ailleurs o\u00f9 fut perp\u00e9tr\u00e9e une s\u00e9rie d&rsquo;assassinats. La liquidation physique des prisonniers politiques devient ainsi la m\u00e9thode de choix. L\u00e0 encore, les alli\u00e9s de la Belgique portent une grande responsabilit\u00e9 devant l&rsquo;histoire.<\/strong><\/p>\n<p dir=\"auto\"><strong>Quatri\u00e8mement, la complicit\u00e9, directe ou indirecte de certaines puissances coloniales, a compl\u00e8te\u00ad ment mis en confiance la Belgique dans ses agissements.<\/strong><\/p>\n<p dir=\"auto\"><strong>Cinqui\u00e8mement, la participation de ces puissances coloniales au plan g\u00e9n\u00e9ral colonialiste visant \u00e0 l&rsquo;\u00e9clatement du Congo \u00e0 travers les r\u00e9gimes fantoches faibles et serviles. Dans ces conditions, n&rsquo;est-il pas l\u00e9gitime que les petits pays d\u2019Asie et d&rsquo;Afrique se m\u00e9fient des puissances coloniales et s&rsquo;inqui\u00e8tent devant le manque d&rsquo;\u00e9nergie de notre organisation ?<\/strong><\/p>\n<p dir=\"auto\"><strong>Nous voulons dire, sans ambages, au Conseil de s\u00e9curit\u00e9, qu&rsquo;aucune des nations africaines ne peut maintenir sa confiance dans l&rsquo;op\u00e9ration des Nations Unies au Congo si, apr\u00e8s sept mois de pr\u00e9sence, on aboutit \u00e0 la situation catastrophique d&rsquo;aujourd&rsquo;hui.<\/strong><\/p>\n<p dir=\"auto\"><strong>Quant aux puissances coloniales, nous pouvons leur dire que la m\u00e9fiance des petits pays \u00e0 leur \u00e9gard est de plus en plus justifi\u00e9e. Cette m\u00e9fiance est une mesure de prudence devant l&rsquo;ennemi pr\u00e9sent dans notre continent, \u00e0 savoir le colonialisme et le n\u00e9o-colonialisme.<\/strong><\/p>\n<p dir=\"auto\"><strong>Si, apr\u00e8s sept mois de pr\u00e9sence des Nations Unies au Congo, l&rsquo;arbitraire, le crime et les mouvements de s\u00e9cession s&rsquo;installent et se consolident dans le pays, devons-nous en conclure qu&rsquo;apr\u00e8s sept autres mois la passivit\u00e9 de notre organisation arrivera \u00e0 allumer l&rsquo;incendie en Afrique ? Cette \u00e9ventualit\u00e9 n&rsquo;est pas impossible. Le n\u00e9o-colonialisme est tr\u00e8s actif et ses objectifs, c&rsquo;est-\u00e0-dire les bons nationalistes, sont de plus en plus nombreux.<\/strong><\/p>\n<p dir=\"auto\"><strong>Notre organisation n&rsquo;accomplira sa t\u00e2che que si certaines mesures \u00e9nergiques sont prises. Voici quelques-unes de ces mesures.<\/strong><\/p>\n<p dir=\"auto\"><strong>Premi\u00e8rement, condamner les actes criminels de Kasa-Vubu, Tshomb\u00e9, Kalonji, Munongo et consorts.<\/strong><\/p>\n<p dir=\"auto\"><strong>Deuxi\u00e8mement, proc\u00e9der, au moyen de la Force des Nations Unies, si n\u00e9cessaire, \u00e0 l&rsquo;arrestation des criminels qui ont avou\u00e9 \u00e0 la radio et \u00e9tablir les responsabilit\u00e9s des criminels de guerre encore camoufl\u00e9s ; arr\u00eater et juger imm\u00e9diatement les criminels avou\u00e9s pour donner l&rsquo;exemple de l&rsquo;ordre et de la loi \u00e0 l&rsquo;opinion internationale.<\/strong><\/p>\n<p dir=\"auto\"><strong>Troisi\u00e8mement, condamner la Belgique pour son d\u00e9fi aux r\u00e9solutions des Nations Unies et pour le r\u00f4le actif et n\u00e9faste qu&rsquo;elle continue de jouer dangereuse\u00ad ment au Congo.<\/strong><\/p>\n<p dir=\"auto\"><strong>Quatri\u00e8mement, ouvrir une enqu\u00eate pour \u00e9tablir la complicit\u00e9 de toutes les autres puissances coloniales qui agissent en commun avec la Belgique, ou\u00ad vertement ou dans les coulisses.<\/strong><\/p>\n<p dir=\"auto\"><strong>Cinqui\u00e8mement, appliquer des sanctions \u00e0 la Belgique si celle-ci s\u2019obstine \u00e0 ignorer l\u2019existence de l&rsquo;Organisation des Nations Unies et de ses r\u00e9\u00ad solutions.<\/strong><\/p>\n<p dir=\"auto\"><strong>Sixi\u00e8mement, proc\u00e9der, au moyen de la Force des Nations Unies si n\u00e9cessaire, \u00e0 l&rsquo;\u00e9vacuation du personnel belge, au lieu de parler tout simplement du retrait par les Belges de leur personnel militaire et paramilitaire et de leurs conseillers politiques qui jouent un r\u00f4le aussi n\u00e9faste que le personnel militaire.<\/strong><\/p>\n<p dir=\"auto\"><strong>Septi\u00e8mement, lib\u00e9rer imm\u00e9diatement tous les prisonniers politiques afin de prot\u00e9ger les droits et la vie de ces pauvres prisonniers.<\/strong><\/p>\n<p dir=\"auto\"><strong>Telles sont quelques mesures \u00e9nergiques que le Conseil de s\u00e9curit\u00e9 devrait prendre si, en d\u00e9fendant la justice, il veut en m\u00eame temps d\u00e9fendre l&rsquo;existence de l&rsquo;Organisation des Nations Unies elle-m\u00eame.<\/strong><\/p>\n<p dir=\"auto\"><strong>Le souhait le plus ardent de tout homme raisonnable, en pr\u00e9sence d&rsquo;une crise, est de r\u00e9ussir \u00e0 faire pr\u00e9valoir l\u2019esprit de conciliation bas\u00e9 sur la justice et le droit. Or est-il concevable de demander \u00e0 M. Gizenga, par exemple, et \u00e0 ses coll\u00e8gues, de venir prendre part \u00e0 un gouvernement de large coalition, lorsque leurs amis et leurs coll\u00e8gues sont assassin\u00e9s en masse et que des crimes sont commis avec la complicit\u00e9 du chef de l\u2019\u00c9tat de ce gouvernement de coalition ? N&rsquo;est-ce pas demander \u00e0 M. Gizenga de venir se constituer prisonnier ? Est-il possible pour eux de garder leur confiance en un homme dont les mains sales sont tach\u00e9es du sang de M. Lumumba et de certains des anciens ministres et des parlementaires congolais ? N&rsquo;ont-ils pas le droit de soup\u00e7onner et de se m\u00e9fier ?<\/strong><\/p>\n<p dir=\"auto\"><strong>Ne sont-ils pas accul\u00e9s ainsi \u00e0 pr\u00e9f\u00e9rer la poursuite de la lutte, et alors cette guerre civile que nous voulons pr\u00e9venir et faire \u00e9chouer ne sera-t-elle pas ainsi provoqu\u00e9e, encourag\u00e9e et sou\u00ad tenue par le personnel militaire belge, les armes belges, l&rsquo;argent venant de tous les c\u00f4t\u00e9s et les fantoches ennemis de l&rsquo;int\u00e9grit\u00e9 territoriale de leur propre nation ?<\/strong><\/p>\n<p dir=\"auto\"><strong>Depuis que M. Kasa-Vubu a \u00e9t\u00e9 impos\u00e9 aux Nations Unies, il est retourn\u00e9 chez lui couronn\u00e9 d&rsquo;un succ\u00e8s imm\u00e9rit\u00e9, parce que l\u2019Assembl\u00e9e g\u00e9n\u00e9rale qui avait suivi la voie de la raison auparavant et \u00e9cart\u00e9 toute consid\u00e9ration, en partie ou en tout, du probl\u00e8me congolais, a \u00e9t\u00e9 oblig\u00e9 de se contredire. Depuis lors, M. Kasa-Vubu se livre \u00e0 la politique du crime. Ceux qui lui donnent le pouvoir, l&rsquo;argent, les armes et l&rsquo;appui moral portent avec lui la m\u00eame responsabilit\u00e9. Ce n&rsquo;est certainement pas le peuple congolais qui, \u00e0 travers le Parlement, donne tout cela au gouvernement de M. Kasa-Vubu. Notre exp\u00e9rience nous montre que le colonialisme, ancien ou nouveau, ne peut s&rsquo;allier qu&rsquo;\u00e0 des fantoches et des criminels. De plus, les pays europ\u00e9ens partisans de la d\u00e9mocratie lib\u00e9rale sont les premiers \u00e0 combattre leur propre syst\u00e8me de d\u00e9mocratie lib\u00e9rale parlementaire dans les colonies et les zones d&rsquo;influence. Leurs int\u00e9r\u00eats \u00e9go\u00efstes les obligent \u00e0 vivre dans des contradictions sans fin. Ils ruinent eux-m\u00eames d&rsquo;abord leur prestige, ensuite leur id\u00e9al profess\u00e9.<\/strong><\/p>\n<p dir=\"auto\"><strong>Ce que nous souhaitons pour les Nations Unies, c&rsquo;est la clairvoyance n\u00e9cessaire pour r\u00e9sister aux intrigues colonialistes qui sont un danger international.<\/strong><\/p>\n<p dir=\"auto\"><strong>En conclusion, si les criminels ne sont pas ch\u00e2ti\u00e9s, les crimes pr\u00e9m\u00e9dit\u00e9s se poursuivront. Si les intrigants belges ne sont pas condamn\u00e9s et chass\u00e9s, la crise congolaise, avec une crise internationale parall\u00e8le, deviendra chronique, interminable et dangereuse pour la paix en Afrique et dans le monde entier. L&rsquo;enjeu est grand. Il ne s&rsquo;agit pas seulement de la pr\u00e9servation de la souverainet\u00e9 et de l&rsquo;int\u00e9grit\u00e9 territoriale du Congo, mais il s&rsquo;agit aussi de la lutte entre le n\u00e9o-imp\u00e9rialisme et la libert\u00e9 en Afrique. C&rsquo;est tout le probl\u00e8me.<\/strong><\/p>\n<p dir=\"auto\"><strong>Pour paraphraser un auteur am\u00e9ricain qui a dit: \u00ab\u00a0An empire is the best of all reasons for a greater empire\u00a0\u00bb, je dirai que si le n\u00e9o-colonialisme r\u00e9ussit au Congo, ce sera la zone d&rsquo;influence qui constituera la meilleure de toutes les raisons pour avoir une plus grande zone d&rsquo;influence.<\/strong><\/p>\n<p dir=\"auto\"><strong>Nous souhaitons donc une fois de plus que les r\u00e9solutions qui seront adopt\u00e9es ne viendront pas s&rsquo;ajouter aux r\u00e9solutions pr\u00e9c\u00e9dentes pour rester comme elles lettre morte. Mais nous devons d\u00e9clarer franchement que toute r\u00e9solution restera lettre morte si le personnel militaire et les conseillers politiques belges ne quittent pas le Congo et si le mat\u00e9riel militaire belge ou autre continue d&rsquo;affluer au Congo.<\/strong><\/p>\n<p dir=\"auto\"><strong>Il est inconcevable de penser \u00e0 la possibilit\u00e9 d&rsquo;un redressement de la situation au Congo si l&rsquo;origine de la crise, souvent confondue avec les suites de cette crise, n&rsquo;est pas enti\u00e8rement \u00e9limin\u00e9e. Et l&rsquo;origine de la crise est l&rsquo;agression belge, qui est un ph\u00e9nom\u00e8ne permanent aujourd&rsquo;hui.<\/strong><\/p>\n<div class=\"o9v6fnle cxmmr5t8 oygrvhab hcukyx3x c1et5uql ii04i59q\">\n<p dir=\"auto\"><strong>Source : <a class=\"oajrlxb2 g5ia77u1 qu0x051f esr5mh6w e9989ue4 r7d6kgcz rq0escxv nhd2j8a9 nc684nl6 p7hjln8o kvgmc6g5 cxmmr5t8 oygrvhab hcukyx3x jb3vyjys rz4wbd8a qt6c0cv9 a8nywdso i1ao9s8h esuyzwwr f1sip0of lzcic4wl py34i1dx gpro0wi8\" tabindex=\"0\" role=\"link\" href=\"https:\/\/undocs.org\/en\/S\/PV.941?fbclid=IwAR3oo8bCDiiQGWUpPCA4NUBYhPmWdtLC35npSgDzJSFU5R06GFikFdgx2kA\" target=\"_blank\" rel=\"nofollow noopener\">https:\/\/undocs.org\/en\/S\/PV.941<\/a><\/strong><\/p>\n<\/div>\n<p><iframe src=\"https:\/\/cdnapisec.kaltura.com\/p\/2503451\/sp\/250345100\/embedIframeJs\/uiconf_id\/43914941\/partner_id\/2503451?iframeembed=true&amp;playerId=kVideoTarget&amp;entry_id=1_f1saikbb&amp;flashvars[streamerType]=auto\" width=\"560\" height=\"395\" frameborder=\"0\" allowfullscreen=\"allowfullscreen\"><\/iframe><\/p>\n","protected":false},"excerpt":{"rendered":"<p>Intervention du Dr. El Mehdi Ben Aboud \u0627\u0644\u0645\u0647\u062f\u064a \u0628\u0646 \u0639\u0628\u0648\u062f ambassadeur du Maroc au Conseil de s\u00e9curit\u00e9 (20 f\u00e9v1961) suite \u00e0 l&rsquo;assassinat de Patrice Lumumba L&rsquo;assassinat du Premier Ministre, M. Lumumba, et de ses coll\u00e8gues a, pour nous, une signification inqui\u00e9tante d\u00e9j\u00e0 partiellement d\u00e9crite dans notre derni\u00e8re intervention (935\u00e8me s\u00e9ance) ; elle d\u00e9masque les criminels, &#8230; <a title=\"suite \u00e0 l&rsquo;assassinat de Patrice Lumumba\" class=\"read-more\" href=\"https:\/\/bruxelles-pantheres.be\/?p=4878\" aria-label=\"En savoir plus sur suite \u00e0 l&rsquo;assassinat de Patrice Lumumba\">Lire la suite<\/a><\/p>\n","protected":false},"author":1,"featured_media":2211,"comment_status":"open","ping_status":"open","sticky":false,"template":"","format":"standard","meta":{"footnotes":""},"categories":[1,21,36,7,18,28,17],"tags":[30,72],"class_list":["post-4878","post","type-post","status-publish","format-standard","has-post-thumbnail","hentry","category-non-classe","category-anti-imperialisme","category-europe","category-negrophobie","category-resistance-bruxelles","category-racismes","category-video","tag-maroc","tag-patrice-lumumba"],"_links":{"self":[{"href":"https:\/\/bruxelles-pantheres.be\/index.php?rest_route=\/wp\/v2\/posts\/4878","targetHints":{"allow":["GET"]}}],"collection":[{"href":"https:\/\/bruxelles-pantheres.be\/index.php?rest_route=\/wp\/v2\/posts"}],"about":[{"href":"https:\/\/bruxelles-pantheres.be\/index.php?rest_route=\/wp\/v2\/types\/post"}],"author":[{"embeddable":true,"href":"https:\/\/bruxelles-pantheres.be\/index.php?rest_route=\/wp\/v2\/users\/1"}],"replies":[{"embeddable":true,"href":"https:\/\/bruxelles-pantheres.be\/index.php?rest_route=%2Fwp%2Fv2%2Fcomments&post=4878"}],"version-history":[{"count":2,"href":"https:\/\/bruxelles-pantheres.be\/index.php?rest_route=\/wp\/v2\/posts\/4878\/revisions"}],"predecessor-version":[{"id":4880,"href":"https:\/\/bruxelles-pantheres.be\/index.php?rest_route=\/wp\/v2\/posts\/4878\/revisions\/4880"}],"wp:featuredmedia":[{"embeddable":true,"href":"https:\/\/bruxelles-pantheres.be\/index.php?rest_route=\/wp\/v2\/media\/2211"}],"wp:attachment":[{"href":"https:\/\/bruxelles-pantheres.be\/index.php?rest_route=%2Fwp%2Fv2%2Fmedia&parent=4878"}],"wp:term":[{"taxonomy":"category","embeddable":true,"href":"https:\/\/bruxelles-pantheres.be\/index.php?rest_route=%2Fwp%2Fv2%2Fcategories&post=4878"},{"taxonomy":"post_tag","embeddable":true,"href":"https:\/\/bruxelles-pantheres.be\/index.php?rest_route=%2Fwp%2Fv2%2Ftags&post=4878"}],"curies":[{"name":"wp","href":"https:\/\/api.w.org\/{rel}","templated":true}]}}