{"id":4901,"date":"2015-12-01T06:50:57","date_gmt":"2015-12-01T05:50:57","guid":{"rendered":"https:\/\/bruxelles-pantheres.be\/?p=4901"},"modified":"2021-09-17T20:02:26","modified_gmt":"2021-09-17T19:02:26","slug":"le-blanchiment-de-lintersectionnalite","status":"publish","type":"post","link":"https:\/\/bruxelles-pantheres.be\/?p=4901","title":{"rendered":"Le blanchiment de l\u2019intersectionnalit\u00e9"},"content":{"rendered":"<p><span class=\"nompers\">Par Sirma Bilge<\/span><\/p>\n<h3 style=\"text-align: center;\">R\u00e9sum\u00e9<\/h3>\n<p class=\"alinea\">Le f\u00e9minisme acad\u00e9mique entretient une relation ambigu\u00eb avec l\u2019intersectionnalit\u00e9 qu\u2019il encense et discipline du m\u00eame souffle. Par un ensemble de discours et de pratiques, la pens\u00e9e critique raciale est \u00e9vacu\u00e9e de l\u2019appareillage actuel de l\u2019intersectionnalit\u00e9 et les personnes racialis\u00e9es comme productrices des savoirs intersectionnels se trouvent marginalis\u00e9es dans les d\u00e9bats et les espaces acad\u00e9miques contemporains. La science sert souvent d\u2019alibi dans de telles op\u00e9rations. Ces derni\u00e8res font l\u2019objet de l\u2019analyse de l\u2019auteure qui les conceptualise en tant que blanchiment de l\u2019intersectionnalit\u00e9.<!--more--><\/p>\n<div class=\"row\">\n<section class=\"partiesann col-xs-12\"><\/section>\n<section id=\"grbiblio\" class=\"article-section grbiblio\" role=\"complementary\"><\/section>\n<section id=\"corps\" class=\"article-section corps\" role=\"main\">\n<blockquote class=\"epigraphe \">\n<p class=\"alinea\">\u00ab\u00a0Ne faut-il pas se poser d\u2019abord la question, s\u2019interroger sur l\u2019ambition de pouvoir qu\u2019emporte avec soi la pr\u00e9tention \u00e0 \u00eatre une science?\u00a0\u00bb<\/p>\n<p><cite class=\"source\">Michel Foucault<\/cite><\/p><\/blockquote>\n<\/section>\n<section id=\"s1n1\">\n<div id=\"pa1\" class=\"para\">\n<p class=\"alinea\">Dans un texte publi\u00e9 il y a plus de 20\u00a0ans, Barbara Christian (1994\u00a0: 173), f\u00e9ministe noire et pionni\u00e8re des \u00e9tudes litt\u00e9raires africaines-am\u00e9ricaines, d\u00e9clare, de fa\u00e7on pr\u00e9monitoire, que \u00ab\u00a0ce serait une perte immense, une ironie de taille, si une version de la recherche f\u00e9ministe noire faisait chemin dans le monde universitaire sans que les femmes noires n\u2019en soient des contributrices majeures\u00a0\u00bb. \u00c0 l\u2019aune du succ\u00e8s acad\u00e9mique retentissant de l\u2019intersectionnalit\u00e9, pr\u00e9cis\u00e9ment dans les \u00e9tudes de genre (commen\u00e7ant par l\u2019espace anglophone, mais ne s\u2019y limitant plus), il y a lieu de se demander si l\u2019intersectionnalit\u00e9 ne serait pas devenue cette version de la pens\u00e9e f\u00e9ministe noire qui s\u2019\u00e9panouit dans le monde universitaire sans toutefois une participation significative des femmes racialis\u00e9es ou si le processus d\u2019institutionnalisation de l\u2019intersectionnalit\u00e9 ne conduirait pas \u00e0 leur marginalisation et \u00e0 leur effacement.<\/p>\n<\/div>\n<div id=\"pa2\" class=\"para\">\n<p class=\"alinea\">En prenant ces questions comme point de d\u00e9part, le pr\u00e9sent article examine la relation ambigu\u00eb du f\u00e9minisme acad\u00e9mique \u00e0 l\u2019intersectionnalit\u00e9 et traite des politiques du savoir sous-tendant le blanchiment<a id=\"re1no1\" class=\"norenvoi\" title=\"Je remercie Nacira Gu\u00e9nif de m\u2019avoir signal\u00e9 le potentiel s\u00e9mantique plus grand du terme \u00ab\u00a0blanchiment\u00a0\u00bb par rapport au \u00ab\u00a0blanchissement\u00a0\u00bb dans le contexte de mon usage. \u00ab\u00a0Blanchiment\u00a0\u00bb signifie, en s[\u2026]\" href=\"https:\/\/www.erudit.org\/fr\/revues\/rf\/2015-v28-n2-rf02280\/1034173ar\/#no1\">[1]<\/a>\u00a0de l\u2019intersectionnalit\u00e9 et des pratiques qui le concr\u00e9tisent. Par le terme \u00ab\u00a0blanchiment\u00a0\u00bb, je fais r\u00e9f\u00e9rence \u00e0 un ensemble de discours et de pratiques qui \u00e9vacuent la pens\u00e9e critique raciale de l\u2019appareillage actuel de l\u2019intersectionnalit\u00e9 et marginalisent les personnes racialis\u00e9es comme productrices des savoirs intersectionnels des d\u00e9bats et des espaces universitaires contemporains, ainsi qu\u2019\u00e0 une fa\u00e7on de faire la science qui consolide l\u2019h\u00e9g\u00e9monie au lieu de la d\u00e9stabiliser. Pour mieux saisir les politiques du savoir qui se d\u00e9ploient \u00e0 travers l\u2019intersectionnalit\u00e9, il me faut d\u2019abord esquisser les contours de son expansion mondiale pour ensuite en proposer une assise d\u00e9finitoire.<\/p>\n<\/div>\n<\/section>\n<section id=\"s1n2\">\n<h2>L\u2019expansion mondiale de l\u2019intersectionnalit\u00e9<\/h2>\n<div id=\"pa3\" class=\"para\">\n<p class=\"alinea\">La p\u00e9riode 2000-2015 a \u00e9t\u00e9 marqu\u00e9e par un succ\u00e8s in\u00e9gal\u00e9 de l\u2019intersectionnalit\u00e9 au sein du f\u00e9minisme acad\u00e9mique o\u00f9 elle a \u00e9t\u00e9 encens\u00e9e comme \u00ab\u00a0r\u00e8gle d\u2019or\u00a0\u00bb, \u00ab\u00a0mod\u00e8le \u00e0 suivre\u00a0\u00bb, \u00ab\u00a0bonne pratique f\u00e9ministe\u00a0\u00bb ou encore \u00ab\u00a0plus importante contribution th\u00e9orique des \u00e9tudes f\u00e9ministes\u00a0\u00bb (Weber et Parra-Medina 2003; McCall 2005). En m\u00eame temps, au fur et \u00e0 mesure de sa mont\u00e9e en fait de popularit\u00e9 et de ses travers\u00e9es de fronti\u00e8res g\u00e9ographiques, disciplinaires et professionnelles, l\u2019esprit contestataire et transformateur la caract\u00e9risant s\u2019est effrit\u00e9. Il n\u2019est pas rare aujourd\u2019hui de la voir \u00eatre utilis\u00e9e \u00e0 des fins de relations publiques et de\u00a0<em>branding<\/em>\u00a0(valorisation de la marque), \u00e0 l\u2019instar de la \u00ab\u00a0diversit\u00e9\u00a0\u00bb avec laquelle elle est d\u2019ailleurs souvent confondue (Ward 2007).<\/p>\n<\/div>\n<div id=\"pa4\" class=\"para\">\n<p class=\"alinea\">Pendant la m\u00eame p\u00e9riode, l\u2019espace de circulation des id\u00e9es intersectionnelles s\u2019est consid\u00e9rablement \u00e9largi. Le nombre de publications, de conf\u00e9rences, de cours et de programmes universitaires sur l\u2019intersectionnalit\u00e9 a connu une croissance exponentielle, et les g\u00e9opolitiques des savoirs intersectionnels se sont complexifi\u00e9es par la multiplication des acteurs institutionnels participant \u00e0 la (trans)formation discursive de l\u2019intersectionnalit\u00e9.<\/p>\n<\/div>\n<div id=\"pa5\" class=\"para\">\n<p class=\"alinea\">On retiendra particuli\u00e8rement le r\u00f4le consid\u00e9rable des plateformes internationales ou continentales<a id=\"re1no2\" class=\"norenvoi\" title=\"Voici deux exemples parmi d\u2019autres\u00a0: l\u2019audience th\u00e9matique organis\u00e9e par la Commission interam\u00e9ricaine des droits de l\u2019homme [sic] (CIDH) sur la discrimination intersectionnelle v\u00e9cue par le[\u2026]\" href=\"https:\/\/www.erudit.org\/fr\/revues\/rf\/2015-v28-n2-rf02280\/1034173ar\/#no2\">[2]<\/a>\u00a0des droits de la personne et des conf\u00e9rences mondiales dans l\u2019expansion de l\u2019intersectionnalit\u00e9. C\u2019est au cours de la Quatri\u00e8me Conf\u00e9rence sur les femmes organis\u00e9e par les Nations Unies \u00e0 Beijing en 1995 que l\u2019<em>id\u00e9e<\/em>\u00a0de l\u2019intersectionnalit\u00e9 est entr\u00e9e dans le r\u00e9pertoire onusien. Son d\u00e9veloppement se situe dans le contexte des pr\u00e9paratifs r\u00e9gionaux et nationaux au sein des organisations f\u00e9ministes des pays du Sud global<a id=\"re1no3\" class=\"norenvoi\" title=\"Le cas br\u00e9silien est \u00e9loquent\u00a0: voir Sueli Carneiro (2002).\" href=\"https:\/\/www.erudit.org\/fr\/revues\/rf\/2015-v28-n2-rf02280\/1034173ar\/#no3\">[3]<\/a>\u00a0en vue de la Conf\u00e9rence mondiale contre le racisme, la discrimination raciale, la x\u00e9nophobie et l\u2019intol\u00e9rance<a id=\"re1no4\" class=\"norenvoi\" title=\"La d\u00e9claration et le programme d\u2019action adopt\u00e9s par le forum des organisations non gouvernementales (ONG) lors de la conf\u00e9rence de Durban emploient explicitement le terme \u00ab\u00a0intersectionnalit\u00e9\u00a0\u00bb, plut\u00f4[\u2026]\" href=\"https:\/\/www.erudit.org\/fr\/revues\/rf\/2015-v28-n2-rf02280\/1034173ar\/#no4\">[4]<\/a>\u00a0qui aura lieu \u00e0 Durban en 2001. L\u2019intervention de Kimberl\u00e9 Crenshaw (2000) dans ce contexte est souvent vue comme d\u00e9terminante. Sur invitation, Crenshaw a organis\u00e9 un s\u00e9minaire de formation \u00e0 l\u2019occasion du premier Comit\u00e9 pr\u00e9paratoire de l\u2019ONU (PrepCom) qui s\u2019est d\u00e9roul\u00e9 \u00e0 Gen\u00e8ve en mai 2000 pour pr\u00e9senter l\u2019intersectionnalit\u00e9 aux participantes et aux participants de plusieurs pays\u00a0: Br\u00e9sil, Inde, Portugal, Royaume-Uni, Isra\u00ebl, Guat\u00e9mala, Philippines, Mali et Ouganda. Son texte pr\u00e9par\u00e9 pour l\u2019occasion a \u00e9t\u00e9 traduit en plusieurs langues et a circul\u00e9 \u00e0 grande \u00e9chelle (Crenshaw 2000). \u00c0 partir de ce point, les r\u00e9f\u00e9rences \u00e0 l\u2019intersectionnalit\u00e9 dans l\u2019ar\u00e8ne des instances internationales sont devenues plus fr\u00e9quentes (Collins et Bilge \u00e0 para\u00eetre). De m\u00eame, le r\u00f4le jou\u00e9 par l\u2019Union europ\u00e9enne et ses politiques d\u2019homog\u00e9n\u00e9isation de la gouvernance en mati\u00e8re de luttes contre les discriminations a \u00e9t\u00e9 de taille en ce qui concerne l\u2019\u00e9largissement de l\u2019espace de circulation de l\u2019intersectionnalit\u00e9 en Europe, ce qui a engendr\u00e9 parfois une diss\u00e9mination du haut vers le bas de l\u2019intersectionnalit\u00e9 \u00e0 l\u2019\u00e9chelle europ\u00e9enne, voire dans les pays candidats \u00e0 l\u2019Union europ\u00e9enne (Lombardo et Verloo 2009; Krizsan, Skjeie et Squires 2012), au lieu d\u2019\u00eatre revendiqu\u00e9e par les bases.<\/p>\n<\/div>\n<div id=\"pa6\" class=\"para\">\n<p class=\"alinea\">On aurait cependant tort de croire que l\u2019intersectionnalit\u00e9 n\u2019ait emprunt\u00e9, au d\u00e9but du\u00a0<span class=\"petitecap\">xxi<\/span><sup>e<\/sup>\u00a0si\u00e8cle, que des voies acad\u00e9miques ou de hautes sph\u00e8res politico-administratives internationales. Parmi les populations minoris\u00e9es partout au monde, au-del\u00e0 des divisions Nord\/Sud, les id\u00e9es et les sensibilit\u00e9s intersectionnelles sont mobilis\u00e9es par les actrices et les acteurs sur le terrain au sein des mouvements sociaux et communautaires. Une litt\u00e9rature \u00e9mergente documente, \u00e0 travers des \u00e9tudes de cas d\u2019organisation communautaire, diverses utilisations de l\u2019intersectionnalit\u00e9 par des groupes multiminoris\u00e9s pour articuler des politiques en leur nom propre ou pour b\u00e2tir des alliances avec d\u2019autres groupes, ou les deux \u00e0 la fois. Cette intersectionnalit\u00e9 en action suppose souvent un travail de coalition. Par exemple, le mouvement des femmes roms en Europe recourt \u00e0 l\u2019intersectionnalit\u00e9 pour forger, entre autres, des alliances avec des mouvements f\u00e9ministes (Schultz 2012); le mouvement Idle No More, lanc\u00e9 par les femmes autochtones, a r\u00e9ussi \u00e0 allier, comme le souligne Pamela Palmater, juriste, professeure et activiste Mi\u2019kmaq, une communaut\u00e9 bien plus large et diversifi\u00e9e (Coulthard 2014); et le mouvement No One Is Illegal, mouvement des droits des personnes immigr\u00e9es, mobilise l\u2019intersectionnalit\u00e9 dans ses politiques de solidarit\u00e9 avec le mouvement autochtone au Canada (Walia 2013). Aussi, la pr\u00e9sence des id\u00e9es et des sensibilit\u00e9s intersectionnelles ne se limite pas au milieu associatif et aux mouvements sociaux, mais elle s\u2019observe aussi dans les expressions artistiques et dans l\u2019artivisme (contraction de l\u2019\u00ab\u00a0art\u00a0\u00bb et l\u2019\u00ab\u00a0activisme\u00a0\u00bb), en t\u00e9moigne le nouveau mouvement \u00e9mergent \u00ab\u00a0afrop\u00e9en<a id=\"re1no5\" class=\"norenvoi\" title=\"Contraction des termes \u00ab\u00a0africain\u00a0\u00bb et \u00ab\u00a0europ\u00e9en\u00a0\u00bb, le terme \u00ab\u00a0afrop\u00e9en\u00a0\u00bb (afropean) renvoie \u00e0 une nouvelle cat\u00e9gorie d\u2019identification qui a \u00e9merg\u00e9 de l\u2019exp\u00e9rience diasporique africaine (de[\u2026]\" href=\"https:\/\/www.erudit.org\/fr\/revues\/rf\/2015-v28-n2-rf02280\/1034173ar\/#no5\">[5]<\/a>\u00a0\u00bb qui s\u2019exprime avant tout dans des oeuvres litt\u00e9raires et musicales (Miano 2010).<\/p>\n<\/div>\n<div id=\"pa7\" class=\"para\">\n<p class=\"alinea\">On ne peut souligner assez l\u2019importance des luttes sociales de diverse nature dans la circulation des id\u00e9es et des sensibilit\u00e9s intersectionnelles \u2013 peu importe si le terme est employ\u00e9 ou non. L\u2019activisme et l\u2019organisation communautaire des populations aux prises avec des dominations imbriqu\u00e9es constituent des terrains cl\u00e9s pour l\u2019articulation et la diffusion des id\u00e9es intersectionnelles. \u00c0 retenir, entre autres, des vagues de protestations populaires qui ont \u00e9merg\u00e9 au cours des derni\u00e8res ann\u00e9es \u00e0 travers le Sud global, du Chili \u00e0 la Turquie, ainsi que dans les pays du Nord \u2013 du mouvement Occupy au Printemps \u00e9rable, qui puisent largement dans un imaginaire politique interconnect\u00e9 gr\u00e2ce aux m\u00e9dias num\u00e9riques. Ce nouveau type de mouvements sociaux diffus et peu structur\u00e9s r\u00e9ussit parfois \u00e0 cr\u00e9er, gr\u00e2ce notamment \u00e0 une sensibilit\u00e9 intersectionnelle, des alliances strat\u00e9giques improbables entre des groupes aux int\u00e9r\u00eats fortement dissemblables comme le mouvement anti-aust\u00e9rit\u00e9, les environnementalistes, les f\u00e9ministes, le droit \u00e0 la ville, les syndicats, le mouvement \u00e9tudiant, les groupes antiracistes, le mouvement autochtone ou le mouvement des lesbiennes, gais, bisexuels, transgenres et queer (LGBTQ). Ce n\u2019est donc pas un pur hasard si la traduction en turc du terme \u00ab\u00a0intersectionnalit\u00e9\u00a0\u00bb date des \u00e9v\u00e8nements de Gezi en 2013, qui ont donn\u00e9 lieu \u00e0 des coalitions inusit\u00e9es dans le paysage politique turc entre des groupes fort distants tels que Lambda Istanbul (organisation LGBTQ) et Jeunesse musulmane anticapitaliste<a id=\"re1no6\" class=\"norenvoi\" title=\"Pour des \u00e9crits se r\u00e9f\u00e9rant explicitement au concept de l\u2019intersectionnalit\u00e9 (kesi\u015fimsellik en turc) dans le contexte de la r\u00e9sistance Gezi, voir Kubra (2013) et Durba\u015f (2013).\" href=\"https:\/\/www.erudit.org\/fr\/revues\/rf\/2015-v28-n2-rf02280\/1034173ar\/#no6\">[6]<\/a>.<\/p>\n<\/div>\n<div id=\"pa8\" class=\"para\">\n<p class=\"alinea\">Certains de ces mouvements refl\u00e8tent l\u2019esprit de l\u2019intersectionnalit\u00e9 dans leurs tentatives de forger une identit\u00e9 politique collective inclusive et leurs pratiques organisationnelles, comme c\u2019est le cas dans le mouvement espagnol Indignados (Lopez et Ruiz Garcia 2014). Les imaginaires politiques de ces luttes populaires disparates et dispers\u00e9es o\u00f9 se propagent les id\u00e9es et les sensibilit\u00e9s intersectionnelles se communiquent. Cette connectivit\u00e9 transnationale est parfaitement articul\u00e9e dans plusieurs des slogans utilis\u00e9s par ces mouvements. Un des slogans des protestations Gezi, \u00ab\u00a0Partout est Taksim, partout est r\u00e9sistance\u00a0\u00bb, converge ainsi et converse avec les chants des manifestations de Sao Paolo\u00a0: \u00ab\u00a0Fini le temps d\u2019amour [avec le gouvernement], la Turquie est juste ici.\u00a0\u00bb Il s\u2019agit l\u00e0 d\u2019un imaginaire politique transnational de r\u00e9sistance qui se consolide face \u00e0 la dure r\u00e9pression polici\u00e8re que ces mouvements ont rencontr\u00e9e dans leurs pays respectifs et \u00e0 travers la diffusion de la violence polici\u00e8re et de leurs r\u00e9sistances dans les m\u00e9dias sociaux. En t\u00e9moigne le titre judicieux de la lettre ouverte r\u00e9dig\u00e9e lors des manifestations \u00e9gyptiennes\u00a0: \u00ab\u00a0De Taksim, de Rio \u00e0 Tahrir, l\u2019odeur de gaz lacrymog\u00e8nes\u00a0\u00bb (Tugal 2013\u00a0: 157 et 160).<\/p>\n<\/div>\n<div id=\"pa9\" class=\"para\">\n<p class=\"alinea\">D\u2019autres mouvements font face \u00e0 des crises sporadiques quand leur d\u00e9ficit intersectionnel finit par marginaliser ou ali\u00e9ner des populations. Ces derni\u00e8res peuvent d\u00e9noncer cette situation, malgr\u00e9 leur sympathie pour la cause d\u00e9fendue. On n\u2019a qu\u2019\u00e0 penser \u00e0 la s\u00e9rie de manifestations f\u00e9ministes La marche des salopes (<em>Slutwalk<\/em>), qui a \u00e9t\u00e9 vertement critiqu\u00e9e pour son manque d\u2019autor\u00e9flexivit\u00e9 sur le plan racial, notamment \u00e0 la suite de l\u2019utilisation, par des femmes blanches manifestant \u00e0 Slutwalk NYC (octobre\u00a02011), de pancartes qui affichaient en un mot int\u00e9gral (que je refuse de reproduire ici) une insulte raciste\u00a0: \u00ab\u00a0Woman is the N* of the World\u00a0\u00bb (en r\u00e9f\u00e9rence \u00e0 la chanson \u00e9ponyme de John Lennon et Yoko Ono) (Bilge 2012). L\u2019emploi m\u00eame de l\u2019invective\u00a0<em>slut<\/em>\u00a0fait fi de la forte charge racialis\u00e9e et genr\u00e9e de ce terme en contexte \u00e9tats-unien, comme l\u2019ont si bien rappel\u00e9 de nombreuses f\u00e9ministes noires qui sont intervenues \u00e0 ce sujet<a id=\"re1no7\" class=\"norenvoi\" title=\"Voir la lettre ouverte\u00a0: An Open Letter from Black Women to the SlutWalk September\u00a023, 2011\u00a0(www.womanist-musings.com\/2011\/09\/open-letter-from-black-women-to.html), ainsi que le blog du Crunk Feminist[\u2026]\" href=\"https:\/\/www.erudit.org\/fr\/revues\/rf\/2015-v28-n2-rf02280\/1034173ar\/#no7\">[7]<\/a>.<\/p>\n<\/div>\n<div id=\"pa10\" class=\"para\">\n<p class=\"alinea\">Il est clair que les projets progressistes, aussi \u00e9mancipatoires qu\u2019ils se veuillent, conduisent de fa\u00e7on non intentionnelle \u00e0 la consolidation des in\u00e9galit\u00e9s existantes et \u00e0 la mise en concurrence des minorit\u00e9s entre elles quand lesdits projets n\u00e9gligent l\u2019intersectionnalit\u00e9 des rapports de pouvoir en leur sein (Cohen 2005). Un exemple \u00e9loquent est le d\u00e9bat \u00e9tats-unien sur le mariage homosexuel fortement marqu\u00e9 par le clivage \u00ab\u00a0gai ou noir\u00a0\u00bb, lequel indique l\u2019absence d\u2019une pens\u00e9e intersectionnelle qui rend \u00ab\u00a0gai et noir\u00a0\u00bb possible (Morrison 2013), ce qui d\u00e9montre aussi l\u2019actualit\u00e9 de l\u2019analyse de Crenshaw faite 30\u00a0ans auparavant (1993\u00a0: 112-113; ma traduction)\u00a0: \u00ab\u00a0les strat\u00e9gies politiques qui contestent seulement certaines pratiques de subordination, tout en maintenant les hi\u00e9rarchies en place, ne font pas que marginaliser les personnes soumises aux multiples syst\u00e8mes de domination, mais elles conduisent souvent \u00e0 dichotomiser les discours sur la race et les discours sur le genre\u00a0\u00bb.<\/p>\n<\/div>\n<div id=\"pa11\" class=\"para\">\n<p class=\"alinea\">\u00c0 souligner \u00e9galement le r\u00f4le que joue le domaine du \u00ab\u00a0d\u00e9veloppement\u00a0\u00bb et des pratiques de gouvernance transnationales qui s\u2019y rattachent dans la diffusion de l\u2019intersectionnalit\u00e9 \u00e0 l\u2019\u00e9chelle plan\u00e9taire, surtout dans les pays dits en voie de d\u00e9veloppement. Alors m\u00eame que les liens entre intersectionnalit\u00e9 et \u00e9tudes du d\u00e9veloppement se trouvent largement sous-th\u00e9oris\u00e9s, les \u00e9vidences empiriques de la mise en pratique de l\u2019intersectionnalit\u00e9 sur le terrain ne manquent pas. En t\u00e9moignent les critiques f\u00e9ministes des programmes de microcr\u00e9dits comme strat\u00e9gie de d\u00e9veloppement et de lutte contre la pauvret\u00e9, qui montrent, par une analyse intersectionnelle, les effets adverses de ces programmes sur les femmes (par exemple, les confiner dans le secteur informel pr\u00e9caire), ainsi que les soubassements n\u00e9olib\u00e9raux du microfinancement (Eisenstein 2009).<\/p>\n<\/div>\n<div id=\"pa12\" class=\"para\">\n<p class=\"alinea\">Pour clore cet aper\u00e7u de l\u2019expansion mondiale de l\u2019intersectionnalit\u00e9, il est utile de consid\u00e9rer un exemple qui rejoint plusieurs aspects d\u00e9j\u00e0 discut\u00e9s. Il s\u2019agit d\u2019un projet de coop\u00e9ration et de d\u00e9veloppement international nomm\u00e9 \u00ab\u00a0Medidas para la inclusi\u00f3n social y equidad en instituciones de educaci\u00f3n superior en Am\u00e9rica Latina\u00a0\u00bb (MISEAL) (\u00ab\u00a0Mesures pour l\u2019inclusion sociale et l\u2019\u00e9quit\u00e9 dans les institutions d\u2019\u00e9ducation sup\u00e9rieure en l\u2019Am\u00e9rique latine<a id=\"re1no8\" class=\"norenvoi\" title=\"Je remercie Valeria Leighton d\u2019avoir attir\u00e9 mon attention sur le projet MISEAL.\" href=\"https:\/\/www.erudit.org\/fr\/revues\/rf\/2015-v28-n2-rf02280\/1034173ar\/#no8\">[8]<\/a>\u00a0\u00bb). Le projet MISEAL est financ\u00e9 par le programme Alfa\u00a0III de l\u2019Union europ\u00e9enne, lequel est un programme de coop\u00e9ration entre les \u00e9tablissements d\u2019enseignement sup\u00e9rieur de l\u2019Union europ\u00e9enne et de l\u2019Am\u00e9rique latine dont l\u2019objectif principal est la promotion de l\u2019enseignement sup\u00e9rieur en Am\u00e9rique latine en vue de contribuer au d\u00e9veloppement \u00e9conomique et social de la r\u00e9gion. Le projet MISEAL rassemble douze universit\u00e9s latino-am\u00e9ricaines et quatre europ\u00e9ennes<a id=\"re1no9\" class=\"norenvoi\" title=\"Pour la liste des \u00e9tablissements qui y participent, voir le site Web suivant\u00a0: www.miseal.net. Les pays vis\u00e9s sont\u00a0: en Am\u00e9rique latine\u00a0: l\u2019Argentine, le Br\u00e9sil, la Colombie, le Costa Rica,[\u2026]\" href=\"https:\/\/www.erudit.org\/fr\/revues\/rf\/2015-v28-n2-rf02280\/1034173ar\/#no9\">[9]<\/a>. Sa pertinence \u00e0 mes yeux r\u00e9side dans son recours \u00e0 l\u2019intersectionnalit\u00e9 dans la poursuite de sa vis\u00e9e principale qui est de faciliter l\u2019acc\u00e8s \u00e0 l\u2019enseignement sup\u00e9rieure en Am\u00e9rique latine, en \u00e9tudiant, entre autres, les obstacles syst\u00e9miques et en y proposant des rem\u00e8des. \u00c0 cette fin, le projet MISEAL offre un programme de formation sur l\u2019intersectionnalit\u00e9 intitul\u00e9 \u00ab\u00a0Estudios en Inclusi\u00f3n, Interseccionalidad y Equidad\u00a0\u00bb (ESIINE) (\u00ab\u00a0\u00c9tudes en inclusion, intersectionnalit\u00e9 et \u00e9quit\u00e9\u00a0\u00bb)<a id=\"re1no10\" class=\"norenvoi\" title=\"Voir le site Web suivant\u00a0: www.miseal.net\/index.php\/formacion-esiine (12\u00a0ao\u00fbt\u00a02015).\" href=\"https:\/\/www.erudit.org\/fr\/revues\/rf\/2015-v28-n2-rf02280\/1034173ar\/#no10\">[10]<\/a>. Ce programme est \u00e0 l\u2019origine de nombreux \u00e9v\u00e8nements scientifiques et publications (en espagnol) portant sur l\u2019intersectionnalit\u00e9, tels que le Congr\u00e8s international sur les indicateurs intersectionnels et les mesures d\u2019inclusion dans l\u2019enseignement sup\u00e9rieur en Am\u00e9rique latine, organis\u00e9 en 2012 \u00e0 Berlin, et la publication qui en r\u00e9sulte (Zapata Galindo, Garc\u00eda Peter et Chan de \u00c1vila 2013).<\/p>\n<\/div>\n<div id=\"pa13\" class=\"para\">\n<p class=\"alinea\">Les projets de coop\u00e9ration Nord-Sud du type du MISEAL ne doivent pas \u00eatre consid\u00e9r\u00e9s comme de simples sites de transfert des savoirs du Nord vers le Sud\u00a0: ils constituent au contraire une occasion de conna\u00eetre et de reconna\u00eetre les savoirs produits au Sud ainsi que de d\u00e9centrer le regard h\u00e9g\u00e9monique. J\u2019insiste, \u00e0 cet \u00e9gard, sur le fait que si le terme \u00ab\u00a0intersectionnalit\u00e9\u00a0\u00bb peut avoir ses origines au Nord, les r\u00e9alit\u00e9s auxquelles il renvoie ont \u00e9t\u00e9 mises en \u00e9vidence et pens\u00e9es sous d\u2019autres vocables par les activistes et les universitaires du Sud, et fa\u00e7onn\u00e9es par leurs luttes \u2013 des f\u00e9ministes zapatistes aux f\u00e9ministes afro-cubaines et afro-br\u00e9siliennes. Ainsi, une b\u00e2tisseuse de la pens\u00e9e f\u00e9ministe afro-br\u00e9silienne, L\u00e9lia Gonzalez, propose d\u00e8s 1988, soit une ann\u00e9e avant l\u2019entr\u00e9e en sc\u00e8ne du terme \u00ab\u00a0intersectionnalit\u00e9\u00a0\u00bb, une cat\u00e9gorie \u00e9pist\u00e9mologique et politique intersectionnelle qu\u2019elle nomme l\u2019\u00ab\u00a0am\u00e9fricanit\u00e9\u00a0\u00bb par laquelle elle vise \u00e0 conceptualiser de mani\u00e8re interreli\u00e9e \u00ab\u00a0le racisme, le colonialisme, l\u2019imp\u00e9rialisme et leurs effets\u00a0\u00bb (Pons Cardoso 2015). Une autre expression qui rappelle l\u2019existence des savoirs intersectionnels locaux en Am\u00e9rique latine est les \u00ab\u00a0in\u00e9galit\u00e9s interd\u00e9pendantes\u00a0\u00bb (Zapato Galindo, cit\u00e9e dans Roth 2013).<\/p>\n<\/div>\n<div id=\"pa14\" class=\"para\">\n<p class=\"alinea\">En d\u00e9finitive, concevoir la dispersion des id\u00e9es et des sensibilit\u00e9s intersectionnelles comme une circulation unidirectionnelle (du Nord vers le Sud ou de l\u2019Ouest vers l\u2019Est) est une grave omission des savoirs intersectionnels produits dans les pays p\u00e9riph\u00e9riques qui ne manquera pas de reproduire certains rapports d\u2019in\u00e9galit\u00e9 que l\u2019intersectionnalit\u00e9 entend contester. \u00c0 vrai dire, en tant qu\u2019universitaires, nous devons revoir constamment nos propres pratiques de production et de diss\u00e9mination des savoirs intersectionnels, qui risquent de participer \u00e0 cet effacement si elles ne tiennent pas compte des liens entre politiques du savoir, pratiques disciplinaires et in\u00e9galit\u00e9s sociales. Avant d\u2019examiner certaines pratiques qui blanchissent l\u2019intersectionnalit\u00e9 et marginalisent les productrices des savoirs intersectionnels racialis\u00e9es, je tiens \u00e0 exposer les grandes lignes de ma conception de l\u2019intersectionnalit\u00e9. Une fois cette d\u00e9finition \u00e9tablie, il sera plus facile d\u2019\u00e9lucider les manquements et les d\u00e9viations observ\u00e9s dans les pratiques contemporaines.<\/p>\n<\/div>\n<\/section>\n<section id=\"s1n3\">\n<h2>L\u2019intersectionnalit\u00e9\u00a0: une assise d\u00e9finitoire en quatre points<\/h2>\n<div id=\"pa15\" class=\"para\">\n<p class=\"alinea\">La d\u00e9finition que je propose ci-dessous n\u2019\u00e9puise pas les possibilit\u00e9s d\u00e9finitoires. En fait, il n\u2019y a pas de d\u00e9finition de \u00ab\u00a0taille unique\u00a0\u00bb (<em>one-size-fits-all<\/em>) de l\u2019intersectionnalit\u00e9 ni d\u2019application \u2013 une telle attente universaliste va contre l\u2019esprit de l\u2019intersectionnalit\u00e9 qui est, faut-il le rappeler, un savoir situ\u00e9. Aussi, ce travail de d\u00e9finition se con\u00e7oit mieux tel un chantier ouvert en constante \u00e9volution plut\u00f4t que comme une t\u00e2che finie<a id=\"re1no11\" class=\"norenvoi\" title=\"Pour une discussion des enjeux d\u00e9finitoires de l\u2019intersectionnalit\u00e9, voir Collins et Bilge (\u00e0 para\u00eetre).\" href=\"https:\/\/www.erudit.org\/fr\/revues\/rf\/2015-v28-n2-rf02280\/1034173ar\/#no11\">[11]<\/a>. La d\u00e9finition propos\u00e9e se r\u00e9sume en quatre points principaux\u00a0:<\/p>\n<ol class=\"decimal\">\n<li>\n<p class=\"alinea\">L\u2019intersectionnalit\u00e9 est une\u00a0<em>analytique du pouvoir<\/em>, pr\u00e9cis\u00e9ment des entrem\u00ealements, des structurations et des organisations du pouvoir \u00e0 travers une s\u00e9rie de\u00a0<em>vecteurs de pouvoir<\/em>\u00a0coconstitutifs et en interaction de m\u00eame qu\u2019en fonction d\u2019une s\u00e9rie de\u00a0<em>domaines de pouvoir<\/em>\u00a0communicants. Il en ressort que l\u2019intersectionnalit\u00e9, comme analytique du pouvoir, comprend non pas un mais deux cadres d\u2019analyse qui se compl\u00e8tent\u00a0: celui des\u00a0<em>vecteurs de pouvoir<\/em>\u00a0et celui des\u00a0<em>domaines de pouvoir<\/em>;<\/p>\n<\/li>\n<li>\n<p class=\"alinea\">Le cadre d\u2019analyse des vecteurs de pouvoir, le plus connu des deux, est davantage d\u00e9sign\u00e9 par \u00ab\u00a0cat\u00e9gories\u00a0\u00bb ou \u00ab\u00a0identit\u00e9s\u00a0\u00bb (de race, de genre, de classe, de sexualit\u00e9, de capacit\u00e9, de nation, etc.). Pour ma part, je pr\u00e9f\u00e8re parler des\u00a0<em>formations sociales<\/em><a id=\"re1no12\" class=\"norenvoi\" title=\"Il convient de pr\u00e9ciser pourquoi je parle de formations sociales de race, de genre, de classe, etc., plut\u00f4t que de cat\u00e9gories sociales ou encore de relations sociales de race, de genre, de c[\u2026]\" href=\"https:\/\/www.erudit.org\/fr\/revues\/rf\/2015-v28-n2-rf02280\/1034173ar\/#no12\">[12]<\/a>\u00a0de race, de genre, de classe, etc. Ce cadre suit trois principes importants, soit la contingence historique, la non-\u00e9quivalence et la coconstitution\u00a0:<\/p>\n<ul class=\"disque\">\n<li>\n<p class=\"alinea\">Aucune formation sociale ne peut expliquer ni d\u00e9terminer \u00e0 elle seule l\u2019architecture complexe de l\u2019in\u00e9galit\u00e9 dans une soci\u00e9t\u00e9 \u00e0 une \u00e9poque donn\u00e9es;<\/p>\n<\/li>\n<li>\n<p class=\"alinea\">Les formations sociales (de race, de genre, de classe, etc.) qui constituent ensemble l\u2019architecture du pouvoir dans une soci\u00e9t\u00e9, doivent \u00eatre analys\u00e9es, ainsi que leurs interactions, dans leur\u00a0<em>contingence historique<\/em>;<\/p>\n<\/li>\n<li>\n<p class=\"alinea\">Ces formations ne sont pas substituables entre elles, pas plus qu\u2019elles ne sont d\u00e9tachables l\u2019une de l\u2019autre\u00a0: elles se r\u00e9v\u00e8lent donc \u00e0 la fois irr\u00e9ductibles (<em>principe de la non-\u00e9quivalence<\/em>) et indissociables (<em>principe de la coconstitution<\/em>) (Bilge 2014\u00a0: 68)<a id=\"re1no13\" class=\"norenvoi\" title=\"Pour penser l\u2019irr\u00e9ductibilit\u00e9 et l\u2019indissociabilit\u00e9 simultan\u00e9es des rapports sociaux, ma source premi\u00e8re a \u00e9t\u00e9 un article fort \u00e9clairant de Danielle Juteau (1994) qui d\u00e9finit ces rapports comme empiri[\u2026]\" href=\"https:\/\/www.erudit.org\/fr\/revues\/rf\/2015-v28-n2-rf02280\/1034173ar\/#no13\">[13]<\/a>;<\/p>\n<\/li>\n<\/ul>\n<\/li>\n<li>\n<p class=\"alinea\">Non seulement l\u2019intersectionnalit\u00e9, comme analytique du pouvoir, permet l\u2019<em>examen des relations d\u2019interd\u00e9pendance<\/em>\u00a0historiquement contingentes entre les vecteurs de pouvoir (de race, de genre, de classe, etc.), mais elle r\u00e9alise aussi cet examen en fonction de plusieurs\u00a0<em>domaines de pouvoir<\/em>\u00a0et de leurs interactions. Cet examen prend appui sur le cadre analytique des domaines de pouvoir \u00e9labor\u00e9 par Patricia Hill Collins (1989) qui regroupe quatre domaines (structurel, h\u00e9g\u00e9monique, disciplinaire, interpersonnel). L\u2019examen que je sugg\u00e8re ici l\u2019\u00e9largit en proposant cinq domaines de pouvoir qui communiquent entre eux\u00a0: les domaines structurel, repr\u00e9sentationnel, disciplinaire, interpersonnel et \u00ab\u00a0psychique et incorpor\u00e9\u00a0\u00bb (<em>embodied<\/em>). L\u2019ajout d\u2019un domaine psychique et incorpor\u00e9 du pouvoir tient compte des critiques poststructuralistes de l\u2019intersectionnalit\u00e9 qui la consid\u00e8rent trop structuraliste et peu d\u00e9velopp\u00e9e pour traiter de la complexit\u00e9 des processus de formation du sujet et des subjectivit\u00e9s. Cet ajout ouvre \u00e9galement une piste de conversation th\u00e9orique prometteuse entre l\u2019intersectionnalit\u00e9 et les questions de l\u2019affect, la corpor\u00e9it\u00e9 (par exemple, la mani\u00e8re dont le corps internalise les rapports de domination imbriqu\u00e9s ou y r\u00e9siste) et l\u2019exp\u00e9rientiel (la ph\u00e9nom\u00e9nologie). Aussi, une analyse en fonction des domaines de pouvoir cl\u00f4t les d\u00e9bats st\u00e9riles sur le niveau d\u2019analyse \u00e0 privil\u00e9gier pour faire une \u00ab\u00a0vraie\u00a0\u00bb analyse intersectionnelle. Ces d\u00e9bats reproduisent f\u00e2cheusement les hi\u00e9rarchies de savoir eurocentr\u00e9s en suivant leurs binarismes \u00e9tablis (micro\/macro, acteur\/syst\u00e8me, individu\/soci\u00e9t\u00e9, culturel\/structurel, etc.);<\/p>\n<\/li>\n<li>\n<p class=\"alinea\">L\u2019intersectionnalit\u00e9 est\u00a0<em>orient\u00e9e vers la justice sociale<\/em>\u00a0: elle n\u2019est pas qu\u2019un (ou deux) cadre d\u2019analyse ni un champ de savoirs, mais aussi et avant tout une\u00a0<em>praxis<\/em><a id=\"re1no14\" class=\"norenvoi\" title=\"La praxis renvoie \u00e0 \u00ab\u00a0une action consciente et intentionnelle, notamment dans la pens\u00e9e marxiste, par laquelle th\u00e9orie et philosophie sont transform\u00e9es en activit\u00e9 sociale pratique; c\u2019est aussi une sy[\u2026]\" href=\"https:\/\/www.erudit.org\/fr\/revues\/rf\/2015-v28-n2-rf02280\/1034173ar\/#no14\">[14]<\/a>\u00a0critique. Conceptualiser l\u2019intersectionnalit\u00e9 comme praxis souligne sa sp\u00e9cificit\u00e9 comme mode de production de savoir, qui d\u00e9passe le clivage usuel entre th\u00e9orie et exp\u00e9rience\/pratique, et rappelle sa parent\u00e9 avec d\u2019autres savoirs aux vis\u00e9es transformatrices et \u00e9mancipatrices. Cela permet \u00e9galement de signaler son\u00a0<em>engagement normatif<\/em>\u00a0dans la mise en oeuvre des id\u00e9es et des id\u00e9aux intersectionnels de justice sociale en mati\u00e8re de recherche, d\u2019enseignement, d\u2019activisme et de travail de d\u00e9fense (<em>advocacy<\/em>) pour orienter les politiques publiques (Bilge 2014\u00a0: 65; Townsend-Bell 2010; Phoenix et Pattynama 2006).<\/p>\n<\/li>\n<\/ol>\n<\/div>\n<div id=\"pa16\" class=\"para\">\n<p class=\"alinea\">Ancrer l\u2019intersectionnalit\u00e9 dans une praxis de justice sociale ne revient pas \u00e0 ignorer les usages h\u00e9g\u00e9moniques de l\u2019intersectionnalit\u00e9 ou ses mobilisations dans des mouvements conservateurs \u00e0 des fins antiprogressives<a id=\"re1no15\" class=\"norenvoi\" title=\"Par exemple, au sein du mouvement noir conservateur aux \u00c9tats-Unis, on note le recours \u00e0 un discours intersectionnel, voire \u00e0 une analyse de ce type pour avancer des politiques conservatrices, h\u00e9t\u00e9ros[\u2026]\" href=\"https:\/\/www.erudit.org\/fr\/revues\/rf\/2015-v28-n2-rf02280\/1034173ar\/#no15\">[15]<\/a>. La prise de conscience au sujet de cette ductilit\u00e9 normative de l\u2019intersectionnalit\u00e9 (aucun savoir contestataire\/progressif n\u2019est \u00e0 l\u2019abri d\u2019un tel d\u00e9tournement) am\u00e8ne \u00e0 savoir reconna\u00eetre et contrer des mod\u00e8les (<em>patterns<\/em>) conduisant \u00e0 la d\u00e9sarticulation d\u2019une intersectionnalit\u00e9 contestataire, contreh\u00e9g\u00e9monique, et \u00e0 sa r\u00e9articulation (parfois involontaire) sous des formes concordant avec le\u00a0<em>statu quo<\/em>.<\/p>\n<\/div>\n<\/section>\n<section id=\"s1n4\">\n<h2>Le f\u00e9minisme acad\u00e9mique disciplinaire et l\u2019intersectionnalit\u00e9\u00a0: une relation \u00e0 double visage<\/h2>\n<div id=\"pa17\" class=\"para\">\n<p class=\"alinea\">R\u00e9fl\u00e9chir sur la \u00ab\u00a0co\u00efncidence\u00a0\u00bb entre le succ\u00e8s in\u00e9gal\u00e9 de l\u2019intersectionnalit\u00e9 dans les milieux f\u00e9ministes \u00e0 l\u2019universit\u00e9 et sa neutralisation politique comme pens\u00e9e et praxis engag\u00e9es dans la justice sociale requiert une distinction entre le f\u00e9minisme acad\u00e9mique, comme terme g\u00e9n\u00e9ral, et un autre type de f\u00e9minisme, que j\u2019ai appel\u00e9 le \u00ab\u00a0f\u00e9minisme disciplinaire\u00a0\u00bb (Bilge 2013). Une clarification s\u2019impose, car les deux expressions ne sont pas interchangeables.<\/p>\n<\/div>\n<div id=\"pa18\" class=\"para\">\n<p class=\"alinea\">Si l\u2019universitaire s\u2019identifiant comme f\u00e9ministe dans son travail de recherche et d\u2019enseignement fait partie de cette formation qu\u2019est le f\u00e9minisme acad\u00e9mique, cette personne n\u2019est pas pour autant \u00ab\u00a0f\u00e9ministe disciplinaire\u00a0\u00bb. Le f\u00e9minisme disciplinaire renforce plus qu\u2019il ne la confronte la fa\u00e7on h\u00e9g\u00e9monique de faire la science. Il est plus soucieux du succ\u00e8s institutionnel des savoirs qu\u2019il produit que de transformer ou de d\u00e9stabiliser l\u2019institution, les disciplines ainsi que leurs m\u00e9thodes et \u00e9pist\u00e9mologies dominantes. Ironiquement, le f\u00e9minisme disciplinaire normalise de nos jours l\u2019intersectionnalit\u00e9 en utilisant les outils disciplinaires analogues \u00e0 ceux qui ont \u00e9t\u00e9 utilis\u00e9s contre le f\u00e9minisme radical des ann\u00e9es\u00a070 et 80 quand celui-ci est entr\u00e9 \u00e0 l\u2019universit\u00e9.<\/p>\n<\/div>\n<div id=\"pa19\" class=\"para\">\n<p class=\"alinea\">La simultan\u00e9it\u00e9 entre la c\u00e9l\u00e9bration de l\u2019intersectionnalit\u00e9 et l\u2019abandon de son bagage encombrant, car il se r\u00e9v\u00e8le contestataire, s\u2019\u00e9claire aussi par les trajectoires institutionnelles des autres savoirs minoritaires \u2013 ces savoirs assujettis\u00a0:<\/p>\n<blockquote class=\"bloccitation \">\n<p class=\"alinea\">qui se trouvaient \u00eatre disqualifi\u00e9s comme savoirs non conceptuels, comme savoirs insuffisamment \u00e9labor\u00e9s, savoirs na\u00effs, savoirs hi\u00e9rarchiquement inf\u00e9rieurs, savoirs au-dessous du niveau de la connaissance ou de la scientificit\u00e9 requise. Et c\u2019est la r\u00e9apparition de ces savoirs d\u2019en dessous, de ces savoirs non qualifi\u00e9s, de ces savoirs m\u00eame disqualifi\u00e9s, c\u2019est par la r\u00e9apparition de ces savoirs [\u2026] que j\u2019appellerais le \u201c\u00a0savoir des gens\u00a0\u201d, et qui n\u2019est pas du tout un savoir commun, un bon sens, mais, au contraire, un savoir particulier, un savoir local, un savoir diff\u00e9rentiel, incapable d\u2019unanimit\u00e9 [\u2026] c\u2019est par la r\u00e9apparition de ces savoirs locaux des gens, de ces savoirs disqualifi\u00e9s que s\u2019est faite la critique.<\/p>\n<p><cite class=\"source\">Foucault 1997\u00a0: 8-9<\/cite><\/p><\/blockquote>\n<\/div>\n<div id=\"pa20\" class=\"para\">\n<p class=\"alinea\">La d\u00e9politisation de l\u2019intersectionnalit\u00e9 par l\u2019entremise de son institutionnalisation universitaire se rattache au cadre plus large o\u00f9 les autres savoirs contestataires, dont la plupart lui \u00e9taient ant\u00e9rieurs, ont subi pareils effets d\u2019incorporation institutionnelle et vu leur imaginaire politique se transformer. Il est impossible de discuter ici les trajectoires institutionnelles des diff\u00e9rents champs de savoirs minoritaires (\u00e9tudes f\u00e9ministes, \u00e9tudes ethniques, postcoloniales, queer, etc.) et les effets de l\u2019institutionnalisation sur ces champs. J\u2019indiquerai plut\u00f4t quelques lignes d\u2019interpr\u00e9tation \u00e9tay\u00e9es de r\u00e9f\u00e9rences.<\/p>\n<\/div>\n<div id=\"pa21\" class=\"para\">\n<p class=\"alinea\">Les savoirs minoritaires sont les domaines de savoirs universitaires interdisciplinaires qui sont \u00ab\u00a0reli\u00e9s aux identit\u00e9s sociales issues des mouvements sociaux d\u2019\u00e9mancipation\u00a0\u00bb (Alcoff et Mohanty 2006\u00a0: 7), m\u00eame si certains (comme la th\u00e9orie queer) rejettent toute cat\u00e9gorie identitaire et les politiques d\u2019identit\u00e9. Ces savoirs sont engag\u00e9s et remettent en question le\u00a0<em>statu quo<\/em>, y compris le\u00a0<em>statu quo<\/em>\u00a0\u00e9pist\u00e9mologique, et l\u2019ordre social in\u00e9galitaire en focalisant sur un ou plusieurs rapports sociaux in\u00e9galitaires. L\u2019entr\u00e9e de ces nouveaux savoirs dans le monde universitaire a souvent \u00e9t\u00e9 gagn\u00e9e apr\u00e8s de longues luttes \u2013 par exemple, les luttes des \u00e9tudiantes et des \u00e9tudiants racialis\u00e9s durant la d\u00e9cennie\u00a070 dans les campus \u00e9tats-uniens pour la cr\u00e9ation des programmes d\u2019\u00e9tudes ethniques; \u00e0 noter cependant que ces programmes ne sont jamais \u00e0 l\u2019abri, car ce sont les premiers \u00e0 dispara\u00eetre en contexte de restrictions budg\u00e9taires ou pour des raisons id\u00e9ologiques, comme cela a \u00e9t\u00e9 le cas de l\u2019interdiction des \u00e9tudes ethniques, en particulier des\u00a0<em>raza studies<\/em>\u00a0(\u00e9tudes chicanas) en Arizona. Il s\u2019agit donc de savoirs doublement minoris\u00e9s\u00a0: parce qu\u2019ils sont associ\u00e9s aux productrices et aux producteurs de savoir marginalis\u00e9s dans l\u2019universit\u00e9 et parce qu\u2019ils sont vus comme une forme d\u2019investigation d\u00e9ficiente sur le chapitre de la neutralit\u00e9 scientifique (Alcoff et Mohanty 2006\u00a0: 7), de par leur\u00a0<em>ethos<\/em>\u00a0d\u2019engagement dans la justice sociale. Point crucial\u00a0: lorsque ces savoirs r\u00e9ussissent \u00e0 percer (comme cela semble \u00eatre le cas de l\u2019intersectionnalit\u00e9), c\u2019est au prix fort d\u2019un double blanchiment\u00a0: les productrices de savoir racialis\u00e9es sont \u00e9cart\u00e9es et le coeur du champ est occup\u00e9 par les th\u00e9oriciennes blanches qui vont travailler pour faire du champ une science respectable (blanche) en recourant m\u00eame aux \u00ab\u00a0p\u00e8res fondateurs\u00a0\u00bb disciplinaires, blancs\u2026<\/p>\n<\/div>\n<div id=\"pa22\" class=\"para\">\n<p class=\"alinea\">Les mani\u00e8res dont les savoirs contestataires sont domestiqu\u00e9s dans diff\u00e9rents contextes nationaux et institutionnels sont loin d\u2019\u00eatre identiques, mais elles se rejoignent sur une base qui est la restructuration n\u00e9olib\u00e9rale de l\u2019enseignement sup\u00e9rieur (Sudbury et Okazawa-Rey 2009) et ont en commun le nouvel int\u00e9r\u00eat que le capital et l\u2019\u00c9tat ont commenc\u00e9 \u00e0 porter \u00e0 l\u2019objet \u00ab\u00a0minoritaire\u00a0\u00bb, \u00e0 la diff\u00e9rence, au particulier (Hall 1997; Ferguson 2012). \u00c0 remarquer que cet int\u00e9r\u00eat \u00e9tait int\u00e9ress\u00e9! Pour assurer sa p\u00e9rennit\u00e9, le capital globalis\u00e9 a d\u00fb apprendre \u00e0 parler le langage de la diff\u00e9rence minoritaire plut\u00f4t que de tenter de l\u2019annihiler. Dans ce processus, il l\u2019a aussi domestiqu\u00e9e\u00a0: la diff\u00e9rence d\u00e9stabilisant la norme a \u00e9t\u00e9 transform\u00e9e en \u00ab\u00a0diff\u00e9rence qui ne fait pas de diff\u00e9rence\u00a0\u00bb, soit une diff\u00e9rence b\u00e9nigne ou, mieux, une valeur ajout\u00e9e sur le march\u00e9 de la diversit\u00e9 (Hall 1997).<\/p>\n<\/div>\n<div id=\"pa23\" class=\"para\">\n<p class=\"alinea\">Les savoirs minoritaires qui sont les produits des marges et leurs th\u00e9ories radicales connaissent d\u00e9sormais une ascension relative qui les vide en m\u00eame temps de leur substance politique. La th\u00e9orie radicale devient un objet de consommation, une marchandise, qui circule comme badge de prestige dans un environnement \u00e9litiste n\u00e9olib\u00e9ral, alors qu\u2019elle \u00e9tait l\u2019oeuvre des savoirs engag\u00e9s dans des projets de justice sociale et d\u2019\u00e9mancipation (Mohanty 2013\u00a0: 971). La participation du f\u00e9minisme universitaire disciplinaire \u00e0 ce processus n\u2019est pas d\u00e9risoire. Celui-ci a certes fait la part belle \u00e0 l\u2019intersectionnalit\u00e9, mais il a aussi contribu\u00e9 \u00e0 son blanchiment et \u00e0 la mont\u00e9e d\u2019une version \u00e9dulcor\u00e9e de l\u2019intersectionnalit\u00e9, \u00e0 l\u2019instar de la diversit\u00e9 aseptis\u00e9e, de concert avec l\u2019id\u00e9ologie dominante n\u00e9olib\u00e9rale.<\/p>\n<\/div>\n<div id=\"pa24\" class=\"para\">\n<p class=\"alinea\">La relation du f\u00e9minisme disciplinaire \u00e0 l\u2019intersectionnalit\u00e9 a deux visages, tel Janus\u00a0:\u00a0<em>l\u2019intersectionnalit\u00e9 est ovationn\u00e9e et neutralis\u00e9e du m\u00eame souffle<\/em>. Cela n\u2019est pas sans rappeler le traitement postf\u00e9ministe du f\u00e9minisme. Comme le souligne Angela McRobbie (2009), l\u2019id\u00e9ologie postf\u00e9ministe, qui domine depuis les ann\u00e9es\u00a090, se distingue du ressac antif\u00e9ministe des ann\u00e9es\u00a080 dans son habile incorporation de certains \u00e9l\u00e9ments du f\u00e9minisme pour mieux le cong\u00e9dier. Le f\u00e9minisme radical est neutralis\u00e9 et d\u00e9clar\u00e9 pass\u00e9 en raison de l\u2019assimilation partielle de certaines de ses id\u00e9es les plus \u00e0 m\u00eame d\u2019avoir une valeur marchande (choix, autonomisation (<em>empowerment<\/em>), libert\u00e9 sexuelle,\u00a0<em>selfcare<\/em>). Ces valeurs f\u00e9ministes entrent dans la culture populaire qui les g\u00e9n\u00e9ralise, mais dans leur version hyperindividualis\u00e9e, et les convertit en autant de choix de style de vie et de consommation au diapason du n\u00e9olib\u00e9ralisme triomphant. C\u2019est par une prise en consid\u00e9ration bien particuli\u00e8re du f\u00e9minisme que le postf\u00e9minisme neutralise ce dernier, le rendant obsol\u00e8te aux yeux des jeunes femmes, car il est suppos\u00e9 avoir d\u00e9j\u00e0 jou\u00e9 son r\u00f4le. Ce double mouvement caract\u00e9risant le cong\u00e9diement habile du f\u00e9minisme par le postf\u00e9minisme marque aussi la relation du f\u00e9minisme acad\u00e9mique \u00e0 l\u2019intersectionnalit\u00e9 et aux figures f\u00e9ministes noires qui l\u2019ont forg\u00e9e. On les c\u00e9l\u00e8bre, mais plut\u00f4t comme des reliques, c\u2019est-\u00e0-dire sans engager un vrai dialogue avec leurs travaux, pass\u00e9s ou pr\u00e9sents, sans m\u00eame lire leurs textes fondateurs<a id=\"re1no16\" class=\"norenvoi\" title=\"Pour une critique des interpr\u00e9tations erron\u00e9es des textes fondateurs de Crenshaw, voir Tomlinson (2013).\" href=\"https:\/\/www.erudit.org\/fr\/revues\/rf\/2015-v28-n2-rf02280\/1034173ar\/#no16\">[16]<\/a>.<\/p>\n<\/div>\n<div id=\"pa25\" class=\"para\">\n<p class=\"alinea\">Un exemple probant \u00e0 cet \u00e9gard est l\u2019ouvrage collectif issu de la conf\u00e9rence internationale \u00ab\u00a0Celebrating Intersectionality?<em>\u00a0\u00bb<\/em>\u00a0tenue \u00e0 Francfort en 2009. Cette conf\u00e9rence \u00e9tait probl\u00e9matique \u00e0 plusieurs \u00e9gards (Lewis 2009)\u00a0: les organisatrices avaient invit\u00e9 des figures cl\u00e9s de l\u2019intersectionnalit\u00e9 \u2013 des universitaires f\u00e9ministes de couleur ou immigr\u00e9es\u00a0: Kimberl\u00e9 Crenshaw, des \u00c9tats-Unis, Ann Phoenix, Gail Lewis et Nira Yuval-Davis, du Royaume-Uni, Gloria Wekker, des Pays-Bas, tout en ignorant les chercheuses et les activistes racialis\u00e9es en Allemagne, qui avaient pourtant forg\u00e9 en premier une pens\u00e9e intersectionnelle dans ce pays (Petzen 2012). Il ne s\u2019agit pas l\u00e0 seulement d\u2019une question d\u2019inclusion\/exclusion dans telle ou telle conf\u00e9rence, mais de la constitution des archives intersectionnelles. Quand les conf\u00e9rences les plus importantes sur ces questions excluent de fa\u00e7on r\u00e9currente les personnes racialis\u00e9es, chercheuses et militantes, qui produisent des savoirs intersectionnels \u00e0 l\u2019\u00e9chelle locale, il devient plus facile de penser qu\u2019il n\u2019y a en effet pas de pens\u00e9e intersectionnelle ni de luttes intersectionnelles port\u00e9es par les femmes et les queers racialis\u00e9s du pays. Une fois cette impression install\u00e9e, il ne faut pas s\u2019\u00e9tonner de voir des travaux ne citant que les f\u00e9ministes blanches quand ils font un \u00e9tat de la recherche intersectionnelle dans le pays (Kerner 2012). \u00c0 coups d\u2019exclusion et d\u2019effacement, acc\u00e8de ainsi au statut de V\u00e9rit\u00e9 l\u2019id\u00e9e que l\u2019intersectionnalit\u00e9 a \u00e9t\u00e9 introduite en Allemagne par les f\u00e9ministes universitaires blanches au milieu des ann\u00e9es\u00a02000 au d\u00e9triment du travail intersectionnel de longue date r\u00e9alis\u00e9 par les femmes et les queers racialis\u00e9s en Allemagne (Petzen 2012; Guti\u00e9rrez Rodr\u00edguez 2010; Erel et autres 2008).<\/p>\n<\/div>\n<div id=\"pa26\" class=\"para\">\n<p class=\"alinea\">Les enjeux de pouvoir li\u00e9s \u00e0 l\u2019\u00ab\u00a0entr\u00e9e\u00a0\u00bb de la pens\u00e9e intersectionnelle en France sont semblables. Il est g\u00e9n\u00e9ralement admis que la pens\u00e9e f\u00e9ministe noire \u00e9tait inexistante en France jusqu\u2019\u00e0 la parution en 2008 d\u2019une anthologie rassemblant certains \u00e9crits f\u00e9ministes africains-am\u00e9ricains traduits de l\u2019anglais (voir Dorlin 2008). Une telle narration exclut tout le travail activiste et communautaire effectu\u00e9 par les f\u00e9ministes racialis\u00e9es en France avant cette date, qui est aussi, rappelons-le, un travail intellectuel producteur de cat\u00e9gories d\u2019analyse issues des exp\u00e9riences de vie et de luttes.<\/p>\n<\/div>\n<div id=\"pa27\" class=\"para\">\n<p class=\"alinea\">L\u2019association Lesbiennes of Color (LOCs), fond\u00e9e en 2009 et regroupant des f\u00e9ministes lesbiennes de France originaires de l\u2019Afrique, des Am\u00e9riques, des Antilles, des Cara\u00efbes, du Moyen-Orient et de l\u2019Asie, rappelle, sous l\u2019intitul\u00e9 judicieux \u00ab\u00a0Les LOCs ont la m\u00e9moire de nos oublis!\u00a0\u00bb, que les femmes racialis\u00e9es en France ont form\u00e9 des groupements d\u00e8s les ann\u00e9es\u00a070 et publi\u00e9 (d\u00e9pliants, brochures) en marge des institutions, \u00e0 l\u2019instar des f\u00e9ministes noires et chicanas aux \u00c9tats-Unis \u00e0 la m\u00eame \u00e9poque. Le r\u00e9trospectif des LOCs mentionne, entre autres, le groupe La Coordination des femmes noires, cr\u00e9\u00e9 en 1976 et pr\u00e9sid\u00e9 par la f\u00e9ministe s\u00e9n\u00e9galaise Awa Thiam, auteure de\u00a0<em>La parole aux n\u00e9gresses<\/em>\u00a0(1978). Le groupe \u00e9tait connu du mouvement des femmes en France de l\u2019\u00e9poque, m\u00eame si son existence est largement effac\u00e9e des narrations contemporaines de la pens\u00e9e f\u00e9ministe noire en France. Le milieu associatif lesbien de couleur a \u00e9t\u00e9 un lieu important de r\u00e9flexion et d\u2019action intersectionnelles avant m\u00eame l\u2019\u00ab\u00a0importation\u00a0\u00bb du terme en France. Ainsi, le Groupe du 6<strong>\u00a0<\/strong>novembre, groupement politique non mixte, a \u00e9t\u00e9 cr\u00e9\u00e9 en 1999 \u00ab\u00a0gr\u00e2ce \u00e0 la rencontre de lesbiennes dont l\u2019histoire \u00e9tait li\u00e9e \u00e0 l\u2019esclavagisme, \u00e0 l\u2019imp\u00e9rialisme, aux colonisations, aux migrations forc\u00e9es, celles qui sont d\u00e9sign\u00e9es dans les pays anglo-saxons sous le g\u00e9n\u00e9rique de \u201c\u00a0lesbians of color\u00a0\u201d\u00a0\u00bb (LOCS s.\u00a0d.); le collectif de lesbiennes arabes ou de langues et de culture arabes, Les N\u2019D\u00e9eSses, a \u00e9t\u00e9 form\u00e9 en 2001; et le Groupe LDR (lesbiennes contre les discriminations et le racisme), cr\u00e9\u00e9 en 2005, regroupe \u00ab\u00a0des lesbiennes f\u00e9ministes franco-fran\u00e7aises et des lesbiennes \u201c\u00a0of color\u00a0\u201d pour lutter contre toute forme de racisme et de discrimination au sein de la communaut\u00e9 lesbienne en France et au del\u00e0 des fronti\u00e8res<a id=\"re1no17\" class=\"norenvoi\" title=\"Voir le site Web suivant\u00a0: www.feministes-radicales.org\/solidarites\/lesbiennes-of-color-y-a-de-quoi-raler\/.\" href=\"https:\/\/www.erudit.org\/fr\/revues\/rf\/2015-v28-n2-rf02280\/1034173ar\/#no17\">[17]<\/a>\u00a0\u00bb (LOCs s.\u00a0d.).<\/p>\n<\/div>\n<div id=\"pa28\" class=\"para\">\n<p class=\"alinea\">Ces espaces militants sont autant de lieux d\u2019articulation des id\u00e9es intersectionnelles et des politiques de solidarit\u00e9 \u2013 comme cela a \u00e9t\u00e9 le cas en avril\u00a02015 avec la manifestation organis\u00e9e par les LOCs \u00e0 la m\u00e9moire de milliers de personnes r\u00e9fugi\u00e9es mortes naufrag\u00e9es en M\u00e9diterran\u00e9e et contre les politiques d\u2019asile draconiennes europ\u00e9ennes. Cela a \u00e9galement \u00e9t\u00e9 le cas plus r\u00e9cemment avec \u00ab\u00a0la Marche de la dignit\u00e9\u00a0\u00bb organis\u00e9e par un collectif des femmes pour d\u00e9noncer le racisme structurel et les violences polici\u00e8res. Dans le cadre de cette marche qui a eu lieu le 31\u00a0octobre\u00a02015 \u00e0 Paris, un certain nombre d\u2019associations comme le Collectif afrof\u00e9ministe MWASI ont pu faire conna\u00eetre leur vision et leurs luttes intersectionnelles par un plus grand public<a id=\"re1no18\" class=\"norenvoi\" title=\"L\u2019intersectionnalit\u00e9 est \u00e9num\u00e9r\u00e9e parmi les principes du collectif MWASI\u00a0: \u00ab\u00a0Intersectionnalit\u00e9\u00a0: nous souhaitons montrer comment les oppressions li\u00e9es \u00e0 la couleur de peau, le genre, l\u2019orientation se[\u2026]\" href=\"https:\/\/www.erudit.org\/fr\/revues\/rf\/2015-v28-n2-rf02280\/1034173ar\/#no18\">[18]<\/a>.<\/p>\n<\/div>\n<div id=\"pa29\" class=\"para\">\n<p class=\"alinea\">Ces groupes sont des lieux d\u2019articulation d\u2019une pens\u00e9e et d\u2019une praxis intersectionnelles, m\u00eame si le terme lui-m\u00eame n\u2019est pas toujours employ\u00e9, car ils luttent concr\u00e8tement contre plusieurs oppressions imbriqu\u00e9es\u00a0 (le racisme, le patriarcat, l\u2019exploitation capitaliste, l\u2019h\u00e9t\u00e9rosexisme, le capacitisme, etc.). Qui plus est, ils n\u2019h\u00e9sitent pas \u00e0 pousser les limites de la langue de Moli\u00e8re en inventant de nouveaux concepts, des mots de lutte, intersectionnels, tels que le \u00ab\u00a0blantriarcat\u00a0\u00bb (le patriarcat supr\u00e9matiste blanc) (MWASI Collectif Afrof\u00e9ministe 2015) et la \u00ab\u00a0misogynoire\u00a0\u00bb (la misogynie sp\u00e9cifique raciste visant les femmes noires)<a id=\"re1no19\" class=\"norenvoi\" title=\"Le terme \u00ab\u00a0misogynoire\u00a0\u00bb est l\u2019invention d\u2019une jeune bloggeuse queer noire \u00e9tatsunienne, Moya Bailey, qui l\u2019a utilis\u00e9 en 2010 dans un blog de Crunk Feminist Collective (The Visibility Project, 2014).\" href=\"https:\/\/www.erudit.org\/fr\/revues\/rf\/2015-v28-n2-rf02280\/1034173ar\/#no19\">[19]<\/a>\u00a0qui se r\u00e9pandent gr\u00e2ce aux m\u00e9dias sociaux. Ces groupes innovent donc, et ce, parce qu\u2019ils doivent composer avec les tensions et les contradictions propres aux positionnements sociaux et politiques des intersections et des interstices, parce qu\u2019ils doivent lutter contre plusieurs oppressions imbriqu\u00e9es.<\/p>\n<\/div>\n<div id=\"pa30\" class=\"para\">\n<p class=\"alinea\">Ces quelques exemples sont loin de repr\u00e9senter l\u2019\u00e9tendue et la diversit\u00e9 de l\u2019activisme et du travail communautaire intersectionnels des femmes et des queers racialis\u00e9s en France, dont les histoires intellectuelles sont souvent ignor\u00e9es quand elles ne sont pas transform\u00e9es en objet de recherche \u00ab\u00a0nouveau\u00a0\u00bb \u2013 nouveau parce que l\u2019int\u00e9r\u00eat blanc est nouveau. Ainsi, les discours sur les f\u00e9minismes de couleur et l\u2019intersectionnalit\u00e9 en France n\u2019omettent pas seulement la pens\u00e9e et l\u2019action militantes intersectionnelles qui existent depuis plusieurs d\u00e9cennies. Tout en postulant que l\u2019intersectionnalit\u00e9 en France s\u2019effectue \u00ab\u00a0en dialogue\u00a0\u00bb avec les perspectives anglophones, les d\u00e9bats et les espaces universitaires excluent les chercheuses racialis\u00e9es qui produisent des savoirs intersectionnels au sein non pas des \u00e9tudes de genre, mais en sociologie des migrations, en anthropologie, en \u00e9tudes postcoloniales, etc. (A\u00eft Ben Lmadani et Moujoud 2012). Il est donc imp\u00e9ratif de se demander, lorsqu\u2019une approche est pr\u00e9sent\u00e9e comme une \u00ab\u00a0nouveaut\u00e9\u00a0\u00bb venant d\u2019ailleurs, qui, parmi les actrices et les acteurs locaux, r\u00e9coltent les b\u00e9n\u00e9fices de cette \u00ab\u00a0introduction\u00a0\u00bb et qui sont ceux et celles qui en ressortent perdants. La non-reconnaissance de la contribution des chercheuses-activistes racialis\u00e9es \u00e0 la litt\u00e9rature scientifique intersectionnelle contemporaine r\u00e9v\u00e8le une ironie cruelle\u00a0: l\u2019outil intersectionnel forg\u00e9 par les f\u00e9ministes de couleur contre leur subjugation (entre autres, par le f\u00e9minisme h\u00e9g\u00e9monique) devient l\u2019outil de leur marginalisation entre des mains h\u00e9g\u00e9moniques.<\/p>\n<\/div>\n<\/section>\n<section id=\"s1n5\">\n<h2><em>Quid<\/em>\u00a0des pratiques blanchissantes?<\/h2>\n<div id=\"pa31\" class=\"para\">\n<p class=\"alinea\">Le blanchiment de l\u2019intersectionnalit\u00e9 n\u2019est pas un processus sans acteurs ni actrices. Il se concr\u00e9tise par notre travail d\u2019universitaires, nos pratiques de citations, nos valeurs adulant la th\u00e9orie (g\u00e9n\u00e9rale de surcro\u00eet) et m\u00e9prisant les savoirs activistes, notre f\u00e9tichisme m\u00e9thodologique. La volont\u00e9 d\u2019\u00e9tablir l\u2019intersectionnalit\u00e9 comme \u00ab\u00a0science\u00a0\u00bb conduit \u00e0 son blanchiment, car de cette volont\u00e9 d\u00e9coulent des pratiques disciplinaires qui domestiquent et d\u00e9politisent l\u2019intersectionnalit\u00e9 \u2013 pratiques qui consolident aussi les hi\u00e9rarchies de savoirs et les dichotomies qui se trouvent au fondement des \u00e9pist\u00e9mologies eurocentr\u00e9es et androcentr\u00e9es. Le f\u00e9minisme disciplinaire entend faire de l\u2019intersectionnalit\u00e9 un savoir dont la scientificit\u00e9 ne laisse aucun doute. Ironiquement, des efforts disciplinaires semblables ont \u00e9t\u00e9 mobilis\u00e9s il y a quelques d\u00e9cennies contre le f\u00e9minisme lui-m\u00eame (Crenshaw 2011\u00a0: 223). Par exemple, les dichotomies hi\u00e9rarchiques que le f\u00e9minisme acad\u00e9mique disciplinaire instaure aujourd\u2019hui contre les savoirs intersectionnels sont les m\u00eames qui ont \u00e9t\u00e9 mobilis\u00e9es contre les savoirs f\u00e9ministes il y a quelques d\u00e9cennies\u00a0: particulier\/universel; subjectif\/objectif; \u00e9motionnel\/rationnel; t\u00e9moignage sous-th\u00e9oris\u00e9 (mat\u00e9riau brut)\/th\u00e9orie \u00e0 part enti\u00e8re; connaissance situ\u00e9e et partielle\/savoir g\u00e9n\u00e9ral et universalisable; militantisme\/science.<\/p>\n<\/div>\n<div id=\"pa32\" class=\"para\">\n<p class=\"alinea\">L\u2019aspiration \u00e0 l\u2019universalit\u00e9\/g\u00e9n\u00e9ralit\u00e9 est une constante dans ce type d\u2019efforts. Le probl\u00e8me de cette aspiration est sa charge fortement racialis\u00e9e\u00a0: la division g\u00e9n\u00e9ral\/particulier est une division racialis\u00e9e. Affirmer que l\u2019intersectionnalit\u00e9 doit d\u00e9passer son stade de \u00ab\u00a0contenu particulariste\u00a0\u00bb, o\u00f9 elle a produit des connaissances sur les femmes de couleur, et aspirer \u00e0 devenir un paradigme de recherche g\u00e9n\u00e9ral (Hancock 2007) reproduit la racialisation qui conf\u00e8re seulement \u00e0 l\u2019exp\u00e9rience blanche le statut de savoir capable d\u2019engendrer la th\u00e9orie g\u00e9n\u00e9ralisable. Une focalisation sur un groupe multiminoris\u00e9 (les femmes noires) aux prises avec des rapports de pouvoir \u00ab\u00a0trop pr\u00e9visibles\u00a0\u00bb aurait le d\u00e9faut de produire des savoirs \u00ab\u00a0non repr\u00e9sentatifs\u00a0\u00bb des \u00ab\u00a0gens ordinaires\u00a0\u00bb (Prins 2006\u00a0: 282). Derri\u00e8re l\u2019\u00e9cran de scientificit\u00e9, que refl\u00e8te l\u2019expression \u00ab\u00a0non repr\u00e9sentatif\u00a0\u00bb, se trouve une hi\u00e9rarchie racialis\u00e9e o\u00f9 les femmes noires ne peuvent \u00eatre des \u00ab\u00a0gens ordinaires\u00a0\u00bb. En quoi les femmes blanches seraient-elles moins particuli\u00e8res que les femmes noires tant et si bien que leurs exp\u00e9riences pourraient repr\u00e9senter ce pr\u00e9tendu aspect g\u00e9n\u00e9ralisable des rapports de genre? La question ne se pose m\u00eame pas.<\/p>\n<\/div>\n<div id=\"pa33\" class=\"para\">\n<p class=\"alinea\">Une racialisation similaire se trouve dans la partition des types de savoirs intersectionnels. Selon un point de vue r\u00e9current (Staunaes 2003; Prins 2006), l\u2019intersectionnalit\u00e9 (universitaire) \u00e9tats-unienne serait structuraliste (privil\u00e9giant les analyses syst\u00e9miques), tandis que l\u2019intersectionnalit\u00e9 (universitaire) europ\u00e9enne serait poststructuraliste (attentive aux processus et aux complexes positionnements du sujet). Cette division d\u2019apparence neutre dissimule une hi\u00e9rarchie racialis\u00e9e des savoirs. L\u2019intersectionnalit\u00e9 \u00e9tats-unienne, largement produite par les f\u00e9ministes noires et de couleur, est ainsi vue comme \u00e9tant moins sophistiqu\u00e9e et nuanc\u00e9e que l\u2019intersectionnalit\u00e9 europ\u00e9enne (poststructuraliste et socioconstructiviste), laquelle est largement produite par les f\u00e9ministes blanches. Aussi, une telle division exprime une profonde ignorance du socioconstructivisme des \u00e9crits intersectionnels \u00e9tats-uniens. Quand il est affirm\u00e9 que l\u2019intersectionnalit\u00e9 doit \u00eatre secourue sur le chapitre th\u00e9orique pour qu\u2019elle devienne une \u00ab\u00a0th\u00e9orie \u00e0 part enti\u00e8re\u00a0\u00bb, comme par hasard tous les noms mentionn\u00e9s sont blancs\u00a0: Karl Marx, Max Weber, Judith Butler ou Rosi Braidotti (Walby 2007; Walby, Armstrong et Strid 2012; Lykke 2011).<\/p>\n<\/div>\n<div id=\"pa34\" class=\"para\">\n<p class=\"alinea\">De m\u00eame, l\u2019intersectionnalit\u00e9 est souvent somm\u00e9e de faire preuve de plus de rigueur scientifique et de d\u00e9velopper \u00ab\u00a0sa\u00a0\u00bb d\u00e9marche m\u00e9thodologique. Si ce n\u2019est pas sur le chapitre th\u00e9orique qu\u2019il faut secourir l\u2019intersectionnalit\u00e9, c\u2019est alors sur le chapitre m\u00e9thodologique. Crenshaw (2011\u00a0: 223; ma traduction) ironise avec verve au sujet de ces attentes r\u00e9p\u00e9titives\u00a0:<\/p>\n<blockquote class=\"bloccitation \">\n<p class=\"alinea\">Une question pos\u00e9e fr\u00e9quemment est de savoir si l\u2019intersectionnalit\u00e9 d\u00e9veloppera \u201c\u00a0une m\u00e9thodologie\u00a0\u201d. Je l\u2019appelle parfois la question de \u201c\u00a0l\u2019intersectionnalit\u00e9 va-t-elle enfin s\u2019\u00e9tablir et se trouver un vrai boulot?\u00a0\u201d Implicite dans cette demande est la supposition que l\u2019intersectionnalit\u00e9 serait un bon candidat sur papier; cependant, sans m\u00e9thodologie utilisable, elle n\u2019aurait pas de comp\u00e9tences pr\u00eates-\u00e0-l\u2019emploi.<\/p>\n<\/blockquote>\n<\/div>\n<div id=\"pa35\" class=\"para\">\n<p class=\"alinea\">Discr\u00e9diter l\u2019intersectionnalit\u00e9 sur le plan scientifique en lui reprochant de ne pas avoir \u00ab\u00a0sa\u00a0\u00bb d\u00e9marche m\u00e9thodologique illustre aussi une m\u00e9connaissance importante des travaux offrant des pistes et des directives m\u00e9thodologiques (Cuadraz et Uttal 1999; Bowleg 2008; Bilge 2009). Les chercheuses qui\u00a0<em>utilisent<\/em>\u00a0l\u2019intersectionnalit\u00e9 dans leurs recherches, au lieu de d\u00e9noncer sa carence en m\u00e9thodologie, font des choix m\u00e9thodologiques dont elles expliquent la raison, proposent des adaptations et des strat\u00e9gies pour concilier les besoins de leurs recherches avec l\u2019intersectionnalit\u00e9, ce qui implique aussi un regard critique sur la question de la m\u00e9thode qui n\u2019\u00e9chappe pas aux op\u00e9rations du pouvoir.<\/p>\n<\/div>\n<div id=\"pa36\" class=\"para\">\n<p class=\"alinea\">Soulignant que l\u2019intersectionnalit\u00e9 en est venue de nos jours \u00e0 signifier \u00ab\u00a0une position d\u2019appartenance \u00e0 une vague culture f\u00e9ministe globale transnationale\u00a0\u00bb, Madina Tlostanova (2015) met en garde contre la dissolution du positionnement du sujet politique, \u00e9thique et th\u00e9orique que l\u2019intersectionnalit\u00e9 avait initialement \u2013 positionnement qui fait de l\u2019intersectionnalit\u00e9 un savoir situ\u00e9\u00a0:<\/p>\n<blockquote class=\"bloccitation \">\n<p class=\"alinea\">L\u2019inqui\u00e9tant aujourd\u2019hui, alors que ce concept initialement contestataire a \u00e9t\u00e9 appropri\u00e9 et d\u00e9politis\u00e9 par les formes de\u00a0<em>statu quo<\/em>\u00a0du f\u00e9minisme occidental, c\u2019est que trop souvent le sujet qui parle d\u2019intersectionnalit\u00e9 n\u2019est en fait situ\u00e9 dans aucune des intersections qu\u2019il discute, mais se tient ouvertement, ou plus souvent subrepticement, au-dessus de la m\u00eal\u00e9e en tant qu\u2019observateur intouch\u00e9 par l\u2019intersection en question.<\/p>\n<\/blockquote>\n<\/div>\n<div id=\"pa37\" class=\"para\">\n<p class=\"alinea\">Au final, l\u2019intersectionnalit\u00e9 semble avoir perdu, au cours de certains de ses voyages, son bagage \u00e9pist\u00e9mique initial, soit la connaissance situ\u00e9e, en particulier le point de vue (<em>standpoint<\/em>) f\u00e9ministe noir. Les discours savants sur l\u2019intersectionnalit\u00e9 sont ainsi de plus en plus \u00e9nonc\u00e9s par un sujet connaissant mais sans localit\u00e9 ni corporalit\u00e9, caract\u00e9ristique de la conformit\u00e9 accrue de l\u2019intersectionnalit\u00e9 avec les normes \u00e9tablies de la science eurocentr\u00e9e.<\/p>\n<\/div>\n<div id=\"pa38\" class=\"para\">\n<p class=\"alinea\">Le blanchiment de l\u2019intersectionnalit\u00e9 se fait aussi par l\u2019entremise de recalibrages g\u00e9n\u00e9alogiques et d\u2019histoires racont\u00e9es sur l\u2019intersectionnalit\u00e9. Ainsi, certaines chercheuses n\u2019h\u00e9sitent pas \u00e0 faire d\u2019Alexandra Kollonta\u00ef une figure fondatrice de l\u2019intersectionnalit\u00e9 (Lykke 2011) et \u00e0 effacer de ce fait l\u2019habitus racial noir qui se situe au coeur de l\u2019intersectionnalit\u00e9. Un tel recalibrage qui r\u00e9\u00e9crit l\u2019histoire de l\u2019intersectionnalit\u00e9 a des effets sur son pr\u00e9sent. Non seulement il fait de l\u2019imbrication entre patriarcat et capitalisme le\u00a0<em>locus classicus<\/em>\u00a0de l\u2019intersectionnalit\u00e9, \u00e9clipsant la racialisation et le racisme, mais aussi cette disparition comme objet facilite la disparition comme sujet des f\u00e9ministes de couleur\u00a0: leur contribution cruciale aux savoirs intersectionnels contemporains peut \u00eatre ainsi ignor\u00e9e.<\/p>\n<\/div>\n<div id=\"pa39\" class=\"para\">\n<p class=\"alinea\">De toute \u00e9vidence, la question du blanchiment de l\u2019intersectionnalit\u00e9 s\u2019\u00e9claire en partie en pr\u00eatant attention aux pratiques de citations, de recadrages et de recalibrages g\u00e9n\u00e9alogiques et th\u00e9matiques, dans la canonisation de certains auteurs ou auteures et textes et l\u2019oubli des autres. Aussi faut-il souligner que la volont\u00e9 de standardiser l\u2019intersectionnalit\u00e9 et de produire une sorte de \u00ab\u00a0mode d\u2019emploi\u00a0\u00bb facile est une caract\u00e9ristique du march\u00e9 des savoirs en cette \u00e8re n\u00e9olib\u00e9rale o\u00f9 les savoirs sont souhait\u00e9s \u00ab\u00a0pr\u00eats \u00e0 consommer\u00a0\u00bb et faciles \u00e0 dig\u00e9rer. Comme le souligne Patricia Hill Collins (2009), l\u2019intersectionnalit\u00e9 devient alors une pens\u00e9e \u00e0 ingurgiter et \u00e0 \u00e9carter aussit\u00f4t qu\u2019une nouvelle tendance plus s\u00e9duisante se profile \u00e0 l\u2019horizon. Les appels h\u00e2tifs \u00e0 la post-intersectionnalit\u00e9<a id=\"re1no20\" class=\"norenvoi\" title=\"Voir Sumi Cho (2013), pour une critique inform\u00e9e de la litt\u00e9rature \u00e9mergente de post-intersectionnalit\u00e9 dans le champ des \u00e9tudes critiques juridiques et de la th\u00e9orie critique de la race. Ironiquement[\u2026]\" href=\"https:\/\/www.erudit.org\/fr\/revues\/rf\/2015-v28-n2-rf02280\/1034173ar\/#no20\">[20]<\/a>\u00a0qui souhaitent la remplacer par des approches pr\u00e9tendument nouvelles, qui n\u2019ont pourtant de nouveau que leur recours au pr\u00e9fixe \u00ab\u00a0post-\u00a0\u00bb qui met l\u2019intersectionnalit\u00e9 au rancart. Et leurs appellations \u2013 cosynth\u00e8se (Kwan 2000), multidimensionnalit\u00e9 (Hutchinson 2001), th\u00e9orie de la symbiose (Ehrenreich 2002), etc., rappellent avec acuit\u00e9 la course \u00e0 la nouveaut\u00e9 et l\u2019anxi\u00e9t\u00e9 de devenir un\u00a0<em>has-been<\/em>\u00a0sur le plan th\u00e9orique qui caract\u00e9risent l\u2019\u00e9conomie politique des savoirs \u00e0 l\u2019\u00e8re de l\u2019universit\u00e9 n\u00e9olib\u00e9rale.<\/p>\n<\/div>\n<\/section>\n<section id=\"s1n6\">\n<h2>Conclusion<\/h2>\n<div id=\"pa40\" class=\"para\">\n<p class=\"alinea\">L\u2019intersectionnalit\u00e9 \u00e9tait une praxis avant d\u2019\u00eatre un savoir universitaire. Comme savoir militant, il a \u00e9t\u00e9 forg\u00e9 au sein des luttes de justice sociale. Que des universitaires la dissocient de son ancrage militant et racialis\u00e9 et s\u2019embourbent dans des d\u00e9bats th\u00e9oriques et m\u00e9tath\u00e9oriques de plus en plus abscons n\u2019emp\u00eache pas les groupes multiminoris\u00e9s sur le terrain de l\u2019utiliser et de la refa\u00e7onner dans leurs luttes en fonction de leurs besoins, et ce, aussi bien dans le Sud global que dans le Nord. Il ne suffit pas de ressasser les origines militantes de l\u2019intersectionnalit\u00e9 ou ses fondatrices de couleur, ni d\u2019invoquer le manifeste du collectif Combahee River pour assurer que l\u2019intersectionnalit\u00e9 demeure un savoir engag\u00e9 dans la justice sociale et l\u2019\u00e9mancipation. Pendant que les Combahee de notre \u00e9poque, articulent sur le terrain des luttes et des imaginaires politiques intersectionnels, le milieu universitaire semble peu soucieux de d\u00e9velopper l\u2019intersectionnalit\u00e9 de la mani\u00e8re la plus pertinente pour les luttes de justice sociale d\u2019aujourd\u2019hui. Les universitaires engag\u00e9s doivent (re)trouver le souci d\u2019articuler les savoirs de fa\u00e7on utile et concr\u00e8te autour des luttes d\u2019\u00e9mancipation intersectionnelles pour contribuer \u00e0 en \u00e9largir les imaginaires politiques et les possibilit\u00e9s de coalition.<\/p>\n<\/div>\n<\/section>\n<div class=\"row\">\n<section class=\"partiesann col-xs-12\">\n<h2 class=\"sr-only\">Parties annexes<\/h2>\n<\/section>\n<section id=\"grnotebio\" class=\"article-section grnotebio\" role=\"complementary\">\n<h2>Note biographique<\/h2>\n<div class=\"notebio\">\n<p class=\"alinea\">Sirma Bilge est professeure agr\u00e9g\u00e9e au D\u00e9partement de sociologie \u00e0 l\u2019Universit\u00e9 de Montr\u00e9al. Ses travaux r\u00e9cents portent sur l\u2019intersectionnalit\u00e9 et la gouvernementalit\u00e9 racialis\u00e9e de l\u2019immigration et de l\u2019int\u00e9gration au Qu\u00e9bec. Ses publications r\u00e9centes incluent les titres suivants\u00a0: en 2014, \u00ab\u00a0La pertinence de Hall pour l\u2019\u00e9tude de l\u2019intersectionnalit\u00e9\u00a0\u00bb (<em>NPS<\/em>, 26, 2\u00a0: 65-82) et \u00ab\u00a0Whitening Intersectionality. Evanescence of Race in Intersectionality Scholarship\u00a0\u00bb (dans Wulf D. Hund et Alana Lentin (dir.),\u00a0<em>Racism and Sociology<\/em>. Berlin, Lit Verlag\/Routledge\u00a0: 175-205); en 2013, \u00ab\u00a0Intersectionality Undone\u00a0: Saving Intersectionality from Feminist Intersectionality Studies\u00a0\u00bb (<em>Du Bois Review<\/em>, 10, 2\u00a0: 405-424) et \u00ab\u00a0Reading the Racial Subtext of the Qu\u00e9b\u00e9cois Accommodation Controversy\u00a0: An Analytics of Racialized Governmentality\u00a0\u00bb (<em>Politikon<\/em>, 40, 1\u00a0: 157-181).<\/p>\n<\/div>\n<\/section>\n<section id=\"grnote\" class=\"article-section grnote\" role=\"complementary\">\n<h2>Notes<\/h2>\n<ol class=\"unstyled\">\n<li id=\"no1\" class=\"note\"><a class=\"nonote\" href=\"https:\/\/www.erudit.org\/fr\/revues\/rf\/2015-v28-n2-rf02280\/1034173ar\/#re1no1\">[1]<\/a>\n<p class=\"alinea\">Je remercie Nacira Gu\u00e9nif de m\u2019avoir signal\u00e9 le potentiel s\u00e9mantique plus grand du terme \u00ab\u00a0blanchiment\u00a0\u00bb par rapport au \u00ab\u00a0blanchissement\u00a0\u00bb dans le contexte de mon usage. \u00ab\u00a0Blanchiment\u00a0\u00bb signifie, en sus de rendre blanc, disculper quelqu\u2019un, le laver de tout soup\u00e7on, faire subir \u00e0 des fonds une s\u00e9rie d\u2019op\u00e9rations \u00e0 la suite desquelles leur origine frauduleuse, ill\u00e9gale peut \u00eatre dissimul\u00e9e, etc. Par exemple, selon McWhorter (2004\u00a0: 38), par ses grandes gesticulations autour de l\u2019intersectionnalit\u00e9, le f\u00e9minisme h\u00e9g\u00e9monique se d\u00e9fendrait de toute accusation de racisme et de classisme; dans ce sens, l\u2019intersectionnalit\u00e9 aurait un effet blanchissant (absolvant) sur le f\u00e9minisme h\u00e9g\u00e9monique.<\/p>\n<\/li>\n<li id=\"no2\" class=\"note\"><a class=\"nonote\" href=\"https:\/\/www.erudit.org\/fr\/revues\/rf\/2015-v28-n2-rf02280\/1034173ar\/#re1no2\">[2]<\/a>\n<p class=\"alinea\">Voici deux exemples parmi d\u2019autres\u00a0: l\u2019audience th\u00e9matique organis\u00e9e par la Commission interam\u00e9ricaine des droits de l\u2019homme [<em>sic<\/em>] (CIDH) sur la discrimination intersectionnelle v\u00e9cue par les femmes autochtones des Am\u00e9riques, \u00e0 Washington (DC), en 2012, et une conf\u00e9rence intitul\u00e9e \u00ab\u00a0Intersectionality in the Inter-American Human Rights System\u00a0\u00bb (IAHRS), \u00e0 la Facult\u00e9 de droit de l\u2019Universit\u00e9 Colombia \u00e0 New York, en 2013.<\/p>\n<\/li>\n<li id=\"no3\" class=\"note\"><a class=\"nonote\" href=\"https:\/\/www.erudit.org\/fr\/revues\/rf\/2015-v28-n2-rf02280\/1034173ar\/#re1no3\">[3]<\/a>\n<p class=\"alinea\">Le cas br\u00e9silien est \u00e9loquent\u00a0: voir Sueli Carneiro (2002).<\/p>\n<\/li>\n<li id=\"no4\" class=\"note\"><a class=\"nonote\" href=\"https:\/\/www.erudit.org\/fr\/revues\/rf\/2015-v28-n2-rf02280\/1034173ar\/#re1no4\">[4]<\/a>\n<p class=\"alinea\">La d\u00e9claration et le programme d\u2019action adopt\u00e9s par le forum des organisations non gouvernementales (ONG) lors de la conf\u00e9rence de Durban emploient explicitement le terme \u00ab\u00a0intersectionnalit\u00e9\u00a0\u00bb, plut\u00f4t que d\u2019en \u00e9voquer l\u2019id\u00e9e \u00e0 partir du concept de discriminations multiples, et ce, dans plusieurs articles, dont l\u2019article\u00a0119 expliquant ce qui est entendu par une approche intersectionnelle de la discrimination (Bilge et Roy 2010\u00a0: 52).<\/p>\n<\/li>\n<li id=\"no5\" class=\"note\"><a class=\"nonote\" href=\"https:\/\/www.erudit.org\/fr\/revues\/rf\/2015-v28-n2-rf02280\/1034173ar\/#re1no5\">[5]<\/a>\n<p class=\"alinea\">Contraction des termes \u00ab\u00a0africain\u00a0\u00bb et \u00ab\u00a0europ\u00e9en\u00a0\u00bb, le terme \u00ab\u00a0afrop\u00e9en\u00a0\u00bb (<em>afropean<\/em>) renvoie \u00e0 une nouvelle cat\u00e9gorie d\u2019identification qui a \u00e9merg\u00e9 de l\u2019exp\u00e9rience diasporique africaine (des populations subsahariennes et afrodescendantes) en Europe. Il est entr\u00e9 dans l\u2019usage gr\u00e2ce surtout au travail des artistes de la diaspora africaine comme L\u00e9onora Miano, \u00e9crivaine d\u2019origine camerounaise install\u00e9e en France qui revendique l\u2019\u00ab\u00a0afrop\u00e9anit\u00e9\u00a0\u00bb qu\u2019elle articule dans ses oeuvres, ou Baloji, rappeur belgo-congolais. Plus r\u00e9cemment, le terme a eu droit de cit\u00e9 dans les m\u00e9dias fran\u00e7ais grand public autour du travail th\u00e9\u00e2tral d\u2019Eva Doumbia qui repose sur les travaux de Miano. Doumbia pr\u00e9cise avoir d\u00e9couvert le terme \u00ab\u00a0afrop\u00e9en\u00a0\u00bb dans le recueil de nouvelles\u00a0<em>Afropean Soul<\/em>\u00a0(2008) de Miano et son roman\u00a0<em>Blues pour Elise<\/em>\u00a0(2010), sous-titr\u00e9 \u00ab\u00a0S\u00e9quences afrop\u00e9ennes\u00a0\u00bb (<a id=\"ls14\" href=\"http:\/\/www.lemonde.fr\/afrique\/article\/2015\/02\/14\/les-afropeens-se-re-presentent-au-carreau-du-temple_4576610_3212.html#TVweHu84mPoATmt8.99\" target=\"_blank\" rel=\"noopener\">www.lemonde.fr\/afrique\/article\/ 2015\/02\/14\/les-afropeens-se-re-presentent-au-carreau-du-temple_4576610_3212.html#TVweHu84mPoATmt8.99<\/a>).<\/p>\n<\/li>\n<li id=\"no6\" class=\"note\"><a class=\"nonote\" href=\"https:\/\/www.erudit.org\/fr\/revues\/rf\/2015-v28-n2-rf02280\/1034173ar\/#re1no6\">[6]<\/a>\n<p class=\"alinea\">Pour des \u00e9crits se r\u00e9f\u00e9rant explicitement au concept de l\u2019intersectionnalit\u00e9 (<em>kesi<\/em><em>\u015f<\/em><em>imsellik<\/em>\u00a0en turc) dans le contexte de la r\u00e9sistance Gezi, voir Kubra (2013) et Durba\u015f (2013).<\/p>\n<\/li>\n<li id=\"no7\" class=\"note\"><a class=\"nonote\" href=\"https:\/\/www.erudit.org\/fr\/revues\/rf\/2015-v28-n2-rf02280\/1034173ar\/#re1no7\">[7]<\/a>\n<p class=\"alinea\">Voir la lettre ouverte\u00a0:\u00a0<em>An Open Letter from Black Women to the SlutWalk September\u00a023, 2011<\/em>\u00a0(<a id=\"ls15\" href=\"http:\/\/www.womanist-musings.com\/2011\/09\/open-letter-from-black-women-to.html\" target=\"_blank\" rel=\"noopener\">www.womanist-musings.com\/2011\/09\/open-letter-from-black-women-to.html<\/a>), ainsi que le blog du Crunk Feminist Collective\u00a0:\u00a0<em>I Saw the Sign, But did We Really Need a Sign? SlutWalk and Racism<\/em>\u00a0(<a id=\"ls16\" href=\"http:\/\/crunkfeministcollective.wordpress.com\/2011\/10\/06\/i-saw-the-sign-but-did-we-really-need-a-sign-slutwalk-and-racism\/\" target=\"_blank\" rel=\"noopener\">crunkfeministcollective.wordpress.com\/2011\/10\/06\/i-saw-the-sign-but-did-we-really-need-a-sign-slutwalk-and-racism\/<\/a>).<\/p>\n<\/li>\n<li id=\"no8\" class=\"note\"><a class=\"nonote\" href=\"https:\/\/www.erudit.org\/fr\/revues\/rf\/2015-v28-n2-rf02280\/1034173ar\/#re1no8\">[8]<\/a>\n<p class=\"alinea\">Je remercie Valeria Leighton d\u2019avoir attir\u00e9 mon attention sur le projet MISEAL.<\/p>\n<\/li>\n<li id=\"no9\" class=\"note\"><a class=\"nonote\" href=\"https:\/\/www.erudit.org\/fr\/revues\/rf\/2015-v28-n2-rf02280\/1034173ar\/#re1no9\">[9]<\/a>\n<p class=\"alinea\">Pour la liste des \u00e9tablissements qui y participent, voir le site Web suivant\u00a0:\u00a0<a id=\"ls17\" href=\"http:\/\/www.miseal.net\/\" target=\"_blank\" rel=\"noopener\">www.miseal.net<\/a>. Les pays vis\u00e9s sont\u00a0: en Am\u00e9rique latine\u00a0: l\u2019Argentine, le Br\u00e9sil, la Colombie, le Costa Rica, le Chili, le Salvador, le Guat\u00e9mala, le Mexique, le Nicaragua, le P\u00e9rou et l\u2019Uruguay; en Europe\u00a0: l\u2019Allemagne, l\u2019Espagne, la Pologne et le Royaume-Uni.<\/p>\n<\/li>\n<li id=\"no10\" class=\"note\"><a class=\"nonote\" href=\"https:\/\/www.erudit.org\/fr\/revues\/rf\/2015-v28-n2-rf02280\/1034173ar\/#re1no10\">[10]<\/a>\n<p class=\"alinea\">Voir le site Web suivant\u00a0:\u00a0<a id=\"ls18\" href=\"http:\/\/www.miseal.net\/index.php\/formacion-esiine\" target=\"_blank\" rel=\"noopener\">www.miseal.net\/index.php\/formacion-esiine<\/a>\u00a0(12\u00a0ao\u00fbt\u00a02015).<\/p>\n<\/li>\n<li id=\"no11\" class=\"note\"><a class=\"nonote\" href=\"https:\/\/www.erudit.org\/fr\/revues\/rf\/2015-v28-n2-rf02280\/1034173ar\/#re1no11\">[11]<\/a>\n<p class=\"alinea\">Pour une discussion des enjeux d\u00e9finitoires de l\u2019intersectionnalit\u00e9, voir Collins et Bilge (\u00e0 para\u00eetre).<\/p>\n<\/li>\n<li id=\"no12\" class=\"note\"><a class=\"nonote\" href=\"https:\/\/www.erudit.org\/fr\/revues\/rf\/2015-v28-n2-rf02280\/1034173ar\/#re1no12\">[12]<\/a>\n<p class=\"alinea\">Il convient de pr\u00e9ciser pourquoi je parle de\u00a0<em>formations sociales<\/em>\u00a0de race, de genre, de classe, etc., plut\u00f4t que de\u00a0<em>cat\u00e9gories<\/em>\u00a0sociales ou encore de\u00a0<em>relations<\/em>\u00a0sociales de race, de genre, de classe, etc., qui sont les termes fr\u00e9quemment employ\u00e9s. En ce qui me concerne, je comprends la formation sociale comme un complexe int\u00e9gr\u00e9, mais contest\u00e9, qui a une autonomie relative par rapport aux autres formations sociales, tout en leur \u00e9tant li\u00e9 par une relation d\u2019interd\u00e9pendance historiquement contingente. D\u2019h\u00e9ritage marxiste structuraliste, la formation sociale signifiait initialement, notamment dans les travaux de son concepteur, un complexe comprenant des relations \u00e9conomiques, politiques et id\u00e9ologiques, interreli\u00e9es, mais dans lequel l\u2019\u00e9conomique restait d\u00e9terminant \u00ab\u00a0en derni\u00e8re instance\u00a0\u00bb. Plus tard, d\u2019autres ont rompu avec ce d\u00e9terminisme \u00e9conomique, m\u00eame s\u2019il a \u00e9t\u00e9 assign\u00e9 \u00e0 la derni\u00e8re instance, et ont \u00e9tendu le champ d\u2019application du terme pour parler de la race comme formation sociale, c\u2019est-\u00e0-dire un complexe dot\u00e9 d\u2019une autonomie relative par rapport aux autres formations sociales, surtout \u00e0 la classe, tout en lui \u00e9tant interreli\u00e9 (par exemple, Stuart Hall, Michael Omi et Howard Winant, David T. Goldberg et \u00c9tienne Balibar), de la nation (par exemple, \u00c9tienne Balibar), du genre (par exemple, Denise Riley et Joan W. Scott) et de l\u2019ethnicit\u00e9 et du genre (par exemple, Danielle Juteau). Force est de constater que les interrelations constitutives d\u2019une formation sociale, de m\u00eame que celles qui lient les diff\u00e9rentes formations sociales entre elles pour former le tout social, sont historiquement contingentes, ce qui voue \u00e0 l\u2019\u00e9chec toute th\u00e9orisation universelle (ind\u00e9pendante du temps et de l\u2019espace).<\/p>\n<\/li>\n<li id=\"no13\" class=\"note\"><a class=\"nonote\" href=\"https:\/\/www.erudit.org\/fr\/revues\/rf\/2015-v28-n2-rf02280\/1034173ar\/#re1no13\">[13]<\/a>\n<p class=\"alinea\">Pour penser l\u2019irr\u00e9ductibilit\u00e9 et l\u2019indissociabilit\u00e9 simultan\u00e9es des rapports sociaux, ma source premi\u00e8re a \u00e9t\u00e9 un article fort \u00e9clairant de Danielle Juteau (1994) qui d\u00e9finit ces rapports comme empiriquement imbriqu\u00e9s, mais analytiquement dissociables, et met en garde l\u2019analyste contre tout r\u00e9ductionnisme (d\u00e9terminisme) dans ses efforts en vue d\u2019expliquer la structure d\u2019une formation sociale.<\/p>\n<\/li>\n<li id=\"no14\" class=\"note\"><a class=\"nonote\" href=\"https:\/\/www.erudit.org\/fr\/revues\/rf\/2015-v28-n2-rf02280\/1034173ar\/#re1no14\">[14]<\/a>\n<p class=\"alinea\">La praxis renvoie \u00e0 \u00ab\u00a0une action consciente et intentionnelle, notamment dans la pens\u00e9e marxiste, par laquelle th\u00e9orie et philosophie sont transform\u00e9es en activit\u00e9 sociale pratique; c\u2019est aussi une synth\u00e8se de th\u00e9orie et de pratique vue comme un fondement du changement politique et \u00e9conomique ou une condition de ce dernier\u00a0\u00bb (Oxford English Dictionary online s.\u00a0d.; ma traduction).<\/p>\n<\/li>\n<li id=\"no15\" class=\"note\"><a class=\"nonote\" href=\"https:\/\/www.erudit.org\/fr\/revues\/rf\/2015-v28-n2-rf02280\/1034173ar\/#re1no15\">[15]<\/a>\n<p class=\"alinea\">Par exemple, au sein du mouvement noir conservateur aux \u00c9tats-Unis, on note le recours \u00e0 un discours intersectionnel, voire \u00e0 une analyse de ce type pour avancer des politiques conservatrices, h\u00e9t\u00e9rosexistes et homophobes (Lindsay 2013).<\/p>\n<\/li>\n<li id=\"no16\" class=\"note\"><a class=\"nonote\" href=\"https:\/\/www.erudit.org\/fr\/revues\/rf\/2015-v28-n2-rf02280\/1034173ar\/#re1no16\">[16]<\/a>\n<p class=\"alinea\">Pour une critique des interpr\u00e9tations erron\u00e9es des textes fondateurs de Crenshaw, voir Tomlinson (2013).<\/p>\n<\/li>\n<li id=\"no17\" class=\"note\"><a class=\"nonote\" href=\"https:\/\/www.erudit.org\/fr\/revues\/rf\/2015-v28-n2-rf02280\/1034173ar\/#re1no17\">[17]<\/a>\n<p class=\"alinea\">Voir le site Web suivant\u00a0:\u00a0<a id=\"ls19\" href=\"http:\/\/www.feministes-radicales.org\/solidarites\/lesbiennes-of-color-y-a-de-quoi-raler\/\" target=\"_blank\" rel=\"noopener\">www.feministes-radicales.org\/solidarites\/lesbiennes-of-color-y-a-de-quoi-raler\/<\/a>.<\/p>\n<\/li>\n<li id=\"no18\" class=\"note\"><a class=\"nonote\" href=\"https:\/\/www.erudit.org\/fr\/revues\/rf\/2015-v28-n2-rf02280\/1034173ar\/#re1no18\">[18]<\/a>\n<p class=\"alinea\">L\u2019intersectionnalit\u00e9 est \u00e9num\u00e9r\u00e9e parmi les principes du collectif MWASI\u00a0: \u00ab\u00a0Intersectionnalit\u00e9\u00a0: nous souhaitons montrer comment les oppressions li\u00e9es \u00e0 la couleur de peau, le genre, l\u2019orientation sexuelle et la classe sont interconnect\u00e9es \u2013 Lutter contre toutes les formes d\u2019oppressions sans les hi\u00e9rarchiser \u2013 Notre Afrof\u00e9minisme est d\u00e9colonial et anti-imp\u00e9rialiste.\u00a0\u00bb (<a id=\"ls20\" href=\"http:\/\/mwasicollectif.com\/\" target=\"_blank\" rel=\"noopener\">mwasicollectif.com\/<\/a>).<\/p>\n<\/li>\n<li id=\"no19\" class=\"note\"><a class=\"nonote\" href=\"https:\/\/www.erudit.org\/fr\/revues\/rf\/2015-v28-n2-rf02280\/1034173ar\/#re1no19\">[19]<\/a>\n<p class=\"alinea\">Le terme \u00ab\u00a0misogynoire\u00a0\u00bb est l\u2019invention d\u2019une jeune bloggeuse queer noire \u00e9tatsunienne, Moya Bailey, qui l\u2019a utilis\u00e9 en 2010 dans un blog de Crunk Feminist Collective (The Visibility Project, 2014).<\/p>\n<\/li>\n<li id=\"no20\" class=\"note\"><a class=\"nonote\" href=\"https:\/\/www.erudit.org\/fr\/revues\/rf\/2015-v28-n2-rf02280\/1034173ar\/#re1no20\">[20]<\/a>\n<p class=\"alinea\">Voir Sumi Cho (2013), pour une critique inform\u00e9e de la litt\u00e9rature \u00e9mergente de post-intersectionnalit\u00e9 dans le champ des \u00e9tudes critiques juridiques et de la th\u00e9orie critique de la race. Ironiquement, la plupart des personnes qui s\u2019inscrivent par leurs \u00e9crits ou propos dans la post-intersectionnalit\u00e9 dans ce champ sont des hommes racialis\u00e9s faisant des \u00e9tudes critiques progressives de masculinit\u00e9s.<\/p>\n<\/li>\n<\/ol>\n<\/section>\n<section id=\"grbiblio\" class=\"article-section grbiblio\" role=\"complementary\">\n<h2 id=\"biblio-1\">R\u00e9f\u00e9rences<\/h2>\n<div class=\"biblio\">\n<ol class=\"unstyled biblio\">\n<li id=\"rb1\" class=\"refbiblio\">A\u00cfT BEN LMADANI, Fatima, et Nassima MOUJOUD, 2012 \u00ab\u00a0Peut-on faire de l\u2019intersectionnalit\u00e9 sans les ex-colonis\u00e9-e-s?\u00a0\u00bb,\u00a0<em>Mouvements<\/em>, 72\u00a0: 11-21.\n<div class=\"refbiblio-links\"><a class=\"refbiblio-link scholar-link\" href=\"http:\/\/scholar.google.com\/scholar?q=A%C3%8FT%20BEN%20LMADANI,%20Fatima,%20et%20Nassima%20MOUJOUD,%202012%20%C2%AB%C2%A0Peut-on%20faire%20de%20l%E2%80%99intersectionnalit%C3%A9%20sans%20les%20ex-colonis%C3%A9-e-s?%C2%A0%C2%BB,%20Mouvements,%2072%C2%A0:%2011-21.\" target=\"_blank\" rel=\"noopener\">Google Scholar<\/a>\u00a0<a class=\"refbiblio-link idpublic\" href=\"https:\/\/doi.org\/10.3917\/mouv.072.0011\" target=\"_blank\" rel=\"noopener\">10.3917\/mouv.072.0011<\/a><\/div>\n<\/li>\n<li id=\"rb2\" class=\"refbiblio\">ALCOFF, Linda, et Satya MOHANTY, 2006 \u00ab\u00a0Reconsidering Identity Politics\u00a0: An Introduction\u00a0\u00bb, dans Linda Mart\u00edn Alcoff et autres (dir.),\u00a0<em>Identity Politics Reconsidered<\/em>. New York, Palgrave-Macmillan\u00a0: 1-9.\n<div class=\"refbiblio-links\"><a class=\"refbiblio-link scholar-link\" href=\"http:\/\/scholar.google.com\/scholar?q=ALCOFF,%20Linda,%20et%20Satya%20MOHANTY,%202006%20%C2%AB%C2%A0Reconsidering%20Identity%20Politics%C2%A0:%20An%20Introduction%C2%A0%C2%BB,%20dans%20Linda%20Mart%C3%ADn%20Alcoff%20et%20autres%20(dir.),%20Identity%20Politics%20Reconsidered.%20New%20York,%20Palgrave-Macmillan%C2%A0:%201-9.\" target=\"_blank\" rel=\"noopener\">Google Scholar<\/a><\/div>\n<\/li>\n<li id=\"rb3\" class=\"refbiblio\">BILGE, Sirma, 2015 \u00ab\u00a0La pertinence de Hall pour l\u2019\u00e9tude de l\u2019intersectionnalit\u00e9\u00a0\u00bb,\u00a0<em>Nouvelles Pratiques sociales<\/em>, 26, 2\u00a0: 65-82.\n<div class=\"refbiblio-links\"><a class=\"refbiblio-link scholar-link\" href=\"http:\/\/scholar.google.com\/scholar?q=BILGE,%20Sirma,%202015%20%C2%AB%C2%A0La%20pertinence%20de%20Hall%20pour%20l%E2%80%99%C3%A9tude%20de%20l%E2%80%99intersectionnalit%C3%A9%C2%A0%C2%BB,%20Nouvelles%20Pratiques%20sociales,%2026,%202%C2%A0:%2065-82.%20\" target=\"_blank\" rel=\"noopener\">Google Scholar<\/a><\/div>\n<\/li>\n<li id=\"rb4\" class=\"refbiblio\">BILGE, Sirma, 2014 \u00ab\u00a0Whitening Intersectionality. Evanescence of Race in Intersectionality Scholarship\u00a0\u00bb, dans Wulf D. Hund et Alana Lentin (dir.),\u00a0<em>Racism and Sociology<\/em>. Berlin, Lit Verlag\/Routledge\u00a0: 175-205.\n<div class=\"refbiblio-links\"><a class=\"refbiblio-link scholar-link\" href=\"http:\/\/scholar.google.com\/scholar?q=BILGE,%20Sirma,%202014%20%C2%AB%C2%A0Whitening%20Intersectionality.%20Evanescence%20of%20Race%20in%20Intersectionality%20Scholarship%C2%A0%C2%BB,%20dans%20Wulf%20D.%20Hund%20et%20Alana%20Lentin%20(dir.),%20Racism%20and%20Sociology.%20Berlin,%20Lit%20Verlag\/Routledge%C2%A0:%20175-205.\" target=\"_blank\" rel=\"noopener\">Google Scholar<\/a><\/div>\n<\/li>\n<li id=\"rb5\" class=\"refbiblio\">BILGE, Sirma, 2013 \u00ab\u00a0Intersectionality Undone\u00a0: Saving Intersectionality from Feminist Intersectionality Studies\u00a0\u00bb,\u00a0<em>Du Bois Review<\/em>, 10, 2\u00a0: 405-424.\n<div class=\"refbiblio-links\"><a class=\"refbiblio-link scholar-link\" href=\"http:\/\/scholar.google.com\/scholar?q=BILGE,%20Sirma,%202013%20%C2%AB%C2%A0Intersectionality%20Undone%C2%A0:%20Saving%20Intersectionality%20from%20Feminist%20Intersectionality%20Studies%C2%A0%C2%BB,%20Du%20Bois%20Review,%2010,%202%C2%A0:%20405-424.\" target=\"_blank\" rel=\"noopener\">Google Scholar<\/a><\/div>\n<\/li>\n<li id=\"rb6\" class=\"refbiblio\">BILGE, Sirma, 2012 \u00ab\u00a0Developing Intersectional Solidarities\u00a0: A Plea for Queer Intersectionality\u00a0\u00bb, dans Malinda Smith et Fatima Jaffer (dir.),\u00a0<em>Beyond the Queer Alphabet<\/em>\u00a0<em>: Conversations in Gender, Sexuality and Intersectionality<\/em>. Edmonton, University of Alberta, Teaching Equity Matters E-book series.\n<div class=\"refbiblio-links\"><a class=\"refbiblio-link scholar-link\" href=\"http:\/\/scholar.google.com\/scholar?q=BILGE,%20Sirma,%202012%20%C2%AB%C2%A0Developing%20Intersectional%20Solidarities%C2%A0:%20A%20Plea%20for%20Queer%20Intersectionality%C2%A0%C2%BB,%20dans%20Malinda%20Smith%20et%20Fatima%20Jaffer%20(dir.),%20Beyond%20the%20Queer%20Alphabet%C2%A0:%20Conversations%20in%20Gender,%20Sexuality%20and%20Intersectionality.%20Edmonton,%20University%20of%20Alberta,%20Teaching%20Equity%20Matters%20E-book%20series.\" target=\"_blank\" rel=\"noopener\">Google Scholar<\/a><\/div>\n<\/li>\n<li id=\"rb7\" class=\"refbiblio\">BILGE, Sirma, 2009 \u00ab\u00a0Smuggling Intersectionality into the Study of Masculinity<em><strong>\u00a0<\/strong><\/em>: Some Methodological Challenges\u00a0\u00bb, communication pour la conf\u00e9rence internationale Feminist Research Methods, Universit\u00e9 de Stockholm, 4-9\u00a0f\u00e9vrier, [En\u00a0ligne], [<a id=\"ls2\" href=\"http:\/\/umontreal.academia.edu\/SirmaBilge\" target=\"_blank\" rel=\"noopener\">umontreal.academia.edu\/SirmaBilge<\/a>] (4\u00a0ao\u00fbt\u00a02015).\n<div class=\"refbiblio-links\"><a class=\"refbiblio-link scholar-link\" href=\"http:\/\/scholar.google.com\/scholar?q=BILGE,%20Sirma,%202009%20%C2%AB%C2%A0Smuggling%20Intersectionality%20into%20the%20Study%20of%20Masculinity%C2%A0:%20Some%20Methodological%20Challenges%C2%A0%C2%BB,%20communication%20pour%20la%20conf%C3%A9rence%20internationale%20Feminist%20Research%20Methods,%20Universit%C3%A9%20de%20Stockholm,%204-9%C2%A0f%C3%A9vrier,%20%5BEn%C2%A0ligne%5D,%20%5Bumontreal.academia.edu\/SirmaBilge%5D%20(4%C2%A0ao%C3%BBt%C2%A02015).\" target=\"_blank\" rel=\"noopener\">Google Scholar<\/a><\/div>\n<\/li>\n<li id=\"rb8\" class=\"refbiblio\">BILGE, Sirma, et Olivier ROY, 2010 \u00ab\u00a0La discrimination intersectionnelle\u00a0: naissance et d\u00e9veloppement d\u2019un concept et les paradoxes de sa mise en application en droit antidiscriminatoire\u00a0\u00bb,\u00a0<em>Canadian Journal of Law and Society<\/em>, 25, 1\u00a0: 51-74.\n<div class=\"refbiblio-links\"><a class=\"refbiblio-link scholar-link\" href=\"http:\/\/scholar.google.com\/scholar?q=BILGE,%20Sirma,%20et%20Olivier%20ROY,%202010%20%C2%AB%C2%A0La%20discrimination%20intersectionnelle%C2%A0:%20naissance%20et%20d%C3%A9veloppement%20d%E2%80%99un%20concept%20et%20les%20paradoxes%20de%20sa%20mise%20en%20application%20en%20droit%20antidiscriminatoire%C2%A0%C2%BB,%20Canadian%20Journal%20of%20Law%20and%20Society,%2025,%201%C2%A0:%2051-74.\" target=\"_blank\" rel=\"noopener\">Google Scholar<\/a>\u00a0<a class=\"refbiblio-link idpublic\" href=\"https:\/\/doi.org\/10.1017\/S0829320100010218\" target=\"_blank\" rel=\"noopener\">10.1017\/S0829320100010218<\/a><\/div>\n<\/li>\n<li id=\"rb9\" class=\"refbiblio\">BOWLEG, Lisa, 2008 \u00ab\u00a0When Black\u00a0+ Lesbian\u00a0+ Woman (does not equal) Black Lesbian Woman\u00a0: The Methodological Challenges of Qualitative and Quantititave Intersectionality Research\u00a0\u00bb,\u00a0<em>Sex Roles<\/em>, 59\u00a0: 312-325.\n<div class=\"refbiblio-links\"><a class=\"refbiblio-link scholar-link\" href=\"http:\/\/scholar.google.com\/scholar?q=BOWLEG,%20Lisa,%202008%20%C2%AB%C2%A0When%20Black%C2%A0+%20Lesbian%C2%A0+%20Woman%20(does%20not%20equal)%20Black%20Lesbian%20Woman%C2%A0:%20The%20Methodological%20Challenges%20of%20Qualitative%20and%20Quantititave%20Intersectionality%20Research%C2%A0%C2%BB,%20Sex%20Roles,%2059%C2%A0:%20312-325.%20\" target=\"_blank\" rel=\"noopener\">Google Scholar<\/a>\u00a0<a class=\"refbiblio-link idpublic\" href=\"https:\/\/doi.org\/10.1007\/s11199-008-9400-z\" target=\"_blank\" rel=\"noopener\">10.1007\/s11199-008-9400-z<\/a><\/div>\n<\/li>\n<li id=\"rb10\" class=\"refbiblio\">CARNEIRO, Sueli, 2002 \u00ab\u00a0A Batalha de Durban\u00a0\u00bb,\u00a0<em>Estudos Feministas<\/em>, 10, 1\u00a0: 209-214.\n<div class=\"refbiblio-links\"><a class=\"refbiblio-link scholar-link\" href=\"http:\/\/scholar.google.com\/scholar?q=CARNEIRO,%20Sueli,%202002%20%C2%AB%C2%A0A%20Batalha%20de%20Durban%C2%A0%C2%BB,%20Estudos%20Feministas,%2010,%201%C2%A0:%20209-214.\" target=\"_blank\" rel=\"noopener\">Google Scholar<\/a>\u00a0<a class=\"refbiblio-link idpublic\" href=\"https:\/\/doi.org\/10.1590\/S0104-026X2002000100014\" target=\"_blank\" rel=\"noopener\">10.1590\/S0104-026X2002000100014<\/a><\/div>\n<\/li>\n<li id=\"rb11\" class=\"refbiblio\">CHO, Sumi, 2013 \u00ab\u00a0Post-intersectionality\u00a0\u00bb,\u00a0<em>Signs<\/em>, 38, 4\u00a0: 385-404.\n<div class=\"refbiblio-links\"><a class=\"refbiblio-link scholar-link\" href=\"http:\/\/scholar.google.com\/scholar?q=CHO,%20Sumi,%202013%20%C2%AB%C2%A0Post-intersectionality%C2%A0%C2%BB,%20Signs,%2038,%204%C2%A0:%20385-404.\" target=\"_blank\" rel=\"noopener\">Google Scholar<\/a><\/div>\n<\/li>\n<li id=\"rb12\" class=\"refbiblio\">CHRISTIAN, Barbara, 1994 \u00ab\u00a0Diminishing Returns. Can Black Feminism(s) Survive the Academy?\u00a0\u00bb, dans David Theo Goldberg (dir.),\u00a0<em>Multiculturalism. A Critical Reader<\/em>. Boston, Blackwell\u00a0: 168-179.\n<div class=\"refbiblio-links\"><a class=\"refbiblio-link scholar-link\" href=\"http:\/\/scholar.google.com\/scholar?q=CHRISTIAN,%20Barbara,%201994%20%C2%AB%C2%A0Diminishing%20Returns.%20Can%20Black%20Feminism(s)%20Survive%20the%20Academy?%C2%A0%C2%BB,%20dans%20David%20Theo%20Goldberg%20(dir.),%20Multiculturalism.%20A%20Critical%20Reader.%20Boston,%20Blackwell%C2%A0:%20168-179.\" target=\"_blank\" rel=\"noopener\">Google Scholar<\/a><\/div>\n<\/li>\n<li id=\"rb13\" class=\"refbiblio\">COHEN, Cathy J., 2005 \u00ab\u00a0Punks, Bulldaggers and Welfare Queens\u00a0: The Radical Potential of Queer Politics?\u00a0\u00bb, dans Patrick E. Johnson et Mae G. Henderson (dir.),\u00a0<em>Black Queer Studies<\/em>. Durham (NC), Duke UP\u00a0: 21-51 [1<sup>re<\/sup>\u00a0\u00e9d.\u00a0: Amsterdam, OPA, 1997].\n<div class=\"refbiblio-links\"><a class=\"refbiblio-link scholar-link\" href=\"http:\/\/scholar.google.com\/scholar?q=COHEN,%20Cathy%20J.,%202005%20%C2%AB%C2%A0Punks,%20Bulldaggers%20and%20Welfare%20Queens%C2%A0:%20The%20Radical%20Potential%20of%20Queer%20Politics?%C2%A0%C2%BB,%20dans%20Patrick%20E.%20Johnson%20et%20Mae%20G.%20Henderson%20(dir.),%20Black%20Queer%20Studies.%20Durham%20(NC),%20Duke%20UP%C2%A0:%2021-51%20%5B1re%C2%A0%C3%A9d.%C2%A0:%20Amsterdam,%20OPA,%201997%5D.%20\" target=\"_blank\" rel=\"noopener\">Google Scholar<\/a><\/div>\n<\/li>\n<li id=\"rb14\" class=\"refbiblio\">COLLINS, Patricia Hill, 2009 \u00ab\u00a0Foreword\u00a0\u00bb, dans Bonnie Thornton-Dill et Ruth Enid Zambrana (dir.),\u00a0<em>Emerging Intersections\u00a0: Race, Class and Gender in Theory, Policy and Practice<\/em>. New Brunswick (NJ), Rutgers UP\u00a0:\u00a0<span class=\"petitecap\">vii-xiii.<\/span>\n<div class=\"refbiblio-links\"><a class=\"refbiblio-link scholar-link\" href=\"http:\/\/scholar.google.com\/scholar?q=COLLINS,%20Patricia%20Hill,%202009%20%C2%AB%C2%A0Foreword%C2%A0%C2%BB,%20dans%20Bonnie%20Thornton-Dill%20et%20Ruth%20Enid%20Zambrana%20(dir.),%20Emerging%20Intersections%C2%A0:%20Race,%20Class%20and%20Gender%20in%20Theory,%20Policy%20and%20Practice.%20New%20Brunswick%20(NJ),%20Rutgers%20UP%C2%A0:%20vii-xiii.\" target=\"_blank\" rel=\"noopener\">Google Scholar<\/a><\/div>\n<\/li>\n<li id=\"rb15\" class=\"refbiblio\">COLLINS, Patricia Hill, 1989 \u00ab\u00a0The Social Construction of Black Feminist Thought\u00a0\u00bb,\u00a0<em>Signs<\/em>, 14, 4\u00a0: 745-773.\n<div class=\"refbiblio-links\"><a class=\"refbiblio-link scholar-link\" href=\"http:\/\/scholar.google.com\/scholar?q=COLLINS,%20Patricia%20Hill,%201989%20%C2%AB%C2%A0The%20Social%20Construction%20of%20Black%20Feminist%20Thought%C2%A0%C2%BB,%20Signs,%2014,%204%C2%A0:%20745-773.\" target=\"_blank\" rel=\"noopener\">Google Scholar<\/a>\u00a0<a class=\"refbiblio-link idpublic\" href=\"https:\/\/doi.org\/10.1086\/494543\" target=\"_blank\" rel=\"noopener\">10.1086\/494543<\/a><\/div>\n<\/li>\n<li id=\"rb16\" class=\"refbiblio\">COLLINS, Patricia Hill, et Sirma BILGE, \u00c0 para\u00eetre\u00a0<em>Intersectionality<\/em>.\u00a0<em>Key Concepts Series<\/em>. Cambridge (GB), Polity Press.\n<div class=\"refbiblio-links\"><a class=\"refbiblio-link scholar-link\" href=\"http:\/\/scholar.google.com\/scholar?q=COLLINS,%20Patricia%20Hill,%20et%20Sirma%20BILGE,%20%C3%80%20para%C3%AEtre%20Intersectionality.%20Key%20Concepts%20Series.%20Cambridge%20(GB),%20Polity%20Press.%20\" target=\"_blank\" rel=\"noopener\">Google Scholar<\/a><\/div>\n<\/li>\n<li id=\"rb17\" class=\"refbiblio\">COULTHARD, Glen, 2014\u00a0<em>Red Skin, White Masks Rejecting the Colonial Politics of Recognition<\/em>. Minneapolis, University of Minnesota Press.\n<div class=\"refbiblio-links\"><a class=\"refbiblio-link scholar-link\" href=\"http:\/\/scholar.google.com\/scholar?q=COULTHARD,%20Glen,%202014%20Red%20Skin,%20White%20Masks%20Rejecting%20the%20Colonial%20Politics%20of%20Recognition.%20Minneapolis,%20University%20of%20Minnesota%20Press.%20\" target=\"_blank\" rel=\"noopener\">Google Scholar<\/a><\/div>\n<\/li>\n<li id=\"rb18\" class=\"refbiblio\">CRENSHAW, Kimberl\u00e9, 2011 \u00ab\u00a0Postscript\u00a0\u00bb, dans Helma Lutz, Maria Teresa Herrera Vivar et Linda Supik (dir.),\u00a0<em>Framing Intersectionality<\/em>\u00a0<em>: Debates on a Multi-Faceted Concept in Gender Studies<\/em>. Farnham (GB), Ashgate\u00a0: 221-233.\n<div class=\"refbiblio-links\"><a class=\"refbiblio-link scholar-link\" href=\"http:\/\/scholar.google.com\/scholar?q=CRENSHAW,%20Kimberl%C3%A9,%202011%20%C2%AB%C2%A0Postscript%C2%A0%C2%BB,%20dans%20Helma%20Lutz,%20Maria%20Teresa%20Herrera%20Vivar%20et%20Linda%20Supik%20(dir.),%20Framing%20Intersectionality%C2%A0:%20Debates%20on%20a%20Multi-Faceted%20Concept%20in%20Gender%20Studies.%20Farnham%20(GB),%20Ashgate%C2%A0:%20221-233.\" target=\"_blank\" rel=\"noopener\">Google Scholar<\/a><\/div>\n<\/li>\n<li id=\"rb19\" class=\"refbiblio\">CRENSHAW, Kimberl\u00e9, 2000 \u00ab\u00a0Background Paper for the Expert Meeting on the Gender-Related Aspects of Race Discriminations<em>\u00a0\u00bb<\/em>,\u00a0<em>World Conference against Racism (WCAR) Documents<\/em>, 21-24\u00a0novembre, Zagreb, Croatie [En\u00a0ligne], [<a id=\"ls3\" href=\"http:\/\/www.wicej.addr.com\/wcar_docs\/crenshaw.html\" target=\"_blank\" rel=\"noopener\">www.wicej.addr.com\/wcar_docs\/crenshaw.html<\/a>] (15\u00a0octobre\u00a02009).\n<div class=\"refbiblio-links\"><a class=\"refbiblio-link scholar-link\" href=\"http:\/\/scholar.google.com\/scholar?q=CRENSHAW,%20Kimberl%C3%A9,%202000%20%C2%AB%C2%A0Background%20Paper%20for%20the%20Expert%20Meeting%20on%20the%20Gender-Related%20Aspects%20of%20Race%20Discriminations%C2%A0%C2%BB,%20World%20Conference%20against%20Racism%20(WCAR)%20Documents,%2021-24%C2%A0novembre,%20Zagreb,%20Croatie%20%5BEn%C2%A0ligne%5D,%20%5Bwww.wicej.addr.com\/wcar_docs\/crenshaw.html%5D%20(15%C2%A0octobre%C2%A02009).\" target=\"_blank\" rel=\"noopener\">Google Scholar<\/a><\/div>\n<\/li>\n<li id=\"rb20\" class=\"refbiblio\">CRENSHAW, Kimberl\u00e9, 1993 \u00ab\u00a0Beyond Racism and Misogyny\u00a0: Black Feminism and 2 Live Crew\u00a0\u00bb, dans Mari J. Matsuda et autres (dir.),\u00a0<em>Words That Wound<\/em>. Boulder (CO), Westview Press\u00a0: 111-132.\n<div class=\"refbiblio-links\"><a class=\"refbiblio-link scholar-link\" href=\"http:\/\/scholar.google.com\/scholar?q=CRENSHAW,%20Kimberl%C3%A9,%201993%20%C2%AB%C2%A0Beyond%20Racism%20and%20Misogyny%C2%A0:%20Black%20Feminism%20and%202%20Live%20Crew%C2%A0%C2%BB,%20dans%20Mari%20J.%20Matsuda%20et%20autres%20(dir.),%20Words%20That%20Wound.%20Boulder%20(CO),%20Westview%20Press%C2%A0:%20111-132.\" target=\"_blank\" rel=\"noopener\">Google Scholar<\/a><\/div>\n<\/li>\n<li id=\"rb21\" class=\"refbiblio\">CUADRAZ, Gloria, et Lynet UTTAL, 1999 \u00ab\u00a0Intersectionality and In-depth Interviews\u00a0: Methodological Strategies for Analyzing Race, Class, and Gender\u00a0\u00bb,\u00a0<em>Race, Gender &amp; Class<\/em>, 6, 3\u00a0: 156-181.\n<div class=\"refbiblio-links\"><a class=\"refbiblio-link scholar-link\" href=\"http:\/\/scholar.google.com\/scholar?q=CUADRAZ,%20Gloria,%20et%20Lynet%20UTTAL,%201999%20%C2%AB%C2%A0Intersectionality%20and%20In-depth%20Interviews%C2%A0:%20Methodological%20Strategies%20for%20Analyzing%20Race,%20Class,%20and%20Gender%C2%A0%C2%BB,%20Race,%20Gender%20&amp;%20Class,%206,%203%C2%A0:%20156-181.\" target=\"_blank\" rel=\"noopener\">Google Scholar<\/a><\/div>\n<\/li>\n<li id=\"rb22\" class=\"refbiblio\">DORLIN, Elsa (dir.), 2008\u00a0<em>Black Feminism. Anthologie du f\u00e9minisme africain-am\u00e9ricain (1975-2000)<\/em>. Paris, L\u2019Harmattan.\n<div class=\"refbiblio-links\"><a class=\"refbiblio-link scholar-link\" href=\"http:\/\/scholar.google.com\/scholar?q=DORLIN,%20Elsa%20(dir.),%202008%20Black%20Feminism.%20Anthologie%20du%20f%C3%A9minisme%20africain-am%C3%A9ricain%20(1975-2000).%20Paris,%20L%E2%80%99Harmattan.\" target=\"_blank\" rel=\"noopener\">Google Scholar<\/a><\/div>\n<\/li>\n<li id=\"rb23\" class=\"refbiblio\">DURBA\u015e, Bing\u00f6l, 2013\u00a0<em>Kad\u0131nlar\u0131n ezilmi\u015fliklerini anlamada kesi\u015fimsellik kavram\u0131 [Le concept de l\u2019intersectionnalit\u00e9 dans l\u2019examen de l\u2019oppression des femmes]<\/em>, 13\u00a0octobre, [En\u00a0ligne], [<a id=\"ls4\" href=\"http:\/\/birgun.net\/haber\/kadinlarin-ezilmisliklerini-anlamada-kesisimsellik-kavrami-5305.html\" target=\"_blank\" rel=\"noopener\">birgun.net\/haber\/kadinlarin-ezilmisliklerini-anlamada-kesisimsellik-kavrami-5305.html<\/a>] (20\u00a0novembre\u00a02014).\n<div class=\"refbiblio-links\"><a class=\"refbiblio-link scholar-link\" href=\"http:\/\/scholar.google.com\/scholar?q=DURBA%C5%9E,%20Bing%C3%B6l,%202013%20Kad%C4%B1nlar%C4%B1n%20ezilmi%C5%9Fliklerini%20anlamada%20kesi%C5%9Fimsellik%20kavram%C4%B1%20%5BLe%20concept%20de%20l%E2%80%99intersectionnalit%C3%A9%20dans%20l%E2%80%99examen%20de%20l%E2%80%99oppression%20des%20femmes%5D,%2013%C2%A0octobre,%20%5BEn%C2%A0ligne%5D,%20%5Bbirgun.net\/haber\/kadinlarin-ezilmisliklerini-anlamada-kesisimsellik-kavrami-5305.html%5D%20(20%C2%A0novembre%C2%A02014).%20\" target=\"_blank\" rel=\"noopener\">Google Scholar<\/a><\/div>\n<\/li>\n<li id=\"rb24\" class=\"refbiblio\">EHRENREICH, Nancy, 2002 \u00ab\u00a0Subordination and Symbiosis\u00a0: Mechanisms of Mutual Support Between Subordinating Systems\u00a0\u00bb,\u00a0<em>UMKC Law Review<\/em>, 71, 2\u00a0: 251-324.\n<div class=\"refbiblio-links\"><a class=\"refbiblio-link scholar-link\" href=\"http:\/\/scholar.google.com\/scholar?q=EHRENREICH,%20Nancy,%202002%20%C2%AB%C2%A0Subordination%20and%20Symbiosis%C2%A0:%20Mechanisms%20of%20Mutual%20Support%20Between%20Subordinating%20Systems%C2%A0%C2%BB,%20UMKC%20Law%20Review,%2071,%202%C2%A0:%20251-324.\" target=\"_blank\" rel=\"noopener\">Google Scholar<\/a><\/div>\n<\/li>\n<li id=\"rb25\" class=\"refbiblio\">EISENSTEIN, Hester, 2009\u00a0<em>Feminism Seduced.\u00a0<\/em><em>How Global Elites Use Women\u2019s Labor and Ideas to Exploit the World<\/em>. Boulder (CO), Paradigm Books.\n<div class=\"refbiblio-links\"><a class=\"refbiblio-link scholar-link\" href=\"http:\/\/scholar.google.com\/scholar?q=EISENSTEIN,%20Hester,%202009%20Feminism%20Seduced.%20How%20Global%20Elites%20Use%20Women%E2%80%99s%20Labor%20and%20Ideas%20to%20Exploit%20the%20World.%20Boulder%20(CO),%20Paradigm%20Books.\" target=\"_blank\" rel=\"noopener\">Google Scholar<\/a><\/div>\n<\/li>\n<li id=\"rb26\" class=\"refbiblio\">EREL, Umut, et autres, 2008 \u00ab\u00a0On the Depoliticisation of Intersectionality Talk\u00a0: Conceptualising Multiple Oppressions in Critical Sexuality Studies\u00a0\u00bb, dans Adi Kuntsman et Esperanza Miyake (dir.),\u00a0<em>Out of Place<\/em>\u00a0<em>: Interrogating Silences in Queerness\/Raciality<\/em>. New York, Raw Nerve\u00a0: 265-292.\n<div class=\"refbiblio-links\"><a class=\"refbiblio-link scholar-link\" href=\"http:\/\/scholar.google.com\/scholar?q=EREL,%20Umut,%20et%20autres,%202008%20%C2%AB%C2%A0On%20the%20Depoliticisation%20of%20Intersectionality%20Talk%C2%A0:%20Conceptualising%20Multiple%20Oppressions%20in%20Critical%20Sexuality%20Studies%C2%A0%C2%BB,%20dans%20Adi%20Kuntsman%20et%20Esperanza%20Miyake%20(dir.),%20Out%20of%20Place%C2%A0:%20Interrogating%20Silences%20in%20Queerness\/Raciality.%20New%20York,%20Raw%20Nerve%C2%A0:%20265-292.\" target=\"_blank\" rel=\"noopener\">Google Scholar<\/a><\/div>\n<\/li>\n<li id=\"rb27\" class=\"refbiblio\">FERGUSON, Roderick, 2012\u00a0<em>The Reorder of Things<\/em>\u00a0<em>: The University and its Pedagogies of Minority Difference<\/em>. Minneapolis (MN), University of Minnesota Press.\n<div class=\"refbiblio-links\"><a class=\"refbiblio-link scholar-link\" href=\"http:\/\/scholar.google.com\/scholar?q=FERGUSON,%20Roderick,%202012%20The%20Reorder%20of%20Things%C2%A0:%20The%20University%20and%20its%20Pedagogies%20of%20Minority%20Difference.%20Minneapolis%20(MN),%20University%20of%20Minnesota%20Press.\" target=\"_blank\" rel=\"noopener\">Google Scholar<\/a><\/div>\n<\/li>\n<li id=\"rb28\" class=\"refbiblio\">FOUCAULT, Michel, 1997\u00a0<em>Il faut d\u00e9fendre la soci\u00e9t\u00e9<\/em>\u00a0<em>: Cours au Coll\u00e8ge de France (1975-1976)<\/em>. Paris, Gallimard\/Seuil.\n<div class=\"refbiblio-links\"><a class=\"refbiblio-link scholar-link\" href=\"http:\/\/scholar.google.com\/scholar?q=FOUCAULT,%20Michel,%201997%20Il%20faut%20d%C3%A9fendre%20la%20soci%C3%A9t%C3%A9%C2%A0:%20Cours%20au%20Coll%C3%A8ge%20de%20France%20(1975-1976).%20Paris,%20Gallimard\/Seuil.%20\" target=\"_blank\" rel=\"noopener\">Google Scholar<\/a><\/div>\n<\/li>\n<li id=\"rb29\" class=\"refbiblio\">GONZALEZ, L\u00e9lia, 2015 \u00ab\u00a0La cat\u00e9gorie politico-culturelle d\u2019am\u00e9fricanit\u00e9\u00a0\u00bb,\u00a0<em>Les Cahiers du CEDREF<\/em>, 20 [1<sup>re<\/sup>\u00a0\u00e9d.\u00a0: 1988], [En\u00a0ligne], [<a id=\"ls5\" href=\"http:\/\/cedref.revues.org\/806\" target=\"_blank\" rel=\"noopener\">cedref.revues.org\/806<\/a>] (9\u00a0juillet\u00a015)\n<div class=\"refbiblio-links\"><a class=\"refbiblio-link scholar-link\" href=\"http:\/\/scholar.google.com\/scholar?q=GONZALEZ,%20L%C3%A9lia,%202015%20%C2%AB%C2%A0La%20cat%C3%A9gorie%20politico-culturelle%20d%E2%80%99am%C3%A9fricanit%C3%A9%C2%A0%C2%BB,%20Les%20Cahiers%20du%20CEDREF,%2020%20%5B1re%C2%A0%C3%A9d.%C2%A0:%201988%5D,%20%5BEn%C2%A0ligne%5D,%20%5Bcedref.revues.org\/806%5D%20(9%C2%A0juillet%C2%A015)\" target=\"_blank\" rel=\"noopener\">Google Scholar<\/a><\/div>\n<\/li>\n<li id=\"rb30\" class=\"refbiblio\">GUTI\u00c9RREZ RODR\u00cdGUEZ, Encarnaci\u00f3n, 2010 \u00ab\u00a0Decolonizing Postcolonial Rhetoric\u00a0\u00bb, dans Encarnaci\u00f3n Guti\u00e9rrez Rodr\u00edguez, Manuela Boatca et S\u00e9rgio Costa (dir.),\u00a0<em>Decolonizing European Sociology<\/em>. Farnham (GB), Ashgate\u00a0: 49-70.\n<div class=\"refbiblio-links\"><a class=\"refbiblio-link scholar-link\" href=\"http:\/\/scholar.google.com\/scholar?q=GUTI%C3%89RREZ%20RODR%C3%8DGUEZ,%20Encarnaci%C3%B3n,%202010%20%C2%AB%C2%A0Decolonizing%20Postcolonial%20Rhetoric%C2%A0%C2%BB,%20dans%20Encarnaci%C3%B3n%20Guti%C3%A9rrez%20Rodr%C3%ADguez,%20Manuela%20Boatca%20et%20S%C3%A9rgio%20Costa%20(dir.),%20Decolonizing%20European%20Sociology.%20Farnham%20(GB),%20Ashgate%C2%A0:%2049-70.\" target=\"_blank\" rel=\"noopener\">Google Scholar<\/a><\/div>\n<\/li>\n<li id=\"rb31\" class=\"refbiblio\">HALL, Stuart, 1997 \u00ab\u00a0The Local and the Global\u00a0: Globalization and Ethnicity\u00a0\u00bb, dans Anthony D. King (dir.),\u00a0<em>Culture, Globalization and the World-System<\/em>. Minneapolis (MN), University of Minnesota Press\u00a0: 19-40.\n<div class=\"refbiblio-links\"><a class=\"refbiblio-link scholar-link\" href=\"http:\/\/scholar.google.com\/scholar?q=HALL,%20Stuart,%201997%20%C2%AB%C2%A0The%20Local%20and%20the%20Global%C2%A0:%20Globalization%20and%20Ethnicity%C2%A0%C2%BB,%20dans%20Anthony%20D.%20King%20(dir.),%20Culture,%20Globalization%20and%20the%20World-System.%20Minneapolis%20(MN),%20University%20of%20Minnesota%20Press%C2%A0:%2019-40.\" target=\"_blank\" rel=\"noopener\">Google Scholar<\/a><\/div>\n<\/li>\n<li id=\"rb32\" class=\"refbiblio\">HANCOCK, Ange-Marie, 2007 \u00ab\u00a0Intersectionality as a Normative and Empirical Paradigm\u00a0\u00bb,\u00a0<em>Politics &amp; Gender<\/em>, 3, 2\u00a0: 248-254.\n<div class=\"refbiblio-links\"><a class=\"refbiblio-link scholar-link\" href=\"http:\/\/scholar.google.com\/scholar?q=HANCOCK,%20Ange-Marie,%202007%20%C2%AB%C2%A0Intersectionality%20as%20a%20Normative%20and%20Empirical%20Paradigm%C2%A0%C2%BB,%20Politics%20&amp;%20Gender,%203,%202%C2%A0:%20248-254.\" target=\"_blank\" rel=\"noopener\">Google Scholar<\/a><\/div>\n<\/li>\n<li id=\"rb33\" class=\"refbiblio\">HUTCHINSON, Darren Lenard, 2001 \u00ab\u00a0Identity Crisis\u00a0: Intersectionality, Multidimensionality, and the Development of an Adequate Theory of Subordination\u00a0\u00bb,\u00a0<em>Michigan Journal of Race &amp; Law<\/em>, 6\u00a0: 285-317.\n<div class=\"refbiblio-links\"><a class=\"refbiblio-link scholar-link\" href=\"http:\/\/scholar.google.com\/scholar?q=HUTCHINSON,%20Darren%20Lenard,%202001%20%C2%AB%C2%A0Identity%20Crisis%C2%A0:%20Intersectionality,%20Multidimensionality,%20and%20the%20Development%20of%20an%20Adequate%20Theory%20of%20Subordination%C2%A0%C2%BB,%20Michigan%20Journal%20of%20Race%20&amp;%20Law,%206%C2%A0:%20285-317.\" target=\"_blank\" rel=\"noopener\">Google Scholar<\/a><\/div>\n<\/li>\n<li id=\"rb34\" class=\"refbiblio\">JUTEAU, Danielle, 1994 \u00ab\u00a0De la fragmentation \u00e0 l\u2019unit\u00e9\u00a0: vers l\u2019articulation des rapports sociaux\u00a0\u00bb,\u00a0<em>Cahiers de recherche \u00e9thique<\/em>, 18\u00a0: 81-108.\n<div class=\"refbiblio-links\"><a class=\"refbiblio-link scholar-link\" href=\"http:\/\/scholar.google.com\/scholar?q=JUTEAU,%20Danielle,%201994%20%C2%AB%C2%A0De%20la%20fragmentation%20%C3%A0%20l%E2%80%99unit%C3%A9%C2%A0:%20vers%20l%E2%80%99articulation%20des%20rapports%20sociaux%C2%A0%C2%BB,%20Cahiers%20de%20recherche%20%C3%A9thique,%2018%C2%A0:%2081-108.\" target=\"_blank\" rel=\"noopener\">Google Scholar<\/a><\/div>\n<\/li>\n<li id=\"rb35\" class=\"refbiblio\">KERNER, Ina, 2012 \u00ab\u00a0Questions of Intersectionality\u00a0: Reflections on the Current Debate in German Gender Studies\u00a0\u00bb,\u00a0<em>European Journal of Women Studies<\/em>, 19, 2\u00a0: 203-218.\n<div class=\"refbiblio-links\"><a class=\"refbiblio-link scholar-link\" href=\"http:\/\/scholar.google.com\/scholar?q=KERNER,%20Ina,%202012%20%C2%AB%C2%A0Questions%20of%20Intersectionality%C2%A0:%20Reflections%20on%20the%20Current%20Debate%20in%20German%20Gender%20Studies%C2%A0%C2%BB,%20European%20Journal%20of%20Women%20Studies,%2019,%202%C2%A0:%20203-218.\" target=\"_blank\" rel=\"noopener\">Google Scholar<\/a>\u00a0<a class=\"refbiblio-link idpublic\" href=\"https:\/\/doi.org\/10.1177\/1350506811434666\" target=\"_blank\" rel=\"noopener\">10.1177\/1350506811434666<\/a><\/div>\n<\/li>\n<li id=\"rb36\" class=\"refbiblio\">KRIZSAN, Andrea, Hege SKJEIE et Judith SQUIRES (dir.), 2012\u00a0<em>Institutionalising Intersectionality. The Changing Nature of European Equality Regimes<\/em>. Houndmills\/Basingstoke\/Hampshire\/New York, Palgrave-MacMillan.\n<div class=\"refbiblio-links\"><a class=\"refbiblio-link scholar-link\" href=\"http:\/\/scholar.google.com\/scholar?q=KRIZSAN,%20Andrea,%20Hege%20SKJEIE%20et%20Judith%20SQUIRES%20(dir.),%202012%20Institutionalising%20Intersectionality.%20The%20Changing%20Nature%20of%20European%20Equality%20Regimes.%20Houndmills\/Basingstoke\/Hampshire\/New%20York,%20Palgrave-MacMillan.%20\" target=\"_blank\" rel=\"noopener\">Google Scholar<\/a><\/div>\n<\/li>\n<li id=\"rb37\" class=\"refbiblio\">KUBRA, H., 2013\u00a0<em>Gezi\u2019nin ba\u015f\u00f6rt\u00fcl\u00fc kadinlarla imtihan\u0131 veya T\u00fcrkiye\u2019de beyaz feminizme bir bak<\/em><em>\u0131<\/em><em>\u015f [Gezi \u00e0 l\u2019\u00e9preuve des femmes portant le hijab ou un regard sur le f\u00e9minisme blanc en Turquie]<\/em>, 4\u00a0juin, [En\u00a0ligne], [<a id=\"ls6\" href=\"http:\/\/www.5harfliler.com\/gezinin-basortulu-kadinlarla-imtihani-veya-turkiyede-beyaz-feminizme-bir-bakis\/\" target=\"_blank\" rel=\"noopener\">www.5harfliler.com\/gezinin-basortulu-kadinlarla-imtihani-veya-turkiyede-beyaz-feminizme-bir-bakis\/<\/a>] (10\u00a0juin\u00a02015).\n<div class=\"refbiblio-links\"><a class=\"refbiblio-link scholar-link\" href=\"http:\/\/scholar.google.com\/scholar?q=KUBRA,%20H.,%202013%20Gezi%E2%80%99nin%20ba%C5%9F%C3%B6rt%C3%BCl%C3%BC%20kadinlarla%20imtihan%C4%B1%20veya%20T%C3%BCrkiye%E2%80%99de%20beyaz%20feminizme%20bir%20bak%C4%B1%C5%9F%20%5BGezi%20%C3%A0%20l%E2%80%99%C3%A9preuve%20des%20femmes%20portant%20le%20hijab%20ou%20un%20regard%20sur%20le%20f%C3%A9minisme%20blanc%20en%20Turquie%5D,%204%C2%A0juin,%20%5BEn%C2%A0ligne%5D,%20%5Bwww.5harfliler.com\/gezinin-basortulu-kadinlarla-imtihani-veya-turkiyede-beyaz-feminizme-bir-bakis\/%5D%20(10%C2%A0juin%C2%A02015).\" target=\"_blank\" rel=\"noopener\">Google Scholar<\/a><\/div>\n<\/li>\n<li id=\"rb38\" class=\"refbiblio\">KWAN, Peter, 2000 \u00ab\u00a0Complicity and Complexity\u00a0: Cosynthesis and Praxis\u00a0\u00bb,\u00a0<em>DePaul Law Review<\/em>, 49\u00a0: 673-92.\n<div class=\"refbiblio-links\"><a class=\"refbiblio-link scholar-link\" href=\"http:\/\/scholar.google.com\/scholar?q=KWAN,%20Peter,%202000%20%C2%AB%C2%A0Complicity%20and%20Complexity%C2%A0:%20Cosynthesis%20and%20Praxis%C2%A0%C2%BB,%20DePaul%20Law%20Review,%2049%C2%A0:%20673-92.\" target=\"_blank\" rel=\"noopener\">Google Scholar<\/a><\/div>\n<\/li>\n<li id=\"rb39\" class=\"refbiblio\">LEWIS, Gail, 2009 \u00ab\u00a0Celebrating Intersectionality? Debates on a Multi-Faceted Concept in Gender Studies\u00a0: Themes from a Conference\u00a0\u00bb,\u00a0<em>European Journal of Women\u2019s Studies<\/em>, 16\u00a0: 203-210.\n<div class=\"refbiblio-links\"><a class=\"refbiblio-link scholar-link\" href=\"http:\/\/scholar.google.com\/scholar?q=LEWIS,%20Gail,%202009%20%C2%AB%C2%A0Celebrating%20Intersectionality?%20Debates%20on%20a%20Multi-Faceted%20Concept%20in%20Gender%20Studies%C2%A0:%20Themes%20from%20a%20Conference%C2%A0%C2%BB,%20European%20Journal%20of%20Women%E2%80%99s%20Studies,%2016%C2%A0:%20203-210.\" target=\"_blank\" rel=\"noopener\">Google Scholar<\/a>\u00a0<a class=\"refbiblio-link idpublic\" href=\"https:\/\/doi.org\/10.1177\/1350506809105310\" target=\"_blank\" rel=\"noopener\">10.1177\/1350506809105310<\/a><\/div>\n<\/li>\n<li id=\"rb40\" class=\"refbiblio\">LINDSAY, Keisha, 2013 \u00ab\u00a0God, Gays, and Progressive Politics\u00a0: Reconceptualizing Intersectionality as a Normatively Malleable Analytical Framework\u00a0\u00bb,\u00a0<em>Perspectives on Politics<\/em>, 11, 2\u00a0: 447-460.\n<div class=\"refbiblio-links\"><a class=\"refbiblio-link scholar-link\" href=\"http:\/\/scholar.google.com\/scholar?q=LINDSAY,%20Keisha,%202013%20%C2%AB%C2%A0God,%20Gays,%20and%20Progressive%20Politics%C2%A0:%20Reconceptualizing%20Intersectionality%20as%20a%20Normatively%20Malleable%20Analytical%20Framework%C2%A0%C2%BB,%20Perspectives%20on%20Politics,%2011,%202%C2%A0:%20447-460.\" target=\"_blank\" rel=\"noopener\">Google Scholar<\/a>\u00a0<a class=\"refbiblio-link idpublic\" href=\"https:\/\/doi.org\/10.1017\/S1537592713001047\" target=\"_blank\" rel=\"noopener\">10.1017\/S1537592713001047<\/a><\/div>\n<\/li>\n<li id=\"rb41\" class=\"refbiblio\">LOCS\/Lesbiennes \u201cof Color\u201d, s.\u00a0d. \u00ab\u00a0Lesbiennes of color\u00a0: Y\u2019a de quoi RALer!\u00a0\u00bb,\u00a0<em>F\u00e9ministes radicales<\/em>, [En\u00a0ligne], [<a id=\"ls7\" href=\"http:\/\/www.feministes-radicales.org\/solidarites\/lesbiennes-of-color-y-a-de-quoi-raler\/\" target=\"_blank\" rel=\"noopener\">www.feministes-radicales.org\/solidarites\/lesbiennes-of-color-y-a-de-quoi-raler\/<\/a>] (16\u00a0ao\u00fbt\u00a02015).\n<div class=\"refbiblio-links\"><a class=\"refbiblio-link scholar-link\" href=\"http:\/\/scholar.google.com\/scholar?q=LOCS\/Lesbiennes%20%E2%80%9Cof%20Color%E2%80%9D,%20s.%C2%A0d.%20%C2%AB%C2%A0Lesbiennes%20of%20color%C2%A0:%20Y%E2%80%99a%20de%20quoi%20RALer!%C2%A0%C2%BB,%20F%C3%A9ministes%20radicales,%20%5BEn%C2%A0ligne%5D,%20%5Bwww.feministes-radicales.org\/solidarites\/lesbiennes-of-color-y-a-de-quoi-raler\/%5D%20(16%C2%A0ao%C3%BBt%C2%A02015).\" target=\"_blank\" rel=\"noopener\">Google Scholar<\/a><\/div>\n<\/li>\n<li id=\"rb42\" class=\"refbiblio\">LOMBARDO, Emanuela, et Mieke VERLOO, 2009 \u00ab\u00a0Institutionalizing Intersectionality in the European Union?\u00a0\u00bb,\u00a0<em>International Feminist Journal of Politics<\/em>, 11, 4\u00a0: 478-495.\n<div class=\"refbiblio-links\"><a class=\"refbiblio-link scholar-link\" href=\"http:\/\/scholar.google.com\/scholar?q=LOMBARDO,%20Emanuela,%20et%20Mieke%20VERLOO,%202009%20%C2%AB%C2%A0Institutionalizing%20Intersectionality%20in%20the%20European%20Union?%C2%A0%C2%BB,%20International%20Feminist%20Journal%20of%20Politics,%2011,%204%C2%A0:%20478-495.%20\" target=\"_blank\" rel=\"noopener\">Google Scholar<\/a>\u00a0<a class=\"refbiblio-link idpublic\" href=\"https:\/\/doi.org\/10.1080\/14616740903237442\" target=\"_blank\" rel=\"noopener\">10.1080\/14616740903237442<\/a><\/div>\n<\/li>\n<li id=\"rb43\" class=\"refbiblio\">LOPEZ, Marta Cruells, et Sonia RUIZ GARCIA, 2014 \u00ab\u00a0Political Intersectionality within the Spanish Indignados Social Movement\u00a0\u00bb,\u00a0<em>Intersectionality and Social Change<\/em>, 31\u00a0: 3-25.\n<div class=\"refbiblio-links\"><a class=\"refbiblio-link scholar-link\" href=\"http:\/\/scholar.google.com\/scholar?q=LOPEZ,%20Marta%20Cruells,%20et%20Sonia%20RUIZ%20GARCIA,%202014%20%C2%AB%C2%A0Political%20Intersectionality%20within%20the%20Spanish%20Indignados%20Social%20Movement%C2%A0%C2%BB,%20Intersectionality%20and%20Social%20Change,%2031%C2%A0:%203-25.%20\" target=\"_blank\" rel=\"noopener\">Google Scholar<\/a><\/div>\n<\/li>\n<li id=\"rb44\" class=\"refbiblio\">LYKKE, Nina, 2011 \u00ab\u00a0Intersectional Analysis\u00a0: Black Box or Useful Critical Feminist Thinking Technology?\u00a0\u00bb, dans Helma Lutz, Maria Teresa Herrera Vivar et Linda Supik (dir.),\u00a0<em>Framing Intersectionality\u00a0: Debates on a Multi-Faceted Concept in Gender Studies<\/em>. Farnham (GB), Ashgate\u00a0: 207-220.\n<div class=\"refbiblio-links\"><a class=\"refbiblio-link scholar-link\" href=\"http:\/\/scholar.google.com\/scholar?q=LYKKE,%20Nina,%202011%20%C2%AB%C2%A0Intersectional%20Analysis%C2%A0:%20Black%20Box%20or%20Useful%20Critical%20Feminist%20Thinking%20Technology?%C2%A0%C2%BB,%20dans%20Helma%20Lutz,%20Maria%20Teresa%20Herrera%20Vivar%20et%20Linda%20Supik%20(dir.),%20Framing%20Intersectionality%C2%A0:%20Debates%20on%20a%20Multi-Faceted%20Concept%20in%20Gender%20Studies.%20Farnham%20(GB),%20Ashgate%C2%A0:%20207-220.\" target=\"_blank\" rel=\"noopener\">Google Scholar<\/a><\/div>\n<\/li>\n<li id=\"rb45\" class=\"refbiblio\">MCCALL, Leslie, 2005 \u00ab\u00a0The Complexity of Intersectionality\u00a0\u00bb,\u00a0<em>Signs<\/em>, 30, 3\u00a0: 1771-1800.\n<div class=\"refbiblio-links\"><a class=\"refbiblio-link scholar-link\" href=\"http:\/\/scholar.google.com\/scholar?q=MCCALL,%20Leslie,%202005%20%C2%AB%C2%A0The%20Complexity%20of%20Intersectionality%C2%A0%C2%BB,%20Signs,%2030,%203%C2%A0:%201771-1800.\" target=\"_blank\" rel=\"noopener\">Google Scholar<\/a>\u00a0<a class=\"refbiblio-link idpublic\" href=\"https:\/\/doi.org\/10.1086\/426800\" target=\"_blank\" rel=\"noopener\">10.1086\/426800<\/a><\/div>\n<\/li>\n<li id=\"rb46\" class=\"refbiblio\">MCROBBIE, Angela, 2009\u00a0<em>The Aftermath of Feminism<\/em>\u00a0<em>: Gender, Culture and Social Change<\/em>. Thousand Oaks (CA), Sage.\n<div class=\"refbiblio-links\"><a class=\"refbiblio-link scholar-link\" href=\"http:\/\/scholar.google.com\/scholar?q=MCROBBIE,%20Angela,%202009%20The%20Aftermath%20of%20Feminism%C2%A0:%20Gender,%20Culture%20and%20Social%20Change.%20Thousand%20Oaks%20(CA),%20Sage.\" target=\"_blank\" rel=\"noopener\">Google Scholar<\/a><\/div>\n<\/li>\n<li id=\"rb47\" class=\"refbiblio\">MCWHORTER, Ladelle, 2004 \u00ab\u00a0Sex, Race, and Biopower\u00a0: A Foucauldian Genealogy\u00a0\u00bb,\u00a0<em>Hypatia<\/em>, 19, 3\u00a0: 38-62.\n<div class=\"refbiblio-links\"><a class=\"refbiblio-link scholar-link\" href=\"http:\/\/scholar.google.com\/scholar?q=MCWHORTER,%20Ladelle,%202004%20%C2%AB%C2%A0Sex,%20Race,%20and%20Biopower%C2%A0:%20A%20Foucauldian%20Genealogy%C2%A0%C2%BB,%20Hypatia,%2019,%203%C2%A0:%2038-62.%20\" target=\"_blank\" rel=\"noopener\">Google Scholar<\/a>\u00a0<a class=\"refbiblio-link idpublic\" href=\"https:\/\/doi.org\/10.1111\/j.1527-2001.2004.tb01301.x\" target=\"_blank\" rel=\"noopener\">10.1111\/j.1527-2001.2004.tb01301.x<\/a><\/div>\n<\/li>\n<li id=\"rb48\" class=\"refbiblio\">MIANO, L\u00e9onora, 2010\u00a0<em>Blues pour Elise<\/em>. Paris, Plon.\n<div class=\"refbiblio-links\"><a class=\"refbiblio-link scholar-link\" href=\"http:\/\/scholar.google.com\/scholar?q=MIANO,%20L%C3%A9onora,%202010%20Blues%20pour%20Elise.%20Paris,%20Plon.%20\" target=\"_blank\" rel=\"noopener\">Google Scholar<\/a><\/div>\n<\/li>\n<li id=\"rb49\" class=\"refbiblio\">MIANO, L\u00e9onora, 2008\u00a0<em>Afropean Soul<\/em>. Paris, Flammarion.\n<div class=\"refbiblio-links\"><a class=\"refbiblio-link scholar-link\" href=\"http:\/\/scholar.google.com\/scholar?q=MIANO,%20L%C3%A9onora,%202008%20Afropean%20Soul.%20Paris,%20Flammarion.%20\" target=\"_blank\" rel=\"noopener\">Google Scholar<\/a><\/div>\n<\/li>\n<li id=\"rb50\" class=\"refbiblio\">MOHANTY, Chandra, 2013 \u00ab\u00a0Transnational Feminist Crossings\u00a0: On Neoliberalism and Radical Critique\u00a0\u00bb,\u00a0<em>Signs<\/em>, 38, 4\u00a0: 967-991.\n<div class=\"refbiblio-links\"><a class=\"refbiblio-link scholar-link\" href=\"http:\/\/scholar.google.com\/scholar?q=MOHANTY,%20Chandra,%202013%20%C2%AB%C2%A0Transnational%20Feminist%20Crossings%C2%A0:%20On%20Neoliberalism%20and%20Radical%20Critique%C2%A0%C2%BB,%20Signs,%2038,%204%C2%A0:%20967-991.%20\" target=\"_blank\" rel=\"noopener\">Google Scholar<\/a>\u00a0<a class=\"refbiblio-link idpublic\" href=\"https:\/\/doi.org\/10.1086\/669576\" target=\"_blank\" rel=\"noopener\">10.1086\/669576<\/a><\/div>\n<\/li>\n<li id=\"rb51\" class=\"refbiblio\">MORRISON, Adele, 2013 \u00ab\u00a0It\u2019s [Not] a Black Thing\u00a0: The Black\/Gay Split over Same-Sex Marriage \u2013 A Critical [Race] Perspective\u00a0\u00bb,\u00a0<em>Tulane Journal of Law &amp; Sexuality<\/em>, 22\u00a0: 1-53.\n<div class=\"refbiblio-links\"><a class=\"refbiblio-link scholar-link\" href=\"http:\/\/scholar.google.com\/scholar?q=MORRISON,%20Adele,%202013%20%C2%AB%C2%A0It%E2%80%99s%20%5BNot%5D%20a%20Black%20Thing%C2%A0:%20The%20Black\/Gay%20Split%20over%20Same-Sex%20Marriage%20%E2%80%93%20A%20Critical%20%5BRace%5D%20Perspective%C2%A0%C2%BB,%20Tulane%20Journal%20of%20Law%20&amp;%20Sexuality,%2022%C2%A0:%201-53.\" target=\"_blank\" rel=\"noopener\">Google Scholar<\/a><\/div>\n<\/li>\n<li id=\"rb52\" class=\"refbiblio\">MWASI COLLECTIF AFROF\u00c9MINISTE, s.\u00a0d. \u00ab\u00a0Qui nous sommes?\u00a0\u00bb, [En\u00a0ligne], [<a id=\"ls8\" href=\"http:\/\/mwasicollectif.com\/\" target=\"_blank\" rel=\"noopener\">mwasicollectif.com\/<\/a>] (5\u00a0novembre\u00a02015).\n<div class=\"refbiblio-links\"><a class=\"refbiblio-link scholar-link\" href=\"http:\/\/scholar.google.com\/scholar?q=MWASI%20COLLECTIF%20AFROF%C3%89MINISTE,%20s.%C2%A0d.%20%C2%AB%C2%A0Qui%20nous%20sommes?%C2%A0%C2%BB,%20%5BEn%C2%A0ligne%5D,%20%5Bmwasicollectif.com\/%5D%20(5%C2%A0novembre%C2%A02015).\" target=\"_blank\" rel=\"noopener\">Google Scholar<\/a><\/div>\n<\/li>\n<li id=\"rb53\" class=\"refbiblio\">OXFORD ENGLISH DICTIONARY, s.\u00a0d. \u00ab\u00a0Praxis\u00a0\u00bb, [En\u00a0ligne], [<a id=\"ls9\" href=\"http:\/\/www.oed.com\/view\/Entry\/149425?redirectedFrom=praxis#eid\" target=\"_blank\" rel=\"noopener\">www.oed.com\/view\/Entry\/149425?redirectedFrom=praxis#eid<\/a>] (4\u00a0ao\u00fbt\u00a02015).\n<div class=\"refbiblio-links\"><a class=\"refbiblio-link scholar-link\" href=\"http:\/\/scholar.google.com\/scholar?q=OXFORD%20ENGLISH%20DICTIONARY,%20s.%C2%A0d.%20%C2%AB%C2%A0Praxis%C2%A0%C2%BB,%20%5BEn%C2%A0ligne%5D,%20%5Bwww.oed.com\/view\/Entry\/149425?redirectedFrom=praxis#eid%5D%20(4%C2%A0ao%C3%BBt%C2%A02015).\" target=\"_blank\" rel=\"noopener\">Google Scholar<\/a><\/div>\n<\/li>\n<li id=\"rb54\" class=\"refbiblio\">PETZEN, Jennifer, 2012 \u00ab\u00a0Queer Trouble\u00a0: Centring Race in Queer and Feminist Politics\u00a0\u00bb,\u00a0<em>Journal of Intercultural Studies<\/em>, 33, 3\u00a0: 289-302.\n<div class=\"refbiblio-links\"><a class=\"refbiblio-link scholar-link\" href=\"http:\/\/scholar.google.com\/scholar?q=PETZEN,%20Jennifer,%202012%20%C2%AB%C2%A0Queer%20Trouble%C2%A0:%20Centring%20Race%20in%20Queer%20and%20Feminist%20Politics%C2%A0%C2%BB,%20Journal%20of%20Intercultural%20Studies,%2033,%203%C2%A0:%20289-302.\" target=\"_blank\" rel=\"noopener\">Google Scholar<\/a>\u00a0<a class=\"refbiblio-link idpublic\" href=\"https:\/\/doi.org\/10.1080\/07256868.2012.673472\" target=\"_blank\" rel=\"noopener\">10.1080\/07256868.2012.673472<\/a><\/div>\n<\/li>\n<li id=\"rb55\" class=\"refbiblio\">PHOENIX, Ann, et Pamela PATTYNAMA, 2006 \u00ab\u00a0Editorial\u00a0: Intersectionality\u00a0\u00bb,\u00a0<em>European Journal of Women\u2019s Studies<\/em>, 13, 3\u00a0: 187-192.\n<div class=\"refbiblio-links\"><a class=\"refbiblio-link scholar-link\" href=\"http:\/\/scholar.google.com\/scholar?q=PHOENIX,%20Ann,%20et%20Pamela%20PATTYNAMA,%202006%20%C2%AB%C2%A0Editorial%C2%A0:%20Intersectionality%C2%A0%C2%BB,%20European%20Journal%20of%20Women%E2%80%99s%20Studies,%2013,%203%C2%A0:%20187-192.\" target=\"_blank\" rel=\"noopener\">Google Scholar<\/a>\u00a0<a class=\"refbiblio-link idpublic\" href=\"https:\/\/doi.org\/10.1177\/1350506806065751\" target=\"_blank\" rel=\"noopener\">10.1177\/1350506806065751<\/a><\/div>\n<\/li>\n<li id=\"rb56\" class=\"refbiblio\">PONS CARDOSO, Cl\u00e1udia, 2015 \u00ab\u00a0\u00c0 L\u00e9lia de Almeida Gonzalez, pr\u00e9curseuse du f\u00e9minisme noir au Br\u00e9sil\u00a0\u00bb,\u00a0<em>Les Cahiers du CEDREF<\/em>, 20, [En\u00a0ligne], [<a id=\"ls10\" href=\"http:\/\/cedref.revues.org\/774\" target=\"_blank\" rel=\"noopener\">cedref.revues.org\/774<\/a>] (12\u00a0ao\u00fbt\u00a02015).\n<div class=\"refbiblio-links\"><a class=\"refbiblio-link scholar-link\" href=\"http:\/\/scholar.google.com\/scholar?q=PONS%20CARDOSO,%20Cl%C3%A1udia,%202015%20%C2%AB%C2%A0%C3%80%20L%C3%A9lia%20de%20Almeida%20Gonzalez,%20pr%C3%A9curseuse%20du%20f%C3%A9minisme%20noir%20au%20Br%C3%A9sil%C2%A0%C2%BB,%20Les%20Cahiers%20du%20CEDREF,%2020,%20%5BEn%C2%A0ligne%5D,%20%5Bcedref.revues.org\/774%5D%20(12%C2%A0ao%C3%BBt%C2%A02015).%20\" target=\"_blank\" rel=\"noopener\">Google Scholar<\/a><\/div>\n<\/li>\n<li id=\"rb57\" class=\"refbiblio\">PRINS, Baukje, 2006 \u00ab\u00a0Narrative Accounts of Origins\u00a0: A Blind Spot in the Intersectional Approach?\u00a0\u00bb,\u00a0<em>European Journal of Women\u2019s Studies<\/em>, 13, 3\u00a0: 277-290.\n<div class=\"refbiblio-links\"><a class=\"refbiblio-link scholar-link\" href=\"http:\/\/scholar.google.com\/scholar?q=PRINS,%20Baukje,%202006%20%C2%AB%C2%A0Narrative%20Accounts%20of%20Origins%C2%A0:%20A%20Blind%20Spot%20in%20the%20Intersectional%20Approach?%C2%A0%C2%BB,%20European%20Journal%20of%20Women%E2%80%99s%20Studies,%2013,%203%C2%A0:%20277-290.%20\" target=\"_blank\" rel=\"noopener\">Google Scholar<\/a>\u00a0<a class=\"refbiblio-link idpublic\" href=\"https:\/\/doi.org\/10.1177\/1350506806065757\" target=\"_blank\" rel=\"noopener\">10.1177\/1350506806065757<\/a><\/div>\n<\/li>\n<li id=\"rb58\" class=\"refbiblio\">ROTH, Julia, 2013 \u00ab\u00a0Entangled Inequalities as Intersectionalities\u00a0: Towards an Epistemic Sensibilization\u00a0\u00bb,\u00a0<em>desiguALdades.net Working Paper Series<\/em>, 43, [En\u00a0ligne], [<a id=\"ls11\" href=\"http:\/\/www.desigualdades.net\/Resources\/Working_Paper\/43_WP_Roth_Online.pdf\" target=\"_blank\" rel=\"noopener\">www.desigualdades.net\/Resources\/Working_Paper\/43_WP_Roth_ Online.pdf<\/a>] (12\u00a0novembre\u00a02015).\n<div class=\"refbiblio-links\"><a class=\"refbiblio-link scholar-link\" href=\"http:\/\/scholar.google.com\/scholar?q=ROTH,%20Julia,%202013%20%C2%AB%C2%A0Entangled%20Inequalities%20as%20Intersectionalities%C2%A0:%20Towards%20an%20Epistemic%20Sensibilization%C2%A0%C2%BB,%20desiguALdades.net%20Working%20Paper%20Series,%2043,%20%5BEn%C2%A0ligne%5D,%20%5Bwww.desigualdades.net\/Resources\/Working_Paper\/43_WP_Roth_%20Online.pdf%5D%20(12%C2%A0novembre%C2%A02015).\" target=\"_blank\" rel=\"noopener\">Google Scholar<\/a><\/div>\n<\/li>\n<li id=\"rb59\" class=\"refbiblio\">SCHULTZ, Debra L., 2012 \u00ab\u00a0Translating Intersectionality Theory into Practice\u00a0: A Tale of Romani-Gadze Feminist Alliance\u00a0\u00bb,\u00a0<em>Signs<\/em>, 38, 1\u00a0: 37-43.\n<div class=\"refbiblio-links\"><a class=\"refbiblio-link scholar-link\" href=\"http:\/\/scholar.google.com\/scholar?q=SCHULTZ,%20Debra%20L.,%202012%20%C2%AB%C2%A0Translating%20Intersectionality%20Theory%20into%20Practice%C2%A0:%20A%20Tale%20of%20Romani-Gadze%20Feminist%20Alliance%C2%A0%C2%BB,%20Signs,%2038,%201%C2%A0:%2037-43.\" target=\"_blank\" rel=\"noopener\">Google Scholar<\/a><\/div>\n<\/li>\n<li id=\"rb60\" class=\"refbiblio\">STAUNAES, Dorthe, 2003 \u00ab\u00a0Where Have all the Subjects Gone? Bringing Together the Concepts of Intersectionality and Subjectification\u00a0\u00bb,\u00a0<em>NORA<\/em>, 11, 2\u00a0: 101-110.\n<div class=\"refbiblio-links\"><a class=\"refbiblio-link scholar-link\" href=\"http:\/\/scholar.google.com\/scholar?q=STAUNAES,%20Dorthe,%202003%20%C2%AB%C2%A0Where%20Have%20all%20the%20Subjects%20Gone?%20Bringing%20Together%20the%20Concepts%20of%20Intersectionality%20and%20Subjectification%C2%A0%C2%BB,%20NORA,%2011,%202%C2%A0:%20101-110.\" target=\"_blank\" rel=\"noopener\">Google Scholar<\/a>\u00a0<a class=\"refbiblio-link idpublic\" href=\"https:\/\/doi.org\/10.1080\/08038740310002950\" target=\"_blank\" rel=\"noopener\">10.1080\/08038740310002950<\/a><\/div>\n<\/li>\n<li id=\"rb61\" class=\"refbiblio\">SUDBURY, Julia, et Margo OKAZAWA-REY, 2009\u00a0<em>Activist scholarship\u00a0: Antiracism, feminism and social science<\/em>. Boulder (CO), Paradigm.\n<div class=\"refbiblio-links\"><a class=\"refbiblio-link scholar-link\" href=\"http:\/\/scholar.google.com\/scholar?q=SUDBURY,%20Julia,%20et%20Margo%20OKAZAWA-REY,%202009%20Activist%20scholarship%C2%A0:%20Antiracism,%20feminism%20and%20social%20science.%20Boulder%20(CO),%20Paradigm.\" target=\"_blank\" rel=\"noopener\">Google Scholar<\/a><\/div>\n<\/li>\n<li id=\"rb62\" class=\"refbiblio\">THE VISIBILITY PROJECT, 2014\u00a0<strong>\u00ab\u00a0<\/strong>On Moya Bailey, Misogynoir, and Why Both Are Important\u00a0\u00bb, 27\u00a0mai, [En\u00a0ligne], [<a id=\"ls12\" href=\"http:\/\/www.thevisibilityproject.com\/2014\/05\/27\/on-moya-bailey-misogynoir-and-why-both-are-important\/\" target=\"_blank\" rel=\"noopener\">www.thevisibilityproject.com\/2014\/05\/27\/on-moya-bailey-misogynoir-and-why-both-are-important\/<\/a>] (5\u00a0novembre\u00a02015).\n<div class=\"refbiblio-links\"><a class=\"refbiblio-link scholar-link\" href=\"http:\/\/scholar.google.com\/scholar?q=THE%20VISIBILITY%20PROJECT,%202014%20%C2%AB%C2%A0On%20Moya%20Bailey,%20Misogynoir,%20and%20Why%20Both%20Are%20Important%C2%A0%C2%BB,%2027%C2%A0mai,%20%5BEn%C2%A0ligne%5D,%20%5Bwww.thevisibilityproject.com\/2014\/05\/27\/on-moya-bailey-misogynoir-and-why-both-are-important\/%5D%20(5%C2%A0novembre%C2%A02015).\" target=\"_blank\" rel=\"noopener\">Google Scholar<\/a><\/div>\n<\/li>\n<li id=\"rb63\" class=\"refbiblio\">THIAM, Awa, 1978\u00a0<em>La parole aux n\u00e9gresses<\/em>. Paris, Deno\u00ebl\/Gonthier.\n<div class=\"refbiblio-links\"><a class=\"refbiblio-link scholar-link\" href=\"http:\/\/scholar.google.com\/scholar?q=THIAM,%20Awa,%201978%20La%20parole%20aux%20n%C3%A9gresses.%20Paris,%20Deno%C3%ABl\/Gonthier.\" target=\"_blank\" rel=\"noopener\">Google Scholar<\/a><\/div>\n<\/li>\n<li id=\"rb64\" class=\"refbiblio\">TLOSTANOVA, Madina, 2015 \u00ab\u00a0Toutes les femmes sont russes, tous les Caucasiens sont des hommes? Intersectionnalit\u00e9, pluriversalit\u00e9 et les autres genr\u00e9-e-s des fronti\u00e8res eurasiennes\u00a0\u00bb,\u00a0<em>Les Cahiers du CEDREF<\/em>, 20, [En\u00a0ligne], [<a id=\"ls13\" href=\"http:\/\/cedref.revues.org\/830\" target=\"_blank\" rel=\"noopener\">cedref.revues.org\/830<\/a>] (12\u00a0ao\u00fbt\u00a02015).\n<div class=\"refbiblio-links\"><a class=\"refbiblio-link scholar-link\" href=\"http:\/\/scholar.google.com\/scholar?q=TLOSTANOVA,%20Madina,%202015%20%C2%AB%C2%A0Toutes%20les%20femmes%20sont%20russes,%20tous%20les%20Caucasiens%20sont%20des%20hommes?%20Intersectionnalit%C3%A9,%20pluriversalit%C3%A9%20et%20les%20autres%20genr%C3%A9-e-s%20des%20fronti%C3%A8res%20eurasiennes%C2%A0%C2%BB,%20Les%20Cahiers%20du%20CEDREF,%2020,%20%5BEn%C2%A0ligne%5D,%20%5Bcedref.revues.org\/830%5D%20(12%C2%A0ao%C3%BBt%C2%A02015).\" target=\"_blank\" rel=\"noopener\">Google Scholar<\/a><\/div>\n<\/li>\n<li id=\"rb65\" class=\"refbiblio\">TOMLINSON, Barbara, 2013 \u00ab\u00a0Colonizing Intersectionality\u00a0: Replicating Racial Hierarchy in Feminist Academic Arguments\u00a0\u00bb,\u00a0<em>Social Identities<\/em>, 19, 2\u00a0: 254-272.\n<div class=\"refbiblio-links\"><a class=\"refbiblio-link scholar-link\" href=\"http:\/\/scholar.google.com\/scholar?q=TOMLINSON,%20Barbara,%202013%20%C2%AB%C2%A0Colonizing%20Intersectionality%C2%A0:%20Replicating%20Racial%20Hierarchy%20in%20Feminist%20Academic%20Arguments%C2%A0%C2%BB,%20Social%20Identities,%2019,%202%C2%A0:%20254-272.\" target=\"_blank\" rel=\"noopener\">Google Scholar<\/a>\u00a0<a class=\"refbiblio-link idpublic\" href=\"https:\/\/doi.org\/10.1080\/13504630.2013.789613\" target=\"_blank\" rel=\"noopener\">10.1080\/13504630.2013.789613<\/a><\/div>\n<\/li>\n<li id=\"rb66\" class=\"refbiblio\">TOWNSEND-BELL, Erica, 2010 \u00ab\u00a0What is Relevance? Defining Intersectional Praxis in Uruguay\u00a0\u00bb,\u00a0<em>Political Research Quarterly<\/em>,\u00a0<span class=\"petitecap\">xx, x<\/span>\u00a0: 1-13.\n<div class=\"refbiblio-links\"><a class=\"refbiblio-link scholar-link\" href=\"http:\/\/scholar.google.com\/scholar?q=TOWNSEND-BELL,%20Erica,%202010%20%C2%AB%C2%A0What%20is%20Relevance?%20Defining%20Intersectional%20Praxis%20in%20Uruguay%C2%A0%C2%BB,%20Political%20Research%20Quarterly,%20xx,%20x%C2%A0:%201-13.\" target=\"_blank\" rel=\"noopener\">Google Scholar<\/a><\/div>\n<\/li>\n<li id=\"rb67\" class=\"refbiblio\">TUGAL, Cihan, 2013 \u00ab\u00a0\u201c\u00a0Resistance Everywhere\u00a0\u201d\u00a0: The Gezi Revolt in Global Perspective\u00a0\u00bb,\u00a0<em>New Perspectives on Turkey<\/em>, 49\u00a0: 157-172.\n<div class=\"refbiblio-links\"><a class=\"refbiblio-link scholar-link\" href=\"http:\/\/scholar.google.com\/scholar?q=TUGAL,%20Cihan,%202013%20%C2%AB%C2%A0%E2%80%9C%C2%A0Resistance%20Everywhere%C2%A0%E2%80%9D%C2%A0:%20The%20Gezi%20Revolt%20in%20Global%20Perspective%C2%A0%C2%BB,%20New%20Perspectives%20on%20Turkey,%2049%C2%A0:%20157-172.\" target=\"_blank\" rel=\"noopener\">Google Scholar<\/a><\/div>\n<\/li>\n<li id=\"rb68\" class=\"refbiblio\">WALBY, Sylvia, 2007 \u00ab\u00a0Complexity Theory, Systems Theory and Multiple Intersecting Social Inequalities\u00a0\u00bb,\u00a0<em>Philosophy of the Social Sciences<\/em>, 37, 4\u00a0: 449-470.\n<div class=\"refbiblio-links\"><a class=\"refbiblio-link scholar-link\" href=\"http:\/\/scholar.google.com\/scholar?q=WALBY,%20Sylvia,%202007%20%C2%AB%C2%A0Complexity%20Theory,%20Systems%20Theory%20and%20Multiple%20Intersecting%20Social%20Inequalities%C2%A0%C2%BB,%20Philosophy%20of%20the%20Social%20Sciences,%2037,%204%C2%A0:%20449-470.%20\" target=\"_blank\" rel=\"noopener\">Google Scholar<\/a>\u00a0<a class=\"refbiblio-link idpublic\" href=\"https:\/\/doi.org\/10.1177\/0048393107307663\" target=\"_blank\" rel=\"noopener\">10.1177\/0048393107307663<\/a><\/div>\n<\/li>\n<li id=\"rb69\" class=\"refbiblio\">WALBY, Sylvia, Jo ARMSTRONG et Sofia STRID, 2012 \u00ab\u00a0Intersectionality\u00a0: Multiple Inequalities in Social Theory\u00a0\u00bb,\u00a0<em>Sociology<\/em>, 46, 2\u00a0: 224-240.\n<div class=\"refbiblio-links\"><a class=\"refbiblio-link scholar-link\" href=\"http:\/\/scholar.google.com\/scholar?q=WALBY,%20Sylvia,%20Jo%20ARMSTRONG%20et%20Sofia%20STRID,%202012%20%C2%AB%C2%A0Intersectionality%C2%A0:%20Multiple%20Inequalities%20in%20Social%20Theory%C2%A0%C2%BB,%20Sociology,%2046,%202%C2%A0:%20224-240.%20\" target=\"_blank\" rel=\"noopener\">Google Scholar<\/a>\u00a0<a class=\"refbiblio-link idpublic\" href=\"https:\/\/doi.org\/10.1177\/0038038511416164\" target=\"_blank\" rel=\"noopener\">10.1177\/0038038511416164<\/a><\/div>\n<\/li>\n<li id=\"rb70\" class=\"refbiblio\">WALIA, Harsha, 2013\u00a0<em>Undoing Border Imperialism<\/em>. Oakland (CA), AK Press.\n<div class=\"refbiblio-links\"><a class=\"refbiblio-link scholar-link\" href=\"http:\/\/scholar.google.com\/scholar?q=WALIA,%20Harsha,%202013%20Undoing%20Border%20Imperialism.%20Oakland%20(CA),%20AK%20Press.%20\" target=\"_blank\" rel=\"noopener\">Google Scholar<\/a><\/div>\n<\/li>\n<li id=\"rb71\" class=\"refbiblio\">WARD, Jane, 2007\u00a0<em>Respectably Queer<\/em>\u00a0<em>: Diversity Culture in LGBT Activist Organizations<\/em>. Nashville (TN), Vanderbilt University Press.\n<div class=\"refbiblio-links\"><a class=\"refbiblio-link scholar-link\" href=\"http:\/\/scholar.google.com\/scholar?q=WARD,%20Jane,%202007%20Respectably%20Queer%C2%A0:%20Diversity%20Culture%20in%20LGBT%20Activist%20Organizations.%20Nashville%20(TN),%20Vanderbilt%20University%20Press.%20\" target=\"_blank\" rel=\"noopener\">Google Scholar<\/a><\/div>\n<\/li>\n<li id=\"rb72\" class=\"refbiblio\">WEBER, Lynn, et Deborah PARRA-MEDINA, 2003 \u00ab\u00a0Intersectionality and Women\u2019s Health\u00a0\u00bb, dans Vasilikie Demos et Marcia T. Segal (dir.),\u00a0<em>Advances in Gender Research<\/em>. Oxford (GB), Elsevier\u00a0: 183-226.\n<div class=\"refbiblio-links\"><a class=\"refbiblio-link scholar-link\" href=\"http:\/\/scholar.google.com\/scholar?q=WEBER,%20Lynn,%20et%20Deborah%20PARRA-MEDINA,%202003%20%C2%AB%C2%A0Intersectionality%20and%20Women%E2%80%99s%20Health%C2%A0%C2%BB,%20dans%20Vasilikie%20Demos%20et%20Marcia%20T.%20Segal%20(dir.),%20Advances%20in%20Gender%20Research.%20Oxford%20(GB),%20Elsevier%C2%A0:%20183-226.\" target=\"_blank\" rel=\"noopener\">Google Scholar<\/a><\/div>\n<\/li>\n<li id=\"rb73\" class=\"refbiblio\">ZAPATA GALINDO, Martha, Sabina GARC\u00cdA PETER et Jennifer CHAN DE \u00c1VILA, 2013\u00a0<em>La interseccionalidad en debate<\/em><strong>\u00a0<\/strong><em>: Actas del Congreso Internacional\u00a0<\/em>\u00ab\u00a0<em>Indicadores Interseccionales y Medidas de Inclusi\u00f3n Social en Instituciones de Educaci\u00f3n Superior<\/em>\u00a0\u00bb. Berlin, Lateinamerika-Institut der Freien Universit\u00e4t Berlin.\n<div class=\"refbiblio-links\"><a class=\"refbiblio-link scholar-link\" href=\"http:\/\/scholar.google.com\/scholar?q=ZAPATA%20GALINDO,%20Martha,%20Sabina%20GARC%C3%8DA%20PETER%20et%20Jennifer%20CHAN%20DE%20%C3%81VILA,%202013%20La%20interseccionalidad%20en%20debate%C2%A0:%20Actas%20del%20Congreso%20Internacional%20%C2%AB%C2%A0Indicadores%20Interseccionales%20y%20Medidas%20de%20Inclusi%C3%B3n%20Social%20en%20Instituciones%20de%20Educaci%C3%B3n%20Superior%C2%A0%C2%BB.%20Berlin,%20Lateinamerika-Institut%20der%20Freien%20Universit%C3%A4t%20Berlin.\" target=\"_blank\" rel=\"noopener\">Google Scholar<\/a><\/div>\n<\/li>\n<\/ol>\n<\/div>\n<\/section>\n<\/div>\n<p><a href=\"https:\/\/www.erudit.org\/fr\/revues\/rf\/2015-v28-n2-rf02280\/1034173ar\/\">SOURCE<\/a><\/p>\n<div class=\"col-sm-6 doc-head__metadata\">\n<p>Diffusion num\u00e9rique\u00a0: 30 novembre 2015<\/p>\n<dl class=\"mono-space idpublic\">\n<dt>URI<\/dt>\n<dd><span class=\"hint--top hint--no-animate\" data-hint=\"Cliquez pour copier l'URI de cet article.\"><a class=\"clipboard-data\" href=\"https:\/\/id.erudit.org\/iderudit\/1034173ar\">https:\/\/id.erudit.org\/iderudit\/1034173ar<span class=\"clipboard-msg clipboard-success\">adresse copi\u00e9e<\/span><span class=\"clipboard-msg clipboard-error\">une erreur s&rsquo;est produite<\/span><\/a><\/span><\/dd>\n<dt>DOI<\/dt>\n<dd><span class=\"hint--top hint--no-animate\" data-hint=\"Cliquez pour copier le DOI de cet article.\"><a class=\"clipboard-data\" href=\"https:\/\/doi.org\/10.7202\/1034173ar\">https:\/\/doi.org\/10.7202\/1034173ar<span class=\"clipboard-msg clipboard-success\">adresse copi\u00e9e<\/span><span class=\"clipboard-msg clipboard-error\">une erreur s&rsquo;est produite<\/span><\/a><\/span><\/dd>\n<\/dl>\n<\/div>\n<div class=\"col-sm-6 doc-head__metadata\">\n<p>Un article de la revue\u00a0<a href=\"http:\/\/www.erudit.org\/fr\/revues\/rf\/\">Recherches f\u00e9ministes<\/a>\u00a0<i class=\"icon ion-ios-checkmark-circle\"><\/i><\/p>\n<p class=\"refpapier\"><span class=\"volumaison\"><span class=\"volume\">Volume\u00a028<\/span>,\u00a0<span class=\"nonumero\">Num\u00e9ro\u00a02<\/span>, 2015<\/span>, p.\u00a09\u201332<span class=\"theme\"><br \/>\n<strong><a href=\"https:\/\/www.erudit.org\/fr\/revues\/rf\/2015-v28-n2-rf02280\/\">Intersectionnalit\u00e9s<\/a><\/strong><\/span><\/p>\n<p class=\"droitsauteur\"><small>Tous droits r\u00e9serv\u00e9s \u00a9 Recherches f\u00e9ministes, Universit\u00e9 Laval, 2015<\/small><\/p>\n<\/div>\n<\/div>\n","protected":false},"excerpt":{"rendered":"<p>Par Sirma Bilge R\u00e9sum\u00e9 Le f\u00e9minisme acad\u00e9mique entretient une relation ambigu\u00eb avec l\u2019intersectionnalit\u00e9 qu\u2019il encense et discipline du m\u00eame souffle. Par un ensemble de discours et de pratiques, la pens\u00e9e critique raciale est \u00e9vacu\u00e9e de l\u2019appareillage actuel de l\u2019intersectionnalit\u00e9 et les personnes racialis\u00e9es comme productrices des savoirs intersectionnels se trouvent marginalis\u00e9es dans les d\u00e9bats et &#8230; <a title=\"Le blanchiment de l\u2019intersectionnalit\u00e9\" class=\"read-more\" href=\"https:\/\/bruxelles-pantheres.be\/?p=4901\" aria-label=\"En savoir plus sur Le blanchiment de l\u2019intersectionnalit\u00e9\">Lire la suite<\/a><\/p>\n","protected":false},"author":1,"featured_media":405,"comment_status":"open","ping_status":"open","sticky":false,"template":"","format":"standard","meta":{"footnotes":""},"categories":[21,18,28],"tags":[251,464,463],"class_list":["post-4901","post","type-post","status-publish","format-standard","has-post-thumbnail","hentry","category-anti-imperialisme","category-resistance-bruxelles","category-racismes","tag-feminisme-decolonial","tag-intersectionnalite","tag-sirma-bilge"],"_links":{"self":[{"href":"https:\/\/bruxelles-pantheres.be\/index.php?rest_route=\/wp\/v2\/posts\/4901","targetHints":{"allow":["GET"]}}],"collection":[{"href":"https:\/\/bruxelles-pantheres.be\/index.php?rest_route=\/wp\/v2\/posts"}],"about":[{"href":"https:\/\/bruxelles-pantheres.be\/index.php?rest_route=\/wp\/v2\/types\/post"}],"author":[{"embeddable":true,"href":"https:\/\/bruxelles-pantheres.be\/index.php?rest_route=\/wp\/v2\/users\/1"}],"replies":[{"embeddable":true,"href":"https:\/\/bruxelles-pantheres.be\/index.php?rest_route=%2Fwp%2Fv2%2Fcomments&post=4901"}],"version-history":[{"count":1,"href":"https:\/\/bruxelles-pantheres.be\/index.php?rest_route=\/wp\/v2\/posts\/4901\/revisions"}],"predecessor-version":[{"id":4903,"href":"https:\/\/bruxelles-pantheres.be\/index.php?rest_route=\/wp\/v2\/posts\/4901\/revisions\/4903"}],"wp:featuredmedia":[{"embeddable":true,"href":"https:\/\/bruxelles-pantheres.be\/index.php?rest_route=\/wp\/v2\/media\/405"}],"wp:attachment":[{"href":"https:\/\/bruxelles-pantheres.be\/index.php?rest_route=%2Fwp%2Fv2%2Fmedia&parent=4901"}],"wp:term":[{"taxonomy":"category","embeddable":true,"href":"https:\/\/bruxelles-pantheres.be\/index.php?rest_route=%2Fwp%2Fv2%2Fcategories&post=4901"},{"taxonomy":"post_tag","embeddable":true,"href":"https:\/\/bruxelles-pantheres.be\/index.php?rest_route=%2Fwp%2Fv2%2Ftags&post=4901"}],"curies":[{"name":"wp","href":"https:\/\/api.w.org\/{rel}","templated":true}]}}