{"id":4926,"date":"2021-10-03T21:35:06","date_gmt":"2021-10-03T20:35:06","guid":{"rendered":"https:\/\/bruxelles-pantheres.be\/?p=4926"},"modified":"2021-10-03T21:35:06","modified_gmt":"2021-10-03T20:35:06","slug":"censure-et-repression-gerald-darmanin-porte-plainte-contre-kareem-el-hidjaazi","status":"publish","type":"post","link":"https:\/\/bruxelles-pantheres.be\/?p=4926","title":{"rendered":"CENSURE ET REPRESSION : G\u00c9RALD DARMANIN PORTE PLAINTE CONTRE KAREEM EL HIDJAAZI"},"content":{"rendered":"<p>Voici un re\u0301sume\u0301 de la perse\u0301cution subie par l\u2019auteur\u00a0<a href=\"https:\/\/www.islamologues-de-france.com\/a-propos\/\" target=\"_blank\" rel=\"noopener\">Kareem El Hidjaazi<\/a>\u00a0depuis pre\u0300s d\u2019un an par\u00a0<strong>les services de renseignements belges et franc\u0327ais<\/strong>\u00a0ainsi que par\u00a0<strong>le ministre de l\u2019Inte\u0301rieur franc\u0327ais Ge\u0301rald Darmanin<\/strong>\u00a0:<\/p>\n<p><em>[Te\u0301moignage de l\u2019auteur]<\/em><!--more--><\/p>\n<div class=\"page\" title=\"Page 1\">\n<div class=\"layoutArea\">\n<div class=\"column\">\n<p>Lors de la sortie de mon ouvrage\u00a0<a href=\"https:\/\/albayyinah.fr\/fr\/culture-societe-actualite\/3191-negres-et-islamistes-les-convergences-d-une-lutte-culturelle-9782960267204.html\" target=\"_blank\" rel=\"noopener\"><em>Ne\u0300gres et islamistes, les convergences d\u2019une lutte culturelle<\/em><\/a>, mon employeur m\u2019a convoque\u0301 pour m\u2019informer qu\u2019il avait rec\u0327u\u00a0<strong>une note des services de renseignements belges (la Surete\u0301 d\u2019E\u0301tat)<\/strong>\u00a0l\u2019informant que j\u2019e\u0301tais fiche\u0301 S pour \u00ab profil radical \u00bb. Etant donne\u0301 mon secteur d\u2019activite\u0301, il n\u2019e\u0301tait plus possible pour mon employeur de poursuivre notre collaboration. Je me suis donc retrouve\u0301\u00a0<strong>sans emploi et sans revenu du jour au lendemain<\/strong>.<\/p>\n<p>Side\u0301re\u0301 par la situation, j\u2019ai alors de\u0301cide\u0301 de prendre un avocat et de faire appel a\u0300 ce fichage discriminatoire grotesque. Ainsi, nous avons eu\u00a0<strong>acce\u0300s au rapport<\/strong>\u00a0en question qu\u2019un\u00a0<strong>analyste me\u0301diocre<\/strong>\u00a0travaillant dans les services de renseignements avait re\u0301dige\u0301 a\u0300 mon encontre. Ne contenant que quatre pages, le rapport e\u0301tait\u00a0<strong>un tissu de mensonges, de cliche\u0301s islamophobes et d\u2019interpre\u0301tations tendancieuses et fantaisistes de ma pratique religieuse<\/strong>. Les accusations non fonde\u0301es qu\u2019il comportait n\u2019avaient d\u2019e\u0301gales que l\u2019ignorance et l\u2019incompe\u0301tence de leur auteur en matie\u0300re d\u2019islam.<\/p>\n<p>L\u2019analyste des RG en question, qui e\u0301tait suppose\u0301 prouver mon profil \u00ab radical \u00bb, avait\u00a0<strong>clairement e\u0301te\u0301 endoctrine\u0301 par la propagande antimusulmane qui se\u0301vit actuellement en France<\/strong>. Il re\u0301ite\u0301rait les me\u0302mes accusations diffamatoires et les me\u0302mes raccourcis douteux a\u0300 l\u2019e\u0301gard des musulmans pratiquants. A\u0300 l\u2019instar d\u2019un fide\u0300le perroquet, ce dernier s\u2019appuyait sur\u00a0<strong>les the\u0300ses ze\u0301mouriennes et kepeliennes<\/strong>\u00a0que l\u2019on vomit quotidiennement sur les plateaux a\u0300 buzz de\u00a0<strong>CNews, BFM TV<\/strong>\u00a0et autres chaines de propagande.<\/p>\n<p>LES REPROCHES<\/p>\n<figure id=\"attachment_4107\" class=\"wp-caption aligncenter\" aria-describedby=\"caption-attachment-4107\"><img decoding=\"async\" class=\" wp-image-4107\" src=\"https:\/\/www.islamologues-de-france.com\/wp-content\/uploads\/2021\/09\/Screenshot-2021-09-25-at-08.59.29-800x1135.png\" sizes=\"(max-width: 304px) 100vw, 304px\" srcset=\"https:\/\/www.islamologues-de-france.com\/wp-content\/uploads\/2021\/09\/Screenshot-2021-09-25-at-08.59.29-800x1135.png 800w, https:\/\/www.islamologues-de-france.com\/wp-content\/uploads\/2021\/09\/Screenshot-2021-09-25-at-08.59.29-120x170.png 120w, https:\/\/www.islamologues-de-france.com\/wp-content\/uploads\/2021\/09\/Screenshot-2021-09-25-at-08.59.29-90x128.png 90w, https:\/\/www.islamologues-de-france.com\/wp-content\/uploads\/2021\/09\/Screenshot-2021-09-25-at-08.59.29-320x454.png 320w, https:\/\/www.islamologues-de-france.com\/wp-content\/uploads\/2021\/09\/Screenshot-2021-09-25-at-08.59.29-560x794.png 560w, https:\/\/www.islamologues-de-france.com\/wp-content\/uploads\/2021\/09\/Screenshot-2021-09-25-at-08.59.29.png 1080w\" alt=\"\" width=\"304\" height=\"432\" \/><figcaption id=\"caption-attachment-4107\" class=\"wp-caption-text\">DANS LE RAPPORT DES RG, L\u2019OUVRAGE \u00ab L\u2019ACCULTURATION DES MUSULMANS DE FRANCE \u00bb A \u00c9T\u00c9 CIT\u00c9 \u00c0 MAINTES REPRISES POUR SA CRITIQUE DE LA POLITIQUE N\u00c9OCOLONIALISTE DU GOUVERNEMENT FRAN\u00c7AIS.<\/figcaption><\/figure>\n<p>Dans le rapport en question, j\u2019e\u0301tais de\u0301crit comme\u00a0<strong>\u00ab un dangereux militant islamiste radical \u00bb<\/strong>\u00a0et\u00a0<strong>\u00ab un pre\u0301dicateur salafiste extre\u0301miste \u00bb<\/strong>\u00a0qui avait ouvert \u00ab un centre d\u2019arabe au Caire pour accueillir les extre\u0301mistes et jihadistes du monde entier \u00bb. J\u2019aurais e\u0301tudie\u0301 dans \u00ab des centres extre\u0301mistes \u00bb a\u0300 l\u2019e\u0301tranger et a\u0300 travers mes ouvrages et mon site, je me\u0300nerais\u00a0<strong>\u00ab une propagande contre le gouvernement franc\u0327ais en l\u2019accusant d\u2019islamophobie d\u2019E\u0301tat \u00bb<\/strong>, chose que l\u2019analyste conside\u0301rait comme un signe de radicalisation par excellence.<\/p>\n<p>Cette dernie\u0300re accusation e\u0301tait en effet\u00a0<strong>le principal reproche des RG a\u0300 mon encontre<\/strong>. Il s\u2019agit, rappelons-le, du the\u0300me principal de mon dernier ouvrage\u00a0<em>Ne\u0300gres et islamistes, les convergences d\u2019une lutte culturelle<\/em>. Le second ouvrage cite\u0301 a\u0300 maintes reprises dans le rapport est\u00a0<a href=\"https:\/\/www.islamologues-de-france.com\/produit\/ebook-lacculturation-des-musulmans-de-france\/\" target=\"_blank\" rel=\"noopener\"><em>L\u2019acculturation des musulmans de France, la dernie\u0300re conque\u0302te coloniale<\/em><\/a>\u00a0qui met au grand jour\u00a0<strong>la politique ne\u0301ocolonialiste du gouvernement franc\u0327ais<\/strong>. En effet, en Belgique les musulmans peuvent perdre leur emploi s\u2019ils mettent sur papier ce qu\u2019affirment pourtant\u00a0<strong>de nombreux spe\u0301cialistes ainsi que des organisations internationales des droits de l\u2019homme<\/strong>. Il semble que pour\u00a0<strong>critiquer l\u2019islamophobie d\u2019E\u0301tat<\/strong>\u00a0de la France impune\u0301ment, il faut avant tout be\u0301ne\u0301ficier d\u2019un<strong>\u00a0privile\u0300ge blanco-lai\u0308c<\/strong>.<\/p>\n<\/div>\n<\/div>\n<\/div>\n<div class=\"page\" title=\"Page 2\">\n<div class=\"layoutArea\">\n<div class=\"column\">\n<p>MA RE\u0301PONSE ARGUMENTE\u0301E AU RAPPORT<\/p>\n<p>Avant de passer devant l\u2019Organe de recours pour e\u0302tre entendu dans le cadre de ma proce\u0301dure d\u2019appel, j\u2019ai re\u0301dige\u0301\u00a0<strong>une re\u0301ponse de\u0301taille\u0301e de 28 pages<\/strong>\u00a0dans laquelle j\u2019ai mis au jour, une par une, l\u2019ensemble des contre-ve\u0301rite\u0301s que contenait le rapport qui m\u2019accablait. En outre, mon argumentaire de\u0301montrait\u00a0<strong>l\u2019incompe\u0301tence rare de son auteur, son inculture manifeste ainsi que sa vision ouvertement raciste des musulmans pratiquants<\/strong>.<\/p>\n<figure id=\"attachment_4103\" class=\"wp-caption alignleft\" aria-describedby=\"caption-attachment-4103\"><img decoding=\"async\" class=\" wp-image-4103\" src=\"https:\/\/www.islamologues-de-france.com\/wp-content\/uploads\/2021\/09\/39056_39377_IoIe9K.png\" sizes=\"(max-width: 274px) 100vw, 274px\" srcset=\"https:\/\/www.islamologues-de-france.com\/wp-content\/uploads\/2021\/09\/39056_39377_IoIe9K.png 466w, https:\/\/www.islamologues-de-france.com\/wp-content\/uploads\/2021\/09\/39056_39377_IoIe9K-120x155.png 120w, https:\/\/www.islamologues-de-france.com\/wp-content\/uploads\/2021\/09\/39056_39377_IoIe9K-90x116.png 90w, https:\/\/www.islamologues-de-france.com\/wp-content\/uploads\/2021\/09\/39056_39377_IoIe9K-320x412.png 320w\" alt=\"\" width=\"274\" height=\"353\" \/><figcaption id=\"caption-attachment-4103\" class=\"wp-caption-text\">CHAQUE MOIS, UNE DIZAINE DE MUSULMANS PERDENT LEUR EMPLOI EN BELGIQUE SUITE \u00c0 UNE FICHE S \u00c9MISE PAR LES RG QUI SE BASENT SUR UNE ID\u00c9OLOGIE ET DES ARGUMENTS TR\u00c8S DOUTEUX.<\/figcaption><\/figure>\n<p>Ma re\u0301ponse e\u0301tait\u00a0<strong>purement factuelle et si convaincante que lors de mon apparition devant l\u2019organe, le juge ne m\u2019a pose\u0301 qu\u2019une seule question<\/strong>\u00a0: \u00ab pourquoi les RG t\u2019en veulent-ils a\u0300 ce point-la\u0300 ? \u00bb. Je lui ai re\u0301pondu que je l\u2019ignorais et que c\u2019e\u0301tait une question qu\u2019il fallait pluto\u0302t leur poser. J\u2019avais ajoute\u0301 que\u00a0<strong>je soupc\u0327onnais les autorite\u0301s franc\u0327aises d\u2019e\u0302tre derrie\u0300re tout cela<\/strong>, sachant qu\u2019elles ne supportent pas la moindre critique a\u0300 l\u2019e\u0301gard de leur re\u0301gime. J\u2019avais e\u0301voque\u0301\u00a0<a href=\"https:\/\/www.islamologues-de-france.com\/2020\/11\/19\/quand-macron-censure-la-presse-americaine-qui-denonce-sa-politique-antimusulmane\/\" target=\"_blank\" rel=\"noopener\">les appels te\u0301le\u0301phoniques de Macron aux re\u0301dacteurs en chef de grands journaux ame\u0301ricains et britanniques<\/a>\u00a0exigeant le retrait des articles de\u0301nonc\u0327ant la politique islamophobe de son gouvernement. Ces faits e\u0301tant ave\u0301re\u0301s, il n\u2019est donc pas a\u0300 exclure\u00a0<strong>que les RG franc\u0327ais aient effectivement joue\u0301 un ro\u0302le dans cette tentative de muse\u0300lement<\/strong>.<\/p>\n<p>Le juge a alors dit qu\u2019il allait devoir\u00a0<strong>convoquer l\u2019analyste des RG pour lui demander plus d\u2019explications<\/strong>, car le contraste entre ce que ce dernier avait pondu dans son rapport et les arguments factuels que j\u2019e\u0301voquais pour ma de\u0301fense e\u0301tait tellement e\u0301norme que les magistrats ne savaient plus qui croire. Quelques mois plus tard,\u00a0<strong>l\u2019analyste des RG a donc du\u0302 se pre\u0301senter a\u0300 son tour devant l\u2019Organe de recours pour e\u0302tre interroge\u0301<\/strong>. Au lieu d\u2019avouer qu\u2019il avait re\u0301dige\u0301 un grotesque rapport diffamatoire, celui-ci s\u2019est mesquinement\u00a0<strong>enfonce\u0301 davantage dans une nouvelle se\u0301rie de mensonges et de calomnies qu\u2019il a compile\u0301s dans un nouveau rapport de 8 pages<\/strong>. Il a, bien entendu, nie\u0301 en bloc qu\u2019il avait e\u0301te\u0301 en contact avec les RG franc\u0327ais pour mon dossier, chose que je peux aujourd\u2019hui contester par des preuves.<\/p>\n<p>DEUXIE\u0300ME AUDITION DEVANT LES MAGISTRATS<\/p>\n<p><strong>A\u0300 nouveau<\/strong>, j\u2019ai eu\u00a0<strong>acce\u0300s a\u0300 mon dossier<\/strong>\u00a0avec mon avocat pour lire le nouveau rapport ; et\u00a0<strong>a\u0300 nouveau<\/strong>, j\u2019ai e\u0301crit\u00a0<strong>une re\u0301ponse argumente\u0301e de 61 pages<\/strong>\u00a0dans laquelle, par la gra\u0302ce d\u2019Allah, j\u2019ai pu de\u0301finitivement mettre fin aux accusations stupides et fallacieuses des RG a\u0300 mon encontre. J\u2019ai par ailleurs pu de\u0301montrer que\u00a0<strong>des signes de radicalisation inquie\u0301tants e\u0301taient pre\u0301sents chez l\u2019analyste des RG a\u0300 l\u2019origine des rapports<\/strong>, du fait que celui-ci adhe\u0301rait a\u0300\u00a0<strong>des conceptions et a\u0300 des vise\u0301es racistes et xe\u0301nophobes<\/strong>\u00a0qui, dans le cadre le\u0301gal des missions de la Surete\u0301 d\u2019E\u0301tat en lien avec l\u2019extre\u0301misme,\u00a0<strong>peuvent justifier une fiche S<\/strong>. Les journalistes, chercheurs et historiens qui ont lu ma re\u0301ponse e\u0301taient tous profonde\u0301ment outre\u0301s de voir\u00a0<strong>qu\u2019en 2021 des services de renseignement proce\u0301daient toujours d\u2019une manie\u0300re aussi fourbe et amatrice<\/strong>.<\/p>\n<p>J\u2019ai ensuite e\u0301te\u0301\u00a0<strong>interroge\u0301 une seconde fois par les magistrats<\/strong>\u00a0de l\u2019Organe de recours qui avaient a\u0300 ce stade-la\u0300 bien compris que le rapport des RG n\u2019e\u0301tait base\u0301\u00a0<strong>sur aucune preuve tangible<\/strong>. J\u2019ai eu la chance de tomber sur\u00a0<strong>trois juges tre\u0300s inte\u0300gres qui s\u2019en sont tenus aux faits, a\u0300 la loi belge ainsi qu\u2019au droit international et non aux fabulations et alle\u0301gations de\u0301lirantes de l\u2019analyste des RG<\/strong>. Les trois magistrats sont ainsi alle\u0301s au bout de leur mission et ont pu saisir l\u2019inexactitude, la malhonne\u0302tete\u0301 et la fourberie du rapport des RG que j\u2019avais de\u0301nonce\u0301es dans mes deux re\u0301ponses de\u0301taille\u0301es, chose qui est tout a\u0300 leur honneur.<\/p>\n<\/div>\n<\/div>\n<\/div>\n<div class=\"page\" title=\"Page 3\">\n<div class=\"layoutArea\">\n<div class=\"column\">\n<p>LE VERDICT<\/p>\n<figure id=\"attachment_4111\" class=\"wp-caption alignright\" aria-describedby=\"caption-attachment-4111\"><img decoding=\"async\" class=\" wp-image-4111\" src=\"https:\/\/www.islamologues-de-france.com\/wp-content\/uploads\/2021\/09\/Screenshot-2021-09-25-at-10.03.13-800x1033.png\" sizes=\"(max-width: 272px) 100vw, 272px\" srcset=\"https:\/\/www.islamologues-de-france.com\/wp-content\/uploads\/2021\/09\/Screenshot-2021-09-25-at-10.03.13-800x1033.png 800w, https:\/\/www.islamologues-de-france.com\/wp-content\/uploads\/2021\/09\/Screenshot-2021-09-25-at-10.03.13-120x155.png 120w, https:\/\/www.islamologues-de-france.com\/wp-content\/uploads\/2021\/09\/Screenshot-2021-09-25-at-10.03.13-90x116.png 90w, https:\/\/www.islamologues-de-france.com\/wp-content\/uploads\/2021\/09\/Screenshot-2021-09-25-at-10.03.13-320x413.png 320w, https:\/\/www.islamologues-de-france.com\/wp-content\/uploads\/2021\/09\/Screenshot-2021-09-25-at-10.03.13-560x723.png 560w, https:\/\/www.islamologues-de-france.com\/wp-content\/uploads\/2021\/09\/Screenshot-2021-09-25-at-10.03.13.png 934w\" alt=\"\" width=\"272\" height=\"352\" \/><figcaption id=\"caption-attachment-4111\" class=\"wp-caption-text\">L\u2019OUVRAGE \u00ab\u00a0N\u00c8GRES ET ISLAMISTES\u00a0\u00bb ANALYSE L\u2019ISLAMOPHOBIE D\u2019\u00c9TAT DU GOUVERNEMENT FRAN\u00c7AIS, CHOSE QUE LES RG BELGES CONSID\u00c8RENT COMME UN SIGNE DE RADICALISATION PAR EXCELLENCE.<\/figcaption><\/figure>\n<p>Deux mois plus tard,\u00a0<strong>les magistrats de l\u2019Organe de recours ont rendu leur verdict<\/strong>. Ainsi ils ont juge\u0301 que\u00a0<strong>l\u2019avis ne\u0301gatif pour \u00ab profil radical \u00bb a\u0300 mon encontre ne pouvait e\u0302tre maintenu<\/strong>. Ils ont e\u0301tabli que mes e\u0301crits faisaient partis de ma liberte\u0301 d\u2019expression et ont\u00a0<strong>transforme\u0301 l\u2019avis ne\u0301gatif en avis positif<\/strong>. Leur de\u0301cision est d\u2019ailleurs sans appel, ce qui veut dire que\u00a0<strong>ma fiche S a e\u0301te\u0301 supprime\u0301e et que je vais pouvoir engendrer des poursuites judiciaires contre les RG belges<\/strong>\u00a0qui, par leurs calomnies e\u0301videntes, m\u2019ont prive\u0301 d\u2019emploi et de revenus durant une tre\u0300s longue pe\u0301riode.<\/p>\n<p>Cette victoire n\u2019est pas seulement\u00a0<strong>une victoire contre l\u2019abus syste\u0301mique et les de\u0301rives des RG belges et franc\u0327ais<\/strong>, c\u2019est aussi\u00a0<strong>une victoire contre la propagande d\u2019E\u0301tat ve\u0301hicule\u0301e en France a\u0300 l\u2019e\u0301gard des musulmans pratiquants<\/strong>. En effet, l\u2019ensemble des pre\u0301textes e\u0301voque\u0301s pour me qualifier de \u00ab personne radicalise\u0301e \u00bb n\u2019a aucun fondement juridique solide. Bien au contraire, elles prouvent\u00a0<strong>la radicalisation de certains analystes des RG belges<\/strong>\u00a0qui sont incapables de comprendre qu\u2019ils ont e\u0301te\u0301 endoctrine\u0301s par\u00a0<strong>des the\u0300ses xe\u0301nophobes pondues en France que l\u2019ensemble des organisations des droits de l\u2019homme de\u0301noncent comme e\u0301tant arbitraires et abusives<\/strong>. Pluto\u0302t que de s\u2019en tenir au droit international et a\u0300 la DUDH,\u00a0<strong>les analystes francophones parmi les RG belges pre\u0301fe\u0300rent pre\u0302ter alle\u0301geance a\u0300 une France lourdement condamne\u0301e<\/strong>\u00a0pour ses de\u0301rives se\u0301curitaires discriminatoires en adoptant sa politique de perse\u0301cution des musulmans.<\/p>\n<p>DARMANIN PORTE PERSONNELLEMENT PLAINTE<\/p>\n<p><strong>Une semaine apre\u0300s ma victoire devant l\u2019Organe de recours<\/strong>, je rec\u0327ois un appel de la police judiciaire de Paris (alors que je me trouvais a\u0300 l\u2019e\u0301tranger) m\u2019informant que\u00a0<strong>Ge\u0301rald Darmanin a de\u0301cide\u0301 de porter plainte contre moi<\/strong>. L\u2019agent franc\u0327ais m\u2019a informe\u0301 que la plainte concerne mon e\u0301crit\u00a0<a href=\"https:\/\/www.islamologues-de-france.com\/2021\/03\/04\/le-mufti-de-linterieur-les-racines-ideologiques-du-manifeste-darmanin\/\" target=\"_blank\" rel=\"noopener\"><em>Le Mufti de l\u2019inte\u0301rieur, les racines ide\u0301ologiques du manifeste Darmanin<\/em><\/a>\u00a0e\u0301crit huit mois auparavant. Celui-ci e\u0301tait en fait\u00a0<strong>une re\u0301ponse de\u0301taille\u0301e au pamphlet incendiaire de Darmanin<\/strong>\u00a0<em>Le se\u0301paratisme islamiste, manifeste pour la lai\u0308cite\u0301<\/em>\u00a0dans lequel il s\u2019attaque aux musulmans non-assimile\u0301s en reprenant les the\u0300ses de militants islamophobes.<\/p>\n<figure id=\"attachment_4110\" class=\"wp-caption alignleft\" aria-describedby=\"caption-attachment-4110\"><img decoding=\"async\" class=\" wp-image-4110\" src=\"https:\/\/www.islamologues-de-france.com\/wp-content\/uploads\/2021\/09\/Screenshot-2021-09-25-at-09.58.37-800x1041.png\" sizes=\"(max-width: 305px) 100vw, 305px\" srcset=\"https:\/\/www.islamologues-de-france.com\/wp-content\/uploads\/2021\/09\/Screenshot-2021-09-25-at-09.58.37-800x1041.png 800w, https:\/\/www.islamologues-de-france.com\/wp-content\/uploads\/2021\/09\/Screenshot-2021-09-25-at-09.58.37-120x156.png 120w, https:\/\/www.islamologues-de-france.com\/wp-content\/uploads\/2021\/09\/Screenshot-2021-09-25-at-09.58.37-90x117.png 90w, https:\/\/www.islamologues-de-france.com\/wp-content\/uploads\/2021\/09\/Screenshot-2021-09-25-at-09.58.37-320x416.png 320w, https:\/\/www.islamologues-de-france.com\/wp-content\/uploads\/2021\/09\/Screenshot-2021-09-25-at-09.58.37-560x729.png 560w, https:\/\/www.islamologues-de-france.com\/wp-content\/uploads\/2021\/09\/Screenshot-2021-09-25-at-09.58.37.png 1022w\" alt=\"\" width=\"305\" height=\"397\" \/><figcaption id=\"caption-attachment-4110\" class=\"wp-caption-text\">\u00ab LE MUFTI DE L\u2019INT\u00c9RIEUR \u00bb EST UNE R\u00c9PONSE INTELLECTUELLE AU PAMPHLET DE PROPAGANDE DE DARMANIN \u00ab LE S\u00c9PARATISME ISLAMISTE, MANIFESTE POUR LA LA\u00cfCIT\u00c9 \u00bb<\/figcaption><\/figure>\n<p>Cette plainte ressemble a\u0300\u00a0<strong>une tentative d\u2019intimidation d\u2019un ministre en que\u0302te de buzz<\/strong>\u00a0et d\u2019une\u00a0<strong>vengeance de la part des RG belges et franc\u0327ais pour leur de\u0301faite cinglante devant l\u2019Organe de recours<\/strong>. Comme ces derniers se sont fait humilier devant les magistrats, ils ont tre\u0300s probablement fait appel a\u0300 Darmanin pour les sortir de l\u2019embarras. Ce dernier se serait alors pre\u0301cipite\u0301 pour porter plainte contre moi, ignorant qu\u2019en Belgique ce type de plaintes non fonde\u0301es ne sont pas prises au se\u0301rieux.<\/p>\n<p>Je compte de\u0301sormais\u00a0<strong>publier ma re\u0301ponse de\u0301taille\u0301e au rapport des RG<\/strong>\u00a0afin que le monde saisisse l\u2019incompe\u0301tence, la malhonne\u0302tete\u0301 et les pre\u0301juge\u0301s discriminatoires qui re\u0300gnent au sein des RG qui, rappelons-le, ont particulie\u0300rement e\u0301te\u0301 de\u0301range\u0301s par mes ouvrages\u00a0<strong>sur les me\u0301canismes et les rouages historiques du racisme d\u2019E\u0301tat franc\u0327ais<\/strong>\u2026<\/p>\n<p><a href=\"https:\/\/www.islamologues-de-france.com\/2021\/09\/27\/censure-et-repression-gerald-darmanin-porte-plainte-contre-kareem-el-hidjaazi\/?mc_cid=52b5086d83&amp;mc_eid=3a08c7c14d\">SOURCE<\/a><\/p>\n<\/div>\n<\/div>\n<\/div>\n","protected":false},"excerpt":{"rendered":"<p>Voici un re\u0301sume\u0301 de la perse\u0301cution subie par l\u2019auteur\u00a0Kareem El Hidjaazi\u00a0depuis pre\u0300s d\u2019un an par\u00a0les services de renseignements belges et franc\u0327ais\u00a0ainsi que par\u00a0le ministre de l\u2019Inte\u0301rieur franc\u0327ais Ge\u0301rald Darmanin\u00a0: [Te\u0301moignage de l\u2019auteur]<\/p>\n","protected":false},"author":1,"featured_media":4927,"comment_status":"open","ping_status":"open","sticky":false,"template":"","format":"standard","meta":{"footnotes":""},"categories":[4,18,28,5],"tags":[14,23,54],"class_list":["post-4926","post","type-post","status-publish","format-standard","has-post-thumbnail","hentry","category-islamophobie","category-resistance-bruxelles","category-racismes","category-violence-policiere","tag-bruxelles","tag-discrimination","tag-police"],"_links":{"self":[{"href":"https:\/\/bruxelles-pantheres.be\/index.php?rest_route=\/wp\/v2\/posts\/4926","targetHints":{"allow":["GET"]}}],"collection":[{"href":"https:\/\/bruxelles-pantheres.be\/index.php?rest_route=\/wp\/v2\/posts"}],"about":[{"href":"https:\/\/bruxelles-pantheres.be\/index.php?rest_route=\/wp\/v2\/types\/post"}],"author":[{"embeddable":true,"href":"https:\/\/bruxelles-pantheres.be\/index.php?rest_route=\/wp\/v2\/users\/1"}],"replies":[{"embeddable":true,"href":"https:\/\/bruxelles-pantheres.be\/index.php?rest_route=%2Fwp%2Fv2%2Fcomments&post=4926"}],"version-history":[{"count":1,"href":"https:\/\/bruxelles-pantheres.be\/index.php?rest_route=\/wp\/v2\/posts\/4926\/revisions"}],"predecessor-version":[{"id":4928,"href":"https:\/\/bruxelles-pantheres.be\/index.php?rest_route=\/wp\/v2\/posts\/4926\/revisions\/4928"}],"wp:featuredmedia":[{"embeddable":true,"href":"https:\/\/bruxelles-pantheres.be\/index.php?rest_route=\/wp\/v2\/media\/4927"}],"wp:attachment":[{"href":"https:\/\/bruxelles-pantheres.be\/index.php?rest_route=%2Fwp%2Fv2%2Fmedia&parent=4926"}],"wp:term":[{"taxonomy":"category","embeddable":true,"href":"https:\/\/bruxelles-pantheres.be\/index.php?rest_route=%2Fwp%2Fv2%2Fcategories&post=4926"},{"taxonomy":"post_tag","embeddable":true,"href":"https:\/\/bruxelles-pantheres.be\/index.php?rest_route=%2Fwp%2Fv2%2Ftags&post=4926"}],"curies":[{"name":"wp","href":"https:\/\/api.w.org\/{rel}","templated":true}]}}