{"id":4934,"date":"2021-10-23T07:35:08","date_gmt":"2021-10-23T06:35:08","guid":{"rendered":"https:\/\/bruxelles-pantheres.be\/?p=4934"},"modified":"2021-10-22T15:38:56","modified_gmt":"2021-10-22T14:38:56","slug":"appel-international-pour-que-le-proces-de-lassassinat-de-thomas-sankara-et-de-ses-compagnons-soit-filme","status":"publish","type":"post","link":"https:\/\/bruxelles-pantheres.be\/?p=4934","title":{"rendered":"Appel international pour que le proc\u00e8s de l\u2019assassinat de Thomas Sankara et de ses compagnons soit film\u00e9"},"content":{"rendered":"<p><strong>Sauvegarder la m\u00e9moire du proc\u00e8s pour l\u2019histoire<\/strong><\/p>\n<p>Le proc\u00e8s de l\u2019assassinat de Thomas Sankara et de ses compagnons s\u2019est ouvert le 11 octobre 2021 dans un engouement affirm\u00e9 du peuple burkinab\u00e8.\u00a0Un proc\u00e8s historique attendu\u00a0depuis 34 ans\u00a0par l\u2019opinion national, africaine et internationale.\u00a0L\u2019importante couverture m\u00e9diatique du\u00a0premier jour du proc\u00e8s,\u00a0avec un\u00a0nombre important de journalistes venus du monde entier,\u00a0n\u2019a\u00a0fait que confirmer le caract\u00e8re historique de ce proc\u00e8s.<\/p>\n<p>Nous, historiens, chercheurs, juristes, artistes, journalistes, militants associatifs ou politiques, citoyens, du monde entier,\u00a0avons appris avec stupeur que, malgr\u00e9 la r\u00e9quisition favorable de la procureure arguant du \u00ab\u00a0<em>but d\u00e9mocratique, historique et m\u00e9moriel<\/em>\u00a0\u00bb,\u00a0le Tribunal militaire a refus\u00e9 que le proc\u00e8s soit film\u00e9 et enregistr\u00e9.\u00a0De nombreuses voix se sont \u00e9lev\u00e9es au Burkina Faso pour demander que le proc\u00e8s soit diffus\u00e9, et film\u00e9 en vue de\u00a0la\u00a0constitution d\u2019archives historiques.<!--more--><\/p>\n<p>Dans\u00a0un\u00a0communiqu\u00e9 dat\u00e9 du 15 octobre 2021 Mariam Sankara s\u2019\u00e9l\u00e8ve vigoureusement contre cette d\u00e9cision\u00a0: \u00ab\u00a0<em>Nous osons croire que le Tribunal Militaire se ravisera et esp\u00e9rons qu\u2019il acc\u00e9dera \u00e0 cette requ\u00eate. Car il s\u2019agit non seulement de juger les acteurs de ce crime, mais \u00e9galement d\u2019informer le peuple, de mettre en m\u00e9moire, avec les moyens de communication\u00a0modernes, ce moment important de notre Histoire collective et individuelle. Nous devrons y tirer \u00e0 jamais des le\u00e7ons en termes de respect mutuel et du caract\u00e8re sacr\u00e9 de la vie pour les g\u00e9n\u00e9rations actuelles et futures<\/em>.\u00a0\u00bb<\/p>\n<p>Le proc\u00e8s comporte en effet, des enjeux tant pour l\u2019histoire du Burkina Faso, de l\u2019Afrique et au-del\u00e0, que pour la construction nationale. C\u2019est pourquoi, nous exhortons le Tribunal militaire \u00e0 revenir sur sa d\u00e9cision et \u00e0 accepter que le proc\u00e8s soit film\u00e9 et confi\u00e9 aux archives nationales du Burkina Faso \u00e0 des fins documentaires et historiques. Nous exhortons \u00e9galement les avocats de la d\u00e9fense \u00e0 ne pas s\u2019y opposer.<\/p>\n<p>A d\u00e9faut d\u2019une diffusion imm\u00e9diate de l\u2019archive audiovisuelle du proc\u00e8s, sa r\u00e9alisation est un imp\u00e9ratif historique, quitte \u00e0 d\u00e9terminer des conditions sp\u00e9cifiques d\u2019acc\u00e8s.<\/p>\n<p>Il n\u2019est pas trop tard pour sauvegarder la m\u00e9moire du proc\u00e8s pour l\u2019histoire et la construction nationale burkinab\u00e8. Toute autorit\u00e9 et toute bonne volont\u00e9 pouvant aider \u00e0 cela sont vivement encourag\u00e9es.<\/p>\n<p><strong>Ra Sablga Seydou Ouedraogo<\/strong>, Chercheur, Directeur ex\u00e9cutif de l\u2019institut FREE Afrik, Ouagadougou<\/p>\n<p><strong>Brian Peterso<\/strong>n historien, Albany NY, auteur de Thomas Sankara A Revolutionary in Cold War Africa<\/p>\n<p><strong>Amber Murrey<\/strong>, g\u00e9ographe politique, Oxford, \u00e9ditrice de A certain Amount of Madness, The Life, Politics and Legacies of Thomas Sankara, Oxford,<\/p>\n<p><strong>Bruno Jaffr\u00e9<\/strong>, auteur d\u2019ouvrages sur le Burkina et la R\u00e9volution burkinab\u00e8, animateur du site\u00a0<a href=\"https:\/\/www.thomassankara.net\/\">thomassankara.net<\/a>\u00a0Paris<\/p>\n<p><strong>Premiers signataires :\u00a0<\/strong>Mariam Sankara, Alfred Sawadogo, Zakaria Sor\u00e9, Smockey, Robin Shuffield, Fiorella Mannoia, Francis Kpatind\u00e9, Issa N\u2019Diaye, Blandine Sankara, Paul Sankara, A\u00efda Kiemd\u00e9 George, Leo Zeiling, Dr. Moussa Traore, Dr. Harper-Shipman Takiyah, Lucie Viver, Bikontine, Luc Damiba, R\u00e9mi Carayol, Moussa Diallo, Aziz Salmone Fall, Patrizia Donadello, Koulsy Lamko, Gnaka Lagoke, Augusta Conchiglia, Maurice Duval, Pierre Ouedraogo, Horace Campbell,\u00a0 Juan Montero Gomez, Giulio Chinappi, Mathieu Zongo, Ama Biney \u2026<\/p>\n<p><strong>Soutenu par:\u00a0<\/strong>R\u00e9seau international Justice pour Sankara justice pour l\u2019Afrique, Balai citoyen, AJB (Association des journalistes du Burkina), SURVIE, CADTM (Comite pour l\u2019annulation des dettes ill\u00e9gitimes), AfriqueXXI, Comit\u00e9 Sankara de Montpellier, Ligue des Jeunes (Burkina), REPPADD-NIGER, Per a Pace,\u00a0<span class=\"tojvnm2t a6sixzi8 abs2jz4q a8s20v7p t1p8iaqh k5wvi7nf q3lfd5jv pk4s997a bipmatt0 cebpdrjk qowsmv63 owwhemhu dp1hu0rb dhp61c6y iyyx5f41\">Comitato Sankara italiano, AFASPA, FuturAfrik\u2026<br \/>\n<\/span><\/p>\n<h1 style=\"text-align: center;\"><a href=\"https:\/\/www.thomassankara.net\/cbxpetition\/appel-international-proces-de-lassassinat-de-thomas-sankara-de-compagnons-soit-filme\/\">SIGNER\u00a0<\/a><\/h1>\n<p><a class=\"td-modal-image\" href=\"https:\/\/i0.wp.com\/www.thomassankara.net\/wp-content\/uploads\/2019\/11\/DSC02456.jpg?fit=2592%2C1944&amp;ssl=1\" data-caption=\"Tag Justice pour Sankara \u00e0 Ouagadougou\"><img decoding=\"async\" class=\"entry-thumb aligncenter\" title=\"Tag Justice pour Sankara \u00e0 Ouagadougou\" src=\"https:\/\/i0.wp.com\/www.thomassankara.net\/wp-content\/uploads\/2019\/11\/DSC02456.jpg?resize=696%2C522&amp;ssl=1\" sizes=\"(max-width: 696px) 100vw, 696px\" srcset=\"https:\/\/i0.wp.com\/www.thomassankara.net\/wp-content\/uploads\/2019\/11\/DSC02456.jpg?w=2592&amp;ssl=1 2592w, https:\/\/i0.wp.com\/www.thomassankara.net\/wp-content\/uploads\/2019\/11\/DSC02456.jpg?resize=300%2C225&amp;ssl=1 300w, https:\/\/i0.wp.com\/www.thomassankara.net\/wp-content\/uploads\/2019\/11\/DSC02456.jpg?resize=800%2C600&amp;ssl=1 800w, https:\/\/i0.wp.com\/www.thomassankara.net\/wp-content\/uploads\/2019\/11\/DSC02456.jpg?resize=1536%2C1152&amp;ssl=1 1536w, https:\/\/i0.wp.com\/www.thomassankara.net\/wp-content\/uploads\/2019\/11\/DSC02456.jpg?resize=2048%2C1536&amp;ssl=1 2048w, https:\/\/i0.wp.com\/www.thomassankara.net\/wp-content\/uploads\/2019\/11\/DSC02456.jpg?resize=80%2C60&amp;ssl=1 80w, https:\/\/i0.wp.com\/www.thomassankara.net\/wp-content\/uploads\/2019\/11\/DSC02456.jpg?resize=265%2C198&amp;ssl=1 265w, https:\/\/i0.wp.com\/www.thomassankara.net\/wp-content\/uploads\/2019\/11\/DSC02456.jpg?resize=696%2C522&amp;ssl=1 696w, https:\/\/i0.wp.com\/www.thomassankara.net\/wp-content\/uploads\/2019\/11\/DSC02456.jpg?resize=1068%2C801&amp;ssl=1 1068w, https:\/\/i0.wp.com\/www.thomassankara.net\/wp-content\/uploads\/2019\/11\/DSC02456.jpg?resize=560%2C420&amp;ssl=1 560w, https:\/\/i0.wp.com\/www.thomassankara.net\/wp-content\/uploads\/2019\/11\/DSC02456.jpg?w=1392&amp;ssl=1 1392w\" alt=\"Tag Justice pour Sankara \u00e0 Ouagadougou\" width=\"696\" height=\"522\" \/><\/a>Tag Justice pour Sankara \u00e0 Ouagadougou<\/p>\n","protected":false},"excerpt":{"rendered":"<p>Sauvegarder la m\u00e9moire du proc\u00e8s pour l\u2019histoire Le proc\u00e8s de l\u2019assassinat de Thomas Sankara et de ses compagnons s\u2019est ouvert le 11 octobre 2021 dans un engouement affirm\u00e9 du peuple burkinab\u00e8.\u00a0Un proc\u00e8s historique attendu\u00a0depuis 34 ans\u00a0par l\u2019opinion national, africaine et internationale.\u00a0L\u2019importante couverture m\u00e9diatique du\u00a0premier jour du proc\u00e8s,\u00a0avec un\u00a0nombre important de journalistes venus du monde entier,\u00a0n\u2019a\u00a0fait &#8230; <a title=\"Appel international pour que le proc\u00e8s de l\u2019assassinat de Thomas Sankara et de ses compagnons soit film\u00e9\" class=\"read-more\" href=\"https:\/\/bruxelles-pantheres.be\/?p=4934\" aria-label=\"En savoir plus sur Appel international pour que le proc\u00e8s de l\u2019assassinat de Thomas Sankara et de ses compagnons soit film\u00e9\">Lire la suite<\/a><\/p>\n","protected":false},"author":1,"featured_media":682,"comment_status":"open","ping_status":"open","sticky":false,"template":"","format":"standard","meta":{"footnotes":""},"categories":[1],"tags":[57],"class_list":["post-4934","post","type-post","status-publish","format-standard","has-post-thumbnail","hentry","category-non-classe","tag-thomas-sankara"],"_links":{"self":[{"href":"https:\/\/bruxelles-pantheres.be\/index.php?rest_route=\/wp\/v2\/posts\/4934","targetHints":{"allow":["GET"]}}],"collection":[{"href":"https:\/\/bruxelles-pantheres.be\/index.php?rest_route=\/wp\/v2\/posts"}],"about":[{"href":"https:\/\/bruxelles-pantheres.be\/index.php?rest_route=\/wp\/v2\/types\/post"}],"author":[{"embeddable":true,"href":"https:\/\/bruxelles-pantheres.be\/index.php?rest_route=\/wp\/v2\/users\/1"}],"replies":[{"embeddable":true,"href":"https:\/\/bruxelles-pantheres.be\/index.php?rest_route=%2Fwp%2Fv2%2Fcomments&post=4934"}],"version-history":[{"count":1,"href":"https:\/\/bruxelles-pantheres.be\/index.php?rest_route=\/wp\/v2\/posts\/4934\/revisions"}],"predecessor-version":[{"id":4935,"href":"https:\/\/bruxelles-pantheres.be\/index.php?rest_route=\/wp\/v2\/posts\/4934\/revisions\/4935"}],"wp:featuredmedia":[{"embeddable":true,"href":"https:\/\/bruxelles-pantheres.be\/index.php?rest_route=\/wp\/v2\/media\/682"}],"wp:attachment":[{"href":"https:\/\/bruxelles-pantheres.be\/index.php?rest_route=%2Fwp%2Fv2%2Fmedia&parent=4934"}],"wp:term":[{"taxonomy":"category","embeddable":true,"href":"https:\/\/bruxelles-pantheres.be\/index.php?rest_route=%2Fwp%2Fv2%2Fcategories&post=4934"},{"taxonomy":"post_tag","embeddable":true,"href":"https:\/\/bruxelles-pantheres.be\/index.php?rest_route=%2Fwp%2Fv2%2Ftags&post=4934"}],"curies":[{"name":"wp","href":"https:\/\/api.w.org\/{rel}","templated":true}]}}