{"id":4938,"date":"2021-10-26T20:53:28","date_gmt":"2021-10-26T19:53:28","guid":{"rendered":"https:\/\/bruxelles-pantheres.be\/?p=4938"},"modified":"2021-10-28T17:04:16","modified_gmt":"2021-10-28T16:04:16","slug":"rencontre-autour-des-violences-racistes-et-detat-au-mexique-et-en-belgique","status":"publish","type":"post","link":"https:\/\/bruxelles-pantheres.be\/?p=4938","title":{"rendered":"Rencontre autour des violences racistes et d\u2019Etat au Mexique et en Belgique"},"content":{"rendered":"<div class=\"wrap-date wrap-pro\" style=\"text-align: center;\">\n<p style=\"text-align: left;\">A l\u2019occasion de la venue en Belgique de la d\u00e9l\u00e9gation des zapatistes de l\u2019EZLN (Arm\u00e9e Zapatiste de Lib\u00e9ration Nationale) et du CNI (Congr\u00e8s Nationale Indig\u00e8ne).<\/p>\n<p style=\"text-align: left;\">Dans le cadre de sa participation au r\u00e9seau d\u2019accueil des zapatistes (RAZB), Bruxelles Panth\u00e8res organise une rencontre avec une d\u00e9l\u00e9gation zapatiste venue du Chiapas insurg\u00e9, dans le sud du Mexique<\/p>\n<p><strong style=\"text-align: left;\">\u00a0Vendredi <\/strong><strong>\u00a0<span class=\"second_font general-content\">29 octobre 2021<\/span><\/strong><\/p>\n<\/div>\n<div style=\"text-align: center;\"><em>Accueil d\u00e8s 18h30<\/em>.<\/div>\n<div class=\"wrap-time wrap-pro\" style=\"text-align: center;\"><strong><i class=\"far fa-clock\"><\/i>D\u00e9but \u00e0 <span class=\"second_font general-content\">19:00 &#8211;\u00a0<\/span><span class=\"second_font general-content\">22:00<\/span><\/strong><\/div>\n<div class=\"wrap-location wrap-pro\" style=\"text-align: center;\"><strong><i class=\"fas fa-map-marker-alt\"><\/i>\u00a0<span class=\"second_font general-content\">Occupation KBC, Avenue du Port 12, 1080 Molenbeek<\/span><\/strong><\/div>\n<p><!--more--><\/p>\n<p>Apr\u00e8s 500 ans de colonisation du Mexique, les zapatistes \u2013 communaut\u00e9s indig\u00e8nes du Chiapas qui construisent leur autonomie depuis le soul\u00e8vement de 1994 \u2013 et le CNI Congr\u00e8s National Indig\u00e8ne \u2013 qui rassemble les peuples autochtones en lutte contre leur extermination et contre le saccage capitaliste \u2013 ont d\u00e9cid\u00e9 de traverser l\u2019oc\u00e9an Atlantique.<\/p>\n<p>Le 1er janvier 2021, l\u2019EZLN a rendu publique sa\u00a0<a href=\"https:\/\/enlacezapatista.ezln.org.mx\/2021\/01\/01\/declaration-commune-dune-partie-de-leurope-den-bas-et-de-larmee-zapatiste-de-liberation-nationale\/\">D\u00e9claration pour la vie<\/a>, sign\u00e9e par des centaines de collectifs de l\u2019autre Europe.<\/p>\n<p>Celle-ci demande d\u2019\u00ab\u00a0Inviter les personnes qui partagent les m\u00eames pr\u00e9occupations et des luttes similaires, toutes les personnes honn\u00eates et tous les\u00a0<em>en-bas\u00a0<\/em>qui se rebellent et r\u00e9sistent dans les nombreux recoins du monde, \u00e0 rejoindre, \u00e0 contribuer, \u00e0 soutenir et \u00e0 participer \u00e0 ces rencontres et activit\u00e9s\u00a0; et \u00e0 signer et \u00e0 s\u2019approprier cette d\u00e9claration POUR LA VIE.\u00a0\u00bb<\/p>\n<p>A l\u2019occasion de la venue en Belgique de la d\u00e9l\u00e9gation des zapatistes de l\u2019EZLN (Arm\u00e9e Zapatiste de Lib\u00e9ration Nationale) et du CNI (Congr\u00e8s Nationale Indig\u00e8ne).<\/p>\n<p>Dans le cadre de sa participation au\u00a0r\u00e9seau d\u2019accueil des zapatistes (RAZB),\u00a0Bruxelles Panth\u00e8res organise une rencontre avec une d\u00e9l\u00e9gation zapatiste venue du Chiapas insurg\u00e9, dans le sud du Mexique\u00a0<strong>le Vendredi 29 octobre \u00e0 19h00<\/strong>.<\/p>\n<p>Avec cette initiative, les zapatistes veulent briser la r\u00e9signation, semer l\u2019espoir et \u00e9branler \u00e0 nouveau le statu quo du syst\u00e8me en place ainsi que construire de nouvelles voies de solidarit\u00e9 et de luttes \u2013 avec nous.<\/p>\n<p>Ils d\u00e9clarent : \u00ab\u00a0Nous sommes des zapatistes, porteur.euses du virus de la r\u00e9sistance et de la r\u00e9bellion\u00a0\u00bb.<\/p>\n<p>Diff\u00e9rents collectifs ou organisations viendront pour partager leurs luttes, leurs r\u00e9alit\u00e9s autour d\u2019une discussion ouverte\u00a0\u00e0 partir de situations v\u00e9cues, de leurs exp\u00e9riences, pratiques, questionnements.<\/p>\n<p>Celle-ci\u00a0portera sur\u00a0Islamophobie, N\u00e9grophobie, Racisme de la part de la police, chasse aux migrants, traque des sans-papiers, r\u00e9pression des mouvements populaires, fichage g\u00e9n\u00e9ralis\u00e9\u2026<\/p>\n<p>Cette politique de r\u00e9pression dans les quartiers, loin d\u2019\u00eatre le fait de d\u00e9rapages isol\u00e9s, est le r\u00e9sultat d\u2019une gestion coloniale du maintien de l\u2019ordre.<\/p>\n<p>Au Mexique comme en Belgique, malgr\u00e9 nos diff\u00e9rences g\u00e9ographiques, il s\u2019agit de la m\u00eame violence : Raciste et d\u2019Etat<\/p>\n<p><em>Rencontre ouverte au public.<\/em><\/p>\n<div dir=\"auto\" style=\"text-align: center;\"><strong>Panteras negras y el movimiento zapatista.<\/strong><\/div>\n<p><iframe title=\"YouTube video player\" src=\"https:\/\/www.youtube.com\/embed\/B36bkvhTNYM\" width=\"560\" height=\"315\" frameborder=\"0\" allowfullscreen=\"allowfullscreen\"><\/iframe><\/p>\n","protected":false},"excerpt":{"rendered":"<p>A l\u2019occasion de la venue en Belgique de la d\u00e9l\u00e9gation des zapatistes de l\u2019EZLN (Arm\u00e9e Zapatiste de Lib\u00e9ration Nationale) et du CNI (Congr\u00e8s Nationale Indig\u00e8ne). Dans le cadre de sa participation au r\u00e9seau d\u2019accueil des zapatistes (RAZB), Bruxelles Panth\u00e8res organise une rencontre avec une d\u00e9l\u00e9gation zapatiste venue du Chiapas insurg\u00e9, dans le sud du Mexique &#8230; <a title=\"Rencontre autour des violences racistes et d\u2019Etat au Mexique et en Belgique\" class=\"read-more\" href=\"https:\/\/bruxelles-pantheres.be\/?p=4938\" aria-label=\"En savoir plus sur Rencontre autour des violences racistes et d\u2019Etat au Mexique et en Belgique\">Lire la suite<\/a><\/p>\n","protected":false},"author":1,"featured_media":4939,"comment_status":"open","ping_status":"open","sticky":false,"template":"","format":"standard","meta":{"footnotes":""},"categories":[1,35,21,36,4,7,6,8,18,28,39,5],"tags":[47],"class_list":["post-4938","post","type-post","status-publish","format-standard","has-post-thumbnail","hentry","category-non-classe","category-amerique-du-sud","category-anti-imperialisme","category-europe","category-islamophobie","category-negrophobie","category-palestine-moyen-orient","category-prisons","category-resistance-bruxelles","category-racismes","category-sans-papier","category-violence-policiere","tag-ezln"],"_links":{"self":[{"href":"https:\/\/bruxelles-pantheres.be\/index.php?rest_route=\/wp\/v2\/posts\/4938","targetHints":{"allow":["GET"]}}],"collection":[{"href":"https:\/\/bruxelles-pantheres.be\/index.php?rest_route=\/wp\/v2\/posts"}],"about":[{"href":"https:\/\/bruxelles-pantheres.be\/index.php?rest_route=\/wp\/v2\/types\/post"}],"author":[{"embeddable":true,"href":"https:\/\/bruxelles-pantheres.be\/index.php?rest_route=\/wp\/v2\/users\/1"}],"replies":[{"embeddable":true,"href":"https:\/\/bruxelles-pantheres.be\/index.php?rest_route=%2Fwp%2Fv2%2Fcomments&post=4938"}],"version-history":[{"count":4,"href":"https:\/\/bruxelles-pantheres.be\/index.php?rest_route=\/wp\/v2\/posts\/4938\/revisions"}],"predecessor-version":[{"id":4943,"href":"https:\/\/bruxelles-pantheres.be\/index.php?rest_route=\/wp\/v2\/posts\/4938\/revisions\/4943"}],"wp:featuredmedia":[{"embeddable":true,"href":"https:\/\/bruxelles-pantheres.be\/index.php?rest_route=\/wp\/v2\/media\/4939"}],"wp:attachment":[{"href":"https:\/\/bruxelles-pantheres.be\/index.php?rest_route=%2Fwp%2Fv2%2Fmedia&parent=4938"}],"wp:term":[{"taxonomy":"category","embeddable":true,"href":"https:\/\/bruxelles-pantheres.be\/index.php?rest_route=%2Fwp%2Fv2%2Fcategories&post=4938"},{"taxonomy":"post_tag","embeddable":true,"href":"https:\/\/bruxelles-pantheres.be\/index.php?rest_route=%2Fwp%2Fv2%2Ftags&post=4938"}],"curies":[{"name":"wp","href":"https:\/\/api.w.org\/{rel}","templated":true}]}}