{"id":4947,"date":"2021-11-02T08:08:51","date_gmt":"2021-11-02T07:08:51","guid":{"rendered":"https:\/\/bruxelles-pantheres.be\/?p=4947"},"modified":"2021-11-01T20:14:19","modified_gmt":"2021-11-01T19:14:19","slug":"cop26-lanti-imperialisme-grand-absent-de-la-lutte-ecologiste","status":"publish","type":"post","link":"https:\/\/bruxelles-pantheres.be\/?p=4947","title":{"rendered":"COP26 : l\u2019anti-imp\u00e9rialisme, grand absent de la lutte \u00e9cologiste"},"content":{"rendered":"<div><span data-contrast=\"auto\">Hier, s\u2019est d\u00e9roul\u00e9e \u00e0 Glasgow l\u2019ouverture de la COP26, \u00e9v\u00e8nement organis\u00e9 par les Nations-Unis dans lequel 197 nations vont discuter et n\u00e9gocier, durant une semaine et demi, des mesures \u00e0 prendre pour enrayer la catastrophe climatique que nous devons d\u2019ores-et-d\u00e9j\u00e0 affronter. Le rendez-vous est annuel, mais celui-ci est particuli\u00e8rement important, voire crucial, puisqu\u2019un bilan sur les \u00ab\u202fprogr\u00e8s\u202f\u00bb r\u00e9alis\u00e9s depuis la signature de l\u2019accord de Paris en 2015 est attendu. Ce dernier avait fix\u00e9 pour objectif d\u2019\u00e9viter un r\u00e9chauffement climatique \u00e0 2\u00b0 voire m\u00eame descendre \u00e0 1,5\u00b0C par rapport aux temp\u00e9ratures pr\u00e9industrielles.\u00a0<\/span><span data-ccp-props=\"{&quot;201341983&quot;:0,&quot;335559739&quot;:160,&quot;335559740&quot;:259}\">\u00a0<\/span><\/div>\n<p><!--more--><\/p>\n<div><\/div>\n<div class=\"featured-image\"><img decoding=\"async\" class=\"attachment-pixelwars_theme_image_size_2 size-pixelwars_theme_image_size_2 wp-post-image aligncenter\" title=\"\" src=\"https:\/\/qgdecolonial.fr\/wp-content\/uploads\/2021\/10\/thumbnail_51166.HR_.jpg\" sizes=\"(max-width: 900px) 100vw, 900px\" srcset=\"https:\/\/qgdecolonial.fr\/wp-content\/uploads\/2021\/10\/thumbnail_51166.HR_.jpg 900w, https:\/\/qgdecolonial.fr\/wp-content\/uploads\/2021\/10\/thumbnail_51166.HR_-300x196.jpg 300w, https:\/\/qgdecolonial.fr\/wp-content\/uploads\/2021\/10\/thumbnail_51166.HR_-768x501.jpg 768w, https:\/\/qgdecolonial.fr\/wp-content\/uploads\/2021\/10\/thumbnail_51166.HR_-500x326.jpg 500w\" alt=\"\u00c9dito #32 \u2013 COP26 : l\u2019anti-imp\u00e9rialisme, grand absent de la lutte \u00e9cologiste\" width=\"900\" height=\"587\" \/><\/div>\n<div><\/div>\n<div class=\"entry-content\">\n<p class=\"selectionShareable\"><span data-contrast=\"auto\">Alors m\u00eame que l\u2019accord\u00a0mis en place pour\u00a0atteindre ce r\u00e9sultat n\u2019\u00e9tait pas \u00e0 la hauteur des ambitions\u00a0affich\u00e9es, les\u00a0principales\u00a0puissances mondiales, dans leur grande majorit\u00e9,\u00a0ne l\u2019ont pas respect\u00e9.\u00a0Ce qui ne nous surprend gu\u00e8re. De m\u00eame,\u00a0nous ne pla\u00e7ons pas de grands espoirs sur les r\u00e9sultats finaux de cet \u00e9ni\u00e8me rassemblement international, pourtant pr\u00e9sent\u00e9 comme \u00ab\u202fl\u2019ultime chance\u202f\u00bb,\u00a0en termes\u00a0d\u2019engagements\u00a0et de promesses.\u00a0<\/span><span data-ccp-props=\"{&quot;201341983&quot;:0,&quot;335559739&quot;:160,&quot;335559740&quot;:259}\">\u00a0<\/span><\/p>\n<p class=\"selectionShareable\"><span data-contrast=\"auto\">Signe que la duperie ne fonctionne plus aussi bien, une partie de l\u2019opinion est de plus en plus sceptique quant \u00e0 l\u2019efficacit\u00e9 de ces grands raouts internationaux. Mais elle reste minoritaire. Trop encore esp\u00e8rent que ces discussions seront fructueuses et font confiance aux Etats pour aller vers une solution. Autrement dit, ils esp\u00e8rent que les responsables d\u2019un d\u00e9sastre qu\u2019ils entretiennent au gr\u00e8s de leurs int\u00e9r\u00eats, sont \u00e0 m\u00eame de pouvoir l\u2019enrayer.\u00a0<\/span><span data-ccp-props=\"{&quot;201341983&quot;:0,&quot;335559739&quot;:160,&quot;335559740&quot;:259}\">\u00a0<\/span><\/p>\n<p class=\"selectionShareable\"><span data-contrast=\"auto\">Une prise de conscience sur la catastrophe climatique est r\u00e9ellement engag\u00e9e. Qui plus est parce que celle-ci n\u2019est plus situ\u00e9e dans un horizon lointain mais est une r\u00e9alit\u00e9 tangible. N\u00e9anmoins, elle se fait encore timide et passive, se limitant bien souvent \u00e0 demander poliment aux Etats de se r\u00e9veiller et d\u2019agir. Trois raisons peuvent expliquer cette apathie malgr\u00e9 l\u2019inqui\u00e9tude. D\u2019abord une d\u00e9politisation g\u00e9n\u00e9rale, ensuite, la lente agonie de la gauche radicale, enfin l\u2019absence apparente de perspective de rechange. Alors que l\u2019urgence exigerait de prendre imm\u00e9diatement des mesures drastiques et en compl\u00e8te contradiction avec la doxa n\u00e9o-lib\u00e9rale dominante, beaucoup de gens, pourtant sensibilis\u00e9s \u00e0 cette cause et conscients du danger, se limitent \u00e0 des revendications r\u00e9formistes, peu coercitives et respectant l\u2019ordre capitaliste.\u00a0<\/span><span data-ccp-props=\"{&quot;201341983&quot;:0,&quot;335559739&quot;:160,&quot;335559740&quot;:259}\">\u00a0<\/span><\/p>\n<p class=\"selectionShareable\"><span data-contrast=\"auto\">L\u2019illustration parfaite de ce constat est la quasi absence dans le d\u00e9bat du paradigme anti-imp\u00e9rialiste, et ce, m\u00eame au sein de nombreux groupes \u00e9cologistes dit radicaux. Si parfois des actions d\u00e9l\u00e9t\u00e8res des puissances occidentales peuvent \u00eatre d\u00e9nonc\u00e9es par certains milieux \u00e9cologistes \u2013 nous pouvons penser notamment \u00e0 la mani\u00e8re dont ces Etats, \u00e0 commencer par la France, exportent leurs d\u00e9chets dans le sud, comme en Asie -, la critique n\u2019ose (ou ne sait\u202f?) jamais aller plus loin et plus en profondeur.\u00a0C\u2019est\u00a0\u00e0 dire en d\u00e9non\u00e7ant non pas seulement quelques actions, mais la domination imp\u00e9rialiste dans son enti\u00e8ret\u00e9. Or, Si la France et les pays occidentaux peuvent se permettre de se servir des pays du sud comme d\u2019une d\u00e9charge \u2013 aujourd\u2019hui en d\u00e9versant leurs d\u00e9chets, mais hier en en faisant des terrains de test pour leurs armes nucl\u00e9aires -, c\u2019est parce qu\u2019ils exercent une domination \u00e9conomique, politique et militaire sur l\u2019ensemble de la plan\u00e8te.\u00a0<\/span><span data-ccp-props=\"{&quot;201341983&quot;:0,&quot;335559739&quot;:160,&quot;335559740&quot;:259}\">\u00a0<\/span><\/p>\n<p class=\"selectionShareable\"><span data-contrast=\"auto\">Une position de force qui leur permet, tout d\u2019abord, de polluer et de saccager l\u2019ensemble du monde habit\u00e9 ou nom (et plus gravement le sud) pour leurs int\u00e9r\u00eats propres, mais en plus de jouer les leaders de la lutte \u00e9cologique. La COP26 ne va pas d\u00e9roger \u00e0 la r\u00e8gle, les d\u00e9bouch\u00e9s \u00e9tant \u00e9videmment d\u00e9termin\u00e9s par les rapports de forces internationaux. Ainsi, les puissances occidentales, dominantes, pourront imposer leurs mots d\u2019ordre, alors m\u00eame qu\u2019ils sont ceux dont les int\u00e9r\u00eats \u00e0 agir contre les causes du r\u00e9chauffement climatique sont les plus faibles.\u00a0<\/span><span data-ccp-props=\"{&quot;201341983&quot;:0,&quot;335559739&quot;:160,&quot;335559740&quot;:259}\">\u00a0<\/span><\/p>\n<p class=\"selectionShareable\"><span data-contrast=\"auto\">Le cas fran\u00e7ais est symptomatique de cette hypocrisie occidentale. Emmanuel Macron et la quasi-totalit\u00e9 de la classe politique fran\u00e7aise, jusqu\u2019\u00e0\u00a0Eric\u00a0Zemmour, se vantent d\u2019\u00eatre parmi les meilleurs \u00e9l\u00e8ves en termes de lutte climatique, arguant que la France ne serait responsable que d\u20191% des \u00e9missions de CO2 dans le monde. Ils en concluent ainsi qu\u2019elle fait d\u00e9j\u00e0 sa part, et devrait m\u00eame \u00eatre suivie en exemple. Une position honteusement cynique. Il faut tout d\u2019abord pr\u00e9ciser que l\u2019argument d\u2019apr\u00e8s lequel elle n\u2019a rien \u00e0 se reprocher parce qu\u2019elle ne contribuerait que tr\u00e8s peu au r\u00e9chauffement climatique ne tient tout simplement pas la route. Pour la raison que la France fait partie de ces grandes puissances qui maintiennent activement le mode de production capitaliste et le syst\u00e8me financier (on peut citer en exemple le soutien apport\u00e9 par les banques occidentales \u00e0 des projets\u00a0extractivistes\u00a0responsables de la catastrophe climatique ou alors il n\u2019est que de songer au projet montagne d\u2019or en Guyane, un\u00a0<\/span><span data-contrast=\"none\">tr\u00e8s polluant projet de mine d\u2019or\u00a0<\/span><span data-contrast=\"auto\">qui m<\/span><span data-contrast=\"none\">algr\u00e9 les promesses gouvernementales pourrait voir le jour sous une version remani\u00e9e)<\/span><span data-contrast=\"auto\">. La responsabilit\u00e9 de la France comme \u00ab\u202fgrand pollueur\u202f\u00bb de la plan\u00e8te est incontestable.<\/span><span data-ccp-props=\"{&quot;201341983&quot;:0,&quot;335559739&quot;:160,&quot;335559740&quot;:259}\">\u00a0<\/span><\/p>\n<p class=\"selectionShareable\"><span data-contrast=\"auto\">De plus, le mode de calcul permettant de d\u00e9gager une proportion aussi basse d\u2019\u00e9mission de CO2 par la France se limite bien souvent \u00e0 mesurer l\u2019impact carbone de ses citoyens. Une m\u00e9thode qui ne prend donc pas en compte, par exemple, le fait que si d\u2019autres pays, notamment en Asie, polluent davantage, c\u2019est aussi parce que l\u2019Europe y a d\u00e9localis\u00e9 nombre de ses usines, qui produisent pourtant pour la consommation europ\u00e9enne. De m\u00eame, cette m\u00e9thode ne prend pas en compte l\u2019impact que peut avoir partout dans le monde des entreprises m\u00e9ga-pollueuses et bien fran\u00e7aises comme Total. Cette derni\u00e8re menant des politiques totalement destructrices pour l\u2019\u00e9cosyst\u00e8me dans plusieurs pays du sud. Deux aspects de la pollution souvent tus par l\u2019imp\u00e9rialisme fran\u00e7ais qui met un point d\u2019honneur \u00e0 d<\/span><span data-contrast=\"auto\">\u00e9fendre ses int\u00e9r\u00eats sur l\u2019ensemble de la plan\u00e8te. Evoquons de ce point de vue,\u00a0<\/span><span data-contrast=\"auto\">l<\/span><span data-contrast=\"none\">e nouveau parc \u00e9olien qu\u2019EDF construit au<\/span><b><span data-contrast=\"none\">\u00a0<\/span><\/b><span data-contrast=\"none\">Mexique, nomm\u00e9 cyniquement \u201cGunaa\u00a0Sicar\u00f9\u201d et qui porte un coup tr\u00e8s dur \u00e0 l\u2019\u00e9co syst\u00e8me de terres indig\u00e8nes<\/span><span data-contrast=\"none\">.<\/span><span data-ccp-props=\"{&quot;201341983&quot;:0,&quot;335559739&quot;:160,&quot;335559740&quot;:259}\">\u00a0<\/span><\/p>\n<p class=\"selectionShareable\"><span data-contrast=\"auto\">Enfin, cette m\u00e9thode de calcul a tendance \u00e0 ignorer l\u2019impact d\u2019un autre ph\u00e9nom\u00e8ne li\u00e9 directement \u00e0 l\u2019imp\u00e9rialisme\u202f: le poids de l\u2019industrie militaire dans la catastrophe climatique. Pourtant elle est un responsable majeur de celle-ci, \u00e0 tel point que des chercheurs comme Christophe Bonneuil et Jean-Baptiste\u00a0Fressoz\u00a0ont d\u00e9velopp\u00e9 le concept de \u00ab\u202fthanatoc\u00e8ne\u202f\u00bb pour qualifier cette \u00e8re de destructions de l\u2019environnement caus\u00e9e par le domaine militaire. Une destruction massive men\u00e9e autant par les guerres, c\u2019est-\u00e0-dire l\u2019utilisation d\u2019une grande diversit\u00e9 d\u2019armes extr\u00eamement nocives non seulement pour l\u2019humanit\u00e9, mais aussi pour l\u2019ensemble de la\u00a0bio-diversit\u00e9\u00a0(avec l\u2019arme nucl\u00e9aire comme summum et<\/span><span data-contrast=\"auto\">\u00a0sans oublier le co\u00fbt \u00e9nerg\u00e9tique ph\u00e9nom\u00e9nal de ces op\u00e9rations),<\/span><span data-contrast=\"none\">\u00a0<\/span><span data-contrast=\"auto\">que par le d\u00e9veloppement en temps de paix de tout un ensemble de technologies polluantes.\u00a0<\/span><br \/>\n<span data-contrast=\"auto\">Ainsi comme nous le r\u00e9p\u00e9tons souvent il ne peut exister d\u2019antiracisme s\u00e9rieux sans anti-imp\u00e9rialisme, de la m\u00eame fa\u00e7on qu\u2019il ne peut exister d\u2019anticapitalisme s\u00e9rieux sans anti-imp\u00e9rialisme. Il nous faut maintenant ajouter qu\u2019il ne peut exister de lutte \u00e9cologique s\u00e9rieuse sans anti-imp\u00e9rialisme. C\u2019est-\u00e0-dire que toute personne ayant \u00e0 c\u0153ur de limiter l\u2019ampleur de la catastrophe climatique ne peut y parvenir sans lutter en m\u00eame temps contre l\u2019imp\u00e9rialisme. Il ne s\u2019agit pas d\u2019int\u00e9grer un peu de rh\u00e9torique anti-imp\u00e9rialiste dans son combat \u00e9cologique, mais bien de s\u2019y engager v\u00e9ritablement. Car le mode de production, d\u2019exploitation et de consommation conduisant \u00e0 une d\u00e9sormais certaine sixi\u00e8me extinction de masse de l\u2019histoire de la Terre est loin d\u2019\u00eatre remis en cause. Ce qui conduit \u00e0 faire de l\u2019anti-imp\u00e9rialisme non pas une option mais une condition sine qua non de cette lutte.\u00a0<\/span><span data-ccp-props=\"{&quot;201341983&quot;:0,&quot;335559739&quot;:160,&quot;335559740&quot;:259}\">\u00a0<\/span><\/p>\n<p><img decoding=\"async\" src=\"http:\/\/qgdecolonial.fr\/wp-content\/uploads\/2021\/01\/LOGO-QG-300x60.jpg\" alt=\"QG Decolonial\" \/><\/p>\n<p><a href=\"https:\/\/qgdecolonial.fr\/2021\/11\/01\/edito-32-cop26-lanti-imperialisme-grand-absent-de-lutte-ecologiste\/?fbclid=IwAR3WoCacIpV1m-XeMU1VfMTiVJGaurrsE9YBcELFkxT8j9Av1RMy413hdWA\">SOURCE<\/a><\/p>\n<\/div>\n","protected":false},"excerpt":{"rendered":"<p>Hier, s\u2019est d\u00e9roul\u00e9e \u00e0 Glasgow l\u2019ouverture de la COP26, \u00e9v\u00e8nement organis\u00e9 par les Nations-Unis dans lequel 197 nations vont discuter et n\u00e9gocier, durant une semaine et demi, des mesures \u00e0 prendre pour enrayer la catastrophe climatique que nous devons d\u2019ores-et-d\u00e9j\u00e0 affronter. Le rendez-vous est annuel, mais celui-ci est particuli\u00e8rement important, voire crucial, puisqu\u2019un bilan sur &#8230; <a title=\"COP26 : l\u2019anti-imp\u00e9rialisme, grand absent de la lutte \u00e9cologiste\" class=\"read-more\" href=\"https:\/\/bruxelles-pantheres.be\/?p=4947\" aria-label=\"En savoir plus sur COP26 : l\u2019anti-imp\u00e9rialisme, grand absent de la lutte \u00e9cologiste\">Lire la suite<\/a><\/p>\n","protected":false},"author":1,"featured_media":539,"comment_status":"open","ping_status":"open","sticky":false,"template":"","format":"standard","meta":{"footnotes":""},"categories":[21],"tags":[472],"class_list":["post-4947","post","type-post","status-publish","format-standard","has-post-thumbnail","hentry","category-anti-imperialisme","tag-cop26"],"_links":{"self":[{"href":"https:\/\/bruxelles-pantheres.be\/index.php?rest_route=\/wp\/v2\/posts\/4947","targetHints":{"allow":["GET"]}}],"collection":[{"href":"https:\/\/bruxelles-pantheres.be\/index.php?rest_route=\/wp\/v2\/posts"}],"about":[{"href":"https:\/\/bruxelles-pantheres.be\/index.php?rest_route=\/wp\/v2\/types\/post"}],"author":[{"embeddable":true,"href":"https:\/\/bruxelles-pantheres.be\/index.php?rest_route=\/wp\/v2\/users\/1"}],"replies":[{"embeddable":true,"href":"https:\/\/bruxelles-pantheres.be\/index.php?rest_route=%2Fwp%2Fv2%2Fcomments&post=4947"}],"version-history":[{"count":1,"href":"https:\/\/bruxelles-pantheres.be\/index.php?rest_route=\/wp\/v2\/posts\/4947\/revisions"}],"predecessor-version":[{"id":4948,"href":"https:\/\/bruxelles-pantheres.be\/index.php?rest_route=\/wp\/v2\/posts\/4947\/revisions\/4948"}],"wp:featuredmedia":[{"embeddable":true,"href":"https:\/\/bruxelles-pantheres.be\/index.php?rest_route=\/wp\/v2\/media\/539"}],"wp:attachment":[{"href":"https:\/\/bruxelles-pantheres.be\/index.php?rest_route=%2Fwp%2Fv2%2Fmedia&parent=4947"}],"wp:term":[{"taxonomy":"category","embeddable":true,"href":"https:\/\/bruxelles-pantheres.be\/index.php?rest_route=%2Fwp%2Fv2%2Fcategories&post=4947"},{"taxonomy":"post_tag","embeddable":true,"href":"https:\/\/bruxelles-pantheres.be\/index.php?rest_route=%2Fwp%2Fv2%2Ftags&post=4947"}],"curies":[{"name":"wp","href":"https:\/\/api.w.org\/{rel}","templated":true}]}}