{"id":4951,"date":"2021-10-22T20:19:09","date_gmt":"2021-10-22T19:19:09","guid":{"rendered":"https:\/\/bruxelles-pantheres.be\/?p=4951"},"modified":"2021-11-01T20:30:14","modified_gmt":"2021-11-01T19:30:14","slug":"juifs-musulmans-le-grand-complot-contre-la-civilisation-occidentale","status":"publish","type":"post","link":"https:\/\/bruxelles-pantheres.be\/?p=4951","title":{"rendered":"Juifs, musulmans. Le grand complot contre la civilisation occidentale"},"content":{"rendered":"<p><strong>Reza Zia-Ebrahimi,\u00a0<i>Antis\u00e9mitisme et islamophobie. Une histoire crois\u00e9e<\/i><\/strong><br class=\"manualbr\" \/><strong>\u00c9ditions Amsterdam, ao\u00fbt 2021<\/strong><br class=\"manualbr\" \/><strong>220\u00a0pages<small class=\"fine d-inline\">\u00a0<\/small>; 16\u00a0euros<\/strong><\/p>\n<p>Il y a bien s\u00fbr des diff\u00e9rences entre antis\u00e9mitisme et islamophobie, mais deux \u00e9l\u00e9ments majeurs unissent ces id\u00e9ologies\u00a0: la religion assimil\u00e9e \u00e0 une race et la vision d\u2019une grande conspiration mondiale visant \u00e0 d\u00e9truire l\u2019Occident. C\u2019est ce que rappelle le livre de l\u2019historien Reza Zia-Ebrahimi,\u00a0<i>Antis\u00e9mitisme et islamophobie. Une histoire crois\u00e9e<\/i>, paru fin ao\u00fbt\u00a02021 aux \u00e9ditions Amsterdam.<!--more--><\/p>\n<div class=\"texte_article\">\n<p><a href=\"https:\/\/bruxelles-pantheres.be\/wp-content\/uploads\/2021\/11\/zia-ebrahimi-categorie.jpg\"><img decoding=\"async\" class=\"size-full wp-image-4953 aligncenter\" src=\"https:\/\/bruxelles-pantheres.be\/wp-content\/uploads\/2021\/11\/zia-ebrahimi-categorie.jpg\" alt=\"\" width=\"750\" height=\"390\" srcset=\"https:\/\/bruxelles-pantheres.be\/wp-content\/uploads\/2021\/11\/zia-ebrahimi-categorie.jpg 750w, https:\/\/bruxelles-pantheres.be\/wp-content\/uploads\/2021\/11\/zia-ebrahimi-categorie-300x156.jpg 300w\" sizes=\"(max-width: 750px) 100vw, 750px\" \/><\/a><\/p>\n<p>Qu\u2019est-ce que la race<small class=\"fine d-inline\">\u00a0<\/small>? Et qu\u2019est-ce que le racisme<small class=\"fine d-inline\">\u00a0<\/small>? Partant de la d\u00e9finition de ces termes, Reza Zia-Ebrahimi d\u00e9montre dans son livre\u00a0<i>Antis\u00e9mitisme et islamophobie. Une histoire crois\u00e9e<\/i>\u00a0&#8211; dont aucun m\u00e9dia\u00a0<i>mainstream<\/i>\u00a0n\u2019a rendu compte &#8211; que ces deux ph\u00e9nom\u00e8nes \u2014 dont l\u2019histoire compte de nombreux croisements \u2014 rel\u00e8vent bel et bien d\u2019une m\u00eame logique\u00a0: la racialisation de deux groupes domin\u00e9s d\u00e9finis par leur religion. Ainsi cessent-ils d\u2019\u00eatre uniquement les adeptes d\u2019une religion pour devenir une entit\u00e9 homog\u00e8ne, biologiquement et culturellement caract\u00e9ris\u00e9e. Fait particulier propre \u00e0 ces deux types de racisme\u00a0: ils se traduisent par la vision d\u2019un grand complot. Ils\u00a0<i>\u00ab<small class=\"fine d-inline\">\u00a0<\/small>ne se contentent plus d\u2019alt\u00e9riser la population juive ou musulmane\u00a0: ils l\u2019\u00e9l\u00e8vent au statut de menace existentielle pour la \u00ab<small class=\"fine d-inline\">\u00a0<\/small>civilisation occidentale<small class=\"fine d-inline\">\u00a0<\/small>\u00bb.<small class=\"fine d-inline\">\u00a0<\/small>\u00bb.<\/i><\/p>\n<p>Iranien d\u2019origine, anglais de formation et francophone d\u2019\u00e9ducation, c\u2019est \u00e0 la fois un regard d\u2019historien et d\u2019observateur ext\u00e9rieur que l\u2019auteur pose sur le monde occidental et en particulier sur la France \u2014 terre propice \u00e0 l\u2019expansion des deux ph\u00e9nom\u00e8nes \u00e9tudi\u00e9s\u00a0:\u00a0<i>\u00ab<small class=\"fine d-inline\">\u00a0<\/small>Cette France,<\/i>\u00a0confie l\u2019auteur,\u00a0<i>je l\u2019admire souvent, elle me m\u00e9duse r\u00e9guli\u00e8rement, et parfois, je dois l\u2019avouer, elle me r\u00e9vulse<small class=\"fine d-inline\">\u00a0<\/small>\u00bb<\/i><sup class=\"ref_note\"><a id=\"nh1\" class=\"spip_note\" title=\"Sauf mention contraire, toutes les citations sont extraites de l\u2019ouvrage en\u00a0(...)\" href=\"https:\/\/orientxxi.info\/lu-vu-entendu\/juifs-musulmans-le-grand-complot-contre-la-civilisation-occidentale,5118?fbclid=IwAR0wthmdzTZp3WNSddDxeNxpOXjuGNYht-NNO7mujKFqY7BqAEK1UD5YL4o#nb1\" rel=\"appendix\">1<\/a><\/sup>.<\/p>\n<h2 class=\"spip\">UNE G\u00c9N\u00c9ALOGIE DES RACISMES<\/h2>\n<p>Comme le rappelle Zia-Ebrahimi dans son introduction, l\u2019\u00e9tude crois\u00e9e qu\u2019il a choisi d\u2019entreprendre ne lui a pas valu que des amis. Il faut souligner que les deux concepts dont il est ici question ne b\u00e9n\u00e9ficient pas du m\u00eame statut\u00a0:\u00a0<i>\u00ab<small class=\"fine d-inline\">\u00a0<\/small>Le d\u00e9ni de l\u2019islamophobie est g\u00e9n\u00e9ralis\u00e9, et l\u2019emploi du terme consid\u00e9r\u00e9 comme rien de moins qu\u2019un soutien au djihadisme<small class=\"fine d-inline\">\u00a0<\/small>\u00bb.<\/i>\u00a0Les motifs officiels pour lesquels le Collectif contre l\u2019islamophobie en France (<span class=\"caps\">CCIF<\/span>) a \u00e9t\u00e9 dissout ne peuvent que confirmer ce propos<sup class=\"ref_note\"><a id=\"nh2\" class=\"spip_note\" title=\"Le ministre de l\u2019int\u00e9rieur G\u00e9rald Darmanin avait accus\u00e9 le CCIF de conduire \u00ab\u00a0\u00a0(...)\" href=\"https:\/\/orientxxi.info\/lu-vu-entendu\/juifs-musulmans-le-grand-complot-contre-la-civilisation-occidentale,5118?fbclid=IwAR0wthmdzTZp3WNSddDxeNxpOXjuGNYht-NNO7mujKFqY7BqAEK1UD5YL4o#nb2\" rel=\"appendix\">2<\/a><\/sup>.<\/p>\n<p>Bien que l\u2019id\u00e9e d\u2019une civilisation \u00ab<small class=\"fine d-inline\">\u00a0<\/small>jud\u00e9o-chr\u00e9tienne<small class=\"fine d-inline\">\u00a0<\/small>\u00bb soit devenue assez r\u00e9cemment un dogme, l\u2019auteur remonte\u00a0<i>\u00ab<small class=\"fine d-inline\">\u00a0<\/small>la g\u00e9n\u00e9alogie intellectuelle<small class=\"fine d-inline\">\u00a0<\/small>\u00bb<\/i>\u00a0de ces racismes et rappelle, contre\u00a0<i>\u00ab<small class=\"fine d-inline\">\u00a0<\/small>l\u2019amn\u00e9sie historique<small class=\"fine d-inline\">\u00a0<\/small>\u00bb,<\/i>\u00a0toute la litt\u00e9rature du Moyen-\u00c2ge qui a aliment\u00e9 les croisades et les pogroms. Associ\u00e9s du fait de leurs pratiques religieuses communes, juifs et \u00ab<small class=\"fine d-inline\">\u00a0<\/small>sarrasins<small class=\"fine d-inline\">\u00a0<\/small>\u00bb sont accus\u00e9s de poursuivre le m\u00eame objectif\u00a0:\u00a0<i>\u00ab<small class=\"fine d-inline\">\u00a0<\/small>l\u2019annihilation de la chr\u00e9tient\u00e9<small class=\"fine d-inline\">\u00a0<\/small>\u00bb.<\/i><\/p>\n<blockquote class=\"spip\"><p>Juifs et musulmans ne sont donc pas simplement \u00ab<small class=\"fine d-inline\">\u00a0<\/small>autres<small class=\"fine d-inline\">\u00a0<\/small>\u00bb, alt\u00e9ris\u00e9s d\u2019un point de vue religieux et ethnique<small class=\"fine d-inline\">\u00a0<\/small>; ils ne sont pas non plus de simples ennemis, comme peuvent l\u2019\u00eatre des royaumes voisins\u00a0: ils repr\u00e9sentent d\u00e9j\u00e0 une menace existentielle pour la chr\u00e9tient\u00e9, voire un p\u00e9ril apocalyptique pour l\u2019univers entier en tant que supp\u00f4ts de l\u2019Ant\u00e9christ.<\/p><\/blockquote>\n<p>Si les pr\u00e9mices d\u2019une\u00a0<i>\u00ab<small class=\"fine d-inline\">\u00a0<\/small>racialisation conspiratoire<small class=\"fine d-inline\">\u00a0<\/small>\u00bb<\/i><sup class=\"ref_note\"><a id=\"nh3\" class=\"spip_note\" title=\"Une racialisation qui s\u2019articule autour d\u2019une th\u00e9orie du complot.\" href=\"https:\/\/orientxxi.info\/lu-vu-entendu\/juifs-musulmans-le-grand-complot-contre-la-civilisation-occidentale,5118?fbclid=IwAR0wthmdzTZp3WNSddDxeNxpOXjuGNYht-NNO7mujKFqY7BqAEK1UD5YL4o#nb3\" rel=\"appendix\">3<\/a><\/sup>\u00a0n\u00e9e de l\u2019alt\u00e9rit\u00e9 radicale sont d\u00e9j\u00e0 l\u00e0, c\u2019est que cette discrimination\u00a0<i>a priori<\/i>\u00a0motiv\u00e9e par une animosit\u00e9 religieuse va prendre une tournure plus ethnique avec la\u00a0<i>Reconquista<\/i>\u00a0de l\u2019Espagne<sup class=\"ref_note\"><a id=\"nh4\" class=\"spip_note\" title=\"P\u00e9riode du Moyen-\u00c2ge qui d\u00e9bute au VIIIe\u00a0si\u00e8cle pour s\u2019achever en 1492 et durant\u00a0(...)\" href=\"https:\/\/orientxxi.info\/lu-vu-entendu\/juifs-musulmans-le-grand-complot-contre-la-civilisation-occidentale,5118?fbclid=IwAR0wthmdzTZp3WNSddDxeNxpOXjuGNYht-NNO7mujKFqY7BqAEK1UD5YL4o#nb4\" rel=\"appendix\">4<\/a><\/sup>\u00a0et la destruction des derniers royaumes musulmans,\u00a0<i>\u00ab<small class=\"fine d-inline\">\u00a0<\/small>une entreprise de purification religio-culturelle qui ferait p\u00e2lir d\u2019envie les mouvements identitaires du\u00a0<span class=\"caps\">XXI<\/span><sup class=\"typo_exposants\">e<\/sup>\u00a0si\u00e8cle<small class=\"fine d-inline\">\u00a0<\/small>\u00bb.<\/i><\/p>\n<p>Centr\u00e9e autour de la \u00ab<small class=\"fine d-inline\">\u00a0<\/small>puret\u00e9 de sang<small class=\"fine d-inline\">\u00a0<\/small>\u00bb \u2014 d\u2019aucuns parleraient aujourd\u2019hui d\u2019Europ\u00e9ens \u00ab<small class=\"fine d-inline\">\u00a0<\/small>de souche<small class=\"fine d-inline\">\u00a0<\/small>\u00bb\u00a0\u2014, cette diff\u00e9renciation biologique qui s\u2019\u00e9tend aux \u00ab<small class=\"fine d-inline\">\u00a0<\/small>morisques<small class=\"fine d-inline\">\u00a0<\/small>\u00bb (les descendants des musulmans convertis) et aux \u00ab<small class=\"fine d-inline\">\u00a0<\/small>marranes<small class=\"fine d-inline\">\u00a0<\/small>\u00bb (les descendants des juifs convertis) interdit aux deux populations l\u2019acc\u00e8s \u00e0 l\u2019espace politique et public \u2014 un contemporain dirait\u00a0: aux plages et aux piscines \u2014 et les rel\u00e8gue \u00e0 un statut inf\u00e9rieur. Ni conversions ni mariages mixtes ne peuvent les absoudre de cette impuret\u00e9 originelle.\u00a0<i>\u00ab<small class=\"fine d-inline\">\u00a0<\/small>La puret\u00e9 de sang est en outre un v\u00e9hicule de promotion sociale pour les vieux chr\u00e9tiens qui occupent le bas de l\u2019\u00e9chelle, qui leur permet de se targuer d\u2019\u00eatre au-dessus des nouveaux chr\u00e9tiens<small class=\"fine d-inline\">\u00a0<\/small>\u00bb.<\/i><\/p>\n<h2 class=\"spip\">\u00ab<small class=\"fine d-inline\">\u00a0<\/small>LA RACE S\u00c9MITIQUE N\u2019A NI MYTHOLOGIE, NI SCIENCE, NI PHILOSOPHIE<small class=\"fine d-inline\">\u00a0<\/small>\u00bb<\/h2>\n<p>Se d\u00e9fendant de tout anachronisme, Zia-Ebrahimi affirme que\u00a0<i>\u00ab<small class=\"fine d-inline\">\u00a0<\/small>la racialisation n\u2019est pas apparue au\u00a0<span class=\"caps\">XVIII<\/span><sup class=\"typo_exposants\">e<\/sup>\u00a0si\u00e8cle<small class=\"fine d-inline\">\u00a0<\/small>\u00bb.<\/i>\u00a0En essentialisant de la sorte ces deux groupes sociaux et leurs descendants au nom d\u2019une diff\u00e9renciation biologique et religio-culturelle, et en les soumettant \u00e0 une discrimination sociale, l\u2019Europe m\u00e9di\u00e9vale cr\u00e9e toutes les conditions d\u2019une r\u00e9alit\u00e9 \u00e0 laquelle on apposera plus tard les noms d\u2019antis\u00e9mitisme et d\u2019islamophobie. Organiquement li\u00e9s, ces deux ph\u00e9nom\u00e8nes conna\u00eetront avec l\u2019invention \u00ab<small class=\"fine d-inline\">\u00a0<\/small>scientifique<small class=\"fine d-inline\">\u00a0<\/small>\u00bb de la race au\u00a0<span class=\"caps\">XIX<\/span><sup class=\"typo_exposants\">e<\/sup>\u00a0si\u00e8cle un nouveau souffle, le contexte colonial aidant.<\/p>\n<p>En effet, si antis\u00e9mitisme et jud\u00e9ophobie sont souvent utilis\u00e9s comme synonymes, l\u2019\u00e9tymologie du premier terme rappelle justement un autre processus de racialisation dont les juifs et les musulmans ont fait l\u2019objet de la part des philologues et autres linguistes du\u00a0<span class=\"caps\">XIX<\/span><sup class=\"typo_exposants\">e<\/sup>\u00a0si\u00e8cle. La construction bipolaire est toujours \u00e0 l\u2019\u0153uvre, entre un \u00ab<small class=\"fine d-inline\">\u00a0<\/small>soi<small class=\"fine d-inline\">\u00a0<\/small>\u00bb occidental, blanc, sublim\u00e9, et un \u00ab<small class=\"fine d-inline\">\u00a0<\/small>autre<small class=\"fine d-inline\">\u00a0<\/small>\u00bb fantasm\u00e9, r\u00e9ifi\u00e9, fig\u00e9. Les langues dites \u00ab<small class=\"fine d-inline\">\u00a0<\/small>s\u00e9mitiques<small class=\"fine d-inline\">\u00a0<\/small>\u00bb, qui regroupent entre autres l\u2019h\u00e9breu, l\u2019arabe et l\u2019aram\u00e9en deviennent d\u00e8s lors l\u2019oppos\u00e9 des langues indo-europ\u00e9ennes. Mais le processus de racialisation va plus loin, gr\u00e2ce notamment \u00e0 l\u2019influence des \u00e9crits d\u2019Ernest Renan qui perdurera jusqu\u2019\u00e0 la moiti\u00e9 du\u00a0<span class=\"caps\">XX<\/span><sup class=\"typo_exposants\">e<\/sup>\u00a0si\u00e8cle. Les propri\u00e9t\u00e9s de ces langues sont ainsi reli\u00e9es\u00a0<i>\u00ab<small class=\"fine d-inline\">\u00a0<\/small>\u00e0 l\u2019histoire religieuse des S\u00e9mites,<\/i>\u00a0\u2014 exclusivement le juda\u00efsme et l\u2019islam, le christianisme n\u2019\u00e9tant jamais essentialis\u00e9 \u2014\u00a0<i>, pour en d\u00e9duire ensuite les qualit\u00e9s essentielles de la race s\u00e9mitique<small class=\"fine d-inline\">\u00a0<\/small>\u00bb.<\/i><\/p>\n<p>De fait, langue et religion deviennent les instruments infaillibles par lesquels juifs et musulmans seront, de nouveau, culturellement essentialis\u00e9s, r\u00e9duits \u00e0 un bloc monolithique o\u00f9 ils sont d\u00e9pourvus du raffinement distinctif des cultures europ\u00e9ennes. Exit l\u2019apport de savants musulmans ou juifs du Moyen-\u00c2ge en m\u00e9decine, en astrologie ou en philosophie\u00a0:\u00a0<i>\u00ab<small class=\"fine d-inline\">\u00a0<\/small>[L]a race s\u00e9mitique [\u2026] n\u2019a ni mythologie, ni \u00e9pop\u00e9e, ni science, ni philosophie, ni fiction, ni arts plastiques, ni vie civile<small class=\"fine d-inline\">\u00a0<\/small>; en tout, absence de complexit\u00e9, de nuances, sentiment exclusif de l\u2019unit\u00e9<small class=\"fine d-inline\">\u00a0<\/small>\u00bb,<\/i>\u00a0ass\u00e8ne Renan. Deux si\u00e8cles plus tard, on accusera encore la langue arabe d\u2019\u00eatre le sas d\u2019entr\u00e9e vers le terrorisme.<\/p>\n<h2 class=\"spip\">ASSIMILABLES OU IRR\u00c9CUP\u00c9RABLES<small class=\"fine d-inline\">\u00a0<\/small>?<\/h2>\n<p>Dans ce jeu morbide du \u00ab<small class=\"fine d-inline\">\u00a0<\/small>ils<small class=\"fine d-inline\">\u00a0<\/small>\u00bb et du \u00ab<small class=\"fine d-inline\">\u00a0<\/small>nous<small class=\"fine d-inline\">\u00a0<\/small>\u00bb, Renan affirme encore que\u00a0<i>\u00ab<small class=\"fine d-inline\">\u00a0<\/small>[l]a race des S\u00e9mites [\u2026] n\u2019a jamais compris la civilisation dans le sens que nous donnons \u00e0 ce mot<small class=\"fine d-inline\">\u00a0<\/small>\u00bb.<\/i>\u00a0Voil\u00e0 la route pav\u00e9e \u00e0 la th\u00e9orie du \u00ab<small class=\"fine d-inline\">\u00a0<\/small>choc des civilisations<small class=\"fine d-inline\">\u00a0<\/small>\u00bb de la seconde moiti\u00e9 du\u00a0<span class=\"caps\">XX<\/span><sup class=\"typo_exposants\">e<\/sup>\u00a0si\u00e8cle. Toutefois, le philologue fran\u00e7ais offre \u00e0 certains juifs (les Europ\u00e9ens) une porte de sortie, ou plut\u00f4t d\u2019entr\u00e9e dans la civilisation, celle de l\u2019assimilation. Les musulmans, dont le s\u00e9mitisme d\u00e9passe de loin leur appartenance arabe, \u2013 ne b\u00e9n\u00e9ficient pas d\u2019un tel privil\u00e8ge\u00a0:\u00a0<i>\u00ab<small class=\"fine d-inline\">\u00a0<\/small>Combien d\u2019Isra\u00e9lites de nos jours,<\/i>\u00a0\u00e9crit encore Renan toujours cit\u00e9 par l\u2019auteur, [\u2026]\u00a0<i>ne sont plus que des hommes modernes, entra\u00een\u00e9s et assimil\u00e9s par cette grande force sup\u00e9rieure aux races et destructive des originalit\u00e9s locales, qu\u2019on appelle la civilisation<small class=\"fine d-inline\">\u00a0<\/small>!<small class=\"fine d-inline\">\u00a0<\/small>\u00bb.<\/i> Mais avec l\u2019av\u00e8nement de l\u2019antis\u00e9mitisme radical d\u00e9velopp\u00e9 par toute une litt\u00e9rature des milieux nationalistes et r\u00e9actionnaires allemands s\u2019appuyant sur les th\u00e9ories raciales fran\u00e7aises, les juifs seront finalement assign\u00e9s \u00e0 une alt\u00e9rit\u00e9 immuable dont on conna\u00eet les tragiques cons\u00e9quences.<\/p>\n<p>La masse musulmane demeure quant \u00e0 elle inassimilable, irr\u00e9cup\u00e9rable, absolument immuable. Entre orientalisme et colonisation,\u00a0<i>\u00ab<small class=\"fine d-inline\">\u00a0<\/small>la croyance en un islam racial, monolithique et hors du temps d\u00e9termine aussi bien les \u00e9tudes des savants que les politiques des administrateurs fran\u00e7ais<small class=\"fine d-inline\">\u00a0<\/small>\u00bb.<\/i>\u00a0Mieux encore, c\u2019est m\u00eame le\u00a0<i>\u00ab<small class=\"fine d-inline\">\u00a0<\/small>fanatisme intrins\u00e8que<small class=\"fine d-inline\">\u00a0<\/small>\u00bb<\/i>\u00a0de l\u2019islam ennemi de la civilisation qui constitue\u00a0<i>\u00ab<small class=\"fine d-inline\">\u00a0<\/small>la seule explication possible de la r\u00e9sistance oppos\u00e9e par les peuples colonis\u00e9s \u00e0 l\u2019h\u00e9g\u00e9monie europ\u00e9enne<small class=\"fine d-inline\">\u00a0<\/small>\u00bb,<\/i>\u00a0peuples dont l\u2019inf\u00e9riorit\u00e9 raciale \u00e9vidente justifie de fait la domination. Les noirs offraient moins de r\u00e9sistance \u00e0 la conversion au catholicisme. La colonisation alg\u00e9rienne en sera un cas d\u2019\u00e9cole, et les repr\u00e9sentations li\u00e9es aux travailleurs maghr\u00e9bins en France en seront le prolongement. Car\u00a0<i>\u00ab<small class=\"fine d-inline\">\u00a0<\/small>cet islam racialis\u00e9 est suppos\u00e9 partag\u00e9 par tous les adeptes de l\u2019islam, o\u00f9 qu\u2019ils se trouvent et \u00e0 quelque \u00e9poque que ce soit,<\/i>\u00a0[\u2026]\u00a0<i>surd\u00e9terminant tous les aspects de leurs vies<small class=\"fine d-inline\">\u00a0<\/small>\u00bb.<\/i><\/p>\n<p>Cette vision pr\u00e9vaut encore aujourd\u2019hui o\u00f9 \u00ab<small class=\"fine d-inline\">\u00a0<\/small>islam<small class=\"fine d-inline\">\u00a0<\/small>\u00bb, \u00ab<small class=\"fine d-inline\">\u00a0<\/small>musulmans<small class=\"fine d-inline\">\u00a0<\/small>\u00bb et \u00ab<small class=\"fine d-inline\">\u00a0<\/small>Arabes<small class=\"fine d-inline\">\u00a0<\/small>\u00bb sont indiff\u00e9remment utilis\u00e9s comme autant de synonymes, et tant pis s\u2019ils renvoient \u00e0 une r\u00e9alit\u00e9 qui compte un milliard d\u2019individus aux langues, aux nationalit\u00e9s et aux cultures diverses. Ce discours n\u00e9o-orientaliste sera r\u00e9actualis\u00e9 par les id\u00e9ologues du choc des civilisations, Bernard Lewis et Samuel Huntington en t\u00eate, et dont la \u00ab<small class=\"fine d-inline\">\u00a0<\/small>guerre contre le terrorisme<small class=\"fine d-inline\">\u00a0<\/small>\u00bb sera la manifestation contemporaine la plus macabre.<\/p>\n<h2 class=\"spip\">TOUS ACTEURS DU \u00ab<small class=\"fine d-inline\">\u00a0<\/small>GRAND REMPLACEMENT<small class=\"fine d-inline\">\u00a0<\/small>\u00bb<\/h2>\n<p>Nombre d\u2019observateurs afflig\u00e9s par l\u2019actualit\u00e9 fran\u00e7aise ont fait le rapprochement entre l\u2019usage du doublon \u00ab<small class=\"fine d-inline\">\u00a0<\/small>islamo-gauchiste<small class=\"fine d-inline\">\u00a0<\/small>\u00bb et le fameux \u00ab<small class=\"fine d-inline\">\u00a0<\/small>jud\u00e9o-bolch\u00e9vique<small class=\"fine d-inline\">\u00a0<\/small>\u00bb du d\u00e9but du si\u00e8cle dernier. Ce rapprochement rappelle, comme le souligne Ilan Halevi dans son ouvrage inachev\u00e9\u00a0<i>Islamophobie et jud\u00e9ophobie. L\u2019effet miroir<\/i>\u00a0(Syllepse, 2015) \u00e0 quel point la haine de l\u2019islam aujourd\u2019hui rappelle l\u2019antis\u00e9mitisme des ann\u00e9es\u00a01930. Mais le parall\u00e8le dit \u00e9galement deux choses\u00a0: d\u2019abord, que les croisements entre antis\u00e9mitisme et islamophobie peuvent avoir des temporalit\u00e9s diff\u00e9rentes. Ensuite, que dans le grand dessein que juifs ou musulmans fomentent, la gauche aurait toujours \u00e9t\u00e9 leur alli\u00e9 infaillible.<\/p>\n<p>Mais quel est-il donc ce grand dessein<small class=\"fine d-inline\">\u00a0<\/small>? Cette fois, il ne s\u2019agit plus seulement d\u2019annihiler le monde chr\u00e9tien (ou occidental)\u00a0: il est question de le contr\u00f4ler, de le soumettre, de l\u2019envahir. La juda\u00efsation et l\u2019islamisation du monde sont ainsi tour \u00e0 tour les grands spectres qui hantent l\u2019esprit et le discours de nombre d\u2019occidentaux. Ils nourrissent le complot \u00ab<small class=\"fine d-inline\">\u00a0<\/small>jud\u00e9o-ma\u00e7onnique<small class=\"fine d-inline\">\u00a0<\/small>\u00bb, n\u00e9 au d\u00e9but du\u00a0<span class=\"caps\">XIX<\/span><sup class=\"typo_exposants\">e<\/sup>\u00a0si\u00e8cle, ou celui du \u00ab<small class=\"fine d-inline\">\u00a0<\/small>Grand Remplacement<small class=\"fine d-inline\">\u00a0<\/small>\u00bb, qui \u00e9clate au grand jour au d\u00e9but du troisi\u00e8me mill\u00e9naire. Des comploteurs qui ourdissent un projet avec l\u2019aide\u00a0<i>\u00ab<small class=\"fine d-inline\">\u00a0<\/small>consciente ou inconsciente<small class=\"fine d-inline\">\u00a0<\/small>\u00bb<\/i><sup class=\"ref_note\"><a id=\"nh5\" class=\"spip_note\" title=\"Il n\u2019est pas rare que des personnalit\u00e9s de gauche soient tax\u00e9es d\u2019\u00ab\u00a0idiots\u00a0(...)\" href=\"https:\/\/orientxxi.info\/lu-vu-entendu\/juifs-musulmans-le-grand-complot-contre-la-civilisation-occidentale,5118?fbclid=IwAR0wthmdzTZp3WNSddDxeNxpOXjuGNYht-NNO7mujKFqY7BqAEK1UD5YL4o#nb5\" rel=\"appendix\">5<\/a><\/sup>\u00a0de collaborateurs, dans le but de dominer une nation, voire une civilisation. C\u2019est cette m\u00eame accusation qui est port\u00e9e \u00e0 la fois par l\u2019antis\u00e9mitisme et l\u2019islamophobie, racismes qui se d\u00e9ploient ainsi sous leur forme conspiratoire.<\/p>\n<p>Cette racialisation s\u2019appuie sur une litt\u00e9rature plus ou moins savante que des relais se chargeront d\u2019essaimer dans l\u2019esprit du grand public. Encore une fois, la France, berceau du complotisme dont les premiers livres apparaissent au lendemain de la R\u00e9volution de 1789 s\u2019av\u00e8re un terreau particuli\u00e8rement fertile pour la propagation de ces racismes, notamment \u00e0 cause de son h\u00e9ritage colonial\u00a0:\u00a0<i>\u00ab<small class=\"fine d-inline\">\u00a0<\/small>L\u2019histoire singuli\u00e8re de l\u2019Alg\u00e9rie fran\u00e7aise, les sp\u00e9cificit\u00e9s de sa m\u00e9moire collective, son r\u00e9servoir immense de st\u00e9r\u00e9otypes islamophobes et orientalistes<\/i>\u00a0[\u2026]\u00a0<i>donne<\/i>[nt]\u00a0<i>naissance en France, beaucoup plus t\u00f4t qu\u2019ailleurs, aux articulations essentielles du mythe de l\u2019islamisation<small class=\"fine d-inline\">\u00a0<\/small>\u00bb.<\/i><\/p>\n<p>Bien qu\u2019il ne soit pas le premier, le texte des\u00a0<i>Protocoles des sages de Sion<\/i>\u00a0incarne la forme la plus compl\u00e8te du mythe du complot juif, qui conna\u00eetra un succ\u00e8s retentissant dans l\u2019Europe de l\u2019entre-deux guerres, traduction d\u2019un antis\u00e9mitisme qui ne cesse de s\u2019exacerber. L\u2019id\u00e9e qu\u2019une \u00e9lite juive jouissant d\u2019un pouvoir financier cons\u00e9quent et d\u2019une mainmise sur les centres de d\u00e9cision et de pouvoir \u0153uvre dans l\u2019ombre \u00e0 contr\u00f4ler, voire \u00e0 juda\u00efser la nation et le monde, a encore de beaux jours devant elle, comme le montrent les derni\u00e8res campagnes antis\u00e9mites contre le financier Georges Soros, tant aux \u00c9tats-Unis qu\u2019en Hongrie, son pays d\u2019origine.<\/p>\n<h2 class=\"spip\">UN JEU DANGEREUX ET DOUBLEMENT PERDANT<\/h2>\n<p>Le complot musulman est plus r\u00e9cent, et on en voit au quotidien les manifestations politiques et m\u00e9diatiques, surtout dans le contexte pr\u00e9-\u00e9lectoral en France. Il n\u2019a pas un centre d\u00e9fini, contrairement au complot des sages de Sion ou de l\u2019Internationale pour le complot communiste, mais s\u2019appuie sur l\u2019id\u00e9e de l\u2019invasion d\u00e9mographique, dont les migrants affluant sur des bateaux de fortune vers l\u2019Europe comme les musulmans fran\u00e7ais seraient indiff\u00e9remment le fer de lance. La litt\u00e9rature qui appuie cette th\u00e8se va des succ\u00e8s de librairie comme\u00a0<i>La Rage et l\u2019orgueil<\/i>\u00a0d\u2019Oriana Fallaci (2001),\u00a0<i>Soumission<\/i>\u00a0de Michel Houellebecq (2015), aux essais moins grand public &#8211;\u00a0<i>Eurabia<\/i>\u00a0de Bat Ye\u2019or (2005)\u00a0-, en passant par les ouvrages de r\u00e9f\u00e9rence de l\u2019extr\u00eame droite, comme\u00a0<i>Le Grand Remplacement<\/i>\u00a0de Renaud Camus (2011). Tous auront des relais m\u00e9diatiques et politiques, qu\u2019il s\u2019agisse d\u2019Alain Finkielkraut, de Marine Le Pen ou de Pierre-Andr\u00e9 Taguieff. Tous nourrissent cette id\u00e9e d\u2019une invasion qui islamiserait la France et enterrerait sa culture, ou comme l\u2019\u00e9crivait Fallaci cit\u00e9e par l\u2019auteur\u00a0:\u00a0<i>\u00ab<small class=\"fine d-inline\">\u00a0<\/small>Au lieu des cloches, on se retrouve avec les muezzins, au lieu des minijupes on se retrouve avec le chador\u00a0<\/i>[sic]\u00a0<i>ou le bourkah<\/i>\u00a0[sic]<i>, au lieu du petit cognac on se retrouve avec le lait de chamelle.<small class=\"fine d-inline\">\u00a0<\/small>\u00bb<\/i><\/p>\n<p>Bien qu\u2019il ne soit plus n\u00e9cessaire de d\u00e9montrer l\u2019influence directe que ces textes ont eu sur des terroristes comme Anders Behring Breivik<sup class=\"ref_note\"><a id=\"nh6\" class=\"spip_note\" title=\"Responsable d\u2019un attentat qui a fait 77\u00a0morts en Norv\u00e8ge en 2011.\" href=\"https:\/\/orientxxi.info\/lu-vu-entendu\/juifs-musulmans-le-grand-complot-contre-la-civilisation-occidentale,5118?fbclid=IwAR0wthmdzTZp3WNSddDxeNxpOXjuGNYht-NNO7mujKFqY7BqAEK1UD5YL4o#nb6\" rel=\"appendix\">6<\/a><\/sup>, Brenton Tarrant<sup class=\"ref_note\"><a id=\"nh7\" class=\"spip_note\" title=\"Responsable des attentats de Christchurch en Nouvelle-Z\u00e9lande qui ont fait\u00a0(...)\" href=\"https:\/\/orientxxi.info\/lu-vu-entendu\/juifs-musulmans-le-grand-complot-contre-la-civilisation-occidentale,5118?fbclid=IwAR0wthmdzTZp3WNSddDxeNxpOXjuGNYht-NNO7mujKFqY7BqAEK1UD5YL4o#nb7\" rel=\"appendix\">7<\/a><\/sup>\u00a0ou sur les manifestants n\u00e9o-nazis de Charlottesville en 2017, le champ lexical charri\u00e9 par cette th\u00e9orie du complot s\u2019est largement \u00e9tendu au-del\u00e0 de la droite, et m\u00eame de l\u2019extr\u00eame droite. Sur\u00a0<span class=\"caps\">BFM<\/span>\u00a0<span class=\"caps\">TV<\/span>\u00a0ou en une du magazine d\u2019extr\u00eame droite\u00a0<i>Causeur<\/i>\u00a0dont le num\u00e9ro de septembre\u00a02021 titrait\u00a0:\u00a0<i>\u00ab<small class=\"fine d-inline\">\u00a0<\/small>Souriez, vous \u00eates grand-remplac\u00e9s<small class=\"fine d-inline\">\u00a0<\/small>!<small class=\"fine d-inline\">\u00a0<\/small>\u00bb<\/i>\u00a0avec une photo de b\u00e9b\u00e9s racis\u00e9s en couverture, parler de \u00ab<small class=\"fine d-inline\">\u00a0<\/small>Grand Remplacement<small class=\"fine d-inline\">\u00a0<\/small>\u00bb devient banal. Impun\u00e9ment, le vice-pr\u00e9sident du parti Les R\u00e9publicains (<span class=\"caps\">LR<\/span>) Gilles Platret parle quant \u00e0 lui d\u2019\u00a0<i>\u00ab<small class=\"fine d-inline\">\u00a0<\/small>\u00e9puration ethnique<small class=\"fine d-inline\">\u00a0<\/small>\u00bb<\/i>\u00a0(contre les blancs) perp\u00e9tr\u00e9e par un\u00a0<i>\u00ab<small class=\"fine d-inline\">\u00a0<\/small>bloc musulman<small class=\"fine d-inline\">\u00a0<\/small>\u00bb,<\/i>\u00a0reprenant l\u2019imaginaire du caract\u00e8re unitaire des musulmans,\u00a0<i>\u00ab<small class=\"fine d-inline\">\u00a0<\/small>comme si l\u2019individualit\u00e9 cessait d\u2019exister de l\u2019autre c\u00f4t\u00e9 du foss\u00e9 imaginaire s\u00e9parant l\u2019Occident du reste du monde<small class=\"fine d-inline\">\u00a0<\/small>\u00bb.<\/i><\/p>\n<p>Ilan Halevi mettait en garde\u00a0:\u00a0<i>\u00ab<small class=\"fine d-inline\">\u00a0<\/small>Toute tentative de se mesurer \u00e0 l\u2019une<\/i>\u00a0[la jud\u00e9ophobie]\u00a0<i>sans prendre l\u2019autre<\/i>\u00a0[l\u2019islamophobie]\u00a0<i>\u00e0 bras le corps est par d\u00e9finition futile<small class=\"fine d-inline\">\u00a0<\/small>\u00bb.<\/i>\u00a0C\u2019est le m\u00eame signal d\u2019alarme que tire Reza Zia-Ebrahimi en rappelant l\u2019attentat contre la synagogue de Pittsburgh en 2018<sup class=\"ref_note\"><a id=\"nh8\" class=\"spip_note\" title=\"Attentat antis\u00e9mite le plus meurtrier de l\u2019histoire des \u00c9tats-Unis qui a fait\u00a0(...)\" href=\"https:\/\/orientxxi.info\/lu-vu-entendu\/juifs-musulmans-le-grand-complot-contre-la-civilisation-occidentale,5118?fbclid=IwAR0wthmdzTZp3WNSddDxeNxpOXjuGNYht-NNO7mujKFqY7BqAEK1UD5YL4o#nb8\" rel=\"appendix\">8<\/a><\/sup>, durant le mandat d\u2019un pr\u00e9sident ouvertement islamophobe, ou celui de Halle en 2019, en Allemagne, contre une synagogue et un restaurant turc, car\u00a0<i>\u00ab<small class=\"fine d-inline\">\u00a0<\/small>des sentiments islamophobes pr\u00e9disposent \u00e0 l\u2019antis\u00e9mitisme, et<\/i>\u00a0vice versa\u00a0<i><small class=\"fine d-inline\">\u00a0<\/small>\u00bb.<\/i>\u00a0En remontant la g\u00e9n\u00e9alogie des th\u00e9ories du complot, Zia-Ebrahimi rappelle qu\u2019elles pullulent quand les grandes transformations\u00a0<i>\u00ab<small class=\"fine d-inline\">\u00a0<\/small>an\u00e9antissent progressivement les structures d\u2019autorit\u00e9 pr\u00e9existantes, les privil\u00e8ges h\u00e9rit\u00e9s et, plus globalement, les syst\u00e8mes de croyance traditionnels<small class=\"fine d-inline\">\u00a0<\/small>\u00bb.<\/i><\/p>\n<\/div>\n<div class=\"cadre_auteur\">\n<p><a class=\"logo\" href=\"https:\/\/orientxxi.info\/fr\/auteur743.html\"><picture class=\"conteneur_image_responsive_h\"><source srcset=\"local\/cache-responsive\/cache-80\/c4b07539dca4b06a79bf72a14de24381.jpg.webp?1631363313 1x,local\/cache-responsive\/cache-160\/c4b07539dca4b06a79bf72a14de24381.jpg.webp?1631363313 2x\" type=\"image\/webp\" \/><source srcset=\"local\/cache-responsive\/cache-80\/c4b07539dca4b06a79bf72a14de24381.jpg?1631363313 1x,local\/cache-responsive\/cache-160\/c4b07539dca4b06a79bf72a14de24381.jpg?1631363313 2x\" type=\"image\/jpeg\" \/><img decoding=\"async\" class=\"image_responsive avec_picturefill\" src=\"https:\/\/orientxxi.info\/local\/cache-responsive\/cache-80\/c4b07539dca4b06a79bf72a14de24381.jpg?1631363313\" alt=\"\" data-src=\"local\/cache-gd2\/47\/dde0162839ea73ade8be4e373c87ee.jpg\" data-l=\"470\" data-h=\"470\" data-tailles=\"[\\&quot;80\\&quot;]\" \/><\/picture><\/a><\/p>\n<div class=\"intitules\">\n<p><a href=\"https:\/\/orientxxi.info\/fr\/auteur743.html\"><strong>SARRA GRIRA<\/strong><\/a><\/p>\n<div class=\"bio\">\n<p>Journaliste, docteure en litt\u00e9rature fran\u00e7aise. Responsable des pages arabes d\u2019<a href=\"https:\/\/orientxxi.info\/lu-vu-entendu\/juifs-musulmans-le-grand-complot-contre-la-civilisation-occidentale,5118?fbclid=IwAR0wthmdzTZp3WNSddDxeNxpOXjuGNYht-NNO7mujKFqY7BqAEK1UD5YL4o\"><i>Orient XXI<\/i><\/a><\/p>\n<p><a href=\"https:\/\/orientxxi.info\/lu-vu-entendu\/juifs-musulmans-le-grand-complot-contre-la-civilisation-occidentale,5118?fbclid=IwAR0wthmdzTZp3WNSddDxeNxpOXjuGNYht-NNO7mujKFqY7BqAEK1UD5YL4o\">SOURCE\u00a0<\/a><\/p>\n<\/div>\n<\/div>\n<\/div>\n","protected":false},"excerpt":{"rendered":"<p>Reza Zia-Ebrahimi,\u00a0Antis\u00e9mitisme et islamophobie. Une histoire crois\u00e9e\u00c9ditions Amsterdam, ao\u00fbt 2021220\u00a0pages\u00a0; 16\u00a0euros Il y a bien s\u00fbr des diff\u00e9rences entre antis\u00e9mitisme et islamophobie, mais deux \u00e9l\u00e9ments majeurs unissent ces id\u00e9ologies\u00a0: la religion assimil\u00e9e \u00e0 une race et la vision d\u2019une grande conspiration mondiale visant \u00e0 d\u00e9truire l\u2019Occident. C\u2019est ce que rappelle le livre de l\u2019historien Reza &#8230; <a title=\"Juifs, musulmans. Le grand complot contre la civilisation occidentale\" class=\"read-more\" href=\"https:\/\/bruxelles-pantheres.be\/?p=4951\" aria-label=\"En savoir plus sur Juifs, musulmans. Le grand complot contre la civilisation occidentale\">Lire la suite<\/a><\/p>\n","protected":false},"author":1,"featured_media":4952,"comment_status":"open","ping_status":"open","sticky":false,"template":"","format":"standard","meta":{"footnotes":""},"categories":[36,4,28],"tags":[474,473],"class_list":["post-4951","post","type-post","status-publish","format-standard","has-post-thumbnail","hentry","category-europe","category-islamophobie","category-racismes","tag-reza-zia-ebrahimi","tag-sarra-grira"],"_links":{"self":[{"href":"https:\/\/bruxelles-pantheres.be\/index.php?rest_route=\/wp\/v2\/posts\/4951","targetHints":{"allow":["GET"]}}],"collection":[{"href":"https:\/\/bruxelles-pantheres.be\/index.php?rest_route=\/wp\/v2\/posts"}],"about":[{"href":"https:\/\/bruxelles-pantheres.be\/index.php?rest_route=\/wp\/v2\/types\/post"}],"author":[{"embeddable":true,"href":"https:\/\/bruxelles-pantheres.be\/index.php?rest_route=\/wp\/v2\/users\/1"}],"replies":[{"embeddable":true,"href":"https:\/\/bruxelles-pantheres.be\/index.php?rest_route=%2Fwp%2Fv2%2Fcomments&post=4951"}],"version-history":[{"count":2,"href":"https:\/\/bruxelles-pantheres.be\/index.php?rest_route=\/wp\/v2\/posts\/4951\/revisions"}],"predecessor-version":[{"id":4955,"href":"https:\/\/bruxelles-pantheres.be\/index.php?rest_route=\/wp\/v2\/posts\/4951\/revisions\/4955"}],"wp:featuredmedia":[{"embeddable":true,"href":"https:\/\/bruxelles-pantheres.be\/index.php?rest_route=\/wp\/v2\/media\/4952"}],"wp:attachment":[{"href":"https:\/\/bruxelles-pantheres.be\/index.php?rest_route=%2Fwp%2Fv2%2Fmedia&parent=4951"}],"wp:term":[{"taxonomy":"category","embeddable":true,"href":"https:\/\/bruxelles-pantheres.be\/index.php?rest_route=%2Fwp%2Fv2%2Fcategories&post=4951"},{"taxonomy":"post_tag","embeddable":true,"href":"https:\/\/bruxelles-pantheres.be\/index.php?rest_route=%2Fwp%2Fv2%2Ftags&post=4951"}],"curies":[{"name":"wp","href":"https:\/\/api.w.org\/{rel}","templated":true}]}}