{"id":4991,"date":"2021-12-01T10:32:57","date_gmt":"2021-12-01T09:32:57","guid":{"rendered":"https:\/\/bruxelles-pantheres.be\/?p=4991"},"modified":"2021-11-26T10:35:33","modified_gmt":"2021-11-26T09:35:33","slug":"moise-lamine-bangoura-innocence-raciale-et-negrophobie-judiciaire","status":"publish","type":"post","link":"https:\/\/bruxelles-pantheres.be\/?p=4991","title":{"rendered":"Mo\u00efse Lamine Bangoura : Innocence raciale et n\u00e9grophobie judiciaire."},"content":{"rendered":"<p>Le meurtre de Lamine Bangoura par 8 policier.\u00e8re.s ne conna\u00eetra pas de proc\u00e8s public. Les \u00ab\u00a0parties civiles\u00a0\u00bb sont condamn\u00e9es \u00e0 payer des dommages aux policiers.\u00e8re.s. Vingt-cinq pages de l\u2019Arr\u00eat de la Chambre des Mises en accusation (Cour d\u2019Appel de Gand, Arr\u00eat 2020\/12\/95, 16\/03\/2021) motivent le non-lieu. Cette impunit\u00e9 s\u2019y articule comme un site d\u2019une construction active de blanchit\u00e9, m\u00e9canique de silences assassins o\u00f9, \u00e0 aucun moment, la vie de Lamine ne compte.<!--more--><\/p>\n<div class=\"contenu_texte\">\n<div class=\"texte\">\n<p><strong>\u00ab\u00a0C\u2019est\u00a0ta derni\u00e8re chance\u00a0\u00bb.<\/strong><\/p>\n<p>L\u2019Arr\u00eat nous rappelle que le 07 mai 2018 \u00e0 Roulers, un huissier de justice vient ex\u00e9cuter une expulsion domiciliaire, celle de Mo\u00efse Lamine Bangoura. Il est accompagn\u00e9 de deux policiers. Lamine ne r\u00e9pond pas. L\u2019arr\u00eat de la Cour rel\u00e8ve\u00a0: \u00ab\u00a0Il ressort du t\u00e9moignage de l\u2019huissier de justice (\u2026) que les [policiers] ont d\u2019abord sonn\u00e9 (\u2026), mais qu\u2019il n\u2019y a pas eu de r\u00e9action, apr\u00e8s quoi l\u2019huissier de justice concern\u00e9 a \u00e9galement sonn\u00e9 et frapp\u00e9\u00a0\u00bb. Une fois entr\u00e9s, \u00ab\u00a0il y avait la crainte que le chien, un Staffor-Terrier soit utilis\u00e9 comme une arme\u00a0\u00bb.<\/p>\n<p>Ils appellent alors leurs coll\u00e8gues sur base de cette \u00ab\u00a0crainte\u00a0\u00bb. Les silences d\u00e9butent. Que cette crainte soit fond\u00e9e ou non\u00a0? silence. Ce chien est-il agit\u00e9\u00a0? Silence. Lamine est surpris\u00a0? Silence. Par contre, un policier en renfort d\u00e9clare\u00a0: \u00ab\u00a0\u00c9coute c\u2019est ta derni\u00e8re chance de sortir\u00a0\u00bb. Ta derni\u00e8re chance avant quoi\u00a0? Silence. L\u2019\u00e9v\u00e9nement justifie simplement la sommation. Puis \u00ab\u00a0l\u2019 assaut\u00a0\u00bb est relat\u00e9.<\/p>\n<p><strong>\u00c0 charge de la victime\u00a0; \u00e0 d\u00e9charge des inculp\u00e9s.<br class=\"autobr\" \/><\/strong><\/p>\n<p>Le jugement fait tenir la l\u00e9gitimit\u00e9 de l\u2019action de police (expulsion par la force, traduit comme l\u00e9gitime dans un \u00e9tat de droit) et la proportionnalit\u00e9 de la force. Il s\u2019agira alors d\u2019accuser la victime Lamine Bangoura d\u2019incons\u00e9quence, d\u2019une pr\u00e9sence le poussant \u00e0 le \u00ab\u00a0neutraliser\u00a0\u00bb (sic), et en miroir, de pr\u00e9senter les inculp\u00e9.es, des policier.\u00e8re.s emplis de pr\u00e9cautions et d\u2019intentions innocentes. Ceci passe par une s\u00e9rie d\u2019\u00e9tapes et quelques contraintes. Il y a bien eu une vid\u00e9o, film\u00e9e, d\u2019une partie de l\u2019intervention et un PV mentionnant un debriefing entre les policiers.<\/p>\n<p><strong>Blanchir la collusion de fonctionnaire\u00a0: les \u00e9motions ordinaires.<br class=\"autobr\" \/><\/strong><\/p>\n<p>Pour lever le soup\u00e7on p\u00e9nalisable de collusion de fonctionnaires, l\u2019Arr\u00eat choisit la bri\u00e8vet\u00e9\u00a0: \u00ab\u00a0Apr\u00e8s un d\u00e9c\u00e8s survenu au cours d\u2019une intervention, il est bon et normal que les policiers qui sont intervenus aient la possibilit\u00e9 de ventiler leurs propres \u00e9motions\u00a0(\u2026) Le fait qu\u2019un d\u00e9briefing ait eu lieu est une \u00e9volution heureuse (\u2026) Attribuer d\u2019autres intentions \u00e0 un tel d\u00e9briefing, c\u2019est manifestement ignorer l\u2019impact mental d\u2019un tel \u00e9v\u00e9nement sur les policiers\u00a0\u00bb.<\/p>\n<p>Les \u00e9motions de policiers.\u00e8re.s. \u00ab\u00a0traumatis\u00e9.e.s.\u00a0\u00bb deviennent un \u00e9l\u00e9ment de droit susceptible d\u2019\u00e9carter un \u00e9l\u00e9ment bien r\u00e9el du dossier. La concordance des versions est blanchie et fait nombre. D\u2019ailleurs, le Comit\u00e9 Pa, nous dit-on enqu\u00eat\u00e9. Comment\u00a0? Silence.<\/p>\n<p>Ces \u00e9motions se mettent \u00e0 illustrer d\u2019autres faits. Les policier.\u00e8re.s ont \u00e9t\u00e9 porteurs de soins. La preuve\u00a0? l\u2019appel d\u2019une ambulance. Proc\u00e9dure normale en cas de d\u00e9c\u00e8s, la Cour y trouve une autre raison\u00a0; administrer un \u00ab\u00a0s\u00e9datif\u00a0\u00bb. Nul n\u2019en parle sur la sc\u00e8ne, pourtant. Pourquoi\u00a0? Silence. Un t\u00e9moignage des ambulanciers.\u00e8re.s.\u00a0? Non. D\u2019ailleurs, si les policiers.\u00e8re.s. ont nettoy\u00e9 le visage de Lamine, \u00ab\u00a0cela ne peut \u00eatre fait que pour faciliter la respiration\u00a0\u00bb. Est-ce soutenu par un fait\u00a0? Non. Mais l\u2019Arr\u00eat n\u2019a pas de raison d\u2019en douter\u00a0: les policiers\u00e8re.s. sont correctement form\u00e9.e.s (sic). Et puis mort \u00ab\u00a0avant\u00a0\u00bb, \u00ab\u00a0apr\u00e8s\u00a0\u00bb ou \u00ab\u00a0pendant\u00a0\u00bb, &#8211; \u00ab\u00a0pouls faible ou inexistant\u00a0\u00bb (sic) \u2013 qu\u2019importe. Indiff\u00e9rence \u00e0 la vie ou \u00e0 la mort\u00a0; n\u00e9cropolitique en acte.<\/p>\n<p><strong>\u00c2me et corps coupables\u00a0: construction d\u2019une\u00a0innocence blanche.<br class=\"autobr\" \/><\/strong><\/p>\n<p>Il faut ensuite charger la victime b\u00a0: \u00ab\u00a0\u00e0 cet \u00e9gard, l\u2019int\u00e9ress\u00e9 n\u2019a fait aucun effort pour respecter ses droits dans cette proc\u00e9dure, allant m\u00eame jusqu\u2019\u00e0 ne pas ouvrir le courrier annon\u00e7ant l\u2019expulsion.\u00a0\u00bb. Ne pas ouvrir le courrier, ne pas entendre la sonnette, ces actes deviennent actes positifs d\u2019un irresponsable. L\u2019\u00e9tat de surprise de Lamine ne regarde que lui.<\/p>\n<p>Par contre, les policiers.\u00e8re.s. ont \u00e9t\u00e9 sensibles \u00e0 autre chose\u00a0: c\u2019est \u00ab\u00a0l\u2019atmosph\u00e8re\u00a0\u00bb qui devient \u00ab\u00a0plus sinistre\u00a0(\u2026) et mena\u00e7ait de d\u00e9g\u00e9n\u00e9rer\u00a0\u00bb. La rumeur du chien l\u2019amplifie autant que la pr\u00e9sence du corps de Lamine Bangoura, pas les comportements policiers. L\u2019atmosph\u00e8re doit \u00eatre \u00e0 charge de Lamine car, dit l\u2019Arr\u00eat, c\u2019est \u00ab\u00a0l\u2019atmosph\u00e8re\u00a0\u00bb qui fait changer les policiers.\u00e8re.s. de \u00ab\u00a0cap\u00a0\u00bb (sic). Et il faut bien alors conc\u00e9der les gestes film\u00e9s\u00a0: quatre policiers.\u00e8re.s. maintiennent Lamine sur le ventre, maintiennent son visage\u00a0; d\u2019autres lui tiennent les jambes. C\u2019est ici le corps de Lamine qui est en cause\u00a0: \u00ab\u00a0BANGOURA (\u2026) agissait avec une force \u00e9norme. Il criait fort, avait une \u00e9norme puissance musculaire et il \u00e9tait difficile de le ma\u00eetriser et de le menotter. Plus tard, des bandes ont \u00e9galement \u00e9t\u00e9 appliqu\u00e9es sur les jambes\u00a0\u00bb. Est-ce en vertu de cet acharnement que quelqu\u2019un a film\u00e9\u00a0? Non, il aurait film\u00e9 \u00ab\u00a0sans aucune arri\u00e8re-pens\u00e9e\u00a0\u00bb (sic), innocemment. Sur cette d\u00e9claration \u00e9tonnante, silence. Mais ceci permet, dans le r\u00e9cit, de d\u00e9charger la violence de la sc\u00e8ne.<\/p>\n<p>Les r\u00e2les de Lamine deviennent, pour la Cour, des \u00ab\u00a0hurlements\u00a0\u00bb\u00a0: \u00ab\u00a0Il ne s\u2019agissait pas de cris d\u2019aide ou de d\u00e9tresse, mais, (\u2026) de cris et de hurlements\u00a0\u00bb. Le sous-entendu est le suivant\u00a0: s\u2019il y avait eu appel \u00e0 l\u2019aide en bonne et due forme, tout ceci aurait cess\u00e9. Mais voil\u00e0, est retir\u00e9e \u00e0 Lamine la possibilit\u00e9 qu\u2019un cri soit un appel \u00e0 l\u2019aide, renvoyant au caract\u00e8re inarticul\u00e9 de ses paroles\u00a0: on a entendu \u00ab\u00a0l\u2019homme g\u00e9mir et crier fort, une sorte de sons d\u2019animaux, m\u00eame des rugissements (\u2026) il continuait \u00e0 crier et \u00e0 rugir, mais continuait \u00e0 r\u00e9sister, (\u2026) il a continu\u00e9 \u00e0 \u00e9mettre des sons de grognement et de g\u00e9missement et a continu\u00e9 \u00e0 r\u00e9sister physiquement et agressivement\u00a0\u00bb. Corps animalis\u00e9, immobilis\u00e9 mais hurlant, sauvage, puissant\u00a0: la cour reprend \u00e0 son compte ces poncifs n\u00e9grophobes. Aucune perception de d\u00e9tresse, donc\u00a0; pas de non-assistance, mais un travail qui s\u2019effectue\u00a0: \u00ab\u00a0il a fallu beaucoup de travail pour finalement mettre les menottes \u00e0 BANGOURA\u00a0\u00bb. \u00ab\u00a0Ne faire que son travail\u00a0\u00bb. Quel type de droit peut mettre en cause ces \u00e9nonc\u00e9s\u00a0?<br class=\"autobr\" \/>Le mythe permet alors que \u00ab\u00a0l\u2019agitation de Lamine\u00a0\u00bb, son \u00e9tat corporel, ses analyses sanguines (aux effets contest\u00e9s par les parties civiles, mais encore, une fois, fin de non recevoir) soient \u00ab\u00a0probablement\u00a0\u00bb puis \u00ab\u00a0certainement\u00a0\u00bb responsables de sa mort, plut\u00f4t que l\u2019acte policier.<\/p>\n<p>Les policiers.\u00e8re.s. ne peuvent pas \u00eatre racistes dit la Cour\u00a0? Comment l\u2019\u00eatre face \u00e0 un animal responsable d\u2019une sinistre ambiance\u00a0? La Cour, contrairement aux policiers.\u00e8re.s. qui ont tu\u00e9 Lamine, avait pourtant le temps de (se) poser toute une s\u00e9rie de questions. La structure de son argumentation redouble la n\u00e9grophobie.<br class=\"autobr\" \/>Mais alors pourquoi la famille a-t-elle poursuivi son combat si ce n\u2019est qu\u2019elle se laisse \u00ab\u00a0trop facilement entra\u00eener dans un mouvement o\u00f9 presque chaque action polici\u00e8re contre des personnes d\u2019origine diff\u00e9rente est consid\u00e9r\u00e9e comme \u00e9tant inspir\u00e9e par le racisme (\u2026).\u00a0\u00bb sans se soucier de l\u2019 \u00ab\u00a0exp\u00e9rience traumatisante\u00a0\u00bb des policiers. Les parties civiles peuvent alors \u00eatre d\u00e9crites comme insensibles, soumises \u00e0 un esprit du temps que la Cour invente antiraciste. Elles auront \u00e0 en payer les dommages.<\/p>\n<p>Cet Arr\u00eat, par sa construction, ses silences, est une archive de notre pr\u00e9sent n\u00e9grophobe, du blanchiment judiciaire de meurtres policiers. La Cour a \u00e9t\u00e9 indiff\u00e9rente \u00e0 ce qu\u2019aurait pu donner un proc\u00e8s, pr\u00e9jugeant de l\u2019absence de la moindre culpabilit\u00e9 polici\u00e8re. Cet Arr\u00eat signe, ici, une fin du droit, d\u2019autant plus ais\u00e9e qu\u2019aucune circonstance aggravante de racisme n\u2019existe en Belgique comme l\u2019a encore rappel\u00e9 r\u00e9cemment l\u2019ONU, raison pour laquelle le recours au droit international semble ici in\u00e9vitable.<\/p>\n<\/div>\n<div class=\"auteurs\">par\u00a0<a class=\" auteur auteur133\" title=\"0000 \" href=\"http:\/\/www.iteco.be\/David-Jamar\">David Jamar<\/a><\/div>\n<\/div>\n<p><em>[Cet article a \u00e9t\u00e9 publi\u00e9 dans la<\/em>\u00a0<a href=\"http:\/\/www.iteco.be\/revue-antipodes\/de-la-decolonisation-prelude\/\">Revue Antipodes<\/a>\u00a0<em>ITECO]<\/em><\/p>\n","protected":false},"excerpt":{"rendered":"<p>Le meurtre de Lamine Bangoura par 8 policier.\u00e8re.s ne conna\u00eetra pas de proc\u00e8s public. Les \u00ab\u00a0parties civiles\u00a0\u00bb sont condamn\u00e9es \u00e0 payer des dommages aux policiers.\u00e8re.s. Vingt-cinq pages de l\u2019Arr\u00eat de la Chambre des Mises en accusation (Cour d\u2019Appel de Gand, Arr\u00eat 2020\/12\/95, 16\/03\/2021) motivent le non-lieu. Cette impunit\u00e9 s\u2019y articule comme un site d\u2019une construction &#8230; <a title=\"Mo\u00efse Lamine Bangoura : Innocence raciale et n\u00e9grophobie judiciaire.\" class=\"read-more\" href=\"https:\/\/bruxelles-pantheres.be\/?p=4991\" aria-label=\"En savoir plus sur Mo\u00efse Lamine Bangoura : Innocence raciale et n\u00e9grophobie judiciaire.\">Lire la suite<\/a><\/p>\n","protected":false},"author":1,"featured_media":4763,"comment_status":"open","ping_status":"open","sticky":false,"template":"","format":"standard","meta":{"footnotes":""},"categories":[36,7,28,5],"tags":[231,441],"class_list":["post-4991","post","type-post","status-publish","format-standard","has-post-thumbnail","hentry","category-europe","category-negrophobie","category-racismes","category-violence-policiere","tag-david-jamar","tag-lamine-bangoura"],"_links":{"self":[{"href":"https:\/\/bruxelles-pantheres.be\/index.php?rest_route=\/wp\/v2\/posts\/4991","targetHints":{"allow":["GET"]}}],"collection":[{"href":"https:\/\/bruxelles-pantheres.be\/index.php?rest_route=\/wp\/v2\/posts"}],"about":[{"href":"https:\/\/bruxelles-pantheres.be\/index.php?rest_route=\/wp\/v2\/types\/post"}],"author":[{"embeddable":true,"href":"https:\/\/bruxelles-pantheres.be\/index.php?rest_route=\/wp\/v2\/users\/1"}],"replies":[{"embeddable":true,"href":"https:\/\/bruxelles-pantheres.be\/index.php?rest_route=%2Fwp%2Fv2%2Fcomments&post=4991"}],"version-history":[{"count":1,"href":"https:\/\/bruxelles-pantheres.be\/index.php?rest_route=\/wp\/v2\/posts\/4991\/revisions"}],"predecessor-version":[{"id":4992,"href":"https:\/\/bruxelles-pantheres.be\/index.php?rest_route=\/wp\/v2\/posts\/4991\/revisions\/4992"}],"wp:featuredmedia":[{"embeddable":true,"href":"https:\/\/bruxelles-pantheres.be\/index.php?rest_route=\/wp\/v2\/media\/4763"}],"wp:attachment":[{"href":"https:\/\/bruxelles-pantheres.be\/index.php?rest_route=%2Fwp%2Fv2%2Fmedia&parent=4991"}],"wp:term":[{"taxonomy":"category","embeddable":true,"href":"https:\/\/bruxelles-pantheres.be\/index.php?rest_route=%2Fwp%2Fv2%2Fcategories&post=4991"},{"taxonomy":"post_tag","embeddable":true,"href":"https:\/\/bruxelles-pantheres.be\/index.php?rest_route=%2Fwp%2Fv2%2Ftags&post=4991"}],"curies":[{"name":"wp","href":"https:\/\/api.w.org\/{rel}","templated":true}]}}