{"id":5003,"date":"2021-12-25T10:56:07","date_gmt":"2021-12-25T09:56:07","guid":{"rendered":"https:\/\/bruxelles-pantheres.be\/?p=5003"},"modified":"2021-11-26T10:58:35","modified_gmt":"2021-11-26T09:58:35","slug":"du-cote-des-mouvements-sociaux","status":"publish","type":"post","link":"https:\/\/bruxelles-pantheres.be\/?p=5003","title":{"rendered":"Du c\u00f4t\u00e9 des mouvements sociaux"},"content":{"rendered":"<p><strong>1. Propos outrageants d\u2019Herman De Croo et Etienne Davignon sur la colonisation et la diaspora africaine<\/strong><\/p>\n<p>\u00ab\u00a0La diaspora n\u2019est pas celle qu\u2019on voudrait\u00a0\u00bb H. De Croo<\/p>\n<p>\u00ab\u00a0Il y a vraiment des connards\u00a0\u00bb E. Davignon<\/p>\n<p>Le lundi 15 f\u00e9vrier 2021, lors de la table ronde publique en ligne organis\u00e9e par le centre belge de r\u00e9f\u00e9rence pour l\u2019expertise sur l\u2019Afrique centrale (CREAC), des propos inacceptables soutenant la colonisation, et m\u00e9prisant la diaspora africaine ont \u00e9t\u00e9 tenus par Herman De Croo, pr\u00e9sident du CREAC, Ministre d\u2019Etat et Etienne Davignon, pr\u00e9sident de l\u2019Institution culturelle Bozar et administrateurs de nombreuses multinationales.<!--more--><\/p>\n<div class=\"contenu_texte\">\n<div class=\"texte\">\n<p>E. Davignon \u00e9tait invit\u00e9 \u00e0 la table ronde par H. De Croo pour parler du partenariat entre l\u2019Afrique et l\u2019Union europ\u00e9enne. E. Davignon avait lui-m\u00eame intitul\u00e9 son intervention \u201cL\u2019indispensable partenariat Afrique-Union Europ\u00e9enne, nouveaux d\u00e9fis, nouvelle m\u00e9thodologie\u00a0\u00bb. D\u00e8s le d\u00e9but de sa pr\u00e9sentation, bien que le sujet ne portait pas sur le pass\u00e9, E. Davignon a encore une fois fait l\u2019\u00e9loge de la colonisation, celle-ci ayant eu \u00ab\u00a0des bons \u00e9l\u00e9ments, des \u00e9l\u00e9ments utiles\u00a0\u00bb. Ni le mod\u00e9rateur de la table ronde, ni Herman de Croo, le pr\u00e9sident du CREAC ne sont intervenus pour relever ses propos. Or, on le voit, comme \u00e0 son habitude quand il parle de l\u2019Afrique, E. Davignon en fait une sorte d\u2019obsession, un besoin maladif d\u2019exprimer que la colonisation a eu des bons c\u00f4t\u00e9s. Lors de l\u2019\u00e9mission de la RTBF de d\u00e9cembre 2017 (1), il parlait m\u00eame \u00ab\u00a0d\u2019\u0153uvre inachev\u00e9e\u00a0\u00bb.<\/p>\n<p>Davignon est-il hant\u00e9 par ses fant\u00f4mes du pass\u00e9, par son r\u00f4le dans la mort de Lumumba\u00a0? E. Davignon fait en effet l\u2019objet d\u2019une plainte depuis pr\u00e8s de 10 ans maintenant dans le cadre de l\u2019assassinat de Lumumba et les faits historiques montrent que son r\u00f4le a \u00e9t\u00e9 de s\u2019opposer \u00e0 ceux qui voulaient la v\u00e9ritable ind\u00e9pendance du Congo. Autrement dit, E. Davignon \u00e9tait l\u2019homme du cabinet des affaires \u00e9trang\u00e8res belges qui a servi pour que la Belgique garde une mainmise sur le Congo apr\u00e8s son ind\u00e9pendance du 30 juin 1960.<\/p>\n<p>Apr\u00e8s la d\u00e9couverte dans les archives \u00e0 Londres du t\u00e9lex et de lettres \u00e9chang\u00e9es entre James Murray, l\u2019ambassadeur anglais \u00e0 Bujumbura, et le Foreign Office, on r\u00e9alise que la Belgique, y compris E. Davignon, ont probablement jou\u00e9 un r\u00f4le qui reste encore \u00e0 clarifier dans l\u2019assassinat du Prince Louis Rwagasore du Burundi (consid\u00e9r\u00e9 par le colonisateur comme \u00ab\u00a0le Lumumba burundais\u00a0\u00bb).<\/p>\n<p>Herman De Croo, actuellement Ministre d\u2019Etat, use de subtilit\u00e9s quand il s\u2019agit de la colonisation. Comme on le voit durant cette table ronde, il ouvre la porte \u00e0 E. Davignon, le soutient dans ses propos et d\u00e9fend aussi devant un certain public ce syst\u00e8me d\u2019exploitation criminelle (2). Ainsi, lors d\u2019une conf\u00e9rence organis\u00e9e en octobre 2017, par M\u00e9moire du Congo, une association de d\u00e9fense de la colonisation belge, H. De Croo dira \u00ab\u00a0J\u2019aurai affaire \u00e0 des dames et des messieurs qui ont consacr\u00e9 beaucoup de temps, beaucoup d\u2019\u00e9nergie \u00e0 faire une \u0153uvre de bienfaisance, d\u2019humanit\u00e9\u00a0\u00bb.<\/p>\n<p>A l\u2019image des Think Tank qui dans le pass\u00e9 ont soutenu l\u2019entreprise coloniale belge, le CREAC produit de l\u2019expertise sur la r\u00e9gion de l\u2019Afrique centrale de fa\u00e7on \u00e0 orienter la politique \u00e9trang\u00e8re de la Belgique envers ses anciennes colonies. Dans le contexte de la commission parlementaire sur le pass\u00e9 colonial, il serait pertinent d\u2019interroger le type de continuit\u00e9 n\u00e9ocoloniale auquel le CREAC participe.<\/p>\n<p>Outre le soutien \u00e0 la colonisation durant cette table ronde, des propos troublants et terriblement choquants ont \u00e9t\u00e9 prononc\u00e9s par les deux hommes. Alors qu\u2019E. Davignon avait \u00e9t\u00e9 interpell\u00e9 \u00e0 propos de la plainte d\u00e9pos\u00e9e \u00e0 son \u00e9gard dans le cadre de l\u2019assassinat de Lumumba, H. De Croo et lui \u00e9changent les mots suivants \u00e0 l\u2019issue de la pr\u00e9sentation (propos tenus entre les deux hommes sans que ceux-ci ne pr\u00eatent attention aux micros rest\u00e9s ouverts).<\/p>\n<p>H. De Croo \u00e0 E. Davignon\u00a0: \u00ab\u00a0Je te remercie, tu es un homme rationnel, avec ta clart\u00e9 et le maintien des choses essentielles. La diaspora n\u2019est pas celle qu\u2019on voudrait\u00a0\u00bb.<\/p>\n<p>E. Davignon \u00e0 H. De Croo\u00a0: \u00ab\u00a0Il y a vraiment des connards\u00a0\u00bb.<\/p>\n<p>Relevons bien ces propos outrageants\u00a0:<\/p>\n<p>\u00ab\u00a0La diaspora n\u2019est pas celle qu\u2019on voudrait\u00a0\u00bb suivi de \u00ab\u00a0il y a vraiment des connards\u00a0\u00bb.<\/p>\n<p>On sent dans ces paroles une habitude quasi naturelle de ces hommes \u00e0 m\u00e9priser librement la diaspora, \u00e0 d\u00e9fendre la colonisation sans aucune inqui\u00e9tude. Des rires ont m\u00eame eu lieu entre les deux hommes.<\/p>\n<p>La discussion se poursuivant, H. De Croo remerciant encore E. Davignon et lui disant \u00ab\u00a0Tu es un homme d\u2019influence. J\u2019ai une r\u00e9union avec le pr\u00e9sident de la banque KBC, o\u00f9 sont log\u00e9s les comptes de la fondation Virunga, je te tiens au courant Stevie\u00a0\u00bb (Stevie \u00e9tant le surnom de Davignon).<\/p>\n<p>Pour la petite histoire, le parc Virunga, \u00e0 l\u2019est du Congo, est assis sur du p\u00e9trole. Depuis la d\u00e9couverte de ce p\u00e9trole, les gardes font d\u2019ailleurs face \u00e0 des attaques et certains ont m\u00eame \u00e9t\u00e9 tu\u00e9s. La fondation Virunga dit \u0153uvrer \u00e0 la protection de la nature et de la flore du parc. Mais quand on sait que le pr\u00e9sident du CA de la fondation Virunga, Jan Bonde Nielsen(3), est un richissime homme d\u2019affaires danois, magnat du p\u00e9trole, on a de quoi en douter.<\/p>\n<p>Au vu de cet \u00e9v\u00e9nement r\u00e9v\u00e9lateur du m\u00e9pris et du manque de respect pour la personne humaine, nous r\u00e9it\u00e9rons que\u00a0:<\/p>\n<p>Nous ne pouvons accepter que la colonisation continue \u00e0 \u00eatre d\u00e9fendue sans aucune sanction, sans devoir r\u00e9parer des propos et des actes la glorifiant. La colonisation est un syst\u00e8me criminel ayant caus\u00e9 des millions de morts.<\/p>\n<p>Nous ne pouvons \u00e9galement accepter des insultes \u00e0 l\u2019\u00e9gard de la diaspora africaine de Belgique en toute impunit\u00e9. C\u2019est une honte que de tels propos soient tenus, qui plus est, par des hommes qui discutent aupr\u00e8s d\u2019un public compos\u00e9 en partie de la diaspora africaine, du partenariat actuel entre l\u2019Afrique et l\u2019Europe.<\/p>\n<p>Nous estimons que des rendez-vous occultes comme celui avec le pr\u00e9sident de la KBC au sujet de la fondation Virunga, par des hommes politiques et d\u2019affaires comme H. De Croo et E. Davignon, constituent de graves manquements \u00e0 une politique qui se doit d\u2019\u00eatre la plus transparente possible.<\/p>\n<p>Par cons\u00e9quent, nous demandons que des excuses soient pr\u00e9sent\u00e9es publiquement par Herman De Croo et E. Davignon. Comme le revendique la campagne Decolonize Bozar (4), nous demandons la d\u00e9mission d\u2019E. Davignon \u00e0 la t\u00eate du Conseil d\u2019administration de Bozar ainsi que des excuses pour sa nomination. Nous demandons \u00e9galement le retrait du titre honorifique de Ministre d\u2019Etat d\u2019Herman De Croo.<\/p>\n<p>Nous nous r\u00e9servons le droit d\u2019autres d\u00e9marches aupr\u00e8s des institutions traitant de la discrimination raciale.<\/p>\n<p><strong><br class=\"autobr\" \/>2. Sous la pression, le Centre belge de r\u00e9f\u00e9rence pour l\u2019expertise sur l\u2019Afrique centrale (CREAC) prend ses distances avec les propos tenus par Herman De Croo et Etienne Davignon\u00a0!<\/strong><\/p>\n<p>C\u2019est une avanc\u00e9e qui n\u2019est pas des moindres. Le CREAC d\u00e9clare prendre ses distances avec les propos tenus, lors de sa table ronde du 15 f\u00e9vrier 2021, par Herman De Croo et Etienne Davignon faisant l\u2019apologie de la colonisation et m\u00e9prisant la diaspora africaine (1). Gr\u00e2ce \u00e0 la lettre ouverte, soutenue par de nombreux signataires, d\u00e9non\u00e7ant les propos des deux hommes (2), le CREAC mis sous pression est ainsi oblig\u00e9 de r\u00e9agir.<\/p>\n<p>Comment le CREAC a r\u00e9agi\u00a0?<\/p>\n<p>La lettre a fait beaucoup de bruits au sein du centre de r\u00e9f\u00e9rence. Sa r\u00e9putation est bien atteinte publiquement. Par un communiqu\u00e9 publi\u00e9 sur la premi\u00e8re page de son site et adress\u00e9 \u00e0 l\u2019ensemble des membres de son Conseil d\u2019administration, le CREAC dit \u00ab\u00a0Ces d\u00e9clarations ne peuvent pas lui \u00eatre attribu\u00e9es et ne refl\u00e8tent pas l\u2019opinion de son Pr\u00e9sident. Le CREAC tient \u00e0 prendre distance par rapport \u00e0 de telles d\u00e9clarations\u00a0\u00bb. En outre, il pr\u00e9cise qu\u2019\u00ab\u00a0il a pris des mesures concr\u00e8tes au cours des cinq derni\u00e8res ann\u00e9es pour d\u00e9coloniser la production de connaissances sur l\u2019Afrique centrale\u00a0\u00bb.<\/p>\n<p>Soulignons que le communiqu\u00e9 ne cite pas les noms des auteurs des d\u00e9clarations tout en pr\u00e9cisant qu\u2019elles ne refl\u00e8tent pas l\u2019opinion de son Pr\u00e9sident. Tr\u00e8s \u00e9tonnement, cela voudrait dire que les d\u00e9clarations \u00e9mises par son Pr\u00e9sident ne refl\u00e8teraient pas l\u2019opinion de ce m\u00eame Pr\u00e9sident. En l\u2019absence d\u2019excuses de la part des deux personnes ayant tenus les propos cibl\u00e9s, nous ne voyons pas tr\u00e8s bien ce qui permet au CREAC de parvenir \u00e0 un tel raccourci\u00a0?!<\/p>\n<p>Au CREAC, qui d\u00e9clare se d\u00e9solidariser du discours faisant l\u2019apologie de la colonisation et des propos outrageants qui ont \u00e9t\u00e9 tenus \u00e0 l\u2019\u00e9gard de la diaspora africaine, nous demandons quelles sont les conclusions que le CREAC en tire s\u2019agissant des deux protagonistes\u00a0?<\/p>\n<p>Pour notre part, nous estimons que le Centre ne peut prendre ses distances avec des propos tenus par son Pr\u00e9sident tout en le maintenant \u00e0 son poste. \u00ab\u00a0D\u00e9coloniser\u00a0\u00bb le CREAC doit aussi passer par des prises de position coh\u00e9rentes et une r\u00e9organisation de la structure pour que celle-ci cesse d\u2019\u00eatre repr\u00e9sent\u00e9e par les chantres de la colonisation. On le voit avec cette table ronde\u00a0: un Pr\u00e9sident qui d\u00e9fend la colonisation conduit \u00e0 des invit\u00e9s comme Etienne Davignon et des \u00e9changes comme ceux-ci. Nous estimons que le Gouvernement belge doit lui aussi prendre une mesure forte de d\u00e9colonisation en se d\u00e9solidarisant d\u2019Etienne Davignon par le retrait de son titre honorifique de Ministre d\u2019Etat.<\/p>\n<p>C\u2019est pourquoi, nous demandons\u00a0:<\/p>\n<p>\u2013 le retrait du mandat de Pr\u00e9sident du Conseil d\u2019administration du CREAC d\u2019Herman De Croo\u00a0;<\/p>\n<p>\u2013 le retrait du titre honorifique de Ministre d Etat d\u2019Etienne Davignon\u00a0;<\/p>\n<p>Nous maintenons \u00e9galement nos demandes reprises dans la lettre ouverte sur les propos outrageants des deux hommes.<\/p>\n<\/div>\n<div class=\"auteurs\">par\u00a0<a class=\" auteur auteur398\" title=\"0000 \" href=\"http:\/\/www.iteco.be\/auteur\/gregory-d-hallewin\">Gregory D\u2019Hallewin<\/a><\/div>\n<div><em>[Cet article a \u00e9t\u00e9 publi\u00e9 dans la<\/em>\u00a0<a href=\"http:\/\/www.iteco.be\/revue-antipodes\/de-la-decolonisation-prelude\/\">Revue Antipodes<\/a>\u00a0<em>ITECO]<\/em><\/div>\n<\/div>\n","protected":false},"excerpt":{"rendered":"<p>1. Propos outrageants d\u2019Herman De Croo et Etienne Davignon sur la colonisation et la diaspora africaine \u00ab\u00a0La diaspora n\u2019est pas celle qu\u2019on voudrait\u00a0\u00bb H. De Croo \u00ab\u00a0Il y a vraiment des connards\u00a0\u00bb E. Davignon Le lundi 15 f\u00e9vrier 2021, lors de la table ronde publique en ligne organis\u00e9e par le centre belge de r\u00e9f\u00e9rence pour &#8230; <a title=\"Du c\u00f4t\u00e9 des mouvements sociaux\" class=\"read-more\" href=\"https:\/\/bruxelles-pantheres.be\/?p=5003\" aria-label=\"En savoir plus sur Du c\u00f4t\u00e9 des mouvements sociaux\">Lire la suite<\/a><\/p>\n","protected":false},"author":1,"featured_media":5005,"comment_status":"open","ping_status":"open","sticky":false,"template":"","format":"standard","meta":{"footnotes":""},"categories":[1,36,7,18,28],"tags":[485,484],"class_list":["post-5003","post","type-post","status-publish","format-standard","has-post-thumbnail","hentry","category-non-classe","category-europe","category-negrophobie","category-resistance-bruxelles","category-racismes","tag-etienne-davignon","tag-herman-de-croo"],"_links":{"self":[{"href":"https:\/\/bruxelles-pantheres.be\/index.php?rest_route=\/wp\/v2\/posts\/5003","targetHints":{"allow":["GET"]}}],"collection":[{"href":"https:\/\/bruxelles-pantheres.be\/index.php?rest_route=\/wp\/v2\/posts"}],"about":[{"href":"https:\/\/bruxelles-pantheres.be\/index.php?rest_route=\/wp\/v2\/types\/post"}],"author":[{"embeddable":true,"href":"https:\/\/bruxelles-pantheres.be\/index.php?rest_route=\/wp\/v2\/users\/1"}],"replies":[{"embeddable":true,"href":"https:\/\/bruxelles-pantheres.be\/index.php?rest_route=%2Fwp%2Fv2%2Fcomments&post=5003"}],"version-history":[{"count":1,"href":"https:\/\/bruxelles-pantheres.be\/index.php?rest_route=\/wp\/v2\/posts\/5003\/revisions"}],"predecessor-version":[{"id":5006,"href":"https:\/\/bruxelles-pantheres.be\/index.php?rest_route=\/wp\/v2\/posts\/5003\/revisions\/5006"}],"wp:featuredmedia":[{"embeddable":true,"href":"https:\/\/bruxelles-pantheres.be\/index.php?rest_route=\/wp\/v2\/media\/5005"}],"wp:attachment":[{"href":"https:\/\/bruxelles-pantheres.be\/index.php?rest_route=%2Fwp%2Fv2%2Fmedia&parent=5003"}],"wp:term":[{"taxonomy":"category","embeddable":true,"href":"https:\/\/bruxelles-pantheres.be\/index.php?rest_route=%2Fwp%2Fv2%2Fcategories&post=5003"},{"taxonomy":"post_tag","embeddable":true,"href":"https:\/\/bruxelles-pantheres.be\/index.php?rest_route=%2Fwp%2Fv2%2Ftags&post=5003"}],"curies":[{"name":"wp","href":"https:\/\/api.w.org\/{rel}","templated":true}]}}