{"id":5011,"date":"2021-12-31T11:01:54","date_gmt":"2021-12-31T10:01:54","guid":{"rendered":"https:\/\/bruxelles-pantheres.be\/?p=5011"},"modified":"2021-11-26T11:14:09","modified_gmt":"2021-11-26T10:14:09","slug":"solidaire-dun-passe-determine","status":"publish","type":"post","link":"https:\/\/bruxelles-pantheres.be\/?p=5011","title":{"rendered":"Solidaire d\u2019un pass\u00e9 d\u00e9termin\u00e9"},"content":{"rendered":"<div class=\"contenu_texte\">\n<div class=\"texte\">\n<p>Si \u00e0 un moment la question s\u2019est pos\u00e9e pour moi d\u2019\u00eatre effectivement solidaire d\u2019un pass\u00e9 d\u00e9termin\u00e9, c\u2019est dans la mesure o\u00f9 je me suis engag\u00e9 envers moi-m\u00eame et envers mon prochain \u00e0 combattre de toute mon existence, de toute ma force pour que plus jamais il n\u2019y ait, sur la terre, de peuple asservi (&#8230;) En tant qu\u2019homme, je m\u2019engage \u00e0 affronter le risque de l\u2019an\u00e9antissement pour que deux ou trois v\u00e9rit\u00e9s jettent sur le monde leur essentielle clart\u00e9 (&#8230;)<\/p>\n<p><i>Extrait de Peau noire, masques blancs (1952)<\/i><\/p>\n<\/div>\n<div class=\"auteurs\">par\u00a0<a class=\" auteur auteur399\" title=\"0000 \" href=\"http:\/\/www.iteco.be\/auteur\/frantz-fanon\">Frantz Fanon<\/a><\/div>\n<\/div>\n<p><!--more--><\/p>\n<p><em>[Cet article a \u00e9t\u00e9 publi\u00e9 dans la<\/em>\u00a0<a href=\"http:\/\/www.iteco.be\/revue-antipodes\/de-la-decolonisation-prelude\/\">Revue Antipodes<\/a>\u00a0<em>ITECO]<\/em><\/p>\n","protected":false},"excerpt":{"rendered":"<p>Si \u00e0 un moment la question s\u2019est pos\u00e9e pour moi d\u2019\u00eatre effectivement solidaire d\u2019un pass\u00e9 d\u00e9termin\u00e9, c\u2019est dans la mesure o\u00f9 je me suis engag\u00e9 envers moi-m\u00eame et envers mon prochain \u00e0 combattre de toute mon existence, de toute ma force pour que plus jamais il n\u2019y ait, sur la terre, de peuple asservi (&#8230;) &#8230; <a title=\"Solidaire d\u2019un pass\u00e9 d\u00e9termin\u00e9\" class=\"read-more\" href=\"https:\/\/bruxelles-pantheres.be\/?p=5011\" aria-label=\"En savoir plus sur Solidaire d\u2019un pass\u00e9 d\u00e9termin\u00e9\">Lire la suite<\/a><\/p>\n","protected":false},"author":1,"featured_media":5012,"comment_status":"open","ping_status":"open","sticky":false,"template":"","format":"standard","meta":{"footnotes":""},"categories":[1,35,21,36,18],"tags":[74],"class_list":["post-5011","post","type-post","status-publish","format-standard","has-post-thumbnail","hentry","category-non-classe","category-amerique-du-sud","category-anti-imperialisme","category-europe","category-resistance-bruxelles","tag-frantz-fanon"],"_links":{"self":[{"href":"https:\/\/bruxelles-pantheres.be\/index.php?rest_route=\/wp\/v2\/posts\/5011","targetHints":{"allow":["GET"]}}],"collection":[{"href":"https:\/\/bruxelles-pantheres.be\/index.php?rest_route=\/wp\/v2\/posts"}],"about":[{"href":"https:\/\/bruxelles-pantheres.be\/index.php?rest_route=\/wp\/v2\/types\/post"}],"author":[{"embeddable":true,"href":"https:\/\/bruxelles-pantheres.be\/index.php?rest_route=\/wp\/v2\/users\/1"}],"replies":[{"embeddable":true,"href":"https:\/\/bruxelles-pantheres.be\/index.php?rest_route=%2Fwp%2Fv2%2Fcomments&post=5011"}],"version-history":[{"count":1,"href":"https:\/\/bruxelles-pantheres.be\/index.php?rest_route=\/wp\/v2\/posts\/5011\/revisions"}],"predecessor-version":[{"id":5013,"href":"https:\/\/bruxelles-pantheres.be\/index.php?rest_route=\/wp\/v2\/posts\/5011\/revisions\/5013"}],"wp:featuredmedia":[{"embeddable":true,"href":"https:\/\/bruxelles-pantheres.be\/index.php?rest_route=\/wp\/v2\/media\/5012"}],"wp:attachment":[{"href":"https:\/\/bruxelles-pantheres.be\/index.php?rest_route=%2Fwp%2Fv2%2Fmedia&parent=5011"}],"wp:term":[{"taxonomy":"category","embeddable":true,"href":"https:\/\/bruxelles-pantheres.be\/index.php?rest_route=%2Fwp%2Fv2%2Fcategories&post=5011"},{"taxonomy":"post_tag","embeddable":true,"href":"https:\/\/bruxelles-pantheres.be\/index.php?rest_route=%2Fwp%2Fv2%2Ftags&post=5011"}],"curies":[{"name":"wp","href":"https:\/\/api.w.org\/{rel}","templated":true}]}}