{"id":5058,"date":"2022-01-21T12:03:56","date_gmt":"2022-01-21T11:03:56","guid":{"rendered":"https:\/\/bruxelles-pantheres.be\/?p=5058"},"modified":"2022-01-16T12:15:18","modified_gmt":"2022-01-16T11:15:18","slug":"verite-et-justice-pour-sabrina-ouassim","status":"publish","type":"post","link":"https:\/\/bruxelles-pantheres.be\/?p=5058","title":{"rendered":"V\u00e9rit\u00e9 et Justice Pour Sabrina &#038; Ouassim"},"content":{"rendered":"<div class=\"bi6gxh9e aov4n071\">\n<h4 class=\"gmql0nx0 l94mrbxd p1ri9a11 lzcic4wl d2edcug0 hpfvmrgz\" dir=\"auto\" style=\"text-align: center;\"><a href=\"https:\/\/www.facebook.com\/events\/3841444132746769\/?ref=newsfeed\"><span class=\"d2edcug0 hpfvmrgz qv66sw1b c1et5uql lr9zc1uh a8c37x1j fe6kdd0r mau55g9w c8b282yb keod5gw0 nxhoafnm aigsh9s9 d3f4x2em iv3no6db jq4qci2q a3bd9o3v hnhda86s jdix4yx3 hzawbc8m\" dir=\"auto\">MERCREDI 26 JANVIER 2022 DE 09:00 \u00c0 12:00<\/span><\/a><\/h4>\n<\/div>\n<h2 class=\"gmql0nx0 l94mrbxd p1ri9a11 lzcic4wl d2edcug0 hpfvmrgz\" dir=\"auto\"><a href=\"https:\/\/www.facebook.com\/events\/3841444132746769\/?ref=newsfeed\"><span class=\"d2edcug0 hpfvmrgz qv66sw1b c1et5uql lr9zc1uh a8c37x1j fe6kdd0r mau55g9w c8b282yb keod5gw0 nxhoafnm aigsh9s9 embtmqzv teo7jy3c m6dqt4wy h7mekvxk hnhda86s oo9gr5id hzawbc8m\" dir=\"auto\"><span class=\"a8c37x1j ni8dbmo4 stjgntxs l9j0dhe7 pby63qed\"><span class=\"\">V\u00e9rit\u00e9 et Justice Pour Sabrina &amp; Ouassim<\/span><\/span><\/span><\/a><\/h2>\n<h4 class=\"bi6gxh9e aov4n071\" style=\"text-align: center;\"><span class=\"d2edcug0 hpfvmrgz qv66sw1b c1et5uql lr9zc1uh a8c37x1j fe6kdd0r mau55g9w c8b282yb keod5gw0 nxhoafnm aigsh9s9 d3f4x2em iv3no6db a5q79mjw g1cxx5fr b1v8xokw m9osqain hzawbc8m\" dir=\"auto\"><span class=\"a8c37x1j ni8dbmo4 stjgntxs l9j0dhe7 ltmttdrg g0qnabr5 ojkyduve\">Place Poelaert, 1000 Bruxelles, Belgique<\/span><\/span><\/h4>\n<div class=\"kvgmc6g5 cxmmr5t8 oygrvhab hcukyx3x c1et5uql\">Le 26 janvier 2022 \u00e0 9h00 l\u2019affaire de la mort de Sabrina et Ouassim passe devant la Cour d\u2019appel.<\/div>\n<div class=\"cxmmr5t8 oygrvhab hcukyx3x c1et5uql o9v6fnle\">Soyons-pr\u00e9sents Place Poelaert pour soutenir les familles et exiger justice !<\/div>\n<p><!--more--><\/p>\n<div><a href=\"https:\/\/bruxelles-pantheres.be\/wp-content\/uploads\/2022\/01\/244443188_2646673832308162_7889335056311338385_n.jpg\"><img decoding=\"async\" class=\"aligncenter wp-image-5060 size-full\" src=\"https:\/\/bruxelles-pantheres.be\/wp-content\/uploads\/2022\/01\/244443188_2646673832308162_7889335056311338385_n.jpg\" alt=\"\" width=\"507\" height=\"540\" srcset=\"https:\/\/bruxelles-pantheres.be\/wp-content\/uploads\/2022\/01\/244443188_2646673832308162_7889335056311338385_n.jpg 507w, https:\/\/bruxelles-pantheres.be\/wp-content\/uploads\/2022\/01\/244443188_2646673832308162_7889335056311338385_n-282x300.jpg 282w\" sizes=\"(max-width: 507px) 100vw, 507px\" \/><\/a><\/div>\n<div class=\"cxmmr5t8 oygrvhab hcukyx3x c1et5uql o9v6fnle\">Pour rappel, le 9 mai 2017, Ouassim roulait \u00e0 moto. Sabrina \u00e9tait passag\u00e8re. Trois voitures de police les ont poursuivis parce qu\u2019ils n\u2019auraient pas respect\u00e9 la limite de vitesse et qu\u2019ils n\u2019auraient pas port\u00e9 de chaussures ad\u00e9quates. Une quatri\u00e8me voiture s&rsquo;est plac\u00e9e en travers de la route juste \u00e0 la sortie d\u2019un tunnel. Ouassim n&rsquo;a donc pas pu voir cette voiture en sortant de ce tunnel. La collision in\u00e9vitable a entrain\u00e9 la mort des deux jeunes.<\/div>\n<div class=\"cxmmr5t8 oygrvhab hcukyx3x c1et5uql o9v6fnle\">La course-poursuite \u00e9tait ill\u00e9gale. Les policiers n\u2019ont pas le droit d\u2019entamer des poursuites dangereuses, mettant la vie de plusieurs personnes en danger, pour des infractions au code de la route qui peuvent \u00eatre sanctionn\u00e9es par des amendes.<\/div>\n<div class=\"cxmmr5t8 oygrvhab hcukyx3x c1et5uql o9v6fnle\">Le 13 ao\u00fbt, la Chambre du Conseil de Bruxelles a estim\u00e9 que les policiers impliqu\u00e9s dans la course-poursuite doivent \u00eatre inculp\u00e9s du chef d\u2019homicide involontaire.<\/div>\n<div class=\"cxmmr5t8 oygrvhab hcukyx3x c1et5uql o9v6fnle\">Suite \u00e0 cette d\u00e9cision, les policiers devaient enfin rendre des comptes. La mort des deux jeunes ne peut pas rester impunie. Mais le Procureur a interjet\u00e9 appel.<\/div>\n<div class=\"cxmmr5t8 oygrvhab hcukyx3x c1et5uql o9v6fnle\">Seule une mobilisation peut garantir que cette affaire ne soit pas enterr\u00e9e ou oubli\u00e9e.<\/div>\n<div class=\"cxmmr5t8 oygrvhab hcukyx3x c1et5uql o9v6fnle\"><a class=\"oajrlxb2 g5ia77u1 qu0x051f esr5mh6w e9989ue4 r7d6kgcz rq0escxv nhd2j8a9 nc684nl6 p7hjln8o kvgmc6g5 cxmmr5t8 oygrvhab hcukyx3x jb3vyjys rz4wbd8a qt6c0cv9 a8nywdso i1ao9s8h esuyzwwr f1sip0of lzcic4wl gpro0wi8 oo9gr5id lrazzd5p\" tabindex=\"0\" role=\"link\" href=\"https:\/\/www.facebook.com\/hashtag\/justice?__eep__=6&amp;__cft__[0]=AZXgBDj0YJ2I1OOU78mOvLHIxBFTfhvUQaqRvFgFm_lmDyINbjHkBze44qaBIHmhlsLxx7LyKkdFE5ry3EGKRWJfDq3YTMD5CghHhC3pgMLMdQ&amp;__tn__=q\">#justice<\/a>\u00a0pour Sabrina et Ouassim<br \/>\n# Stop \u00e0 l\u2019impunit\u00e9<\/div>\n<div><\/div>\n<div>\n<div class=\"kvgmc6g5 cxmmr5t8 oygrvhab hcukyx3x c1et5uql ii04i59q\">\n<div dir=\"auto\"><a class=\"oajrlxb2 g5ia77u1 qu0x051f esr5mh6w e9989ue4 r7d6kgcz rq0escxv nhd2j8a9 nc684nl6 p7hjln8o kvgmc6g5 cxmmr5t8 oygrvhab hcukyx3x jb3vyjys rz4wbd8a qt6c0cv9 a8nywdso i1ao9s8h esuyzwwr f1sip0of lzcic4wl gpro0wi8 q66pz984 b1v8xokw\" tabindex=\"0\" role=\"link\" href=\"https:\/\/www.facebook.com\/V%C3%A9rit%C3%A9-Et-Justice-Pour-Sabrina-Et-Wassim-1659276081047947\/?__cft__[0]=AZWgu7TC37DNWlFPlR2R1Yrc8NrhXCWlBXG4QkaPFH26ApOWv0VxdBoBVNfBmf7sPT7MT0QcDIVdNorjTDKdNzkMSrQ0QrpfIeTYDxBZQhFLn1I8icc6NMhactgvQ1kV5UfCRex6OTZyLqA7tqSNqc0jqtJmIhgxnhG6R3dQgDD3KqYNAEFYRhN2Y1RQBHFjNKdpJ5CTYZFt-mbiiVtPFw_bQTdlwL4p7peCvOs9YYxCRA&amp;__tn__=kK-y-R\"><span class=\"nc684nl6\">V\u00e9rit\u00e9 Et Justice Pour Sabrina Et Wassim<\/span><\/a><\/div>\n<\/div>\n<div class=\"cxmmr5t8 oygrvhab hcukyx3x c1et5uql o9v6fnle ii04i59q\">\n<div dir=\"auto\">Seule une mobilisation peut garantir que cette affaire ne soit pas enterr\u00e9e ou oubli\u00e9e.<\/div>\n<\/div>\n<div class=\"cxmmr5t8 oygrvhab hcukyx3x c1et5uql o9v6fnle ii04i59q\">\n<div dir=\"auto\">Le 26 janvier 2022 \u00e0 9h00 l\u2019affaire de la mort de Sabrina et Ouassim passe devant la Cour d\u2019appel.<\/div>\n<\/div>\n<div class=\"cxmmr5t8 oygrvhab hcukyx3x c1et5uql o9v6fnle ii04i59q\">\n<div dir=\"auto\">Soyons-pr\u00e9sents Place Poelaert \u00e0 Bruxelles pour soutenir les familles et exiger justice !<\/div>\n<\/div>\n<div class=\"cxmmr5t8 oygrvhab hcukyx3x c1et5uql o9v6fnle ii04i59q\">\n<div dir=\"auto\">Pour rappel, le 9 mai 2017, Ouassim roulait \u00e0 moto. Sabrina \u00e9tait passag\u00e8re. Trois voitures de police les ont poursuivis parce qu\u2019ils n\u2019auraient pas respect\u00e9 la limite de vitesse et qu\u2019ils n\u2019auraient pas port\u00e9 de chaussures ad\u00e9quates. Une quatri\u00e8me voiture s&rsquo;est plac\u00e9e en travers de la route juste \u00e0 la sortie d\u2019un tunnel. Ouassim n&rsquo;a donc pas pu voir cette voiture en sortant de ce tunnel. La collision in\u00e9vitable a entrain\u00e9 la mort des deux jeunes.<\/div>\n<\/div>\n<div class=\"cxmmr5t8 oygrvhab hcukyx3x c1et5uql o9v6fnle ii04i59q\">\n<div dir=\"auto\">La course-poursuite \u00e9tait ill\u00e9gale. Les policiers n\u2019ont pas le droit d\u2019entamer des poursuites dangereuses, mettant la vie de plusieurs personnes en danger, pour des infractions au code de la route qui peuvent \u00eatre sanctionn\u00e9es par des amendes.<\/div>\n<\/div>\n<div class=\"cxmmr5t8 oygrvhab hcukyx3x c1et5uql o9v6fnle ii04i59q\">\n<div dir=\"auto\">Le 13 ao\u00fbt, la Chambre du Conseil de Bruxelles a estim\u00e9 que les policiers impliqu\u00e9s dans la course-poursuite doivent \u00eatre inculp\u00e9s du chef d\u2019homicide involontaire.<\/div>\n<\/div>\n<div class=\"cxmmr5t8 oygrvhab hcukyx3x c1et5uql o9v6fnle ii04i59q\">\n<div dir=\"auto\">Suite \u00e0 cette d\u00e9cision, les policiers devaient enfin rendre des comptes. La mort des deux jeunes ne peut pas rester impunie. Mais le Procureur a interjet\u00e9 appel.<\/div>\n<\/div>\n<div class=\"cxmmr5t8 oygrvhab hcukyx3x c1et5uql o9v6fnle ii04i59q\">\n<div dir=\"auto\">Seule une mobilisation peut garantir que cette affaire ne soit pas enterr\u00e9e ou oubli\u00e9e.<\/div>\n<div dir=\"auto\"><a href=\"https:\/\/bruxelles-pantheres.be\/wp-content\/uploads\/2022\/01\/271953039_2713308645644680_5922456283997052298_n.jpg\"><img decoding=\"async\" class=\"aligncenter wp-image-5059 size-full\" src=\"https:\/\/bruxelles-pantheres.be\/wp-content\/uploads\/2022\/01\/271953039_2713308645644680_5922456283997052298_n.jpg\" alt=\"\" width=\"526\" height=\"935\" srcset=\"https:\/\/bruxelles-pantheres.be\/wp-content\/uploads\/2022\/01\/271953039_2713308645644680_5922456283997052298_n.jpg 526w, https:\/\/bruxelles-pantheres.be\/wp-content\/uploads\/2022\/01\/271953039_2713308645644680_5922456283997052298_n-169x300.jpg 169w\" sizes=\"(max-width: 526px) 100vw, 526px\" \/><\/a><\/div>\n<\/div>\n<\/div>\n","protected":false},"excerpt":{"rendered":"<p>MERCREDI 26 JANVIER 2022 DE 09:00 \u00c0 12:00 V\u00e9rit\u00e9 et Justice Pour Sabrina &amp; Ouassim Place Poelaert, 1000 Bruxelles, Belgique Le 26 janvier 2022 \u00e0 9h00 l\u2019affaire de la mort de Sabrina et Ouassim passe devant la Cour d\u2019appel. Soyons-pr\u00e9sents Place Poelaert pour soutenir les familles et exiger justice !<\/p>\n","protected":false},"author":1,"featured_media":0,"comment_status":"open","ping_status":"open","sticky":false,"template":"","format":"standard","meta":{"footnotes":""},"categories":[18,28,5],"tags":[54,15,492],"class_list":["post-5058","post","type-post","status-publish","format-standard","hentry","category-resistance-bruxelles","category-racismes","category-violence-policiere","tag-police","tag-resistance","tag-sabrina-et-ouassim"],"_links":{"self":[{"href":"https:\/\/bruxelles-pantheres.be\/index.php?rest_route=\/wp\/v2\/posts\/5058","targetHints":{"allow":["GET"]}}],"collection":[{"href":"https:\/\/bruxelles-pantheres.be\/index.php?rest_route=\/wp\/v2\/posts"}],"about":[{"href":"https:\/\/bruxelles-pantheres.be\/index.php?rest_route=\/wp\/v2\/types\/post"}],"author":[{"embeddable":true,"href":"https:\/\/bruxelles-pantheres.be\/index.php?rest_route=\/wp\/v2\/users\/1"}],"replies":[{"embeddable":true,"href":"https:\/\/bruxelles-pantheres.be\/index.php?rest_route=%2Fwp%2Fv2%2Fcomments&post=5058"}],"version-history":[{"count":1,"href":"https:\/\/bruxelles-pantheres.be\/index.php?rest_route=\/wp\/v2\/posts\/5058\/revisions"}],"predecessor-version":[{"id":5061,"href":"https:\/\/bruxelles-pantheres.be\/index.php?rest_route=\/wp\/v2\/posts\/5058\/revisions\/5061"}],"wp:attachment":[{"href":"https:\/\/bruxelles-pantheres.be\/index.php?rest_route=%2Fwp%2Fv2%2Fmedia&parent=5058"}],"wp:term":[{"taxonomy":"category","embeddable":true,"href":"https:\/\/bruxelles-pantheres.be\/index.php?rest_route=%2Fwp%2Fv2%2Fcategories&post=5058"},{"taxonomy":"post_tag","embeddable":true,"href":"https:\/\/bruxelles-pantheres.be\/index.php?rest_route=%2Fwp%2Fv2%2Ftags&post=5058"}],"curies":[{"name":"wp","href":"https:\/\/api.w.org\/{rel}","templated":true}]}}