{"id":5062,"date":"2022-01-16T12:28:00","date_gmt":"2022-01-16T11:28:00","guid":{"rendered":"https:\/\/bruxelles-pantheres.be\/?p=5062"},"modified":"2022-01-16T12:28:00","modified_gmt":"2022-01-16T11:28:00","slug":"islamophobie-et-palestine-usages-du-label-terrorisme-pour-faire-taire-les-militant-e-s-palestinien-ne-s-en-occident","status":"publish","type":"post","link":"https:\/\/bruxelles-pantheres.be\/?p=5062","title":{"rendered":"Islamophobie et Palestine : usages du label \u201cterrorisme\u201d pour faire taire les militant.e.s palestinien.ne.s en Occident"},"content":{"rendered":"<header class=\"entry-header\">\n<h3 class=\"entry-title\"><b style=\"font-size: 16px;\">Intervention faite par Hatem Bazian, Palestinien, professeur \u00e0 l\u2019universit\u00e9 de Berkeley,<\/b><b style=\"font-size: 16px;\">\u00a0 le 10 d\u00e9cembre 2021 \u00e0 St Denis, \u00e0 l\u2019occasion de la conf\u00e9rence \u00ab Guerre permanente ou paix r\u00e9volutionnaire \u00bb\u00a0<\/b><\/h3>\n<\/header>\n<div class=\"entry-content\">\n<p class=\"selectionShareable\">Deux angles morts majeurs, qui existent dans la recherche actuelle sur l\u2019islamophobie, continuent d\u2019obscurcir et de limiter la port\u00e9e de son analyse critique.<\/p>\n<\/div>\n<p><!--more--><\/p>\n<p class=\"selectionShareable\">Le premier, c\u2019est que les travaux et les \u00e9crits sur l\u2019islamophobie ont tendance \u00e0 se concentrer sur les discours m\u00e9diatiques, la politique \u00e9lectorale et sur la capacit\u00e9 des musulmans d\u2019Europe et des \u00c9tats-Unis \u00e0 s\u2019int\u00e9grer dans la soci\u00e9t\u00e9 occidentale. Les probl\u00e8mes se r\u00e9duisent alors \u00e0 une question d\u2019acteurs politiques ayant un impact sur une soci\u00e9t\u00e9 dite civilis\u00e9e par excellence. Ce qui est perdu dans ces analyses, c\u2019est le racisme colonial et imp\u00e9rial occidental, le sectarisme et la diff\u00e9rence \u00e9pist\u00e9mologique et ontologique construite sur une rationalisation th\u00e9ologique profond\u00e9ment enracin\u00e9e.<\/p>\n<p class=\"selectionShareable\">Le deuxi\u00e8me concerne le lien direct entre le sionisme, les forces pro-isra\u00e9liennes et la promotion de l\u2019islamophobie. Bien que les travaux sur l\u2019islamophobie dans les m\u00e9dias, sur les liens entre l\u2019empire am\u00e9ricain et les restrictions impos\u00e9es aux musulmans soient pr\u00e9sents dans des publications, des liens, qui ont pour but de maintenir et la consolider le soutien \u00e0 Isra\u00ebl, sont rarement abord\u00e9s.<\/p>\n<p class=\"selectionShareable\">Pour moi, les groupes pro-isra\u00e9liens aux \u00c9tats-Unis et en Europe sont les principaux bailleurs de fonds, producteurs, organisateurs et distributeurs de contenu islamophobe, qui domine actuellement les discours politiques et publics dans les soci\u00e9t\u00e9s occidentales. La fin de la Guerre froide et le tournant vers l\u2019exag\u00e9ration de la menace de l\u2019Islam ont provoqu\u00e9 une avalanche de publications et de couverture m\u00e9diatique qui ont cibl\u00e9 la Palestine et les militants pro-palestiniens tout en faisant la promotion d\u2019Isra\u00ebl comme alli\u00e9 et \u00ab seule \u00bb d\u00e9mocratie de style occidental au Moyen-Orient.<\/p>\n<p class=\"selectionShareable\">En outre, l\u2019\u00e9mergence du mouvement BDS en 2005 a entra\u00een\u00e9 une strat\u00e9gie pro-isra\u00e9lienne plus extr\u00e9miste qui a cherch\u00e9 \u00e0 imposer des limites \u00e0 la libert\u00e9 d\u2019expression et d\u2019association pour faire d\u00e9railler toute critique du sionisme et de l\u2019apartheid isra\u00e9lien.<\/p>\n<p class=\"selectionShareable\">Le 9 d\u00e9cembre 2021, la Ligue anti-diffamation (ADL) a publi\u00e9 un rapport, \u00ab\u00a0<u>Le mouvement anti-isra\u00e9lien sur les campus am\u00e9ricains, 2020-2021<\/u>\u00a0\u00bb, rempli de bout en bout de contenus islamophobes et de tentatives de diabolisation des militants pro-palestiniens et d\u2019accusation contre des groupes de n\u2019\u2019\u00eatre une fa\u00e7ade pour le Hamas, et d\u2019accusations d\u2019antis\u00e9mitisme. Le rapport fait suite au sommet \u00ab\u00a0<u>Never Is Now<\/u>\u00a0\u00bb parrain\u00e9 par l\u2019ADL et ax\u00e9 sur \u00ab\u00a0<em>Confronter l\u2019antis\u00e9mitisme sur le campus\u00a0: un guide pratique<\/em>\u00a0\u00bb, avec un d\u00e9bat anim\u00e9 par le PDG d\u2019Hillel International, Adam Lehma, entre des \u00e9tudiants sionistes leaders et des \u00e9ducateurs pro-isra\u00e9liens sur les campus am\u00e9ricains.<\/p>\n<p class=\"selectionShareable\">En f\u00e9vrier 2019, le minist\u00e8re isra\u00e9lien des Affaires strat\u00e9giques publiait\u00a0<em>TERRORISTS IN SUITS.\u00a0<\/em><em>The Ties Between NGOs promoting BDS and Terrorist Organizations (Terroristes en costumes.\u00a0<\/em><em>Les liens entre les ONG qui soutiennent BDS et les organisations terroristes)<\/em>. Le rapport construisait un trope islamophobe liant les militants pro-palestiniens et BDS avec le terrorisme.<\/p>\n<p class=\"selectionShareable\">Le fait qu\u2019organisations et groupes pro-isra\u00e9liens utilisent l\u2019islamophobie et la diabolisation de la Palestine et des Palestiniens entra\u00eene chez des universitaires une prise de distance avec le sujet par peur d\u2019\u00eatre cibl\u00e9 pour avoir \u00e9crit ou mis en \u00e9vidence ces liens.<\/p>\n<p class=\"selectionShareable\">Tout cela soul\u00e8ve une foule de questions concernant l\u2019islamophobie, mais je souhaite me concentrer sur un segment particulier de l\u2019industrie de l\u2019islamophobie directement li\u00e9 \u00e0 l\u2019agenda pro-isra\u00e9lien\u00a0: les groupes et les organisations impliqu\u00e9s dans la promotion de l\u2019alt\u00e9rit\u00e9 des musulmans et dont la pr\u00e9occupation centrale est de saper les possibilit\u00e9s de libert\u00e9, de dignit\u00e9 et de plaidoyer palestiniens pour la justice.<\/p>\n<p class=\"selectionShareable\">J\u2019essaie de r\u00e9pondre aux questions suivantes : qui sont les groupes qui produisent l\u2019islamophobie\u00a0? Quels sont leurs liens avec ceux qui sont impliqu\u00e9s dans la d\u00e9fense de la politique isra\u00e9lienne\u00a0? Comment les forces des droits de l\u2019homme, les forces antiracistes et anti-imp\u00e9rialistes devraient-elles l\u2019aborder dans les ann\u00e9es \u00e0 venir ? Comment l\u2019islamophobie est-elle utilis\u00e9e pour obtenir un soutien suppl\u00e9mentaire \u00e0 Isra\u00ebl et quel a \u00e9t\u00e9 son succ\u00e8s apr\u00e8s le 11 septembre 2001\u00a0?<\/p>\n<p class=\"selectionShareable\">Au printemps 2012, l\u2019American Freedom Defense Initiative (AFDI), une organisation cr\u00e9\u00e9e par Pamela Geller, une figure de proue du r\u00e9seau mondial islamophobe, publie une s\u00e9rie de publicit\u00e9s pour les bus, les gares et les panneaux d\u2019affichage avec ce message : \u00ab\u00a0<em>Dans tout guerre entre l\u2019homme civilis\u00e9 et le sauvage, soutenez l\u2019homme civilis\u00e9. Combattez le Jihad violent. Soutenez Isra\u00ebl<\/em>.\u00a0\u00bb Contrastant avec les campagnes islamophobes pr\u00e9c\u00e9dentes, ces publicit\u00e9s \u00e9tablissaient un lien explicite entre Isra\u00ebl, la \u00ab guerre contre le Jihad \u00bb, le soutien \u00e0 Isra\u00ebl et le cadrage raciste des Palestiniens auxquels les publicit\u00e9s font explicitement r\u00e9f\u00e9rence comme des \u00ab sauvages\u00a0\u00bb.<\/p>\n<p class=\"selectionShareable\">Ces publicit\u00e9s furent affich\u00e9es \u00e0 travers les \u00c9tats-Unis et dans des villes, dont San Francisco et New York. Des artistes culturels organisent une campagne visuelle de r\u00e9sistance en peignant sur les publicit\u00e9s et refusant la culture visuelle du racisme dans l\u2019espace public.<\/p>\n<p class=\"selectionShareable\">Une autre s\u00e9rie de publicit\u00e9s islamophobes et plus incendiaires de l\u2019AFDI montrait Haj Amin al-Husseini, le leader palestinien d\u2019avant 1948, assis \u00e0 c\u00f4t\u00e9 d\u2019Hitler. Selon l\u2019AFDI, cette nouvelle publicit\u00e9 islamophobe \u00e9tait une r\u00e9ponse \u00e0 une campagne des Musulmans am\u00e9ricains pour la Palestine (AMP) qui appelait \u00e0 la r\u00e9duction de l\u2019aide am\u00e9ricaine \u00e0 Isra\u00ebl.<\/p>\n<p class=\"selectionShareable\">Toutes ces publicit\u00e9s \u00e9tablissent des liens explicites et imm\u00e9diats entre la rh\u00e9torique islamophobe dirig\u00e9e contre l\u2019islam et les musulmans et la centralit\u00e9 d\u2019Isra\u00ebl en tant qu\u2019\u00e9l\u00e9ment essentiel de la \u00ab guerre contre le terrorisme \u00bb, construisant ontologiquement les Palestiniens comme des terroristes arch\u00e9typiques afin de maintenir un soutien sans critique am\u00e9ricain au sionisme.<\/p>\n<p class=\"selectionShareable\">Apr\u00e8s le 11 septembre 2001, un certain nombre d\u2019individus, de groupes et d\u2019organisations bas\u00e9s aux \u00c9tats-Unis ont r\u00e9ussi avec succ\u00e8s \u00e0 poursuivre ce programme consistant \u00e0 employer l\u2019islamophobie pour c\u00e9l\u00e9brer Isra\u00ebl et diaboliser les Palestiniens. Ces groupes islamophobes pro-isra\u00e9liens sont sous-\u00e9tudi\u00e9s par les universitaires am\u00e9ricains malgr\u00e9 le nombre accru d\u2019ouvrages publi\u00e9s sur l\u2019islamophobie.<\/p>\n<p class=\"selectionShareable\">Un site Web r\u00e9cemment sorti,\u00a0<em>Canary Mission<\/em>, rend pourtant ce lien \u00e9vident\u00a0: hautement islamophobe, il donne un nouveau souffle au maccarthysme en se concentrant sur l\u2019opposition \u00e0 BDS sur les campus universitaires et la promotion de l\u2019agenda d\u2019Isra\u00ebl.<\/p>\n<p class=\"selectionShareable\">Historiquement, les universitaires am\u00e9ricains se sont pour la plupart tenus \u00e0 l\u2019\u00e9cart de tout ce qui concerne Isra\u00ebl de peur d\u2019\u00eatre pris pour cible et d\u2019avoir \u00e0 faire face \u00e0 des accusations erron\u00e9es d\u2019antis\u00e9mitisme. Ceux qui s\u2019aventurent \u00e0 traiter le conflit palestino-isra\u00e9lien en dehors des param\u00e8tres accept\u00e9s par les pro-isra\u00e9liens sont une exception plut\u00f4t que la norme et la plupart des universitaires et des journalistes restent \u00e9galement \u00e0 l\u2019\u00e9cart du sujet. Des cas comme celui de Joseph Massad \u00e0 l\u2019Universit\u00e9 de Columbia, Steven Salaita \u00e0 l\u2019Universit\u00e9 de l\u2019Illinois \u00e0 Urbana-Champaign et Rabab Abdulhadi \u00e0 l\u2019Universit\u00e9 d\u2019\u00c9tat de San Francisco illustrent les cons\u00e9quences d\u2019\u00e9crire et de parler de la Palestine aux \u00c9tats-Unis et des campagnes similaires existent en France, au Royaume-Uni et au Canada.<\/p>\n<p class=\"selectionShareable\">L\u2019industrie de l\u2019islamophobie, bien que venant d\u2019une tr\u00e8s petite minorit\u00e9 d\u2019individus et d\u2019organisations op\u00e9rant outre-Atlantique, partage des ressources et b\u00e9n\u00e9ficie d\u2019un soutien officiel dans certains pays. Elle a d\u00e8s lors \u00e9t\u00e9 en mesure de fa\u00e7onner le discours politique et d\u2019influencer les d\u00e9bats politiques sur la s\u00e9curit\u00e9, l\u2019immigration et l\u2019\u00e9ducation.<\/p>\n<p class=\"selectionShareable\">Dans\u00a0<em>Legislating Fear<\/em>, un rapport publi\u00e9 le 19 septembre 2013, CAIR a identifi\u00e9 37 groupes au c\u0153ur de l\u2019industrie de l\u2019islamophobie et 32 \u200b\u200bautres organisations p\u00e9riph\u00e9riques qui ont d\u00e9pens\u00e9 ensemble 119\u00a0662\u00a0719 millions de dollars entre 2008-2011.<\/p>\n<p class=\"selectionShareable\">Il faut ajouter que le financement du r\u00e9seau islamophobe et pro-isra\u00e9lien provient des \u00c9mirats arabes unis et de l\u2019Arabie saoudite dans le but d\u2019influencer les d\u00e9bats musulmans-musulmans dans les d\u00e9veloppements des post-printemps arabes.<\/p>\n<p class=\"selectionShareable\"><strong>Regarder en arri\u00e8re avant de regarder le pr\u00e9sent<\/strong><\/p>\n<p class=\"selectionShareable\">Les attentats de 2001 ont introduit un changement dans la politique \u00e9trang\u00e8re am\u00e9ricaine et europ\u00e9enne et ont r\u00e9introduit une approche interventionniste plus muscl\u00e9e et militaris\u00e9e envers le monde arabe et musulman avec l\u2019invasion de l\u2019Afghanistan et de l\u2019Irak ainsi qu\u2019avec une solide pr\u00e9sence militaire am\u00e9ricaine dans plus de 40 nouveaux pays. La co\u00efncidence des attentats du 01\/09\/2001 avec le d\u00e9but de la deuxi\u00e8me Intifada palestinienne pr\u00e9senta une occasion en or aux n\u00e9o-conservateurs li\u00e9s \u00e0\u00a0<em>l\u2019American Enterprise Institute<\/em>\u00a0de faire pression sur l\u2019administration Bush pour une position plus r\u00e9solument pro-isra\u00e9lienne.<\/p>\n<p class=\"selectionShareable\">Le \u00ab\u00a0soit vous \u00eates avec nous soit avec les terroristes\u00a0\u00bb du pr\u00e9sident Bush a forc\u00e9 les \u00c9tats-nations \u00e0 prendre des d\u00e9cisions facilitant la mise en oeuvre de cette guerre mondiale. L\u2019alliance mondiale, qui a constitu\u00e9 la \u00ab\u00a0Guerre contre le terrorisme\u00a0\u00bb (avec Isra\u00ebl jouant un r\u00f4le central), a fourni une formation et un savoir-faire, et a commercialis\u00e9 sa \u00ab\u00a0grande expertise\u00a0\u00bb dans la lutte contre le terrorisme.<\/p>\n<p class=\"selectionShareable\">Les agences de s\u00e9curit\u00e9 isra\u00e9liennes se sont lanc\u00e9es dans le secteur de la formation antiterroriste et ont r\u00e9ussi \u00e0 devenir des acteurs cl\u00e9s dans les programmes terroristes conjoints locaux, r\u00e9gionaux, nationaux et internationaux. Par exemple,\u00a0<em>Urban Shield<\/em>, un programme de formation conjoint \u00e0 la lutte contre le terrorisme organis\u00e9 dans la r\u00e9gion de la baie de San Francisco, qui fait de l\u2019islamophobie son cadre conceptuel et pr\u00e9sente les musulmans et les Arabes comme des menaces potentielles dans son programme de formation, a fait en sorte que les \u00e9quipes de s\u00e9curit\u00e9 isra\u00e9lienne jouent un r\u00f4le majeur dans la mise en place de sc\u00e9narios d\u2019attaques terroristes pr\u00e9sum\u00e9es et dans la politique de conseil sur le profilage de terroristes.<\/p>\n<p class=\"selectionShareable\">Des soci\u00e9t\u00e9s de relations publiques comme Luntz ont r\u00e9ussi \u00e0 pousser l\u2019opinion publique davantage vers la droite et \u00e0 soutenir l\u2019invasion de l\u2019Irak comme moyen de d\u00e9fendre Isra\u00ebl. Dans un de ses documents de relations publiques, Luntz proposait des points de discussion et des recommandations sp\u00e9cifiques sur la fa\u00e7on de parler d\u2019Isra\u00ebl au public am\u00e9ricain et occidental en g\u00e9n\u00e9ral.<\/p>\n<p class=\"selectionShareable\">Si certains seraient tent\u00e9s de parler de complot, la r\u00e9alit\u00e9 est qu\u2019un r\u00e9seau sioniste et n\u00e9o-conservateur bien organis\u00e9, disciplin\u00e9 et bien financ\u00e9 fonctionnait au sein d\u2019une administration id\u00e9ologiquement pr\u00eate et solidaire comportant des alli\u00e9s dans des postes sensibles qui ont r\u00e9ussi \u00e0 fa\u00e7onner des d\u00e9bats publics sur des questions concernant \u00e0 la guerre au niveau national et international. En effet, ceux qui op\u00e9raient dans cet espace ont r\u00e9ussi \u00e0 se fortifier et \u00e0 consolider le r\u00e9cit d\u2019Isra\u00ebl aux \u00c9tats-Unis et \u00e0 dominer le discours dans les universit\u00e9s et les m\u00e9dias.<\/p>\n<p class=\"selectionShareable\">Les porte-parole isra\u00e9liens ont \u00e9t\u00e9 tr\u00e8s efficaces dans la diffusion de leurs messages aux niveaux local, r\u00e9gional et national aux \u00c9tats-Unis, tandis que les r\u00e9ponses pro-palestiniennes \u00e9taient souvent entrav\u00e9es et pr\u00e9sent\u00e9s de mani\u00e8re singuli\u00e8re. La strat\u00e9gie de communication s\u2019est construite sur des ann\u00e9es de st\u00e9r\u00e9otypes n\u00e9gatifs et de fausses repr\u00e9sentations des Arabes et des musulmans, ce qui a rendu un vocabulaire plus facile \u00e0 d\u00e9ployer dans une mat\u00e9rialit\u00e9 productive et orientaliste.<\/p>\n<p class=\"selectionShareable\">Edward Said (<em>Orientalism<\/em>, 1978 et\u00a0<em>Covering Islam<\/em>\u00a01981) et Jack Shaheen (<em>Reel Bad Arabs<\/em>, 2001) l\u2019ont th\u00e9oris\u00e9 et ont soulign\u00e9 l\u2019effet cumulatif des strat\u00e9gies pro-isra\u00e9liennes. La strat\u00e9gie de communication pro-isra\u00e9lienne a \u00e9t\u00e9 d\u00e9ploy\u00e9e \u00e0 travers des repr\u00e9sentations racistes, colonialistes et essentialistes des Arabes et des musulmans, qui, apr\u00e8s le 11 septembre 2001, se sont concentr\u00e9es avec succ\u00e8s sur les Palestiniens en g\u00e9n\u00e9ral et le Hamas en particulier en tant qu\u2019arch\u00e9type du terroriste.<\/p>\n<p class=\"selectionShareable\">Parler de la Palestine et des Palestiniens est devenu \u00e9quivalent au terrorisme et des individus et des groupes ont \u00e9t\u00e9 attaqu\u00e9s pour avoir mont\u00e9 une d\u00e9fense des droits des Palestiniens.<\/p>\n<p class=\"selectionShareable\">Dans l\u2019environnement de l\u2019apr\u00e8s 11 septembre, plus de 90 % des poursuites judiciaires engag\u00e9es contre des individus et des groupes musulmans ont vis\u00e9 des individus et des militants pro-palestiniens sous l\u2019accusation obscure de soutien mat\u00e9riel.<\/p>\n<p class=\"selectionShareable\">Tout type de soutien financier \u00e0 la Palestine a fait l\u2019objet de poursuites judiciaires tandis que de nombreuses poursuites judiciaires ont \u00e9t\u00e9 engag\u00e9es contre des individus pour avoir parl\u00e9 de la Palestine en utilisant l\u2019accusation erron\u00e9e d\u2019incitation \u00e0 la violence ou de soutien rh\u00e9torique au terrorisme.<\/p>\n<p class=\"selectionShareable\">La strat\u00e9gie d\u00e9ploy\u00e9e a permis \u00e0 Isra\u00ebl d\u2019\u00eatre mieux connect\u00e9 aux formations politiques am\u00e9ricaines et europ\u00e9ennes dans la \u00ab guerre contre le terrorisme \u00bb. Plus pr\u00e9cis\u00e9ment, le savoir-faire d\u2019Isra\u00ebl dans la lutte contre le \u00ab terrorisme \u00bb palestinien a \u00e9t\u00e9 pr\u00e9sent\u00e9 comme l\u2019approche la meilleure et la plus efficace pour faire face \u00e0 une menace islamique.<\/p>\n<p class=\"selectionShareable\">Du jour au lendemain, Isra\u00ebl est devenu le mod\u00e8le d\u2019une telle strat\u00e9gie avec l\u2019\u00e9mergence de nombreuses entreprises li\u00e9es \u00e0 Isra\u00ebl offrant des services de formation et des strat\u00e9gies de lutte contre le terrorisme qui ont contribu\u00e9 \u00e0 consolider l\u2019image st\u00e9r\u00e9otyp\u00e9e du terroriste arabe, musulman et tr\u00e8s certainement palestinien \u00e0 travers les \u00c9tats-Unis et l\u2019Europe avec des groupes de travail conjoints sur le terrorisme et des agences de renseignement adoptant en gros le cadre de s\u00e9curit\u00e9 isra\u00e9lien et donc la strat\u00e9gie de communication isra\u00e9lienne, beaucoup suivant des cours de formation ou visitant Isra\u00ebl avec, \u00e0 leur retour, une vision hostile des Arabes et des musulmans.<\/p>\n<p class=\"selectionShareable\">La strat\u00e9gie d\u2019Isra\u00ebl comprend \u00e9galement la production de documentaires de haute qualit\u00e9 visant \u00e0 rendre concr\u00e8tes des menaces pos\u00e9es par des groupes musulmans bas\u00e9s aux \u00c9tats-Unis. Ces documentaires repr\u00e9sentent une tentative sophistiqu\u00e9e et syst\u00e9matique d\u2019\u00e9tablir un \u00ab lien \u00bb entre les groupes terroristes internationaux et les organisations am\u00e9ricaines palestiniennes et musulmanes dans une strat\u00e9gie qui vise \u00e0 supprimer toute distinction entre ces groupes afin de justifier les actions d\u2019Isra\u00ebl contre les Palestiniens. Cette strat\u00e9gie vise \u00e0 ternir les organisations musulmanes, \u00e0 les mettre sur la d\u00e9fensive et \u00e0 les exclure des discussions politiques, comme cela a \u00e9t\u00e9 dans le cas des attaques contre le CAIR, l\u2019American Muslim Alliance, la Muslim American Society et les American Muslims for Palestine.<\/p>\n<p class=\"selectionShareable\">\u00c0 mes yeux, l\u2019effet cumulatif de cette strat\u00e9gie peut \u00eatre d\u00e9tect\u00e9 lors des \u00e9lections de 2010, qui ont vu la victoire des candidats du Tea Party, qui ont utilis\u00e9 une rh\u00e9torique anti-musulmane dans leurs campagnes \u00e9lectorales. Le mouvement Birther, qui nous a donn\u00e9 Trump en 2016, a vu le jour gr\u00e2ce \u00e0 l\u2019utilisation de l\u2019imaginaire anti-palestinien et \u00e0 la diabolisation d\u2019Obama, un effort qui a pris forme apr\u00e8s une br\u00e8ve tentative des \u00c9tats-Unis de lutter contre l\u2019expansion des colonies.<\/p>\n<p class=\"selectionShareable\">Une fa\u00e7on de comprendre le d\u00e9ploiement de la strat\u00e9gie pro-isra\u00e9lienne est d\u2019\u00e9tendre l\u2019utilisation par Edward Said de \u00ab\u00a0d\u2019orientalisme latent\u00a0\u00bb et \u00ab\u00a0d\u2019orientalisme manifeste\u00a0\u00bb \u00e0 l\u2019\u00e9tude de l\u2019islamophobie. Said a \u00e9crit que les sujets arabes et musulmans sont construits et \u00ab\u00a0<em>jug\u00e9s en fonction de l\u2019Occident et par rapport \u00e0 celui-ci, de sorte qu\u2019ils sont toujours l\u2019Autre, le conqu\u00e9rant et l\u2019inf\u00e9rieur<\/em>\u00a0\u00bb (Said, 1978\u00a0:\u00a05). Les \u00e9crits de Said mettent en \u00e9vidence le lien entre ce que j\u2019appelle l\u2019islamophobie latente et manifeste.<\/p>\n<p class=\"selectionShareable\">L\u2019islamophobie latente est con\u00e7ue \u00e0 travers un processus de cr\u00e9ation utilisant films, reportages, t\u00eates parlantes dans les m\u00e9dias, \u00e9dition de livres et accent mis sur l\u2019islam en tant que religion violente, arri\u00e9r\u00e9e et oppressive qui est encline au despotisme et au manque de progr\u00e8s. La production culturelle n\u2019est pas ind\u00e9pendante de la politique ou de l\u2019\u00e9conomie ; elle est plut\u00f4t inform\u00e9e et d\u00e9termin\u00e9e h\u00e9g\u00e9moniquement par elle.<\/p>\n<p class=\"selectionShareable\">L\u2019islamophobie manifeste est \u00e9vidente dans les discours et les \u00e9crits de Daniel Pipes, un partisan d\u2019Isra\u00ebl de droite et fondateur du site Web de type maccarthyste \u00ab\u00a0Campus Watch\u00a0\u00bb. S\u2019exprimant devant la convention du Congr\u00e8s juif am\u00e9ricain le 21 octobre 2001, Pipes a d\u00e9clar\u00e9 : \u00ab J<em>e m\u2019inqui\u00e8te beaucoup du point de vue juif que la pr\u00e9sence, et l\u2019augmentation de la stature, de la richesse et de l\u2019\u00e9mancipation des musulmans am\u00e9ricains\u2026pr\u00e9sentera de v\u00e9ritables dangers pour les Juifs am\u00e9ricains<\/em>.\u00a0\u00bb Ces phrases offrent un aper\u00e7u de certaines des r\u00e9flexions derri\u00e8re l\u2019industrie de l\u2019islamophobie et de la mani\u00e8re dont elle se mobilise pour la diabolisation des musulmans, des Arabes et des Palestiniens afin de maintenir le soutien inconditionnel et incontestable au sionisme et \u00e0 Isra\u00ebl.<\/p>\n<p class=\"selectionShareable\">Dr. Hatem Bazian traduit par Fran\u00e7oise Verg\u00e8s<br \/>\nNear Eastern Studies<br \/>\nAsian American Studies<\/p>\n<p class=\"selectionShareable\">Universit\u00e9 de Berkeley<\/p>\n<p class=\"selectionShareable\"><b>Intervention que vous pouvez trouver dans son int\u00e9gralit\u00e9 ici :\u00a0<\/b><\/p>\n<p><iframe title=\"YouTube video player\" src=\"https:\/\/www.youtube.com\/embed\/EjB4_OGEJ6M\" width=\"560\" height=\"315\" frameborder=\"0\" allowfullscreen=\"allowfullscreen\" data-mce-fragment=\"1\"><\/iframe><\/p>\n<p><a href=\"https:\/\/qgdecolonial.fr\/2021\/12\/16\/islamophobie-et-palestine-usages-du-label-terrorisme-pour-faire-taire-les-militant-e-s-palestinien-ne-s-en-occident\/\">SOURCE <img decoding=\"async\" src=\"http:\/\/qgdecolonial.fr\/wp-content\/uploads\/2021\/01\/LOGO-QG-300x60.jpg\" alt=\"QG Decolonial\" \/><\/a><\/p>\n<p>&nbsp;<\/p>\n<header class=\"entry-header\">\n<h4 class=\"entry-title\" style=\"text-align: center;\">PALESTINE : SOLIDARIT\u00c9, RESPONSABILIT\u00c9 \u00c9THIQUE ET D\u00c9COLONISATION<\/h4>\n<\/header>\n<div class=\"featured-image\"><img decoding=\"async\" class=\"attachment-pixelwars_theme_image_size_2 size-pixelwars_theme_image_size_2 wp-post-image aligncenter\" title=\"\" src=\"https:\/\/qgdecolonial.fr\/wp-content\/uploads\/2021\/12\/Omar-Barghouti.jpg\" sizes=\"(max-width: 628px) 100vw, 628px\" srcset=\"https:\/\/qgdecolonial.fr\/wp-content\/uploads\/2021\/12\/Omar-Barghouti.jpg 628w, https:\/\/qgdecolonial.fr\/wp-content\/uploads\/2021\/12\/Omar-Barghouti-300x157.jpg 300w, https:\/\/qgdecolonial.fr\/wp-content\/uploads\/2021\/12\/Omar-Barghouti-500x261.jpg 500w\" alt=\"PALESTINE : SOLIDARIT\u00c9, RESPONSABILIT\u00c9 \u00c9THIQUE ET D\u00c9COLONISATION\" width=\"628\" height=\"328\" \/><\/div>\n<div class=\"entry-content\">\n<p class=\"selectionShareable\"><b>Intervention faite par Omar Barghouti, Palestinien, d\u00e9fenseur des droits humains, cofondateur du mouvement pour les droits palestiniens\u00a0<\/b><em>Boycott, D\u00e9sinvestissement et sanctions\u00a0<\/em><b> (BDS)\u00a0 le 10 d\u00e9cembre 2021 \u00e0 St Denis, \u00e0 l\u2019occasion de la conf\u00e9rence \u00ab\u00a0Guerre permanente ou paix r\u00e9volutionnaire\u00a0\u00bb\u00a0<\/b><\/p>\n<p class=\"selectionShareable\">Frantz Fanon a \u00e9crit \u00ab\u00a0<em>Si a\u0300 un moment la question s\u2019est pose\u0301e pour moi d\u2019e\u0302tre effectivement solidaire d\u2019un passe\u0301 de\u0301termine\u0301, c\u2019est dans la mesure ou\u0300 je me suis engage\u0301 envers moi-me\u0302me et envers mon prochain a\u0300 combattre de toute mon existence, de toute ma force pour que plus jamais il n\u2019y ait, sur la terre, de peuples asservis<\/em>\u00a0\u00bb. Ce sentiment de solidarit\u00e9 internationaliste et transversal n\u2019 jamais \u00e9t\u00e9 aussi n\u00e9cessaire qu\u2019aujourd\u2019hui, puisque pratiquement tous les syst\u00e8mes d\u2019oppression ne se maintiennent qu\u2019avec la complicit\u00e9 assum\u00e9e d\u2019autres syst\u00e8mes d\u2019oppression, que ce soit des \u00c9tats, des corporations ou des institutions.<\/p>\n<p class=\"selectionShareable\">L\u2019oppression globalis\u00e9 exige une r\u00e9sistance et une solidarit\u00e9 globalis\u00e9es.<\/p>\n<p class=\"selectionShareable\">Plusieurs causes expliquent la solidarit\u00e9 avec une communaut\u00e9 opprim\u00e9e\u00a0: en premier, le rejet \u00e9thiquea de l\u2019injustice partout o\u00f9 elle se trouve\u00a0; en second, un engagement id\u00e9ologique envers un internationalisme pour qui les luttes de lib\u00e9ration partout dans le monde contribuent \u00e0 la d\u00e9faite de l\u2019imp\u00e9rialisme et \u00e0 la marche vers le socialisme\u00a0; troisi\u00e8mement, un sentiment profond de responsabilit\u00e9 avec les opprim\u00e9s qui pousse \u00e0 reconna\u00eetre la complicit\u00e9 de son propre \u00c9tat ou institution dans l\u2019oppression actuelle\u00a0; et quatri\u00e8mement, la prise de conscience que cette oppression \u00ab\u00a0\u00e0 distance\u00a0\u00bb n\u2019est pas seulement soutenue par son propre \u00c9tat ou ses propres institutions, mais qu\u2019elle est \u00e9galement intersectionnelle ou organiquement li\u00e9e aux oppressions locales. Dans de nombreux cas, ces facteurs ne sont pas mutuellement exclusifs.\u00a0Je me concentrerai ici sur les deux derniers facteurs, souvent li\u00e9s, et qui furent fondamentaux dans les mobilisations de solidarit\u00e9 mondiale contre la guerre imp\u00e9rialiste au Vietnam, la colonisation g\u00e9nocidaire fran\u00e7aise de l\u2019Alg\u00e9rie et le r\u00e9gime d\u2019apartheid en Afrique du Sud, entre autres.<\/p>\n<p class=\"selectionShareable\">Mis \u00e0 part les \u00c9tats progressistes et les partis r\u00e9volutionnaires, de nombreux acteurs sociaux r\u00e9volutionnaires sont guid\u00e9s depuis des d\u00e9cennies par la devise \u00ab\u00a0<em>penser globalement, agir localement<\/em>\u00a0\u00bb. Cette devise a cependant besoin d\u2019une refonte, particuli\u00e8rement \u00e0 l\u2019\u00e8re de la mont\u00e9e du fascisme, du despotisme \u00ab\u00a0d\u00e9mocratique-autoritaire\u00a0\u00bb ou du Trumpisme, qui se r\u00e9pand en Europe, au Br\u00e9sil, en Inde, en Turquie, aux Philippines et au-del\u00e0.<\/p>\n<p class=\"selectionShareable\">Avec l\u2019\u00e9mergence d\u2019une puissante alliance internationale d\u2019extr\u00eame droite, la r\u00e9sistance \u00e0 tout r\u00e9gime local d\u2019oppression raciale, \u00e9conomique, sociale ou nationale doit \u00eatre mondiale, intersectionnelle et toujours \u00e9thique. Cela est n\u00e9cessaire non seulement pour des raisons \u00e9thiques, mais aussi comme condition pour maximiser ses chances de victoire sur l\u2019oppression.<\/p>\n<p class=\"selectionShareable\">Parall\u00e8lement, et directement li\u00e9e \u00e0 cette alliance de plus en plus \u00e9troite entre l\u2019extr\u00eame droite et l\u2019autoritarisme d\u00e9mocratique, la concentration massive de richesses entre les mains d\u2019un nombre relativement restreint de soci\u00e9t\u00e9s multinationales et de banques et leur influence naissante dans l\u2019\u00e9laboration de la politique mondiale a atteint de nouveaux sommets. \u00ab\u00a0<em>En Am\u00e9rique aujourd\u2019hui<\/em>\u00a0\u00bb, a \u00e9crit le s\u00e9nateur am\u00e9ricain Bernie Sanders, \u00ab\u00a0<em>les 0,1\u00a0% les plus riches poss\u00e8dent presque autant de richesses que les 90\u00a0% les plus pauvres. Les trois personnes les plus riches de ce pays poss\u00e8dent plus de richesses que la moiti\u00e9 inf\u00e9rieure des Am\u00e9ricains \u2013 160 millions de personnes<\/em>. \u00bb<\/p>\n<p class=\"selectionShareable\">Avant m\u00eame d\u2019atteindre ce niveau sans pr\u00e9c\u00e9dent de consolidation des richesses et de mondialisation de l\u2019oppression, les luttes internationales contre l\u2019injustice du si\u00e8cle dernier ont mis en lumi\u00e8re ces liens de complicit\u00e9 mais aussi les perspectives d\u2019une lib\u00e9ration commune. Le mouvement international anti-apartheid, en particulier, a marqu\u00e9 un changement radical dans la solidarit\u00e9 internationale. Ainsi, alors que les armes et l\u2019entra\u00eenement cubains, alg\u00e9riens, palestiniens et libyens pour la r\u00e9sistance anti-apartheid perp\u00e9tuaient la tradition anti-imp\u00e9rialiste de solidarit\u00e9 des \u00c9tats et des mouvements r\u00e9volutionnaires, pour sa part, l\u2019African National Congress (ANC) exhortait les citoyens occidentaux, les syndicats, les \u00e9glises et les mouvements sociaux de masse de compl\u00e9ter, voire de transcender, la solidarit\u00e9 traditionnelle avec la lutte de lib\u00e9ration en Afrique du Sud en coupant les bou\u00e9es de sauvetage, ou les liens de complicit\u00e9 majoritairement occidentale, qui maintenaient en vie le syst\u00e8me d\u2019apartheid.<\/p>\n<p class=\"selectionShareable\">Aux \u00c9tats-Unis, des intellectuels noirs r\u00e9volutionnaires ont explor\u00e9 la trajectoire commune d\u2019oppression et de lib\u00e9ration qui liait l\u2019apartheid \u00e0 la supr\u00e9matie blanche et au racisme anti-noir institutionnel. La solidarit\u00e9 devient alors, concomitamment, l\u2019acte d\u2019accomplissement d\u2019un devoir \u00e9thique envers \u00ab l\u2019autre \u00bb opprim\u00e9 et la voie vers l\u2019\u00e9mancipation du moi opprim\u00e9.<\/p>\n<p class=\"selectionShareable\">La solidarit\u00e9 mondiale, strat\u00e9gique, intersectionnelle et mutuelle avec les luttes contre l\u2019oppression sous toutes ses formes est devenue plus que jamais un ingr\u00e9dient essentiel dans la construction de tout mouvement de r\u00e9sistance local fort.<\/p>\n<p class=\"selectionShareable\">Bien que ce paradigme de r\u00e9sistance mondialis\u00e9e puisse s\u2019appliquer \u00e0 toutes les luttes contemporaines contre l\u2019injustice, il est plus \u00e9vident dans les situations de colonisation de peuplement, o\u00f9 les oppresseurs ne sont pas simplement int\u00e9ress\u00e9s \u00e0 soumettre les opprim\u00e9s ou \u00e0 les exploiter et \u00e0 usurper leurs ressources, mais aussi \u00e0 les d\u00e9raciner et les remplacer.<\/p>\n<p class=\"selectionShareable\">Lorsque la logique coloniale de peuplement qui entra\u00eene l\u2019\u00e9limination de la population indig\u00e8ne, comme cela a \u00e9t\u00e9 perp\u00e9tr\u00e9 \u00e0 des degr\u00e9s divers aux \u00c9tats-Unis, en Australie et au Canada, n\u2019est pas possible, les colons comprennent que pour que leur projet prosp\u00e8re, ils doivent soumettre et finalement domestiquer la population indig\u00e8ne colonis\u00e9e, y compris en lui imposant l\u2019isolement. \u00c0 cette fin, \u00ab\u00a0l\u2019arme la plus puissante entre les mains de l\u2019oppresseur\u00a0\u00bb, \u00e9crit le leader sud-africain de la conscience noire Steve Biko, est le contr\u00f4le de \u00ab\u00a0l\u2019esprit des opprim\u00e9s\u00a0\u00bb.<\/p>\n<p class=\"selectionShareable\">De l\u2019Alg\u00e9rie et de l\u2019Afrique du Sud de l\u2019apartheid hier \u00e0 la Palestine aujourd\u2019hui en passant par d\u2019autres situations, la perspicacit\u00e9 de Biko s\u2019est av\u00e9r\u00e9e pr\u00e9cise et pr\u00e9monitoire. La strat\u00e9gie commune adopt\u00e9e par les colons-colonialistes, partout o\u00f9 ils n\u2019ont pas pu an\u00e9antir la population indig\u00e8ne, consiste \u00e0 infecter nos esprits avec le virus mortel du d\u00e9sespoir par la d\u00e9shumanisation, l\u2019isolement et l\u2019\u00e9crasement violent de toute r\u00e9sistance avec une force disproportionn\u00e9e et une sauvagerie pr\u00e9m\u00e9dit\u00e9e.<\/p>\n<p class=\"selectionShareable\">Le projet de colonisation sioniste et de colonisation britannique en Palestine, qui commence s\u00e9rieusement dans le premier quart du 20e si\u00e8cle et est toujours en cours, correspond \u00e0 ce mod\u00e8le. Il a constamment cherch\u00e9 \u00e0 coloniser non seulement la terre les Palestiniens, mais aussi nos esprits.<\/p>\n<p class=\"selectionShareable\">D\u00e8s 1923, le leader sioniste Zeev Jabotinsky \u00e9crivait avec une honn\u00eatet\u00e9 lucide :<\/p>\n<p class=\"selectionShareable\"><em>Chaque population indig\u00e8ne du monde r\u00e9siste aux colons tant qu\u2019elle a le moindre espoir de pouvoir se d\u00e9barrasser du danger d\u2019\u00eatre colonis\u00e9e. [\u2026] La colonisation sioniste doit soit s\u2019arr\u00eater, soit se poursuivre quelle que soit la population indig\u00e8ne. Ce qui signifie qu\u2019il ne peut avancer et se d\u00e9velopper que sous la protection d\u2019un pouvoir ind\u00e9pendant de la population indig\u00e8ne \u2013 derri\u00e8re un mur de fer, que la population indig\u00e8ne ne peut franchir<\/em>.<\/p>\n<p class=\"selectionShareable\">En plus de son r\u00e9cent mur de b\u00e9ton, Isra\u00ebl a sans cesse construit son \u00ab mur de fer \u00bb dans nos esprits en essayant de nous r\u00e9duire \u00e0 des \u00eatres humains inf\u00e9rieurs, ou ce que j\u2019appelle des \u00ab\u00a0humains relatifs\u00a0\u00bb, pour nous isoler de notre environnement arabe naturel et du reste de la monde, et de graver dans notre conscience, par une violence h\u00e9g\u00e9monique soutenue, l\u2019imp\u00e9ratif de la soumission \u00e0 son pouvoir indomptable pr\u00e9sent\u00e9 comme un destin. Les alliances militaires et s\u00e9curitaires d\u2019Isra\u00ebl et les accords de normalisation avec les dictatures arabes des \u00c9mirats arabes unis au Maroc sont une autre facette de ce processus en cours de notre disparition comme Palestiniens et de nous conduire au d\u00e9sespoir. L\u2019objectif le plus important des oppresseurs dans la colonisation des esprits des opprim\u00e9s est d\u2019imprimer en eux le d\u00e9sespoir et le sentiment de futilit\u00e9 mortelle de r\u00e9sister \u00e0 la colonisation en cours.<\/p>\n<p class=\"selectionShareable\">La lutte pour la lib\u00e9ration palestinienne a toujours \u00e9t\u00e9 conditionn\u00e9e \u00e0 la d\u00e9colonisation de nos esprits de l\u2019impuissance profonde qui peut nous inhiber et \u00e0 nous engager dans une\u00a0<em>praxis<\/em>, comme dirait Paulo Freire, un processus radical de r\u00e9sistance, de transformation et d\u2019\u00e9mancipation mondialis\u00e9e et pleine d\u2019espoir. Apr\u00e8s tout, l\u2019espoir qui \u00e9mane d\u2019une r\u00e9sistance populaire efficace, organiquement coupl\u00e9e \u00e0 une solidarit\u00e9 internationale, est force de r\u00e9sistance contagieuse. Malgr\u00e9 des d\u00e9cennies de nettoyage ethnique isra\u00e9lien impitoyable et de brutalit\u00e9 coloniale, largement autoris\u00e9e par l\u2019Occident, les Palestiniens n\u2019ont rien abandonn\u00e9 ; nous continuons \u00e0 r\u00e9sister \u00e0 l\u2019oppression et \u00e0 affirmer notre qu\u00eate d\u2019\u00e9mancipation, d\u2019autod\u00e9termination et d\u2019\u00e9galit\u00e9 des droits pour tous les humains.<\/p>\n<p class=\"selectionShareable\">C\u2019est pr\u00e9cis\u00e9ment pourquoi Isra\u00ebl a allou\u00e9 des ressources humaines, politiques et financi\u00e8res massives dans sa guerre d\u00e9sesp\u00e9r\u00e9e contre le mouvement mondial de Boycott, D\u00e9sinvestissement et Sanctions (BDS) dirig\u00e9 par les Palestiniens pour les droits des Palestiniens, car le mouvement BDS offre une forme de r\u00e9sistance non-violente profond\u00e9ment ancr\u00e9e, antiraciste, intersectionnelle, contemporaine et contextuelle particuli\u00e8rement puissante et pleine d\u2019espoir.<\/p>\n<p class=\"selectionShareable\">Lanc\u00e9 en 2005 par la plus large coalition de la soci\u00e9t\u00e9 civile palestinienne, BDS est devenu un \u00e9l\u00e9ment cl\u00e9 de la r\u00e9sistance populaire palestinienne et la forme la plus efficace de solidarit\u00e9 internationale avec la lutte du peuple de Palestine pour la libert\u00e9, la justice et l\u2019\u00e9galit\u00e9. Il appelle \u00e0 la fin de l\u2019occupation isra\u00e9lienne de 1967, \u00e0 la fin de son syst\u00e8me institutionnalis\u00e9 de discrimination raciale, qui r\u00e9pond \u00e0 la d\u00e9finition de l\u2019apartheid de l\u2019ONU, et au maintien du droit des r\u00e9fugi\u00e9s palestiniens \u00e0 retourner dans les maisons et les terres dont ils ont \u00e9t\u00e9 d\u00e9racin\u00e9s et d\u00e9poss\u00e9d\u00e9s en masse depuis le nettoyage ethnique de 1948, ou\u00a0<em>Nakba<\/em>. Aujourd\u2019hui, Human Rights Watch et la plus importante organisation de d\u00e9fense des droits humains d\u2019Isra\u00ebl, B\u2019Tselem, reconnaissent Isra\u00ebl comme un \u00c9tat d\u2019apartheid.<\/p>\n<p class=\"selectionShareable\">Ces trois droits fondamentaux correspondent aux trois composantes principales du peuple palestinien : de la bande de Gaza et de Cisjordanie, y compris J\u00e9rusalem-Est (environ 38 % du peuple palestinien, selon les statistiques de 2016) ; les citoyens palestiniens d\u2019Isra\u00ebl (12 %) et en exil (50 %). Plus des deux tiers des Palestiniens sont des r\u00e9fugi\u00e9s ou des personnes d\u00e9plac\u00e9es \u00e0 l\u2019int\u00e9rieur du pays.<\/p>\n<p class=\"selectionShareable\">Bien que lanc\u00e9 seulement en 2005, le mouvement est profond\u00e9ment enracin\u00e9 dans les d\u00e9cennies de r\u00e9sistance populaire non violente palestinienne au colonialisme de peuplement et s\u2019inspire du mouvement anti-apartheid sud-africain, du mouvement des droits civiques am\u00e9ricain et, dans une certaine mesure, des luttes anticoloniales indienne et irlandaise.<\/p>\n<p class=\"selectionShareable\">Ancr\u00e9 dans la D\u00e9claration universelle des droits de l\u2019homme, le mouvement BDS, nomin\u00e9 pour le prix Nobel de la Paix, s\u2019est constamment et cat\u00e9goriquement oppos\u00e9 \u00e0 toutes les formes de racisme et de discrimination, y compris le racisme anti-noir, le sexisme, l\u2019homophobie, l\u2019islamophobie et l\u2019antis\u00e9mitisme. L\u2019identit\u00e9 d\u2019une personne, soutient le mouvement, ne devrait jamais diminuer ou restreindre son droit \u00e0 des droits. BDS vise la complicit\u00e9, et non l\u2019identit\u00e9.<\/p>\n<p class=\"selectionShareable\">Cette inclusivit\u00e9 de principe et cet engagement \u00e0 s\u2019opposer au racisme sous toutes ses formes sont parmi les facteurs cl\u00e9s qui ont permis \u00e0 BDS d\u2019\u00e9tablir et de nourrir des liens de solidarit\u00e9 mutuelle avec des mouvements d\u00e9fendant les droits des r\u00e9fugi\u00e9s, des immigrants, des Noirs, des femmes, des travailleurs, des nations autochtones, des communaut\u00e9s LGBTQI, des minorit\u00e9s ethniques et religieuses, etc. Un nombre croissant de juifs isra\u00e9liens anticoloniaux qui soutiennent BDS jouent un r\u00f4le important dans la d\u00e9nonciation du r\u00e9gime d\u2019oppression d\u2019Isra\u00ebl et plaident pour son isolement.<\/p>\n<p class=\"selectionShareable\">BDS soutient que la solidarit\u00e9 avec les opprim\u00e9s, \u00e0 son niveau le plus fondamental, implique de travailler pour couper les liens de complicit\u00e9 avec l\u2019oppresseur, ou tout au moins, pour ne pas nuire.<\/p>\n<p class=\"selectionShareable\">Identifier la responsabilit\u00e9 et insister sur la responsabilit\u00e9 sont les phases les plus cruciales de la solidarit\u00e9. Lorsque les Palestiniens appellent au boycott d\u2019une institution ou au d\u00e9sinvestissement d\u2019une entreprise multinationale impliqu\u00e9e dans les violations par Isra\u00ebl de nos droits humains, nous appelons \u00e0 ce que le r\u00e9v\u00e9rend Martin Luther King, Jr. a formul\u00e9, dans son dernier discours en 1968\u00a0: \u00ab\u00a0<em>ne pas coop\u00e9rer avec un syst\u00e8me mal\u00e9fique\u00a0\u00bb.\u00a0<\/em>Agir ainsi n\u2019est gu\u00e8re charitable, encore moins h\u00e9ro\u00efque. C\u2019est une obligation morale profonde.<\/p>\n<p class=\"selectionShareable\">Cela implique de couper les liens de complicit\u00e9 avec le r\u00e9gime d\u2019occupation, le colonialisme de peuplement et l\u2019apartheid d\u2019Isra\u00ebl dans les domaines acad\u00e9mique, culturel, sportif, \u00e9conomique, financier, militaire et finalement diplomatique.<\/p>\n<p class=\"selectionShareable\">Mais pourquoi une personne moyenne en Occident aujourd\u2019hui devrait-elle se sentir solidaire de la lutte palestinienne pour les droits \u00e0 une \u00e9poque de n\u00e9olib\u00e9ralisme croissant, de ch\u00f4mage, de pauvret\u00e9, de racisme, de r\u00e9pression et de d\u00e9t\u00e9rioration des soins de sant\u00e9, de l\u2019\u00e9ducation et des infrastructures ?<\/p>\n<p class=\"selectionShareable\">Une r\u00e9ponse qui met l\u2019accent sur la dimension responsabilit\u00e9 de la solidarit\u00e9 est fournie par l\u2019ancien leader sud-africain anti-apartheid, l\u2019archev\u00eaque Desmond Tutu : \u00ab\u00a0<em>Si vous adoptez la neutralit\u00e9 dans les situations d\u2019injustice, vous choisissez le camp de l\u2019oppresseur<\/em>\u00a0\u00bb. Si vous \u00eates citoyen d\u2019une soci\u00e9t\u00e9 relativement d\u00e9mocratique, comme le Royaume-Uni, qui est profond\u00e9ment complice des crimes de guerre isra\u00e9liens contre les Palestiniens, les massacres au Y\u00e9men des Saoudiens et \u00c9miratis, du nettoyage ethnique au Myanmar ou d\u2019autres violations graves des droits humains, votre \u00ab\u00a0neutralit\u00e9\u00a0\u00bb \u00e9quivaut \u00e0 accepter votre complicit\u00e9 et, de fait, \u00e0 vous ranger du c\u00f4t\u00e9 de l\u2019oppresseur. Votre solidarit\u00e9, m\u00eame basique en vue de couper les liens criminels de votre \u00c9tat, ainsi que des entreprises ou des institutions qui y sont bas\u00e9es, devient un devoir moral.<\/p>\n<p class=\"selectionShareable\">Une r\u00e9ponse diff\u00e9rente, sugg\u00e9r\u00e9e par une d\u00e9claration de 2015 de plus de 1 000 intellectuels, artistes, militants et f\u00e9ministes noirs aux \u00c9tats-Unis, \u00e9voque la dimension intersectionnelle de la solidarit\u00e9, soulignant les liens organiques de l\u2019oppression et de la r\u00e9sistance :<\/p>\n<p class=\"selectionShareable\"><em>[N]ous d\u00e9clarons notre engagement \u00e0 travailler par des moyens culturels, \u00e9conomiques et politiques \u00e0 assurer la lib\u00e9ration de la Palestine en m\u00eame temps que nous travaillons \u00e0 la n\u00f4tre. \u2026 [N]ous visons \u00e0 peaufiner notre pratique de lutte commune contre le capitalisme, le colonialisme, l\u2019imp\u00e9rialisme et les divers racismes ancr\u00e9s dans, et autour de nos soci\u00e9t\u00e9s<\/em>.<\/p>\n<p class=\"selectionShareable\">\u00c0 un niveau sup\u00e9rieur de solidarit\u00e9, au-del\u00e0 de la responsabilit\u00e9 envers l\u2019autre opprim\u00e9, le terrain commun de r\u00e9sistance \u00e0 l\u2019oppression mondialis\u00e9e est ainsi reconnu et nourri.<\/p>\n<p class=\"selectionShareable\">La principale contribution du mouvement BDS \u00e0 la lib\u00e9ration palestinienne est son r\u00f4le non seulement dans l\u2019unification des Palestiniens, malgr\u00e9 les multiples phases de fragmentation sioniste-colonialiste, mais aussi dans la d\u00e9colonisation des esprits palestiniens contre le sentiment d\u2019une impuissance profond\u00e9ment ancr\u00e9e, et pour une praxis radicale d\u2019une r\u00e9sistance mondialis\u00e9e, intersectionnelle, de transformation et d\u2019\u00e9mancipation.<\/p>\n<p class=\"selectionShareable\">Aujourd\u2019hui, plus que jamais, les Palestiniens disent au monde que la vraie solidarit\u00e9 avec notre lutte pour la libert\u00e9, la justice et l\u2019\u00e9galit\u00e9 s\u2019\u00e9pelle BDS. Nous brisons chaque jour notre mur de la peur et nous n\u2019avons pas seulement besoin d\u2019un peu plus de courage de la part des r\u00e9volutionnaires et des personnes de conscience du monde entier. Nous avons besoin d\u2019un d\u00e9vouement significatif de leurs forces, comme le dit Frantz Fanon, \u00ab\u00a0<em>\u00a0pour que plus jamais il n\u2019y ait, sur la terre, de peuples asservis<\/em>\u00a0\u00ab\u00a0.<\/p>\n<p class=\"selectionShareable\">Omar Barghouti \u2013 Traduit par Fran\u00e7oise Verg\u00e8s<\/p>\n<p><b>Intervention que vous pouvez trouver dans son int\u00e9gralit\u00e9 ici :\u00a0<\/b><\/p>\n<p><iframe title=\"YouTube video player\" src=\"https:\/\/www.youtube.com\/embed\/EjB4_OGEJ6M\" width=\"560\" height=\"315\" frameborder=\"0\" allowfullscreen=\"allowfullscreen\"><\/iframe><\/p>\n<p><a href=\"https:\/\/qgdecolonial.fr\/2021\/12\/14\/palestine-solidarite-responsabilite-ethique-et-decolonisation\/\">Source <\/a><a href=\"https:\/\/qgdecolonial.fr\/2021\/12\/16\/islamophobie-et-palestine-usages-du-label-terrorisme-pour-faire-taire-les-militant-e-s-palestinien-ne-s-en-occident\/\"><img decoding=\"async\" src=\"http:\/\/qgdecolonial.fr\/wp-content\/uploads\/2021\/01\/LOGO-QG-300x60.jpg\" alt=\"QG Decolonial\" \/><\/a><\/p>\n<\/div>\n","protected":false},"excerpt":{"rendered":"<p>Intervention faite par Hatem Bazian, Palestinien, professeur \u00e0 l\u2019universit\u00e9 de Berkeley,\u00a0 le 10 d\u00e9cembre 2021 \u00e0 St Denis, \u00e0 l\u2019occasion de la conf\u00e9rence \u00ab Guerre permanente ou paix r\u00e9volutionnaire \u00bb\u00a0 Deux angles morts majeurs, qui existent dans la recherche actuelle sur l\u2019islamophobie, continuent d\u2019obscurcir et de limiter la port\u00e9e de son analyse critique.<\/p>\n","protected":false},"author":1,"featured_media":4790,"comment_status":"open","ping_status":"open","sticky":false,"template":"","format":"standard","meta":{"footnotes":""},"categories":[21,4,6,8,18,28],"tags":[448,493],"class_list":["post-5062","post","type-post","status-publish","format-standard","has-post-thumbnail","hentry","category-anti-imperialisme","category-islamophobie","category-palestine-moyen-orient","category-prisons","category-resistance-bruxelles","category-racismes","tag-hatem-bazian","tag-omar-barghouti"],"_links":{"self":[{"href":"https:\/\/bruxelles-pantheres.be\/index.php?rest_route=\/wp\/v2\/posts\/5062","targetHints":{"allow":["GET"]}}],"collection":[{"href":"https:\/\/bruxelles-pantheres.be\/index.php?rest_route=\/wp\/v2\/posts"}],"about":[{"href":"https:\/\/bruxelles-pantheres.be\/index.php?rest_route=\/wp\/v2\/types\/post"}],"author":[{"embeddable":true,"href":"https:\/\/bruxelles-pantheres.be\/index.php?rest_route=\/wp\/v2\/users\/1"}],"replies":[{"embeddable":true,"href":"https:\/\/bruxelles-pantheres.be\/index.php?rest_route=%2Fwp%2Fv2%2Fcomments&post=5062"}],"version-history":[{"count":1,"href":"https:\/\/bruxelles-pantheres.be\/index.php?rest_route=\/wp\/v2\/posts\/5062\/revisions"}],"predecessor-version":[{"id":5063,"href":"https:\/\/bruxelles-pantheres.be\/index.php?rest_route=\/wp\/v2\/posts\/5062\/revisions\/5063"}],"wp:featuredmedia":[{"embeddable":true,"href":"https:\/\/bruxelles-pantheres.be\/index.php?rest_route=\/wp\/v2\/media\/4790"}],"wp:attachment":[{"href":"https:\/\/bruxelles-pantheres.be\/index.php?rest_route=%2Fwp%2Fv2%2Fmedia&parent=5062"}],"wp:term":[{"taxonomy":"category","embeddable":true,"href":"https:\/\/bruxelles-pantheres.be\/index.php?rest_route=%2Fwp%2Fv2%2Fcategories&post=5062"},{"taxonomy":"post_tag","embeddable":true,"href":"https:\/\/bruxelles-pantheres.be\/index.php?rest_route=%2Fwp%2Fv2%2Ftags&post=5062"}],"curies":[{"name":"wp","href":"https:\/\/api.w.org\/{rel}","templated":true}]}}