{"id":5077,"date":"2022-01-30T16:59:30","date_gmt":"2022-01-30T15:59:30","guid":{"rendered":"https:\/\/bruxelles-pantheres.be\/?p=5077"},"modified":"2022-01-30T17:00:00","modified_gmt":"2022-01-30T16:00:00","slug":"video-de-la-rencontre-avec-norman-ajari-docteur-en-philosophie-autour-de-son-dernier-livre-noirceur","status":"publish","type":"post","link":"https:\/\/bruxelles-pantheres.be\/?p=5077","title":{"rendered":"Vid\u00e9o de la rencontre avec Norman Ajari, Docteur en philosophie, autour de son dernier livre \u00a0\u00bb Noirceur \u00ab\u00a0."},"content":{"rendered":"<p>Aymar Bisoka N. (UMons) et Mouhad Reghif (BP) en discussion avec Norman Ajari, Docteur en philosophie, autour de son dernier livre : \u00a0\u00bb Noirceur &#8211; Race, Genre, Classe et Pessimisme dans la pens\u00e9e africaine-am\u00e9ricaine au XXIe si\u00e8cle\u00a0\u00bb.<\/p>\n<p>Le livre est sorti le 14 janvier 2022 aux \u00c9ditions Divergences.<!--more--><\/p>\n<p>Rencontre organis\u00e9e le 22 janvier 2022 \u00e0 Bruxelles par Bruxelles Panth\u00e8res et la Librairie M\u00e9t\u00e9ores dans les locaux des Jeunes Organis\u00e9s et Combatifs &#8211; JOC Bruxelles<\/p>\n<p>Dans l\u2019histoire africaine-am\u00e9ricaine, le pessimisme ne porte pas sur les Noirs, mais sur la capacit\u00e9 de la soci\u00e9t\u00e9 blanche \u00e0 d\u00e9passer sa n\u00e9grophobie. Et si les id\u00e9es et r\u00e9formes que nous tenons pour progressistes n\u2019\u00e9taient que des m\u00e9tamorphoses du racisme ? \u00c0 l\u2019\u00e8re de Black Lives Matter, la permanence de la d\u00e9shumanisation et de la mise \u00e0 mort des Noirs appara\u00eet comme un socle de nos soci\u00e9t\u00e9s civiles. Ce livre s\u2019oppose aux visions simplistes, lisses ou ir\u00e9niques de la pens\u00e9e africaine-am\u00e9ricaine actuelle. L\u2019intersectionnalit\u00e9 n\u2019est pas la seule mani\u00e8re de penser race, genre et classe d\u2019un point de vue noir. Noirceur pr\u00e9sente un ensemble de th\u00e9ories iconoclastes, de d\u00e9bats contemporains et de strat\u00e9gies politiques pour repenser radicalement l\u2019avenir des vies noires en Am\u00e9rique et dans le monde.<\/p>\n<p style=\"text-align: center;\"><a href=\"https:\/\/bruxelles-pantheres.be\/?p=5064\">LIRE L\u2019introduction de Noirceur : POUR DES \u00c9TUDES NOIRES SANS COMPROMIS<\/a><\/p>\n<p style=\"text-align: center;\">\u00a0<iframe title=\"YouTube video player\" src=\"https:\/\/www.youtube.com\/embed\/3dx7TyfDWsY\" width=\"560\" height=\"315\" frameborder=\"0\" allowfullscreen=\"allowfullscreen\"><\/iframe><\/p>\n<p>&nbsp;<\/p>\n<p>&nbsp;<\/p>\n","protected":false},"excerpt":{"rendered":"<p>Aymar Bisoka N. (UMons) et Mouhad Reghif (BP) en discussion avec Norman Ajari, Docteur en philosophie, autour de son dernier livre : \u00a0\u00bb Noirceur &#8211; Race, Genre, Classe et Pessimisme dans la pens\u00e9e africaine-am\u00e9ricaine au XXIe si\u00e8cle\u00a0\u00bb. Le livre est sorti le 14 janvier 2022 aux \u00c9ditions Divergences.<\/p>\n","protected":false},"author":1,"featured_media":5065,"comment_status":"open","ping_status":"open","sticky":false,"template":"","format":"video","meta":{"footnotes":""},"categories":[1,21,36,7,18,17],"tags":[440,375,423,328],"class_list":["post-5077","post","type-post","status-publish","format-video","has-post-thumbnail","hentry","category-non-classe","category-anti-imperialisme","category-europe","category-negrophobie","category-resistance-bruxelles","category-video","tag-aymar-n-bisoka","tag-mouhad-reghif","tag-negrophobie","tag-norman-ajari","post_format-post-format-video"],"_links":{"self":[{"href":"https:\/\/bruxelles-pantheres.be\/index.php?rest_route=\/wp\/v2\/posts\/5077","targetHints":{"allow":["GET"]}}],"collection":[{"href":"https:\/\/bruxelles-pantheres.be\/index.php?rest_route=\/wp\/v2\/posts"}],"about":[{"href":"https:\/\/bruxelles-pantheres.be\/index.php?rest_route=\/wp\/v2\/types\/post"}],"author":[{"embeddable":true,"href":"https:\/\/bruxelles-pantheres.be\/index.php?rest_route=\/wp\/v2\/users\/1"}],"replies":[{"embeddable":true,"href":"https:\/\/bruxelles-pantheres.be\/index.php?rest_route=%2Fwp%2Fv2%2Fcomments&post=5077"}],"version-history":[{"count":1,"href":"https:\/\/bruxelles-pantheres.be\/index.php?rest_route=\/wp\/v2\/posts\/5077\/revisions"}],"predecessor-version":[{"id":5078,"href":"https:\/\/bruxelles-pantheres.be\/index.php?rest_route=\/wp\/v2\/posts\/5077\/revisions\/5078"}],"wp:featuredmedia":[{"embeddable":true,"href":"https:\/\/bruxelles-pantheres.be\/index.php?rest_route=\/wp\/v2\/media\/5065"}],"wp:attachment":[{"href":"https:\/\/bruxelles-pantheres.be\/index.php?rest_route=%2Fwp%2Fv2%2Fmedia&parent=5077"}],"wp:term":[{"taxonomy":"category","embeddable":true,"href":"https:\/\/bruxelles-pantheres.be\/index.php?rest_route=%2Fwp%2Fv2%2Fcategories&post=5077"},{"taxonomy":"post_tag","embeddable":true,"href":"https:\/\/bruxelles-pantheres.be\/index.php?rest_route=%2Fwp%2Fv2%2Ftags&post=5077"}],"curies":[{"name":"wp","href":"https:\/\/api.w.org\/{rel}","templated":true}]}}