{"id":508,"date":"2013-03-06T15:56:49","date_gmt":"2013-03-06T14:56:49","guid":{"rendered":"https:\/\/bruxelles-pantheres.be\/?p=508"},"modified":"2013-11-10T15:58:49","modified_gmt":"2013-11-10T14:58:49","slug":"mr-peres-recu-a-bruxelles-est-ce-bien-raisonnable","status":"publish","type":"post","link":"https:\/\/bruxelles-pantheres.be\/?p=508","title":{"rendered":"Mr Peres re\u00e7u \u00e0 Bruxelles, est-ce bien raisonnable ?"},"content":{"rendered":"<p><a href=\"http:\/\/www.rtbf.be\/info\/opinions\">OPINIONS<\/a> | mardi 5 mars 2013 \u00e0 15h54<\/p>\n<p><img decoding=\"async\" id=\"t1\" title=\"Victor Ginsburgh\" alt=\"Victor Ginsburgh\" src=\"http:\/\/ds3.ds.static.rtbf.be\/article\/square200\/3\/d\/b\/200_200_3a1459954243fbe8e9b93c8123c65717-1362495633.png\" \/><\/p>\n<aside>\n<div>\n<p>Victor Ginsburgh<\/p>\n<\/div>\n<\/aside>\n<header>Alors que certains professeurs de l\u2019ULB comme Marc Uyttendaele sont favorables \u00e0 une rencontre entre Shimon Peres et le recteur de l\u2019ULB, d\u2019autres le sont beaucoup moins. Comme Victor Ginsburgh, professeur \u00e9m\u00e9rite de la m\u00eame universit\u00e9 et observateur critique de la politique isra\u00e9lienne.<\/header>\n<p>Monsieur \u00ab\u00a0Indignez-vous\u00a0\u00bb vient de mourir et ce n\u2019est pas Monsieur l\u2019avocat Uyttendaele qui le remplacera. Est-il ignorant, de mauvaise foi ou les deux\u00a0?<!--more--><\/p>\n<p>M. <a href=\"http:\/\/archives.lesoir.be\/parfois-mieux-vaut-se-taire-que-grincer-des-dents_t-20130228-02ADFP.html?query=Uyttendaele&amp;firstHit=0&amp;by=10&amp;sort=datedesc&amp;when=-1&amp;queryor=Uyttendaele&amp;pos=2&amp;all=935&amp;nav=1\" target=\"_blank\">Uyttendaele<\/a> est favorable \u00e0 une rencontre entre le Recteur de l\u2019ULB, M. Viviers et le Pr\u00e9sident de l\u2019Etat d\u2019Isra\u00ebl, M. Peres. Je sais que M. Peres est docteur honoris causa de l\u2019ULB, que le Recteur, tout en \u00e9tant tr\u00e8s prudent, a d\u00e8s lors une obligation \u00e0 laquelle il ne peut sans doute pas se soustraire.<\/p>\n<p><strong>Les organisateurs de la rencontre<\/strong><\/p>\n<p>Il faut cependant savoir que la rencontre est organis\u00e9e par le Comit\u00e9 de Coordination des Organisations Juives de Belgique (CCOJB), ceux-l\u00e0 m\u00eame qui ne perdent pas une occasion de critiquer l\u2019ULB, notamment lorsque son Conseil d\u2019Administration a d\u00e9cid\u00e9 de reconna\u00eetre le Cercle Etudiant BDS (Boycott, Divestment and Sanction) en juillet 2012.<\/p>\n<p>Je suis d\u2019origine juive et attach\u00e9 \u00e0 plusieurs titres \u00e0 l\u2019ULB. J\u2019y ai fait mes \u00e9tudes et j\u2019y ai enseign\u00e9 comme professeur entre 1972 et 2004. J\u2019y suis maintenant chercheur. Comme plusieurs autres, \u00e9galement d\u2019origine juive, j\u2019ai soutenu le Conseil d\u2019Administration de l\u2019ULB dans une <em>Carte Blanche<\/em> qui avait pour titre \u00ab\u00a0Le boycott d\u2019Isra\u00ebl\u00a0: une opinion d\u00e9lictueuse\u00a0?\u00a0\u00bb parue le 13 juillet 2012 dans <em>Le Soir<\/em>.<\/p>\n<p>Nous n\u2019y d\u00e9fendions ni ne soutenions le droit de boycotter l\u2019Etat d\u2019Isra\u00ebl. Quelles qu\u2019aient \u00e0 l\u2019\u00e9poque \u00e9t\u00e9 nos opinions, l\u00e0 n\u2019\u00e9tait pas notre propos. Notre propos \u00e9tait de d\u00e9fendre le Conseil d\u2019Administration, qui apr\u00e8s s\u2019\u00eatre d\u00fbment inform\u00e9 sur la question, avait d\u00e9cid\u00e9 de reconna\u00eetre ce fameux cercle BDS. Cette d\u00e9cision a fait couler beaucoup d\u2019encre et de poison contre l\u2019ULB du c\u00f4t\u00e9 des organisations juives de Belgique, y compris du CCOJB, dont le Professeur Sosnowski de l\u2019ULB est le pr\u00e9sident.<\/p>\n<p><strong>Le pr\u00e9sident Peres<\/strong><\/p>\n<p>Voici sur la forme. Sur le fond, M. Peres n\u2019a pas toujours \u00e9t\u00e9 la blanche colombe que l\u2019on croit. Il a \u00e9t\u00e9 le prot\u00e9g\u00e9 de Ben Gourion, dont on sait pertinemment bien aujourd\u2019hui qu\u2019il a souvent ferm\u00e9 les yeux et s\u2019est bouch\u00e9 le nez lors des expulsions de palestiniens en 1947-48. M. Peres a \u00e9t\u00e9 un des premiers \u00e0 encourager la cr\u00e9ation de colonies dans les territoires occup\u00e9s durant les ann\u00e9es 1970. Il a \u00e9t\u00e9, comme la plupart des officiels isra\u00e9liens, oppos\u00e9 \u00e0 des discussions avec l\u2019OLP d\u2019Arafat. Il a essay\u00e9 de circonvenir ce dernier en se concertant avec le Roi Hussein de Jordanie. Par la suite, et malgr\u00e9 l\u2019un ou l\u2019autre soubresaut de courage de temps \u00e0 autre, il a navigu\u00e9 en eau trouble et a fini par devenir un pr\u00e9sident qui comme la plupart de pr\u00e9sidents n\u2019a pas beaucoup de pouvoir.<\/p>\n<p>Il n\u2019a d\u2019aucune fa\u00e7on r\u00e9ussi \u00e0 arr\u00eater la fondation d\u2019une universit\u00e9 isra\u00e9lienne en territoire occup\u00e9 (Ariel University, dans la colonie d\u2019Ariel), ce qui va \u00e0 l\u2019encontre de tous les principes de droit international. En 2012, le Conseil des Pr\u00e9sidents des Universit\u00e9s isra\u00e9liennes a d\u00e9pos\u00e9 une requ\u00eate aupr\u00e8s la Cour Supr\u00eame d\u2019Isra\u00ebl (High Court of Justice) contre la reconnaissance de l\u2019appellation Universit\u00e9 d\u2019Ariel de ce qui, \u00e0 l\u2019\u00e9poque, n\u2019\u00e9tait que le Centre universitaire d\u2019Ariel. En vain.<\/p>\n<p>La d\u00e9cision finale de nommer \u00ab\u00a0Universit\u00e9\u00a0\u00bb ce Centre (je r\u00e9p\u00e8te, ill\u00e9gal en droit international) a \u00e9t\u00e9 prise \u00e0 la sauvette, apr\u00e8s une convocation de derni\u00e8re minute du Conseil de l\u2019Education Sup\u00e9rieure isra\u00e9lien en pr\u00e9sence de 11 membres sur les 24 de la <a href=\"http:\/\/www.haaretz.com\/news\/national\/ariel-university-s-status-endorsed-by-less-than-half-of-national-educational-body.premium-1.492922\" target=\"_blank\">Commission qui devait statuer<\/a>. Il faut ajouter que cette universit\u00e9, situ\u00e9e en Palestine occup\u00e9e, n\u2019accepte que des \u00e9tudiants isra\u00e9liens (Juifs et autres) et pas des palestiniens.<\/p>\n<p>M. Uyttendaele, vous qui \u00eates professeur dans la m\u00eame universit\u00e9 que moi, vous qui vous d\u00e9clarez un \u00ab\u00a0partisan inconditionnel de la cr\u00e9ation d\u2019un Etat palestinien\u00a0\u00bb, vous auriez d\u00fb avoir entendu parler de la construction de cette universit\u00e9 en territoire occup\u00e9, qui n\u2019accepte pas d\u2019\u00e9tudiants palestiniens et qui est faite \u00e0 l\u2019encontre de tous les principes de droit international. Je r\u00e9p\u00e8te, vous auriez d\u00fb le savoir. Apr\u00e8s tout, sauf erreur, vous \u00eates juriste, non\u00a0?<\/p>\n<p>Victor Ginsburgh<\/p>\n<p><em>Sp\u00e9cialiste de l\u2019\u00e9conomie de la culture, Victor Ginsburgh est aussi un pol\u00e9miste et un observateur engag\u00e9 de l\u2019\u00e9volution du Proche-Orient. Juif, il plaide depuis longtemps pour une autre politique de la part d\u2019Isra\u00ebl.<\/em><\/p>\n<p><a href=\"http:\/\/www.rtbf.be\/info\/opinions\/detail_mr-peres-recu-a-bruxelles-est-ce-bien-raisonnable?id=7941022\">Source<\/a><\/p>\n","protected":false},"excerpt":{"rendered":"<p>OPINIONS | mardi 5 mars 2013 \u00e0 15h54 Victor Ginsburgh Alors que certains professeurs de l\u2019ULB comme Marc Uyttendaele sont favorables \u00e0 une rencontre entre Shimon Peres et le recteur de l\u2019ULB, d\u2019autres le sont beaucoup moins. Comme Victor Ginsburgh, professeur \u00e9m\u00e9rite de la m\u00eame universit\u00e9 et observateur critique de la politique isra\u00e9lienne. Monsieur \u00ab\u00a0Indignez-vous\u00a0\u00bb &#8230; <a title=\"Mr Peres re\u00e7u \u00e0 Bruxelles, est-ce bien raisonnable ?\" class=\"read-more\" href=\"https:\/\/bruxelles-pantheres.be\/?p=508\" aria-label=\"En savoir plus sur Mr Peres re\u00e7u \u00e0 Bruxelles, est-ce bien raisonnable ?\">Lire la suite<\/a><\/p>\n","protected":false},"author":1,"featured_media":509,"comment_status":"open","ping_status":"open","sticky":false,"template":"","format":"standard","meta":{"footnotes":""},"categories":[21,6,18,28],"tags":[31,14,13,15],"class_list":["post-508","post","type-post","status-publish","format-standard","has-post-thumbnail","hentry","category-anti-imperialisme","category-palestine-moyen-orient","category-resistance-bruxelles","category-racismes","tag-belgique","tag-bruxelles","tag-nordine-saidi","tag-resistance"],"_links":{"self":[{"href":"https:\/\/bruxelles-pantheres.be\/index.php?rest_route=\/wp\/v2\/posts\/508","targetHints":{"allow":["GET"]}}],"collection":[{"href":"https:\/\/bruxelles-pantheres.be\/index.php?rest_route=\/wp\/v2\/posts"}],"about":[{"href":"https:\/\/bruxelles-pantheres.be\/index.php?rest_route=\/wp\/v2\/types\/post"}],"author":[{"embeddable":true,"href":"https:\/\/bruxelles-pantheres.be\/index.php?rest_route=\/wp\/v2\/users\/1"}],"replies":[{"embeddable":true,"href":"https:\/\/bruxelles-pantheres.be\/index.php?rest_route=%2Fwp%2Fv2%2Fcomments&post=508"}],"version-history":[{"count":1,"href":"https:\/\/bruxelles-pantheres.be\/index.php?rest_route=\/wp\/v2\/posts\/508\/revisions"}],"predecessor-version":[{"id":510,"href":"https:\/\/bruxelles-pantheres.be\/index.php?rest_route=\/wp\/v2\/posts\/508\/revisions\/510"}],"wp:featuredmedia":[{"embeddable":true,"href":"https:\/\/bruxelles-pantheres.be\/index.php?rest_route=\/wp\/v2\/media\/509"}],"wp:attachment":[{"href":"https:\/\/bruxelles-pantheres.be\/index.php?rest_route=%2Fwp%2Fv2%2Fmedia&parent=508"}],"wp:term":[{"taxonomy":"category","embeddable":true,"href":"https:\/\/bruxelles-pantheres.be\/index.php?rest_route=%2Fwp%2Fv2%2Fcategories&post=508"},{"taxonomy":"post_tag","embeddable":true,"href":"https:\/\/bruxelles-pantheres.be\/index.php?rest_route=%2Fwp%2Fv2%2Ftags&post=508"}],"curies":[{"name":"wp","href":"https:\/\/api.w.org\/{rel}","templated":true}]}}