{"id":5084,"date":"2022-02-06T17:36:18","date_gmt":"2022-02-06T16:36:18","guid":{"rendered":"https:\/\/bruxelles-pantheres.be\/?p=5084"},"modified":"2022-02-06T17:36:18","modified_gmt":"2022-02-06T16:36:18","slug":"soutien-aux-4-condamne-e-s-du-proces-de-la-maquette-de-la-maxi-prison","status":"publish","type":"post","link":"https:\/\/bruxelles-pantheres.be\/?p=5084","title":{"rendered":"Soutien aux 4 condamn\u00e9.e.s du proc\u00e8s de la maquette de la maxi-prison"},"content":{"rendered":"<div><strong>Samedi 19 f\u00e9vrier 2022<\/strong><br \/>\n<strong>La justice \u00e0 l\u2019envers : Journ\u00e9e de soutien aux 4 condamn\u00e9.e.s du proc\u00e8s de la maquette de la maxi-prison<\/strong><\/p>\n<p>C\u2019est le moment de s\u2019informer. C\u2019est le moment de se revoir. C\u2019est le moment de poser un acte solidaire en action pour construire l\u2019avenir autant de la soci\u00e9t\u00e9 mais aussi de la lutte qui continue.\u00a0Venez nous rejoindre dans cette nouvelle dynamique apr\u00e8s cette p\u00e9riode de tr\u00eave!<\/p>\n<p><!--more--><\/div>\n<div>\n<div><strong>15 \u00e0 17h:\u00a0Promenade autour du chantier de la maxi-prison<\/strong><\/p>\n<p>Avec une expo photo\u00a0<strong><em>En vis \u00e0 vis<\/em><\/strong><br \/>\nUn extrait de l\u2019enqu\u00eate photographique du \u00ab\u00a0village p\u00e9nitentiaire\u00a0\u00bb. Des habitant.e.s de Kurghemstraat et de la rue du Witloof t\u00e9moignent de leurs v\u00e9cus aux portes d\u2019une maxi-prison en construction.<br \/>\n<strong>RDV<\/strong>\u00a0\u00e0 15h \u00e0 la rue de Chicon\/Witloof, 1130 Haren (pr\u00e8s de l\u2019arr\u00eat Witloof du bus 65)<\/p>\n<p><strong>17h:\u00a06 heures de solidarit\u00e9 avec les 4 condamn\u00e9.e.s<\/strong><\/p>\n<p><strong>#<\/strong>\u00a0<em><strong>&amp; Patati &amp; Patata<\/strong><\/em>\u00a0: Expo de R, une chronique illustr\u00e9e de la lutte du Keelbeek contre la maxi-prison<br \/>\n<strong>#<\/strong>\u00a0<strong>Expo\u00a0<em>Keelbeek Libre<\/em><\/strong>\u00a0: des archives de notre parcours<br \/>\n<strong>#<\/strong>\u00a0<strong>Evasions Po\u00e9tiques<\/strong>\u00a0: Pr\u00e9sentation du livret<br \/>\n<strong>#<\/strong>\u00a0<strong>Ni Prison Ni B\u00e9ton<\/strong>\u00a0: Pr\u00e9sentation du livre<br \/>\n<strong>#<\/strong>\u00a0Pr\u00e9sentation de l\u2019\u00e9tat d\u2019avancement de la maxi-prison<br \/>\n<strong>#<\/strong>\u00a0<strong>Atelier chant militant<\/strong><br \/>\n<strong>19h:<\/strong>\u00a0Table d\u2019h\u00f4te<br \/>\n<strong>21h:<\/strong>\u00a0Musette Keelbeek<\/p>\n<p><strong>A l\u2019\u00e9cole Kameleon<\/strong>\u00a0(10 rue Servandoni \u00e0 Haren)<br \/>\n<strong>Entr\u00e9e libre<\/strong><\/p>\n<p>* Venez avec de l\u2019argent liquide car il n\u2019y a pas de distributeur de billet \u00e0 Haren<br \/>\n* Tenez compte des mesures covid<\/p><\/div>\n<\/div>\n<div>\n<strong>Pour soutenir les 4 condamn\u00e9.e.s :<\/strong><br \/>\n<strong>\u00ab\u00a0Soutien proc\u00e8s maquette\u00a0\u00bb BE66 5230 4745 8943<\/strong><\/div>\n<div><\/div>\n<div><strong><img decoding=\"async\" class=\"CToWUd a6T\" tabindex=\"0\" src=\"https:\/\/ci3.googleusercontent.com\/proxy\/GF6OCc1oDYGTDinHn_V3Jz1Fytf1sIGRLKmrg41BuBNy6cnZRZlwFJVtmGx5XDzdfSRQ6fxsq4ICP_VNtOqbQmuBZkDktuu2JTfS_8yvZDrvDZpizDvQ3iXUHyH4rZdGHqA=s0-d-e1-ft#https:\/\/doc.titom.be\/procesmaquette\/tract_soutien19fevrier2022-horizontal-c.jpg\" width=\"1200\" height=\"551\" \/><\/strong><\/div>\n","protected":false},"excerpt":{"rendered":"<p>Samedi 19 f\u00e9vrier 2022 La justice \u00e0 l\u2019envers : Journ\u00e9e de soutien aux 4 condamn\u00e9.e.s du proc\u00e8s de la maquette de la maxi-prison C\u2019est le moment de s\u2019informer. C\u2019est le moment de se revoir. C\u2019est le moment de poser un acte solidaire en action pour construire l\u2019avenir autant de la soci\u00e9t\u00e9 mais aussi de la &#8230; <a title=\"Soutien aux 4 condamn\u00e9.e.s du proc\u00e8s de la maquette de la maxi-prison\" class=\"read-more\" href=\"https:\/\/bruxelles-pantheres.be\/?p=5084\" aria-label=\"En savoir plus sur Soutien aux 4 condamn\u00e9.e.s du proc\u00e8s de la maquette de la maxi-prison\">Lire la suite<\/a><\/p>\n","protected":false},"author":1,"featured_media":2912,"comment_status":"open","ping_status":"open","sticky":false,"template":"","format":"standard","meta":{"footnotes":""},"categories":[8,5],"tags":[238],"class_list":["post-5084","post","type-post","status-publish","format-standard","has-post-thumbnail","hentry","category-prisons","category-violence-policiere","tag-haren"],"_links":{"self":[{"href":"https:\/\/bruxelles-pantheres.be\/index.php?rest_route=\/wp\/v2\/posts\/5084","targetHints":{"allow":["GET"]}}],"collection":[{"href":"https:\/\/bruxelles-pantheres.be\/index.php?rest_route=\/wp\/v2\/posts"}],"about":[{"href":"https:\/\/bruxelles-pantheres.be\/index.php?rest_route=\/wp\/v2\/types\/post"}],"author":[{"embeddable":true,"href":"https:\/\/bruxelles-pantheres.be\/index.php?rest_route=\/wp\/v2\/users\/1"}],"replies":[{"embeddable":true,"href":"https:\/\/bruxelles-pantheres.be\/index.php?rest_route=%2Fwp%2Fv2%2Fcomments&post=5084"}],"version-history":[{"count":1,"href":"https:\/\/bruxelles-pantheres.be\/index.php?rest_route=\/wp\/v2\/posts\/5084\/revisions"}],"predecessor-version":[{"id":5085,"href":"https:\/\/bruxelles-pantheres.be\/index.php?rest_route=\/wp\/v2\/posts\/5084\/revisions\/5085"}],"wp:featuredmedia":[{"embeddable":true,"href":"https:\/\/bruxelles-pantheres.be\/index.php?rest_route=\/wp\/v2\/media\/2912"}],"wp:attachment":[{"href":"https:\/\/bruxelles-pantheres.be\/index.php?rest_route=%2Fwp%2Fv2%2Fmedia&parent=5084"}],"wp:term":[{"taxonomy":"category","embeddable":true,"href":"https:\/\/bruxelles-pantheres.be\/index.php?rest_route=%2Fwp%2Fv2%2Fcategories&post=5084"},{"taxonomy":"post_tag","embeddable":true,"href":"https:\/\/bruxelles-pantheres.be\/index.php?rest_route=%2Fwp%2Fv2%2Ftags&post=5084"}],"curies":[{"name":"wp","href":"https:\/\/api.w.org\/{rel}","templated":true}]}}