{"id":5087,"date":"2022-02-14T08:22:53","date_gmt":"2022-02-14T07:22:53","guid":{"rendered":"https:\/\/bruxelles-pantheres.be\/?p=5087"},"modified":"2022-02-14T08:23:15","modified_gmt":"2022-02-14T07:23:15","slug":"letat-belge-a-nouveau-devant-la-cedh-pour-un-crime-policier","status":"publish","type":"post","link":"https:\/\/bruxelles-pantheres.be\/?p=5087","title":{"rendered":"L&rsquo;\u00c9tat belge \u00e0 nouveau devant la CEDH pour un crime policier."},"content":{"rendered":"<div style=\"text-align: center;\">Communiqu\u00e9 de Presse<\/div>\n<div><\/div>\n<div>\n<div dir=\"auto\">Le 26 mars 2013, H. B. 39 ans, a \u00e9t\u00e9 abattu par la police\u00a0 sur l\u2019A8 entre Tournai et Bruxelles au terme d\u2019une course-poursuite et d\u2019une fusillade.<\/div>\n<p><span class=\"im\">Aujourd&rsquo;hui sa s\u0153ur porte plainte contre la Belgique devant la Cour europ\u00e9enne \u00e0 Strasbourg.<\/span><\/p>\n<\/div>\n<div>\n<div>Rappel des faits :<\/div>\n<\/div>\n<p><!--more--><\/p>\n<div>H. B. faisait l\u2019objet de deux instructions pour un braquage et pour appartenance \u00e0 une organisation terroriste.<\/div>\n<p><span class=\"im\">Il ressort du dossier que c&rsquo;est un ancien militaire fran\u00e7ais, qu&rsquo;il est instable et qu&rsquo;il a des probl\u00e8mes psychiatriques.<br \/>\n<\/span><\/p>\n<div>Le 26 mars, Madame GRUWEZ ordonne son arrestation. Une \u00e9quipe de la DGSU est mandat\u00e9e pour arr\u00eater Monsieur.<\/div>\n<div dir=\"auto\">La DGSU, ce sont des unit\u00e9s sp\u00e9ciales. Ils sont \u00e9quip\u00e9s, entra\u00een\u00e9s, quasiment des paramilitaires.<\/div>\n<p><span class=\"im\">Le 26 mars donc \u00e0 11h30 l\u2019\u00e9quipe se rend au domicile de H. B. \u00e0 Anderlecht. Monsieur sort, il est souriant, content et porte des lunettes de soleil. C\u2019est ce que l\u2019\u00e9quipe indique. Ils d\u00e9cident de ne pas l\u2019arr\u00eater.<br \/>\n<\/span>Monsieur monte dans son v\u00e9hicule. Pour une raison inexpliqu\u00e9e jusqu\u2019ici, l\u2019\u00e9quipe prend donc la d\u00e9cision de ne pas l\u2019arr\u00eater et de le suivre. Une autre \u00e9quipe d\u2019intervention les rejoint, ainsi que des v\u00e9hicules d\u2019observation. Les membres des unit\u00e9s sp\u00e9ciales sont donc 14 \u00e0 \u00eatre impliqu\u00e9s dans l&rsquo;op\u00e9ration. H. B. quitte Bruxelles, prend l\u2019autoroute, toujours suivi et sur \u00e9coute. Il semble qu\u2019il parle tout seul pendant tout ce temps.<span class=\"im\"><br \/>\nIl s\u2019arr\u00eate \u00e0 Leuze sur le parking d\u2019une soci\u00e9t\u00e9 qui vend des armes, du mat\u00e9riel militaire et du mat\u00e9riel pour la police. On peut quand m\u00eame imaginer qu\u2019au moins un des huit membres des services des unit\u00e9s sp\u00e9ciales le sait.<br \/>\nH. B. descend de sa voiture. Il n\u2019est pas arm\u00e9. On ne l\u2019arr\u00eate toujours pas.<br \/>\n<\/span>Il entre dans la soci\u00e9t\u00e9. Il y reste plus d&rsquo;une demi-heure.<span class=\"im\"><br \/>\nIl ressort, il marche sur le parking jusqu\u2019\u00e0 sa voiture et on ne l\u2019arr\u00eate toujours pas.<br \/>\nSans \u00eatre d\u00e9tective, quand un amateur d\u2019armes se rend dans une soci\u00e9t\u00e9 qui vend des armes, on peut quand m\u00eame imaginer qu\u2019il risque d\u2019en ressortir avec une arme. C\u2019est un peu l\u2019objectif.<br \/>\nH. B. reprend donc sa voiture et retourne sur l\u2019autoroute.<br \/>\nA 14h, soudainement, sans aucune explication compr\u00e9hensible, les \u00e9quipes de la DGSU d\u00e9cident de proc\u00e9der \u00e0 l\u2019arrestation. A 140 km\/h.<br \/>\nLa premi\u00e8re voiture fait une queue de poisson. La voiture de H. B. est accident\u00e9e, se retrouve \u00e0 contre-sens et coinc\u00e9e entre la berne et les deux voitures de police.<br \/>\n<\/span>L\u00e0 un policier dit qu\u2019il a vu une arme. On n\u2019aura jamais que sa parole. Pas moins de 24 coups de feu sont alors tir\u00e9s par 5 policiers en direction de son v\u00e9hicule et touchent H. B.\u00a0 \u00e0 neuf reprises. Lui n&rsquo;a pas tir\u00e9 une seule balle.<br \/>\nAlors non, on ne peut pas parler de l\u00e9gitime d\u00e9fense ou de r\u00e9action proportionn\u00e9e.<\/p>\n<p>Les policiers avaient plusieurs occasions de l\u2019arr\u00eater, devant son domicile, au moment o\u00f9 il monte dans sa voiture, sur le parking, sur la route de campagne avant qu\u2019il ne rejoigne l\u2019autoroute \u2026 bref l\u2019op\u00e9ration spectaculaire sur l\u2019autoroute \u00e9tait aussi inutile que dangereuse.<br \/>\nLes policiers inculp\u00e9s avaient la mission d\u2019arr\u00eater H. B. Pas de \u00ab\u00a0le prendre mort ou vif\u00a0\u00bb.<br \/>\nLa mani\u00e8re dont ils s\u2019y sont pris a mis tout le monde en danger.<br \/>\nEt le fait qu\u2019il \u00e9tait pr\u00e9sum\u00e9 de terrorisme n&rsquo;y change rien.<\/p>\n<p>Et il y a pire. La sc\u00e8ne de l\u2019interpellation a \u00e9t\u00e9 enregistr\u00e9e par un micro plac\u00e9 dans la voiture.<\/p>\n<div dir=\"auto\">Cet enregistrement laisse entendre qu\u2019il y a eu des coups de feu apr\u00e8s la premi\u00e8re rafale qui a immobilis\u00e9 Monsieur B.<\/div>\n<div>Monsieur B. aurait-il \u00e9t\u00e9 achev\u00e9 ?<\/div>\n<p><span class=\"im\">Dans cet enregistrement, on entend les policiers se parler entre eux. Et ce qu&rsquo;ils disent est interpellant\u00a0 : \u00ab\u00a0toute l\u2019adr\u00e9naline qu\u2019on se tape les gars !\u00a0\u00bb; \u00ab\u00a0en plein mille dans le nez gros connard\u00a0\u00bb; \u00ab\u00a0l&rsquo;op\u00e9ration a \u00e9t\u00e9 ex\u00e9cut\u00e9e nickel\u00a0\u00bb;\u00a0\u00bb\u00e7a va le faire, je suis flic\u00a0\u00bb.<br \/>\n<\/span><\/p>\n<div>En Belgique \u00e7a ne choque pas le parquet, ni les juridictions d&rsquo;instruction ce genre de r\u00e9flexion ?<\/div>\n<div><\/div>\n<div dir=\"auto\">Pourquoi avoir essay\u00e9 d\u2019arr\u00eater H. B. sur une\u00a0 autoroute en plein apr\u00e8s-midi en cr\u00e9ant du danger ? C\u2019est incompr\u00e9hensible. Sauf si l&rsquo;on a voulu ex\u00e9cuter quelqu&rsquo;un plut\u00f4t que l&rsquo;arr\u00eater.<\/div>\n<div><\/div>\n<div dir=\"auto\">De cette ex\u00e9cution, de ce meurtre commis et couvert par l&rsquo;Etat, nous verrons ce qu&rsquo;en dit la Cour europ\u00e9enne.<\/div>\n","protected":false},"excerpt":{"rendered":"<p>Communiqu\u00e9 de Presse Le 26 mars 2013, H. B. 39 ans, a \u00e9t\u00e9 abattu par la police\u00a0 sur l\u2019A8 entre Tournai et Bruxelles au terme d\u2019une course-poursuite et d\u2019une fusillade. Aujourd&rsquo;hui sa s\u0153ur porte plainte contre la Belgique devant la Cour europ\u00e9enne \u00e0 Strasbourg. Rappel des faits :<\/p>\n","protected":false},"author":1,"featured_media":5088,"comment_status":"open","ping_status":"open","sticky":false,"template":"","format":"standard","meta":{"footnotes":""},"categories":[28,5],"tags":[54],"class_list":["post-5087","post","type-post","status-publish","format-standard","has-post-thumbnail","hentry","category-racismes","category-violence-policiere","tag-police"],"_links":{"self":[{"href":"https:\/\/bruxelles-pantheres.be\/index.php?rest_route=\/wp\/v2\/posts\/5087","targetHints":{"allow":["GET"]}}],"collection":[{"href":"https:\/\/bruxelles-pantheres.be\/index.php?rest_route=\/wp\/v2\/posts"}],"about":[{"href":"https:\/\/bruxelles-pantheres.be\/index.php?rest_route=\/wp\/v2\/types\/post"}],"author":[{"embeddable":true,"href":"https:\/\/bruxelles-pantheres.be\/index.php?rest_route=\/wp\/v2\/users\/1"}],"replies":[{"embeddable":true,"href":"https:\/\/bruxelles-pantheres.be\/index.php?rest_route=%2Fwp%2Fv2%2Fcomments&post=5087"}],"version-history":[{"count":2,"href":"https:\/\/bruxelles-pantheres.be\/index.php?rest_route=\/wp\/v2\/posts\/5087\/revisions"}],"predecessor-version":[{"id":5090,"href":"https:\/\/bruxelles-pantheres.be\/index.php?rest_route=\/wp\/v2\/posts\/5087\/revisions\/5090"}],"wp:featuredmedia":[{"embeddable":true,"href":"https:\/\/bruxelles-pantheres.be\/index.php?rest_route=\/wp\/v2\/media\/5088"}],"wp:attachment":[{"href":"https:\/\/bruxelles-pantheres.be\/index.php?rest_route=%2Fwp%2Fv2%2Fmedia&parent=5087"}],"wp:term":[{"taxonomy":"category","embeddable":true,"href":"https:\/\/bruxelles-pantheres.be\/index.php?rest_route=%2Fwp%2Fv2%2Fcategories&post=5087"},{"taxonomy":"post_tag","embeddable":true,"href":"https:\/\/bruxelles-pantheres.be\/index.php?rest_route=%2Fwp%2Fv2%2Ftags&post=5087"}],"curies":[{"name":"wp","href":"https:\/\/api.w.org\/{rel}","templated":true}]}}