{"id":5091,"date":"2022-02-20T18:38:44","date_gmt":"2022-02-20T17:38:44","guid":{"rendered":"https:\/\/bruxelles-pantheres.be\/?p=5091"},"modified":"2022-02-20T18:49:01","modified_gmt":"2022-02-20T17:49:01","slug":"lapartheid-disrael-contre-les-palestiniens","status":"publish","type":"post","link":"https:\/\/bruxelles-pantheres.be\/?p=5091","title":{"rendered":"L\u2019apartheid d\u2019Isra\u00ebl contre les Palestiniens &#8230;"},"content":{"rendered":"<p><em>Saleh Hijazi, d\u2019Amnesty International, parle \u00e0 +972 du r\u00e9cent rapport de son organisation, de la s\u00e9v\u00e8re r\u00e9ponse du gouvernement isra\u00e9lien et explique pourquoi notre analyse de l\u2019apartheid isra\u00e9lien doit commencer \u00e0 partir de 1948.<\/em><!--more--><\/p>\n<div class=\"wp-block-image\">\n<figure class=\"aligncenter size-large\"><img decoding=\"async\" class=\"wp-image-39600 aligncenter\" src=\"https:\/\/agencemediapalestine.fr\/wp-content\/uploads\/2022\/02\/am.jpg\" sizes=\"(max-width: 635px) 100vw, 635px\" srcset=\"https:\/\/agencemediapalestine.fr\/wp-content\/uploads\/2022\/02\/am.jpg 635w, https:\/\/agencemediapalestine.fr\/wp-content\/uploads\/2022\/02\/am-300x188.jpg 300w\" alt=\"\" width=\"635\" height=\"398\" \/><\/figure>\n<\/div>\n<p><em>Des membres d\u2019Amnesty International, dont Saleh Hijazi (\u00e0 gauche), tiennent une conf\u00e9rence de presse \u00e0 J\u00e9rusalem pour annoncer la publication du rapport de l\u2019organisation sur l\u2019apartheid isra\u00e9lien, le 1er f\u00e9vrier 2022. (Oren Ziv)<\/em><\/p>\n<p>M\u00eame avant que ne soit rendue publique la bombe qu\u2019est le nouveau rapport d\u2019Amnesty International sur Isra\u00ebl-Palestine, mardi matin, le gouvernement isra\u00e9lien et quelques-unes des plus importantes organisations pro-Isra\u00ebl du monde entier \u00e9taient partis \u00e0 l\u2019offensive. Le rapport, intitul\u00e9 \u00ab\u00a0<a href=\"https:\/\/www.amnesty.org\/en\/documents\/mde15\/5141\/2022\/en\/\">L\u2019Apartheid d\u2019Isra\u00ebl contre les Palestiniens : un syst\u00e8me cruel de domination et un crime contre l\u2019humanit\u00e9<\/a>\u00a0\u00bb avait \u00e9t\u00e9 divulgu\u00e9 au gouvernement isra\u00e9lien, au Bureau des repr\u00e9sentants des Britanniques juifs et \u00e0 la Ligue anti-diffamation bas\u00e9e aux Etats-Unis, chacun accusant vertement Amnesty International d\u2019<a href=\"https:\/\/www.timesofisrael.com\/lapid-attacks-delusional-amnesty-uk-ahead-of-report-accusing-israel-of-apartheid\/\">antis\u00e9mitisme<\/a>\u00a0pur et simple.<\/p>\n<p>Il n\u2019est pas difficile de voir pourquoi Isra\u00ebl et ses supporters se sentent le dos au mur. Le rapport de 280 pages de l\u2019organisation vedette des droits humains dans le monde est un acte d\u2019accusation accablant de ce qu\u2019Amnesty appelle le \u00ab\u00a0syst\u00e8me d\u2019oppression et de domination d\u2019Isra\u00ebl contre le peuple palestinien, partout o\u00f9 il contr\u00f4le leurs droits\u00a0\u00bb, y compris dans les territoires occup\u00e9s, en Isra\u00ebl et l\u00e0 o\u00f9 vivent des r\u00e9fugi\u00e9s palestiniens. L\u2019enqu\u00eate inclut des d\u00e9tails sur l\u2019occupation militaire d\u2019Isra\u00ebl, la s\u00e9gr\u00e9gation, la torture, la confiscation de terres, les restrictions sur les d\u00e9placements et le d\u00e9ni de citoyennet\u00e9 et de nationalit\u00e9, entre autres violations.<\/p>\n<p>Mais le rapport d\u2019Amnesty n\u2019est pas purement descriptif. Comme de r\u00e9cents rapports similaires par des organisations de d\u00e9fense des droits humains, comme\u00a0<a href=\"https:\/\/www.hrw.org\/report\/2021\/04\/27\/threshold-crossed\/israeli-authorities-and-crimes-apartheid-and-persecution\">Human Rights Watch<\/a>\u00a0(HRW) et\u00a0<a href=\"https:\/\/www.btselem.org\/publications\/fulltext\/202101_this_is_apartheid\">B\u2019Tselem<\/a>, Amnesty demande que le r\u00e9gime d\u2019apartheid d\u2019Isra\u00ebl soit d\u00e9mantel\u00e9 et que la Cour p\u00e9nale internationale (CPI) prenne en compte le crime d\u2019apartheid lorsqu\u2019elle enqu\u00eate sur les crimes de guerre dans les territoires occup\u00e9s. C\u2019est pr\u00e9cis\u00e9ment pourquoi le rapport est si terrifiant pour Isra\u00ebl et ses supporters.<\/p>\n<p>J\u2019ai rencontr\u00e9 Saleh Hijazi, le directeur r\u00e9gional adjoint d\u2019Amnesty International pour le Moyen-Orient et l\u2019Afrique du Nord, apr\u00e8s la\u00a0<a href=\"https:\/\/www.facebook.com\/watch\/live\/?ref=watch_permalink&amp;v=467672581773853\">conf\u00e9rence de presse<\/a>\u00a0\u00e0 J\u00e9rusalem marquant mardi la publication du rapport. Nous avons parl\u00e9, parmi d\u2019autres choses, des attaques du gouvernement isra\u00e9lien contre son organisation, des raisons pour lesquelles Amnesty parle d\u00e9lib\u00e9r\u00e9ment de 1948 comme le point de d\u00e9part de l\u2019apartheid, et de la fa\u00e7on de g\u00e9rer les critiques des alli\u00e9s des Palestiniens et des Isra\u00e9liens.<\/p>\n<figure class=\"wp-block-image size-large\"><img decoding=\"async\" class=\"wp-image-39601\" src=\"https:\/\/agencemediapalestine.fr\/wp-content\/uploads\/2022\/02\/892A9277-1280x853-2-1024x682.jpg\" sizes=\"(max-width: 1024px) 100vw, 1024px\" srcset=\"https:\/\/agencemediapalestine.fr\/wp-content\/uploads\/2022\/02\/892A9277-1280x853-2-1024x682.jpg 1024w, https:\/\/agencemediapalestine.fr\/wp-content\/uploads\/2022\/02\/892A9277-1280x853-2-300x200.jpg 300w, https:\/\/agencemediapalestine.fr\/wp-content\/uploads\/2022\/02\/892A9277-1280x853-2-768x512.jpg 768w, https:\/\/agencemediapalestine.fr\/wp-content\/uploads\/2022\/02\/892A9277-1280x853-2.jpg 1280w\" alt=\"\" width=\"1024\" height=\"682\" \/><\/figure>\n<p><em>Saleh Hijazi, d\u2019Amnesty International, parle \u00e0 une conf\u00e9rence de presse \u00e0 propos du nouveau rapport de l\u2019organisation sur l\u2019apartheid isra\u00e9lien, 1er f\u00e9vrier 2022. (Oren Ziv)<\/em><\/p>\n<p>Cette interview a \u00e9t\u00e9 \u00e9dit\u00e9e pour des raisons de longueur et de clart\u00e9.<\/p>\n<p><strong>Nous ne sommes que quelques heures apr\u00e8s la publication du rapport d\u2019Amnesty qui a \u00e9t\u00e9 accueilli par une r\u00e9ponse extr\u00eamement s\u00e9v\u00e8re de la part d\u2019Isra\u00ebl et de diverses organisations dans le monde entier, qui ont affirm\u00e9 que le rapport est \u00ab\u00a0antis\u00e9mite\u00a0\u00bb et \u00ab\u00a0\u00a0<\/strong><a href=\"https:\/\/www.youtube.com\/watch?v=YhbiQQ6Xt6c\"><strong>r\u00e9pand les mensonges d\u2019organisations terroristes<\/strong><\/a><strong>\u00a0\u00bb. Est-ce que ces r\u00e9actions vous ont choqu\u00e9 ou surpris ?\u00a0<\/strong><\/p>\n<p>Malheureusement pas. L\u2019utilisation, la transformation en arme, de l\u2019antis\u00e9mitisme pour attaquer ceux qui critiquent les politiques d\u2019Isra\u00ebl, particuli\u00e8rement quand elles concernent les Palestiniens, est une tactique qui a \u00e9t\u00e9 utilis\u00e9e depuis de nombreuses ann\u00e9es, y compris contre Amnesty International. Ces types d\u2019attaques, fausses et sans fondement, sont attendues de la part de gouvernements et d\u2019Etats qui violent syst\u00e9matiquement les droits humains, ou dans ce cas, qui imposent un syst\u00e8me de r\u00e9pression et de domination \u00e9quivalent \u00e0 un apartheid. Quand vous offrez une analyse solide qu\u2019un crime contre l\u2019humanit\u00e9 a lieu, le gouvernement qui l\u2019a perp\u00e9tr\u00e9 va certainement \u00eatre inquiet.<\/p>\n<p><strong>Est-ce que vous avez subi une quelconque pression du gouvernement isra\u00e9lien lorsque vous travailliez sur le rapport ?\u00a0<\/strong><\/p>\n<p>Non. Le gouvernement a d\u00e9cid\u00e9 de ne pas avoir de relations constructives avec nous, bien que nous leur ayons demand\u00e9 des rencontres et des informations \u00e0 de nombreuses reprises, depuis de longues ann\u00e9es. Depuis que j\u2019ai commenc\u00e9 \u00e0 travailler pour Amnesty en 2011, nous avons eu seulement un rendez-vous avec le Ministre des Affaires \u00e9trang\u00e8res, qui a eu lieu en 2012. Depuis, aucune des lettres que nous avons envoy\u00e9es pour r\u00e9clamer des rencontres ou demander de l\u2019information au gouvernement ou \u00e0 l\u2019arm\u00e9e n\u2019a re\u00e7u de r\u00e9ponse.<\/p>\n<p>Il est important de mentionner que, dans ce contexte, Isra\u00ebl continue \u00e0 ignorer nos demandes pour acc\u00e9der \u00e0 la Bande de Gaza. Nous voulons entrer dans Gaza pour examiner la situation des droits humains r\u00e9sultant du blocus ill\u00e9gal qui \u00e9quivaut \u00e0 une punition collective ou les effets des offensives militaires isra\u00e9liennes, ainsi que les violations dues aux autorit\u00e9s palestiniennes l\u00e0-bas, particuli\u00e8rement au gouvernement du Hamas et \u00e0 divers groupes arm\u00e9s.<\/p>\n<p><strong><em>Human Rights Watch<\/em><\/strong><strong>\u00a0a sorti un rapport sur l\u2019apartheid isra\u00e9lien en avril 2021. Quel genre de le\u00e7ons avez-vous tir\u00e9 de leur rapport et est-ce que leur travail a guid\u00e9 votre r\u00e9flexion ?\u00a0<\/strong><\/p>\n<p>Le rapport de\u00a0<em>Human Rights Watch<\/em>\u00a0a une influence consid\u00e9rable. HRW est une organisation majeure de d\u00e9fense des droits humains, qui fournit des documentations et des analyses juridiques haut de gamme, que nous devions examiner et sur lesquelles nous devions r\u00e9fl\u00e9chir, et nous devions aussi penser \u00e0 la mani\u00e8re dont nos propres recherches et analyses se comparent aux leurs, et \u00e0 la mani\u00e8re dont nous pouvons travailler ensemble. Avec le lancement de notre rapport, nous allons former, avec HRW et d\u2019autres organisations de d\u00e9fense des droits humains palestiniennes et isra\u00e9liennes, nous l\u2019esp\u00e9rons, une coalition anti-apartheid.<\/p>\n<div class=\"wp-block-image\">\n<figure class=\"aligncenter size-large\"><img decoding=\"async\" class=\"wp-image-39602 aligncenter\" src=\"https:\/\/agencemediapalestine.fr\/wp-content\/uploads\/2022\/02\/F210929ARK05-1-1280x853-1-1024x682.jpg\" sizes=\"(max-width: 1024px) 100vw, 1024px\" srcset=\"https:\/\/agencemediapalestine.fr\/wp-content\/uploads\/2022\/02\/F210929ARK05-1-1280x853-1-1024x682.jpg 1024w, https:\/\/agencemediapalestine.fr\/wp-content\/uploads\/2022\/02\/F210929ARK05-1-1280x853-1-300x200.jpg 300w, https:\/\/agencemediapalestine.fr\/wp-content\/uploads\/2022\/02\/F210929ARK05-1-1280x853-1-768x512.jpg 768w, https:\/\/agencemediapalestine.fr\/wp-content\/uploads\/2022\/02\/F210929ARK05-1-1280x853-1.jpg 1280w\" alt=\"\" width=\"1024\" height=\"682\" \/><\/figure>\n<\/div>\n<p><em>Des ouvriers d\u00e9blaient les d\u00e9combres d\u2019un b\u00e2timent d\u00e9truit \u00e0 Rafah dans la Bande de Gaza apr\u00e8s qu\u2019il a \u00e9t\u00e9 touch\u00e9 par des frappes a\u00e9riennes isra\u00e9liennes pendant la derni\u00e8re attaque contre Gaza, le 29 septembre 2021. (Abed Rahim Khatib\/Flash90)<\/em><\/p>\n<p>J\u2019ai le sentiment que la r\u00e9action au rapport d\u2019Amnesty est beaucoup plus forte et s\u00e9v\u00e8re que la r\u00e9action au rapport de HRW. Avec Amnesty, vous amenez le pouvoir d\u2019un mouvement. Une partie importante de notre lancement n\u2019est pas seulement le rapport et la campagne, mais aussi un \u00e9l\u00e9ment d\u2019\u00e9ducation sur les droits humains. Nous avons mis en ligne un cours d\u2019\u00e9ducation aux droits humains sur l\u2019apartheid isra\u00e9lien qui sera disponible \u00e0 quiconque dispose d\u2019un acc\u00e8s internet, dans plusieurs langues, y compris en h\u00e9breu. Nous avons mis beaucoup de travail et d\u2019\u00e9nergie dans ce cours parce que nous voulions tirer avantage du fait d\u2019avoir des membres qui peuvent agir et \u00eatre efficaces. Pour cela, ils ont besoin de comprendre comment l\u2019apartheid marche en Isra\u00ebl-Palestine, pour pouvoir aller parler \u00e0 leurs responsables \u00e9lus.<\/p>\n<p><strong>Votre rapport fait remonter les racines de l\u2019apartheid isra\u00e9lien \u00e0 1948, ce que beaucoup d\u2019organisations de d\u00e9fense des droits humains ont souvent tendance \u00e0 \u00e9viter. Pouvez-vous nous parler de la r\u00e9flexion derri\u00e8re votre choix de faire de cela le point de d\u00e9part ?<\/strong><\/p>\n<p>Ce rapport nous a pris quatre ans \u00e0 \u00e9crire, mais son histoire est bien plus longue que cela. Lorsque la CPI a annonc\u00e9 avoir juridiction sur les territoires occup\u00e9s, nous avons commenc\u00e9 \u00e0 regarder la mani\u00e8re dont nous pourrions faire de la justice internationale une partie centrale du travail sur les droits humains qu\u2019Amnesty fait sur Isra\u00ebl-Palestine. D\u00e8s que nous avons commenc\u00e9 \u00e0 examiner dans cette perspective les sch\u00e9mas des violations, le crime d\u2019apartheid a imm\u00e9diatement \u00e9merg\u00e9 comme quelque chose qu\u2019en tant qu\u2019organisation de d\u00e9fense des droits humains nous pouvions examiner. La prochaine \u00e9tape a \u00e9t\u00e9 de formuler une politique globale sur la mani\u00e8re dont Amnesty International comprend le crime d\u2019apartheid, en tant qu\u2019il est int\u00e9gr\u00e9 dans le droit international, ainsi qu\u2019une mani\u00e8re pour nous de d\u00e9terminer ce qui constitue ou ne constitue pas l\u2019apartheid. Le processus pour formuler ces crit\u00e8res a \u00e9t\u00e9 achev\u00e9 en 2017.<\/p>\n<p>Ce que le rapport fait, c\u2019est de regarder les derniers 20 ans, mais pour comprendre compl\u00e8tement la situation aujourd\u2019hui, vous avez besoin de suivre quelques-unes des principales composantes du syst\u00e8me jusqu\u2019\u00e0 ses racines. Cela inclut la fragmentation territoriale, la s\u00e9gr\u00e9gation et le contr\u00f4le, la d\u00e9possession des terres et de la propri\u00e9t\u00e9, et la privation des droits \u00e9conomiques et sociaux. Ce sont les \u00e9l\u00e9ments qui forment le syst\u00e8me d\u2019apartheid isra\u00e9lien\u00a0<em>aujourd\u2019hui<\/em>, mais ils ne commencent pas l\u00e0.<\/p>\n<div class=\"wp-block-image\">\n<figure class=\"aligncenter size-large\"><img decoding=\"async\" class=\"wp-image-39603 aligncenter\" src=\"https:\/\/agencemediapalestine.fr\/wp-content\/uploads\/2022\/02\/main_image46396_uBiHs3a2S0-1024x683.jpg\" sizes=\"(max-width: 1024px) 100vw, 1024px\" srcset=\"https:\/\/agencemediapalestine.fr\/wp-content\/uploads\/2022\/02\/main_image46396_uBiHs3a2S0-1024x683.jpg 1024w, https:\/\/agencemediapalestine.fr\/wp-content\/uploads\/2022\/02\/main_image46396_uBiHs3a2S0-300x200.jpg 300w, https:\/\/agencemediapalestine.fr\/wp-content\/uploads\/2022\/02\/main_image46396_uBiHs3a2S0-768x512.jpg 768w, https:\/\/agencemediapalestine.fr\/wp-content\/uploads\/2022\/02\/main_image46396_uBiHs3a2S0.jpg 1500w\" alt=\"\" width=\"1024\" height=\"683\" \/><\/figure>\n<\/div>\n<p><em>Les forces isra\u00e9liennes r\u00e9alisent un exercice \u00e0 proximit\u00e9 et \u00e0 l\u2019int\u00e9rieur des villages palestiniens de la r\u00e9gion de Masafer Yatta, Cisjordanie, 3 f\u00e9vrier 2021. (Keren Manor\/Activestills.org)<\/em><\/p>\n<p>Donc nous retournons en 1948 et nous voyons comment, lors de l\u2019\u00e9tablissement de l\u2019Etat, Isra\u00ebl a pass\u00e9 des lois \u00e0 propos de la nationalit\u00e9 et du statut, o\u00f9 les Palestiniens qui restaient en Isra\u00ebl apr\u00e8s la\u00a0<a href=\"https:\/\/www.972mag.com\/topic\/nakba\/\">Nakba<\/a>\u00a0se sont vu accorder la citoyennet\u00e9 mais n\u2019ont pas \u00e9t\u00e9 trait\u00e9s comme des nationaux, contrairement aux Isra\u00e9liens juifs. Le Loi du retour permettait aux juifs seulement de retourner en Isra\u00ebl et de se voir accorder automatiquement la citoyennet\u00e9, alors que les Palestiniens qui \u00e9taient fragment\u00e9s du fait du nettoyage ethnique se voyaient refuser ce droit au retour. Quand il s\u2019agit de propri\u00e9t\u00e9, la\u00a0<a href=\"https:\/\/www.972mag.com\/topic\/absentee-property-law\/\">Loi de propri\u00e9t\u00e9 des Absents<\/a>\u00a0et les lois vari\u00e9es qui composent l\u2019actuel r\u00e9gime foncier d\u2019Isra\u00ebl ont toutes \u00e9t\u00e9 vot\u00e9es dans les ann\u00e9es 1950. La strat\u00e9gie du\u00a0<a href=\"https:\/\/www.972mag.com\/my-grandmother-was-murdered-in-kafr-qasim-now-these-are-my-demands\/\">r\u00e9gime militaire<\/a>\u00a0dans les territoires occup\u00e9s est la m\u00eame strat\u00e9gie que celle utilis\u00e9e par Isra\u00ebl contre les citoyens palestiniens d\u2019Isra\u00ebl entre 1949 et 1966.<\/p>\n<p>Donc vous commencez \u00e0 voir comment ces \u00e9l\u00e9ments qui composent le syst\u00e8me ont tous commenc\u00e9 juste apr\u00e8s l\u2019\u00e9tablissement de l\u2019Etat d\u2019Isra\u00ebl. C\u2019est pourquoi l\u2019analyse doit commencer \u00e0 partir de l\u00e0 plut\u00f4t qu\u2019\u00e0 partir de l\u2019occupation de 1967.<\/p>\n<p><strong>Le rapport appelle aussi au retour des r\u00e9fugi\u00e9s palestiniens, ce qui est quelque chose que les principales organisations de d\u00e9fense des droits humains, typiquement, ne font pas.\u00a0<\/strong><\/p>\n<p>L\u2019acte initial de la fragmentation palestinienne a eu lieu pendant le nettoyage ethnique \u2014 la Nakba de 1948 \u2014 qui a vu le d\u00e9placement de centaines de milliers de Palestiniens hors de leurs maisons, sans leur permettre de revenir, ce qui est un droit garanti dans le droit international des r\u00e9fugi\u00e9s, ainsi que dans la R\u00e9solution 194 de l\u2019Assembl\u00e9e g\u00e9n\u00e9rale des Nations Unies. Le d\u00e9ni du droit au retour est crucial pour maintenir un syst\u00e8me dont l\u2019intention et l\u2019objectif sont de maintenir l\u2019h\u00e9g\u00e9monie d\u00e9mographique juive et le controle maximal sur la terre. Si vous voulez garder cette h\u00e9g\u00e9monie, vous ne permettrez tout simplement pas \u00e0 des millions de r\u00e9fugi\u00e9s palestiniens vivant dans des camps dans tout le Moyen-Orient de revenir. C\u2019est la mani\u00e8re dont cela devient une partie cruciale de notre analyse sur l\u2019apartheid.<\/p>\n<p><strong>Les activistes palestiniens ont utilis\u00e9 des termes comme \u00ab\u00a0apartheid\u00a0\u00bb et \u00ab\u00a0colonialisme de peuplement\u00a0\u00bb pour d\u00e9crire le r\u00e9gime entre le fleuve et la mer depuis des ann\u00e9es. Comment le travail de ces militants a-t-il influenc\u00e9 et guid\u00e9 votre r\u00e9flexion en \u00e9laborant cette r\u00e9ponse ?\u00a0<\/strong><\/p>\n<p>C\u2019est la responsabilit\u00e9 d\u2019une organisation internationale de d\u00e9fense des droits humains de r\u00e9agir quand des organisations locales lancent une affirmation. Nous reconnaissons que nous sommes en retard l\u00e0-dessus et que nous devrions l\u2019avoir examin\u00e9 plus t\u00f4t. Mais il y a deux raisons pour lesquelles nous faisons cela maintenant. D\u2019abord, et ceci n\u2019a pas de lien avec Isra\u00ebl-Palestine, nous en sommes venus \u00e0 voir que des syst\u00e8mes de discrimination institutionalis\u00e9e, violemment racistes, \u2014 l\u2019apartheid \u00e9tant la manifestation la plus extr\u00eame de ces syst\u00e8mes \u2014 sont malheureusement fr\u00e9quents dans le monde entier et nous avons d\u00e9cid\u00e9 que nous devions affronter cette situation.<\/p>\n<div class=\"wp-block-image\">\n<figure class=\"aligncenter size-large\"><img decoding=\"async\" class=\"wp-image-39604 aligncenter\" src=\"https:\/\/agencemediapalestine.fr\/wp-content\/uploads\/2022\/02\/Wall-1280x853-1-1024x682.jpg\" sizes=\"(max-width: 1024px) 100vw, 1024px\" srcset=\"https:\/\/agencemediapalestine.fr\/wp-content\/uploads\/2022\/02\/Wall-1280x853-1-1024x682.jpg 1024w, https:\/\/agencemediapalestine.fr\/wp-content\/uploads\/2022\/02\/Wall-1280x853-1-300x200.jpg 300w, https:\/\/agencemediapalestine.fr\/wp-content\/uploads\/2022\/02\/Wall-1280x853-1-768x512.jpg 768w, https:\/\/agencemediapalestine.fr\/wp-content\/uploads\/2022\/02\/Wall-1280x853-1.jpg 1280w\" alt=\"\" width=\"1024\" height=\"682\" \/><\/figure>\n<\/div>\n<p><em>Le Mur de s\u00e9paration isra\u00e9lien, Al Zaeem, Cisjordanie, 22 mars 2020. (Ahmad al-Bazz\/Activestills.org)<\/em><\/p>\n<p>Il y a eu aussi des demandes d\u2019organisations palestiniennes, ainsi que de nos propres membres, pour que nous enqu\u00eations afin de d\u00e9terminer si le crime d\u2019apartheid \u00e9tait perp\u00e9tr\u00e9 ici. Quand nous avons commenc\u00e9 \u00e0 le faire, nous avons reparcouru l\u2019ensemble des connaissances qui avaient \u00e9t\u00e9 produites par les activistes, universitaires et intellectuels palestiniens, en remontant sur plusieurs ann\u00e9es \u2014 y compris l\u2019appel de 2005 par des organisations de la soci\u00e9t\u00e9 civile palestinienne \u00e0 des boycotts, au d\u00e9sinvestissement et \u00e0 des sanctions, appel qui \u00e9tait bas\u00e9 sur le cadre de l\u2019apartheid. Le discours, le savoir et l\u2019analyse juridique g\u00e9n\u00e9r\u00e9s par des Palestiniens \u00e9taient une part int\u00e9grante des recherches que nous avons faites.<\/p>\n<p><strong>En tant que membre palestinien d\u2019Amnesty International, \u00e9tait-il difficile d\u2019essayer de mettre \u00e0 l\u2019ordre du jour ce qui est souvent vu comme un sujet \u00ab\u00a0toxique\u00a0\u00bb ? Est-ce que cela a \u00e9t\u00e9 difficile de convaincre vos sup\u00e9rieurs ?\u00a0<\/strong><\/p>\n<p>J\u2019ai \u00e9t\u00e9 heureusement surpris que cette d\u00e9marche n\u2019ait pas en fait \u00e9t\u00e9 dirig\u00e9e par des Palestiniens dans l\u2019organisation. Nous avons beaucoup d\u2019amis dans le Secr\u00e9tariat international [l\u2019organisme responsable de la majorit\u00e9 de la recherche d\u2019Amnesty International et qui dirige son travail de campagne] et dans des sections vari\u00e9es, qui ont pris la main l\u00e0-dessus et avec qui nous avons travaill\u00e9 \u00e9paule contre \u00e9paule. En 2011, Amnesty Gr\u00e8ce a envoy\u00e9 au Secr\u00e9tariat international une demande pour regarder la situation en Isra\u00ebl-Palestine. En tant que mouvement d\u00e9mocratique, vous devez r\u00e9pondre \u00e0 cette sorte de demande. Apr\u00e8s cela, une autre demande est venue d\u2019Amnesty Espagne et il y a eu plusieurs demandes informelles de sections dans le monde entier.<\/p>\n<p>Est-ce qu\u2019il y a eu des conversations difficiles avec Amnesty Isra\u00ebl pendant le processus ? Oui. C\u2019\u00e9tait particuli\u00e8rement difficile pour les Palestiniens et les Isra\u00e9liens dans le mouvement. Ces conversations ont \u00e9t\u00e9 importantes et n\u00e9cessaires et maintenant que le rapport est sorti, elles ouvrent beaucoup d\u2019opportunit\u00e9s. Finalement, la section Isra\u00ebl a d\u00e9cid\u00e9 qu\u2019ils peuvent faire face aux cons\u00e9quences juridiques d\u2019avoir ex\u00e9cut\u00e9 cette sorte de travail. Quelques-unes des recommandations [dans le rapport] peuvent \u00eatre vues comme appelant \u00e0 des sanctions ou \u00e0 un boycott d\u2019Isra\u00ebl, et la\u00a0<a href=\"https:\/\/www.972mag.com\/anti-boycott-law-to-pass-knesset\/\">loi anti-boycott<\/a>\u00a0pourrait \u00eatre utilis\u00e9e contre eux, et donc ils ont d\u00e9cid\u00e9 de ne pas \u00eatre pro-actifs sur ce rapport, mais de l\u2019utiliser [comme une opportunit\u00e9] pour d\u00e9clencher des conversations cruciales sur la question. Esp\u00e9rons que s\u2019ils d\u00e9cident de devenir plus proactifs, ils auront des membres tout autour d\u2019eux pour les soutenir.<\/p>\n<div class=\"wp-block-image\">\n<figure class=\"aligncenter size-large\"><img decoding=\"async\" class=\"wp-image-39605 aligncenter\" src=\"https:\/\/agencemediapalestine.fr\/wp-content\/uploads\/2022\/02\/F210115WH05-1280x853-1-1024x682.jpg\" sizes=\"(max-width: 1024px) 100vw, 1024px\" srcset=\"https:\/\/agencemediapalestine.fr\/wp-content\/uploads\/2022\/02\/F210115WH05-1280x853-1-1024x682.jpg 1024w, https:\/\/agencemediapalestine.fr\/wp-content\/uploads\/2022\/02\/F210115WH05-1280x853-1-300x200.jpg 300w, https:\/\/agencemediapalestine.fr\/wp-content\/uploads\/2022\/02\/F210115WH05-1280x853-1-768x512.jpg 768w, https:\/\/agencemediapalestine.fr\/wp-content\/uploads\/2022\/02\/F210115WH05-1280x853-1.jpg 1280w\" alt=\"\" width=\"1024\" height=\"682\" \/><\/figure>\n<\/div>\n<p><em>Des manifestants palestiniens d\u00e9battent avec des soldats isra\u00e9liens pendant une manifestation contre les colonies isra\u00e9liennes dans les Collines du sud d\u2019H\u00e9bron, Cisjordanie, 15 janvier 2021. (Wisam Hashlamoun\/Flash90)<\/em><\/p>\n<p>Mais tout le monde n\u2019est pas en train de c\u00e9l\u00e9brer. Nous avons vu\u00a0<a href=\"https:\/\/www.972mag.com\/writer\/orlyn\/\">Orly Noy<\/a>, [r\u00e9dactrice de\u00a0<em>Local Call\u00a0<\/em>et journaliste \u00e0 +972] qui a mod\u00e9r\u00e9 aujourd\u2019hui la conf\u00e9rence de presse, commencer ses remarques en disant qu\u2019en tant qu\u2019Isra\u00e9lienne juive, ce n\u2019\u00e9tait pas un jour joyeux. Nous avons vu beaucoup de Palestiniens nous disant : \u00ab\u00a0Vous \u00eates en retard\u00a0\u00bb, ou demandant : \u00ab\u00a0O\u00f9 \u00e9tiez-vous ?\u00a0\u00bb ou \u00ab\u00a0Et si on parlait de colonialisme de peuplement ?\u00a0\u00bb Clairement, nous vivons tous la r\u00e9alit\u00e9 ici et les Palestiniens vivent l\u2019oppression sur une base quotidienne, donc ce n\u2019est pas facile et je n\u2019attendais pas que quiconque confront\u00e9 \u00e0 des enjeux si \u00e9lev\u00e9s et impliqu\u00e9 professionnellement et personnellement le prenne tr\u00e8s facilement.<\/p>\n<p><strong>Qu\u2019est-ce que vous dites aux Palestiniens qui sont sceptiques sur ce que ces rapports peuvent effectivement faire pour eux ? Vous aviez des membres de la famille Salhiyeh, qui ont \u00e9t\u00e9\u00a0<\/strong><a href=\"https:\/\/www.972mag.com\/sheikh-jarrah-demolition-salhiyeh\/\"><strong>expuls\u00e9s de leur maison<\/strong><\/a><strong>\u00a0\u00e0 Sheikh Jarrah il y a quelques semaines, qui se sont lev\u00e9s pendant la conf\u00e9rence de presse et ont demand\u00e9 ce que vous pouvez faire \u00e0 propos de leur expulsion et de ce qui arrive dans leur quartier.<\/strong><\/p>\n<p>C\u2019est difficile de r\u00e9pondre \u00e0 cette question. Regardez la r\u00e9alit\u00e9 ici \u2014 c\u2019est un pays relativement petit, les Palestiniens et les Isra\u00e9liens ensemble font moins que la population de Sao Paulo. Vous avez eu des d\u00e9cennies de rapports, de commissions et d\u2019enqu\u00eates par les Nations Unies et les organisations de d\u00e9fense des droits humains. Vous avez des organisations tr\u00e8s professionnelles de la soci\u00e9t\u00e9 civile, \u00e0 la fois palestiniennes et isra\u00e9liennes, qui documentent compl\u00e8tement les violations des droits humains. Et pourtant la situation ne fait que s\u2019aggraver. C\u2019est\u00a0<em>ce<\/em>\u00a0constat qui rend ce rapport si pertinent.<\/p>\n<p>[Le rapport] apportera-t-il le changement qui est requis imm\u00e9diatement ? Absolument pas. Cela exige de d\u00e9velopper des strat\u00e9gies, du travail en commun et des partenariats. Nous voyons cela arriver, y compris entre organisations palestiniennes et isra\u00e9liennes, ce qui est quelque chose que nous n\u2019avons pas vu avant. C\u2019est encourageant.<\/p>\n<p>La famille Salhiyeh et d\u2019autres ne verront pas un changement imm\u00e9diat. Et malheureusement les expulsions et les d\u00e9molitions de maisons continueront, tandis que la situation dans le N\u00e9guev ne va faire qu\u2019empirer. Mais je pense que l\u2019analyse en termes d\u2019apartheid nous permettra de relier tous les points de telle sorte que nous ne d\u00e9placerons pas tout le temps notre focale, de la d\u00e9tention administrative aux assassinats ill\u00e9gaux et ensuite \u00e0 la d\u00e9molition dans le N\u00e9guev. Maintenant, nous pouvons relier les points. Quand vous faites cela, vous pouvez voir le syst\u00e8me d\u2019apartheid. Ceci ouvre la voie pour s\u2019attaquer \u00e0 ces violations d\u2019une mani\u00e8re plus strat\u00e9gique. Nous ne nous occupons plus des sympt\u00f4mes, nous nous occupons des causes profondes.<\/p>\n<p><em><strong>Edo Konrad<\/strong>\u00a0est r\u00e9dacteur en chef de +972 Magazine.<\/em><\/p>\n<p>Source :\u00a0<a href=\"https:\/\/www.972mag.com\/amnesty-international-apartheid-report\/\" target=\"_blank\" rel=\"noreferrer noopener\">+972 magazine<\/a><\/p>\n<p><a href=\"https:\/\/agencemediapalestine.fr\/blog\/2022\/02\/11\/pourquoi-amnesty-cible-les-causes-profondes-de-lapartheid-israelien\/?utm_source=newsletter&amp;utm_medium=email&amp;utm_campaign=le_moment_sud_africain_d_israel_est_il_arrive&amp;utm_term=2022-02-19\">Traduction CG pour l\u2019Agence m\u00e9dia Palestine<\/a><\/p>\n<header class=\"src-client-components-Heading-__Heading___Heading src-client-components-Heading-__Heading___hasMargin\" data-cy=\"page-title\">\n<h4 style=\"text-align: center;\">ISRA\u00cbL : LES PALESTINIENS SONT VICTIMES D\u2019UN APARTHEID<\/h4>\n<\/header>\n<div class=\"src-client-components-Article-ArticleInfos-__ArticleInfos___ArticleInfos\">\n<div class=\"src-client-components-Article-ArticleInfos-__ArticleInfos___Container\">\n<div>Publi\u00e9 le\u00a002.02.2022<\/div>\n<\/div>\n<\/div>\n<section class=\"src-client-components-Article-__Article___Article\">\n<div class=\"src-client-components-Article-__Article___Chapo\">\n<section class=\"src-client-components-HTMLSerializer-__HTMLSerializer___HTMLSerializer\">\n<p class=\"\"><strong>S\u00e9gr\u00e9gation territoriale et restrictions de d\u00e9placement, saisies massives de biens fonciers et immobiliers, expulsions forc\u00e9es, d\u00e9tentions arbitraires, tortures, homicides ill\u00e9gaux\u2026 Apr\u00e8s un long travail de recherche, notre nouveau rapport d\u00e9montre que les lois, politiques et pratiques mises en place par les autorit\u00e9s isra\u00e9liennes ont progressivement cr\u00e9\u00e9 un syst\u00e8me d\u2019apartheid \u00e0 l\u2019encontre du peuple palestinien dans son ensemble.<\/strong><\/p>\n<p><iframe title=\"YouTube video player\" src=\"https:\/\/www.youtube.com\/embed\/T_P1JqF6Yqc\" width=\"560\" height=\"315\" frameborder=\"0\" allowfullscreen=\"allowfullscreen\"><\/iframe><\/p>\n<\/section>\n<\/div>\n<div><\/div>\n<section class=\"src-client-components-HTMLSerializer-__HTMLSerializer___HTMLSerializer\">\n<p class=\"\">Apr\u00e8s un travail de recherche de pr\u00e8s de quatre ans, nous publions notre rapport intitul\u00e9\u00a0<a class=\"react-router-link\" href=\"https:\/\/www.amnesty.fr\/\">\u00ab\u202fL\u2019Apartheid commis par Isra\u00ebl \u00e0 l\u2019encontre des Palestiniens. Un syst\u00e8me cruel de domination et un crime contre l\u2019humanit\u00e9\u202f\u00bb.<\/a>\u202fSur la base d\u2019une analyse juridique et d\u2019une enqu\u00eate de terrain minutieuses, il documente la mise en place par Isra\u00ebl, \u00e0 travers des lois et des politiques discriminatoires, d\u2019un syst\u00e8me d\u2019oppression et de domination institutionnalis\u00e9 \u00e0 l\u2019encontre du peuple palestinien. Si ces violations sont plus fr\u00e9quentes et plus graves dans les territoires palestiniens occup\u00e9s (TPO), elles sont \u00e9galement commises en Isra\u00ebl et \u00e0 l&rsquo;encontre des r\u00e9fugi\u00e9s palestiniens pr\u00e9sents dans des pays tiers.<\/p>\n<p class=\"\">R\u00e9alis\u00e9es en concertation avec des experts internationaux et des associations palestiniennes, isra\u00e9liennes et internationales, nos recherches d\u00e9montrent que ce syst\u00e8me correspond \u00e0 la d\u00e9finition juridique de l\u2019apartheid. Il s\u2019agit d\u2019un crime contre l\u2019humanit\u00e9 d\u00e9fini par la Convention sur l\u2019apartheid de 1973 et le Statut de Rome de la Cour p\u00e9nale internationale de 1998.<\/p>\n<\/section>\n<div>\n<section class=\"src-client-components-HTMLSerializer-__HTMLSerializer___HTMLSerializer src-client-components-ContentSlices-OldSliceFactory-BlocInfo-__styles___blocInfo\">\n<p class=\"\"><strong>En droit international, le seuil pour d\u00e9finir un crime d\u2019apartheid est atteint lorsque trois crit\u00e8res principaux sont r\u00e9unis :\u00a0\u00a0<\/strong><\/p>\n<p class=\"src-client-components-HTMLSerializer-__HTMLSerializer___listItem\">un syst\u00e8me institutionnalis\u00e9 d\u2019oppression et de domination d\u2019un groupe racial par un autre ;<\/p>\n<p class=\"src-client-components-HTMLSerializer-__HTMLSerializer___listItem\">un ou des actes inhumains, tels que transferts forc\u00e9s de populations, tortures et meurtres, commis dans le cadre de ce syst\u00e8me institutionnalis\u00e9 ;<\/p>\n<p class=\"src-client-components-HTMLSerializer-__HTMLSerializer___listItem\">une intention de maintenir la domination d\u2019un groupe racial sur un autre.<\/p>\n<p class=\"\">Lorsque l\u2019on utilise le mot \u00ab race \u00bb ou \u00ab racial \u00bb, cela inclut, en droit international, \u00ab la race, la couleur, l&rsquo;ascendance ou l&rsquo;origine nationale ou ethnique \u00bb (article 1 de la Convention internationale sur l\u2019\u00e9limination de toutes les formes de discrimination raciale). Cela peut donc s\u2019appliquer dans le contexte isra\u00e9lo-palestinien.<\/p>\n<\/section>\n<section class=\"src-client-components-HTMLSerializer-__HTMLSerializer___HTMLSerializer\">\n<h4>UN SYST\u00c8ME D\u2019OPPRESSION ET DE DOMINATION<\/h4>\n<p class=\"\">Notre rapport d\u00e9taille comment \u2013 au moyen de lois, de politiques et de pratiques \u2013 l\u2019\u00c9tat d\u2019Isra\u00ebl a instaur\u00e9 progressivement un syst\u00e8me dans lequel les Palestiniens et Palestiniennes sont trait\u00e9s comme un groupe inf\u00e9rieur, discrimin\u00e9 sur tous les plans :\u00a0 \u00e9conomique, politique, social, culturel&#8230;<\/p>\n<p class=\"\">En imposant de nombreuses restrictions qui privent le peuple palestinien de ses libert\u00e9s et de ses droits fondamentaux,\u202fles autorit\u00e9s isra\u00e9liennes se rendent coupables du crime d\u2019apartheid et violent les conventions internationales qui d\u00e9finissent ce crime.<\/p>\n<p class=\"src-client-components-HTMLSerializer-__HTMLSerializer___exergue\">Ces restrictions ont un impact sur tous les aspects de la vie quotidienne des populations palestiniennes : leurs d\u00e9placements sont restreints de fa\u00e7on draconienne dans les territoires occup\u00e9s, et les cons\u00e9quences peuvent s\u2019av\u00e9rer d\u00e9sastreuses sur l\u2019acc\u00e8s \u00e0 des soins ou \u00e0 un emploi, ou pour une vie de famille normale.<\/p>\n<p class=\"\">Ces restrictions ont \u00e9galement un impact \u00e9conomique tr\u00e8s fort et contribuent \u00e0 appauvrir les communaut\u00e9s palestiniennes d\u2019Isra\u00ebl. Par ailleurs, le droit au retour des r\u00e9fugi\u00e9s palestiniens est toujours bafou\u00e9. Notre enqu\u00eate fait aussi \u00e9tat de transferts forc\u00e9s, de d\u00e9tentions administratives, d\u2019actes de torture et d\u2019homicides ill\u00e9gaux, de d\u00e9possessions de terres et de biens fonciers, ainsi que de s\u00e9gr\u00e9gation, \u00e0 la fois en Isra\u00ebl et dans les Territoires palestiniens occup\u00e9s, et envers les r\u00e9fugi\u00e9s palestiniens.<\/p>\n<figure class=\"src-client-components-HTMLSerializer-components-Image-__Image___Image\"><img decoding=\"async\" src=\"https:\/\/prismic-io.s3.amazonaws.com\/amnestyfr\/73793250-0232-4631-bab0-2d0454fe40be_Gaza.jpg\" alt=\"Palestinian protesters run for cover after Israeli forces launched tear gas canisters during a demonstration along the border between the Gaza strip and Israel, east of Gaza city on June 22, 2018. MAHMUD HAMS \/ AFP\" \/><figcaption>\n<div>\n<div class=\"src-client-components-ImageCopyright-__ImageCopyright___ImageCopyright\">\n<p>Des manifestants palestiniens courent se mettre \u00e0 l&rsquo;abri apr\u00e8s que les forces isra\u00e9liennes aient envoy\u00e9 des gaz lacrymog\u00e8nes lors d&rsquo;une manifestation entre la bande de Gaza et Isra\u00ebl. 22 juin 2018. \u00a9 Mahmud Hams \/ AFP<\/p>\n<\/div>\n<\/div>\n<\/figcaption><\/figure>\n<p class=\"\">De nombreux manifestants palestiniens ont \u00e9t\u00e9 gravement bless\u00e9s ou tu\u00e9s ces derni\u00e8res ann\u00e9es. C\u2019est sans doute l\u2019exemple le plus flagrant du recours des autorit\u00e9s isra\u00e9liennes \u00e0 un usage de la force disproportionn\u00e9 et \u00e0 des actes illicites pour maintenir le statu quo. En 2018, des Palestiniens et Palestiniennes de la bande de Gaza ont commenc\u00e9 \u00e0 organiser des manifestations hebdomadaires le long de la fronti\u00e8re avec Isra\u00ebl, pour exiger la fin du blocus et revendiquer le droit au retour des r\u00e9fugi\u00e9s. Avant m\u00eame le d\u00e9but des manifestations, des hauts responsables isra\u00e9liens avaient averti que tout Palestinien s\u2019approchant du mur serait vis\u00e9 par des tirs. \u00c0 la fin de l\u2019ann\u00e9e 2019, les forces isra\u00e9liennes avaient tu\u00e9 214\u202fcivils, dont 46\u202fenfants.<\/p>\n<h4>LA POPULATION PALESTINIENNE EST CONSID\u00c9R\u00c9E COMME UNE MENACE D\u00c9MOGRAPHIQUE<\/h4>\n<p class=\"\">En 2018, l\u2019adoption d\u2019une loi constitutionnelle qui, pour la premi\u00e8re fois, d\u00e9finissait Isra\u00ebl comme \u00e9tant\u00a0<em>exclusivement<\/em>\u00a0\u00ab\u202fl\u2019\u00c9tat-nation du peuple juif\u202f\u00bb, a ent\u00e9rin\u00e9 les privil\u00e8ges des citoyens juifs en termes d\u2019obtention de nationalit\u00e9 et une discrimination \u00e0 l\u2019encontre de la population palestinienne. Cette loi \u00e9tablit notamment le d\u00e9veloppement des colonies juives comme une \u00ab valeur nationale \u00bb et l\u2019h\u00e9breu comme seule langue officielle, retirant ainsi \u00e0 l\u2019arabe son statut de langue officielle.<\/p>\n<p class=\"\">L\u2019expansion permanente des colonies isra\u00e9liennes ill\u00e9gales dans les TPO est ainsi encourag\u00e9e par les autorit\u00e9s isra\u00e9liennes. Les quartiers palestiniens de J\u00e9rusalem-Est sont fr\u00e9quemment la cible d\u2019organisations de colons qui, avec le soutien total du gouvernement isra\u00e9lien, s\u2019emploient \u00e0 forcer des familles palestiniennes \u00e0 partir et \u00e0 attribuer leurs logements \u00e0 des colons. L\u2019un de ces quartiers, Cheikh Jarrah, est le si\u00e8ge de manifestations fr\u00e9quentes depuis mai\u202f2021, car des familles luttent contre la menace d\u2019une proc\u00e9dure d\u2019expulsion initi\u00e9e par des colons.<\/p>\n<p class=\"\">La construction de ces colonies dans les TPO est une politique publique depuis 1967. Actuellement, des colonies sont implant\u00e9es sur 10\u202f% de la Cisjordanie, et environ 38\u202f% des terres palestiniennes de J\u00e9rusalem-Est ont fait l\u2019objet d\u2019une expropriation entre\u202f1967 et\u202f2017.<\/p>\n<h4>LA POPULATION PALESTINIENNE CONFIN\u00c9E DANS DES ENCLAVES<\/h4>\n<div class=\"src-client-components-HTMLSerializer-__HTMLSerializer___exergue\">\n<p>L\u2019\u00c9tat isra\u00e9lien confine le peuple palestinien dans de petites enclaves et l&rsquo;exclut de certaines zones.<\/p>\n<\/div>\n<p class=\"\">Dans le N\u00e9guev\/Naqab, \u00e0 J\u00e9rusalem-Est et dans la Zone\u202fC de la Cisjordanie occup\u00e9e (c\u2019est \u00e0-dire la zone sous contr\u00f4le isra\u00e9lien en Cisjordanie), les autorit\u00e9s isra\u00e9liennes refusent d\u2019accorder des permis de construire aux Palestiniens, ce qui les force \u00e0 b\u00e2tir des structures ill\u00e9gales qui sont d\u00e9molies r\u00e9guli\u00e8rement.\u00a0<strong>On compte plusieurs centaines de milliers de logements et de b\u00e2timents palestiniens d\u00e9truits \u00e0 ce jour.<\/strong><\/p>\n<p class=\"\">Dans le N\u00e9guev\/Naqab au sud d\u2019Isra\u00ebl, de grandes r\u00e9serves naturelles et des zones militaires de tir ont \u00e9t\u00e9 cr\u00e9\u00e9es avec l\u2019objectif de permettre \u00e0 des habitants juifs isra\u00e9liens de s\u2019y installer et d\u2019y d\u00e9velopper une activit\u00e9. Ces politiques ont eu des cons\u00e9quences dramatiques pour les dizaines de milliers de B\u00e9douins palestiniens qui vivent dans la r\u00e9gion.<\/p>\n<figure class=\"src-client-components-HTMLSerializer-components-Image-__Image___Image\"><img decoding=\"async\" src=\"https:\/\/images.prismic.io\/amnestyfr\/3f25360e-e07c-4a8f-981c-2aae2494d7d2_Femmes-ITPO.jpg?auto=compress,format\" alt=\" Bedouin women sit next to the ruins of their demolished houses in the unrecognized Bedouin village of Umm Al-Hiran, in the Negev desert, Israel, January 18, 2017. A resident and an Israeli policeman were killed during the operation. Israeli authorities said the policeman was killed in a car-ramming attack, while residences and activists claimed the driver was first shot dead by the police, with no apparent reason, before losing control of his car and driving towards the policemen.&amp;nbsp;The Israeli state plans to completely demolish the village in order to build a Jewish-only town on that land. Faiz Abu Rmeleh\" \/><figcaption>\n<div>\n<div class=\"src-client-components-ImageCopyright-__ImageCopyright___ImageCopyright\">\n<p>Des femmes b\u00e9douines assises \u00e0 c\u00f4t\u00e9 des ruines de leurs maisons, \u00e0 Umm Al-Hiran, d\u00e9sert du N\u00e9guev, Isra\u00ebl \u00a9 Faiz Abu Rmeleh<\/p>\n<\/div>\n<\/div>\n<\/figcaption><\/figure>\n<p class=\"\">Trente-cinq villages b\u00e9douins, o\u00f9 vivent environ 68\u202f000\u202fpersonnes, sont actuellement \u00ab\u202fnon-reconnus\u202f\u00bb par Isra\u00ebl, c\u2019est-\u00e0-dire qu\u2019ils sont coup\u00e9s des r\u00e9seaux d\u2019eau et d\u2019\u00e9lectricit\u00e9 nationaux, et leurs habitations sont r\u00e9guli\u00e8rement d\u00e9molies. Les B\u00e9douins de ces villages subissent aussi des restrictions en mati\u00e8re de participation \u00e0 la vie politique et n\u2019ont pas acc\u00e8s aux soins et \u00e0 la scolarisation. Ces conditions de vie ont contraint nombre de ces personnes \u00e0 quitter leur logement et leur village, ce qui constitue un transfert forc\u00e9 ill\u00e9gal au regard du droit international.<\/p>\n<p class=\"\"><strong>Cette d\u00e9possession et le d\u00e9placement forc\u00e9 des Palestiniens constituent un pilier central du syst\u00e8me d\u2019apartheid isra\u00e9lien.\u00a0\u00a0\u00a0<\/strong><\/p>\n<h4>OPPRESSION SANS FRONTI\u00c8RE<\/h4>\n<p class=\"\">Les guerres de 1947-1949 et de 1967, le r\u00e9gime militaire actuel d\u2019Isra\u00ebl dans les TPO et la cr\u00e9ation de r\u00e9gimes juridiques et administratifs distincts au sein du territoire ont isol\u00e9 les communaut\u00e9s palestiniennes et les ont s\u00e9par\u00e9es de la population juive isra\u00e9lienne.<\/p>\n<p class=\"\">Aujourd\u2019hui, le peuple palestinien a \u00e9t\u00e9 fragment\u00e9 g\u00e9ographiquement et politiquement, et il vit divers degr\u00e9s de discrimination selon son statut et son lieu de r\u00e9sidence. Les citoyens palestiniens d\u2019Isra\u00ebl ont actuellement plus de droits et de libert\u00e9s que leurs homologues des TPO. Le quotidien des Palestiniens et des Palestiniennes est par ailleurs tr\u00e8s diff\u00e9rent selon qu\u2019ils vivent dans la bande de Gaza ou en Cisjordanie.<\/p>\n<p class=\"\">Nos recherches montrent n\u00e9anmoins que l\u2019ensemble du peuple palestinien est soumis \u00e0 un seul et m\u00eame syst\u00e8me.<\/p>\n<div class=\"src-client-components-HTMLSerializer-__HTMLSerializer___exergue\">\n<p>Partout, l\u2019objectif d\u2019Isra\u00ebl est le m\u00eame : privil\u00e9gier les citoyennes et les citoyens juifs isra\u00e9liens dans la r\u00e9partition des terres et des ressources, et minimiser la pr\u00e9sence du peuple palestinien et son acc\u00e8s aux terres.<\/p>\n<\/div>\n<p class=\"\">Par exemple, les citoyennes et les citoyens palestiniens d\u2019Isra\u00ebl sont priv\u00e9s de nationalit\u00e9, ce qui cr\u00e9e une diff\u00e9renciation juridique entre eux et la population juive isra\u00e9lienne. En Cisjordanie et dans la bande de Gaza, o\u00f9 Isra\u00ebl contr\u00f4le les services de l\u2019\u00e9tat civil depuis 1967, les Palestiniens n\u2019ont aucune citoyennet\u00e9 et la majorit\u00e9 d\u2019entre eux est consid\u00e9r\u00e9e comme apatride. Elle doit par cons\u00e9quent solliciter des papiers d\u2019identit\u00e9 aupr\u00e8s de l\u2019arm\u00e9e isra\u00e9lienne pour vivre et travailler dans les territoires.\u00a0Les r\u00e9fugi\u00e9s palestiniens et leurs descendants, qui ont \u00e9t\u00e9 d\u00e9plac\u00e9s lors des conflits de 1947-1949 et de 1967, restent priv\u00e9s du droit de revenir dans leur ancien lieu de r\u00e9sidence. Cette exclusion des r\u00e9fugi\u00e9s impos\u00e9e par Isra\u00ebl est une violation flagrante du droit international et elle abandonne des millions de personnes \u00e0 une incertitude permanente li\u00e9e \u00e0 leur d\u00e9placement forc\u00e9.<\/p>\n<h4>RESTRICTION DRACONIENNE DES D\u00c9PLACEMENTS<\/h4>\n<p class=\"\">Depuis le milieu des ann\u00e9es 1990, les autorit\u00e9s isra\u00e9liennes ont impos\u00e9 des limites de plus en plus strictes aux d\u00e9placements de la population palestinienne dans les TPO. Un r\u00e9seau de \u201ccheckpoints\u201d militaires, de barrages routiers, de cl\u00f4tures et d\u2019autres structures contr\u00f4le la circulation des Palestiniens et limite leurs all\u00e9es et venues en Isra\u00ebl ou \u00e0 l\u2019\u00e9tranger.<\/p>\n<div class=\"src-client-components-HTMLSerializer-__HTMLSerializer___exergue\">\n<p>Le mur construit par Isra\u00ebl en Cisjordanie fait quatre fois la longueur du mur de Berlin<\/p>\n<\/div>\n<p class=\"\">Un mur de 700\u202fkm, qu\u2019Isra\u00ebl continue de prolonger, isole les communaut\u00e9s palestiniennes \u00e0 l\u2019int\u00e9rieur de \u00ab\u202fzones militaires\u202f\u00bb. Actuellement, les Palestiniens doivent obtenir plusieurs autorisations sp\u00e9ciales \u00e0 chaque fois qu\u2019ils veulent quitter leur lieu de r\u00e9sidence ou y revenir. Dans la bande de Gaza, plus de deux millions de Palestiniens et de Palestiniennes subissent un blocus, impos\u00e9 par Isra\u00ebl, qui a provoqu\u00e9 une grave crise humanitaire et entrave le d\u00e9veloppement socio-\u00e9conomique. Il est quasiment impossible pour les habitants de la bande de Gaza de se rendre \u00e0 l\u2019\u00e9tranger ou ailleurs sur le territoire. Ils sont, de fait, isol\u00e9s du reste du monde et m\u00eame des autres Palestiniens.<\/p>\n<p class=\"src-client-components-HTMLSerializer-__HTMLSerializer___blockquote\">Chaque d\u00e9placement de Palestiniens est soumis \u00e0 la validation de l\u2019arm\u00e9e isra\u00e9lienne, et les t\u00e2ches quotidiennes les plus anodines n\u00e9cessitent de braver un \u00e9ventail de violentes mesures de contr\u00f4le. Les citoyens et les colons isra\u00e9liens sont, eux, libres de circuler \u00e0 leur guise<\/p>\n<p class=\"src-client-components-HTMLSerializer-__HTMLSerializer___blockquote-auteur\">Agn\u00e8s Callamard, Secr\u00e9taire g\u00e9n\u00e9rale d\u2019Amnesty International<\/p>\n<p class=\"\">Pour justifier ces mesures de s\u00e9gr\u00e9gation, Isra\u00ebl avance des motifs de s\u00e9curit\u00e9. Vouloir prot\u00e9ger ses populations est l\u00e9gitime, c\u2019est m\u00eame le devoir d\u2019un \u00c9tat. Mais ceci ne peut justifier des mesures disproportionn\u00e9es et discriminatoires, et donc contraires au droit international.<\/p>\n<h4>L\u2019URGENCE\u202f: D\u00c9MANTELER CE R\u00c9GIME D\u2019APARTHEID<\/h4>\n<p class=\"\">Rien ne peut justifier un syst\u00e8me reposant sur l\u2019oppression institutionnalis\u00e9e et prolong\u00e9e de millions de personnes. L\u2019apartheid n\u2019a pas sa place dans notre monde.\u00a0La communaut\u00e9 internationale doit reconna\u00eetre le crime d\u2019apartheid dont sont responsables les autorit\u00e9s isra\u00e9liennes et \u00e9tudier les nombreuses pistes judiciaires qui restent honteusement inexplor\u00e9es pour que les victimes de ce syst\u00e8me puissent obtenir justice et r\u00e9paration.<\/p>\n<p class=\"\">\u00ab\u202f<em>Isra\u00ebl doit d\u00e9manteler le syst\u00e8me d\u2019apartheid et traiter les Palestiniens comme des \u00eatres humains, en leur accordant l\u2019\u00e9galit\u00e9 des droits et la dignit\u00e9. Tant que ce ne sera pas le cas, la paix et la s\u00e9curit\u00e9 resteront hors de port\u00e9e des populations isra\u00e9liennes et palestiniennes\u00a0<\/em>\u00bb\u00a0conclut Agn\u00e8s Callamard,\u00a0notre Secr\u00e9taire g\u00e9n\u00e9rale.<\/p>\n<\/section>\n<section class=\"src-client-components-HTMLSerializer-__HTMLSerializer___HTMLSerializer src-client-components-ContentSlices-OldSliceFactory-BlocInfo-__styles___blocInfo\">\n<h4 style=\"text-align: center;\">NOS RECOMMANDATIONS<\/h4>\n<p class=\"\">Nous avons de nombreuses recommandations pr\u00e9cises pour mettre un terme \u00e0 la s\u00e9gr\u00e9gation et l\u2019oppression \u00e0 l\u2019encontre du peuple palestinien et pour qu\u2019Isra\u00ebl d\u00e9mant\u00e8le le syst\u00e8me d\u2019apartheid, la s\u00e9gr\u00e9gation et l\u2019oppression qui l\u2019entretiennent. Voici nos principales demandes.<\/p>\n<p class=\"\">Nous demandons au gouvernement isra\u00e9lien\u202f:<\/p>\n<p class=\"src-client-components-HTMLSerializer-__HTMLSerializer___listItem\">la fin des d\u00e9molitions de logements et des expulsions forc\u00e9es ;<\/p>\n<p class=\"src-client-components-HTMLSerializer-__HTMLSerializer___listItem\">l\u2019\u00e9galit\u00e9 des droits pour l\u2019ensemble des Palestiniens en Isra\u00ebl et dans les Territoires palestiniens occup\u00e9s ;<\/p>\n<p class=\"src-client-components-HTMLSerializer-__HTMLSerializer___listItem\">la reconnaissance du droit des r\u00e9fugi\u00e9s palestiniens et de leurs descendants \u00e0 rentrer sur les lieux o\u00f9 leurs familles ou eux-m\u00eames vivaient autrefois. ;<\/p>\n<p class=\"src-client-components-HTMLSerializer-__HTMLSerializer___listItem\">le versement de r\u00e9parations compl\u00e8tes aux victimes d\u2019atteintes aux droits humains et de crimes contre l\u2019humanit\u00e9.<\/p>\n<p class=\"\">Nous demandons aux \u00c9tats tiers et \u00e0 la communaut\u00e9 internationale de r\u00e9agir avec force :<\/p>\n<p class=\"src-client-components-HTMLSerializer-__HTMLSerializer___listItem\">en exer\u00e7ant la comp\u00e9tence universelle afin de traduire en justice les personnes responsables du crime d\u2019apartheid. Les \u00c9tats qui ont ratifi\u00e9 la Convention sur l\u2019apartheid en ont l\u2019obligation.<\/p>\n<p class=\"\">Nous demandons au Conseil de s\u00e9curit\u00e9 de l\u2019ONU d\u2019imposer :<\/p>\n<p class=\"src-client-components-HTMLSerializer-__HTMLSerializer___listItem\">un embargo strict sur les transferts d\u2019armement \u2013 armes et munitions, ainsi que les \u00e9quipements de maintien de l\u2019ordre \u2013 vers Isra\u00ebl, car des milliers de civils palestiniens sont tu\u00e9s ill\u00e9galement par les forces isra\u00e9liennes.<\/p>\n<p class=\"src-client-components-HTMLSerializer-__HTMLSerializer___listItem\">des sanctions, comme le gel d\u2019actifs, cibl\u00e9es \u00e0 l&rsquo;encontre des responsables isra\u00e9liens les plus impliqu\u00e9s dans le crime d\u2019apartheid.<\/p>\n<p class=\"\">Nous demandons \u00e0 la Cour p\u00e9nale internationale :<\/p>\n<p class=\"src-client-components-HTMLSerializer-__HTMLSerializer___listItem\">d&rsquo;inclure la question de l\u2019apartheid, crime contre l\u2019humanit\u00e9, dans son enqu\u00eate, ouverte en mars 2021, sur la situation dans les territoires palestiniens.<\/p>\n<\/section>\n<div class=\"src-client-components-CTA-__styles___CTA\">\n<div class=\"src-client-components-CTA-__styles___contentWrapper\">\n<p><span class=\"src-client-components-CTA-TopArrow-__TopArrow___topArrow\">AGIR<\/span><\/p>\n<div>\n<section class=\"src-client-components-HTMLSerializer-__HTMLSerializer___HTMLSerializer\">\n<h4 style=\"text-align: center;\">STOP \u00c0 L&rsquo;APARTHEID CONTRE LES PALESTINIENS !<\/h4>\n<p class=\"\">Demandez au Premier ministre Naftali Bennett de mettre fin imm\u00e9diatement aux d\u00e9molitions et aux expulsions forc\u00e9es en signant notre p\u00e9tition.<\/p>\n<\/section>\n<\/div>\n<div class=\"src-client-components-Button-__Button___buttonWrapper\" style=\"text-align: center;\"><a class=\"src-client-components-Button-__Button___button grand-CTA CTA-petition\" href=\"https:\/\/www.amnesty.fr\/petitions\/israel-stop-a-lapartheid-contre-les-palestiniens\">VOIR LA P\u00c9TITION<\/a><\/div>\n<\/div>\n<\/div>\n<\/div>\n<div style=\"text-align: center;\"><\/div>\n<\/section>\n<div class=\"src-client-components-Ressources-RessourcesList-__RessourcesList___RessourcesList\">\n<div class=\"src-client-components-Ressources-RessourceItem-__RessourceItem___Type\" style=\"text-align: center;\">Rapport<\/div>\n<div class=\"src-client-components-Ressources-RessourceItem-__RessourceItem___Image\" style=\"text-align: center;\"><img decoding=\"async\" src=\"https:\/\/images.prismic.io\/amnestyfr\/2c74ac35-6870-4427-8c91-f2deee956931_Une-Rapport-Apartheid-ITPO.jpg?auto=compress,format&amp;rect=18,0,543,799&amp;w=340&amp;h=500\" alt=\"\" \/><\/div>\n<div class=\"src-client-components-Ressources-RessourceItem-__RessourceItem___Container\" style=\"text-align: center;\">\n<div class=\"src-client-components-Ressources-RessourceItem-__RessourceItem___Titre\">L\u2019Apartheid commis par Isra\u00ebl \u00e0 l\u2019encontre des Palestiniens (R\u00e9sum\u00e9)<\/div>\n<div>Un syst\u00e8me cruel de domination et un crime contre l\u2019humanit\u00e9\u202f Rapport 2022<\/div>\n<div class=\"src-client-components-Ressources-RessourceItem-__RessourceItem___Footer\">Publi\u00e9 le\u00a001.02.2022<\/div>\n<\/div>\n<div class=\"src-client-components-Ressources-RessourceItem-__RessourceItem___Type\" style=\"text-align: center;\">Rapport<\/div>\n<div class=\"src-client-components-Ressources-RessourceItem-__RessourceItem___Image\" style=\"text-align: center;\"><img decoding=\"async\" src=\"https:\/\/images.prismic.io\/amnestyfr\/2c74ac35-6870-4427-8c91-f2deee956931_Une-Rapport-Apartheid-ITPO.jpg?auto=compress,format&amp;rect=18,0,543,799&amp;w=340&amp;h=500\" alt=\"\" \/><\/div>\n<div class=\"src-client-components-Ressources-RessourceItem-__RessourceItem___Container\">\n<div class=\"src-client-components-Ressources-RessourceItem-__RessourceItem___Titre\" style=\"text-align: center;\">L\u2019Apartheid commis par Isra\u00ebl \u00e0 l\u2019encontre des Palestiniens (Rapport complet)<\/div>\n<div style=\"text-align: center;\">Un syst\u00e8me cruel de domination et un crime contre l\u2019humanit\u00e9\u202f Rapport 2022 (version anglaise)<\/div>\n<div class=\"src-client-components-Ressources-RessourceItem-__RessourceItem___Footer\" style=\"text-align: center;\">Index AI:\u00a0MDE 15\/5141\/2022<br \/>\nPubli\u00e9 le\u00a001.02.2022<\/div>\n<\/div>\n<\/div>\n<div><\/div>\n<div>\n<h4 class=\"elementor-heading-title elementor-size-default\" style=\"text-align: center;\">Un ancien procureur g\u00e9n\u00e9ral d\u2019Isra\u00ebl : avec une grande tristesse, je conclus que mon pays est maintenant un r\u00e9gime d\u2019apartheid<\/h4>\n<p>Par Michael Benyair, le 10 f\u00e9vrier 2022<\/p>\n<p>Michael Benyair, ancien Procureur G\u00e9n\u00e9ral d\u2019Isra\u00ebl approuve Amnesty International<\/p>\n<p>Au cours de l\u2019ann\u00e9e derni\u00e8re, un d\u00e9bat public s\u2019est d\u00e9roul\u00e9 sur le fait de savoir si les actions men\u00e9es par le gouvernement isra\u00e9lien dans les Territoires Palestiniens Occup\u00e9s peuvent \u00eatre class\u00e9es comme de l\u2019apartheid au regard du droit international.<\/p>\n<p>Le 1<sup>er<\/sup>\u00a0f\u00e9vrier,\u00a0<a href=\"https:\/\/www.amnesty.org\/en\/latest\/news\/2022\/02\/israels-apartheid-against-palestinians-a-cruel-system-of-domination-and-a-crime-against-humanity\/\">Amnesty International<\/a>\u00a0est la derni\u00e8re ONG \u00e0 l\u2019avoir class\u00e9 comme de l\u2019apartheid, le qualifiant de \u00ab\u00a0cruel syst\u00e8me de domination et de crime contre l\u2019humanit\u00e9\u00a0\u00bb.\u00a0Cela s\u2019est produit \u00e0 la suite de d\u00e9clarations ant\u00e9rieures sur l\u2019apartheid de la part d\u2019autres groupes de d\u00e9fense des droits humains,\u00a0<a href=\"https:\/\/www.yesh-din.org\/en\/the-occupation-of-the-west-bank-and-the-crime-of-apartheid-legal-opinion\/\">Yesh Din<\/a>,\u00a0<a href=\"https:\/\/www.btselem.org\/topic\/apartheid\">B\u2019Tselem<\/a>\u00a0et\u00a0<a href=\"https:\/\/www.hrw.org\/report\/2021\/04\/27\/threshold-crossed\/israeli-authorities-and-crimes-apartheid-and-persecution\">Human Rights Watch<\/a>.<\/p>\n<p>\u00c9tant l\u2019ancien procureur g\u00e9n\u00e9ral d\u2019Isra\u00ebl, j\u2019ai pass\u00e9 ma carri\u00e8re \u00e0 analyser les questions juridiques les plus pressantes concernant Isra\u00ebl. L\u2019occupation par Isra\u00ebl de la Cisjordanie et de J\u00e9rusalem Est a \u00e9t\u00e9 un dilemme de fond pendant mon mandat et au-del\u00e0.<\/p>\n<p><strong>Une grave injustice<\/strong><\/p>\n<p>La domination d\u2019Isra\u00ebl sur ces territoires est une grave injustice que doit \u00eatre urgemment rectifi\u00e9e.<\/p>\n<p>C\u2019est avec une grande tristesse que je dois aussi conclure que mon pays a sombr\u00e9 dans de telles profondeurs politiques et morales qu\u2019il est maintenant un r\u00e9gime d\u2019apartheid. Il est temps pour la communaut\u00e9 internationale, elle aussi, de reconna\u00eetre cette r\u00e9alit\u00e9.<\/p>\n<p>Depuis 1967, les autorit\u00e9s isra\u00e9liennes ont justifi\u00e9 l\u2019occupation en la pr\u00e9tendant temporaire jusqu\u2019\u00e0 ce qu\u2019une solution pacifique puisse \u00eatre trouv\u00e9e entre Isra\u00e9liens et Palestiniens. Or, cinq d\u00e9cennies ont maintenant pass\u00e9 depuis que ces territoires ont \u00e9t\u00e9 conquis et Isra\u00ebl ne montre aucun int\u00e9r\u00eat \u00e0 abroger ce contr\u00f4le.<\/p>\n<p>Il est impossible de conclure autrement\u00a0: l\u2019occupation est une r\u00e9alit\u00e9 permanente. C\u2019est la r\u00e9alit\u00e9 d\u2019un \u00c9tat unique avec deux peuples diff\u00e9rents n\u2019ayant pas les m\u00eames droits.<\/p>\n<p>En violant le droit international, Isra\u00ebl a transf\u00e9r\u00e9\u00a0<a href=\"https:\/\/news.un.org\/en\/story\/2021\/11\/1104792\">plus de 650,000<\/a>\u00a0de ses citoyens qui se sont install\u00e9s dans les colonies de Cisjordanie et de J\u00e9rusalem Est. Ces colonies sont \u00e9tablies dans des zones qui entourent des villages palestiniens et fragmentent intentionnellement les communaut\u00e9s palestiniennes les unes par rapport aux autres, pour, au bout du compte, emp\u00eacher la possibilit\u00e9 d\u2019un \u00c9tat palestinien attenant. \u00c0 J\u00e9rusalem Est, des lois discriminatoires sur la propri\u00e9t\u00e9 expulsent des Palestiniens hors de leurs maisons dans une politique de juda\u00efsation de la ville appuy\u00e9e par l\u2019\u00c9tat.<\/p>\n<p><strong>Il n\u2019y a pas \u00ab\u00a0deux Isra\u00ebl\u00a0\u00bb<\/strong><\/p>\n<p>Dans la zone C de Cisjordanie, des lois d\u2019am\u00e9nagement discriminatoires sont utilis\u00e9es pour chasser les communaut\u00e9s palestiniennes de leurs terres. Ces communaut\u00e9s sont face \u00e0 un d\u00e9luge de violence des colons des avant-postes non autoris\u00e9s (ill\u00e9gaux m\u00eame en droit isra\u00e9lien), et les auteurs de cette violence n\u2019encourent aucune cons\u00e9quence de leurs actes.<\/p>\n<p>Toute tentative de r\u00e9sister \u00e0 l\u2019apartheid est fortement surveill\u00e9e et criminalis\u00e9e, comme le montre la qualification trompeuse de groupes de la soci\u00e9t\u00e9 civile palestinienne\u00a0<a href=\"https:\/\/www.europarl.europa.eu\/doceo\/document\/E-9-2021-004982_EN.html\">de\u00a0terroristes par le minist\u00e8re isra\u00e9lien de la d\u00e9fense<\/a>. Les gouvernements isra\u00e9liens successifs, dont le r\u00e9cent gouvernement de coalition qui s\u2019est affich\u00e9 comme un changement par rapport \u00e0 l\u2019intransigeance de Netanyahou, ont constamment et publiquement affirm\u00e9 qu\u2019ils n\u2019ont aucune intention que se cr\u00e9e un \u00c9tat palestinien.<\/p>\n<p>Quoi qu\u2019il en soit, l\u2019essentiel du d\u00e9bat dans la communaut\u00e9 internationale se passe comme si le comportement d\u2019Isra\u00ebl dans les territoires occup\u00e9s pouvait \u00eatre distingu\u00e9 de la d\u00e9mocratie lib\u00e9rale qui existe de l\u2019autre c\u00f4t\u00e9 de la Ligne Verte. C\u2019est une erreur.<\/p>\n<p>On ne peut tout simplement pas \u00eatre une d\u00e9mocratie lib\u00e9rale en pratiquant l\u2019apartheid sur un autre peuple. Il y a une contradiction dans les termes parce que l\u2019ensemble de la soci\u00e9t\u00e9 d\u2019Isra\u00ebl est complice de cette r\u00e9alit\u00e9 injuste.<\/p>\n<p>C\u2019est le cabinet minist\u00e9riel d\u2019Isra\u00ebl pour les colonies qui approuve chaque colonie ill\u00e9gale dans les territoires occup\u00e9s. C\u2019\u00e9tait moi, dans mon r\u00f4le de Procureur G\u00e9n\u00e9ral qui approuvait l\u2019expropriation de terres priv\u00e9s palestiniennes pour la construction d\u2019infrastructures telles que des routes qui ont ancr\u00e9 l\u2019expansion des colonies.<\/p>\n<p>Ce sont les tribunaux isra\u00e9liens qui font respecter des lois destin\u00e9es \u00e0 chasser des Palestiniens de leurs maisons \u00e0 J\u00e9rusalem Est et de leurs terres en Cisjordanie. Les services de soins op\u00e8rent par-dessus la Ligne Verte. Et les citoyens isra\u00e9liens paient finalement des imp\u00f4ts qui financent la p\u00e9rennisation du contr\u00f4le et de la domination du gouvernement sur ces territoires.<\/p>\n<p>Entre le Jourdain et la M\u00e9diterran\u00e9e, c\u2019est Isra\u00ebl qui prive en permanence des millions de Palestiniens de leurs droits civils et politiques. C\u2019est l\u2019apartheid isra\u00e9lien.<\/p>\n<p><strong>Y a-t-il de l\u2019espoir\u00a0?<\/strong><\/p>\n<p>Il y a deux solutions d\u00e9mocratiques possibles qui peuvent transformer ce statu quo. La premi\u00e8re est de garantir \u00e0 chaque personne vivant sous contr\u00f4le isra\u00e9lien la pleine citoyennet\u00e9 et l\u2019\u00e9galit\u00e9.<\/p>\n<p>Malheureusement, ce sc\u00e9nario conduirait \u00e0 la perte de la majorit\u00e9 juive et \u00e0 la \u00ab\u00a0balkanisation\u00a0\u00bb de la totalit\u00e9 du territoire, augmentant par-l\u00e0 la probabilit\u00e9 que le conflit soit inextricable.<\/p>\n<p>La seconde solution possible serait qu\u2019Isra\u00ebl se retire des territoires occup\u00e9s et \u00e9tablisse un \u00c9tat de Palestine aux c\u00f4t\u00e9s d\u2019Isra\u00ebl. Cela assurerait non seulement une juste r\u00e9partition de la terre entre le peuple palestinien autochtone et le peuple juif qui a \u00e9t\u00e9 pers\u00e9cut\u00e9 pendant des milliers d\u2019ann\u00e9es. Cela garantirait aussi, \u00e0 la fois une solution durable au conflit isra\u00e9lo-palestinien et la fin de l\u2019apartheid.<\/p>\n<p>Le statu quo sur le terrain est une abomination morale. Le retard de la communaut\u00e9 internationale \u00e0 prendre des mesures significatives pour tenir Isra\u00ebl responsable du r\u00e9gime d\u2019apartheid qu\u2019il perp\u00e9tue est inacceptable.<\/p>\n<p><em><strong>Michael Benyair<\/strong>\u00a0est un ancien Procureur G\u00e9n\u00e9ral d\u2019Isra\u00ebl et un ancien juge de la Cour Supr\u00eame.\u00a0<\/em><\/p>\n<p>Source :\u00a0<a href=\"https:\/\/www.thejournal.ie\/readme\/israel-apartheid-5678541-Feb2022\/\" target=\"_blank\" rel=\"noreferrer noopener\">The journal<\/a><\/p>\n<p>Traduction SF pour l\u2019Agence m\u00e9dia Palestine<\/p>\n<\/div>\n","protected":false},"excerpt":{"rendered":"<p>Saleh Hijazi, d\u2019Amnesty International, parle \u00e0 +972 du r\u00e9cent rapport de son organisation, de la s\u00e9v\u00e8re r\u00e9ponse du gouvernement isra\u00e9lien et explique pourquoi notre analyse de l\u2019apartheid isra\u00e9lien doit commencer \u00e0 partir de 1948.<\/p>\n","protected":false},"author":1,"featured_media":5040,"comment_status":"open","ping_status":"open","sticky":false,"template":"","format":"standard","meta":{"footnotes":""},"categories":[21,6,28],"tags":[87],"class_list":["post-5091","post","type-post","status-publish","format-standard","has-post-thumbnail","hentry","category-anti-imperialisme","category-palestine-moyen-orient","category-racismes","tag-apartheid"],"_links":{"self":[{"href":"https:\/\/bruxelles-pantheres.be\/index.php?rest_route=\/wp\/v2\/posts\/5091","targetHints":{"allow":["GET"]}}],"collection":[{"href":"https:\/\/bruxelles-pantheres.be\/index.php?rest_route=\/wp\/v2\/posts"}],"about":[{"href":"https:\/\/bruxelles-pantheres.be\/index.php?rest_route=\/wp\/v2\/types\/post"}],"author":[{"embeddable":true,"href":"https:\/\/bruxelles-pantheres.be\/index.php?rest_route=\/wp\/v2\/users\/1"}],"replies":[{"embeddable":true,"href":"https:\/\/bruxelles-pantheres.be\/index.php?rest_route=%2Fwp%2Fv2%2Fcomments&post=5091"}],"version-history":[{"count":1,"href":"https:\/\/bruxelles-pantheres.be\/index.php?rest_route=\/wp\/v2\/posts\/5091\/revisions"}],"predecessor-version":[{"id":5092,"href":"https:\/\/bruxelles-pantheres.be\/index.php?rest_route=\/wp\/v2\/posts\/5091\/revisions\/5092"}],"wp:featuredmedia":[{"embeddable":true,"href":"https:\/\/bruxelles-pantheres.be\/index.php?rest_route=\/wp\/v2\/media\/5040"}],"wp:attachment":[{"href":"https:\/\/bruxelles-pantheres.be\/index.php?rest_route=%2Fwp%2Fv2%2Fmedia&parent=5091"}],"wp:term":[{"taxonomy":"category","embeddable":true,"href":"https:\/\/bruxelles-pantheres.be\/index.php?rest_route=%2Fwp%2Fv2%2Fcategories&post=5091"},{"taxonomy":"post_tag","embeddable":true,"href":"https:\/\/bruxelles-pantheres.be\/index.php?rest_route=%2Fwp%2Fv2%2Ftags&post=5091"}],"curies":[{"name":"wp","href":"https:\/\/api.w.org\/{rel}","templated":true}]}}