{"id":5099,"date":"2022-03-14T23:09:03","date_gmt":"2022-03-14T22:09:03","guid":{"rendered":"https:\/\/bruxelles-pantheres.be\/?p=5099"},"modified":"2022-03-14T23:09:03","modified_gmt":"2022-03-14T22:09:03","slug":"a-propos-de-la-journee-internationale-de-lutte-contre-les-violences-policieres","status":"publish","type":"post","link":"https:\/\/bruxelles-pantheres.be\/?p=5099","title":{"rendered":"A propos de la \u00ab Journ\u00e9e internationale de lutte contre les violences polici\u00e8res \u00bb"},"content":{"rendered":"<blockquote><p><em>\u00ab AVEC NOUS OU RIEN<\/em><\/p>\n<p><em>Nous, Noirs, Arabes, Rroms, Musulmans, issus de l\u2019immigration postcoloniale, identifi\u00e9s comme des non-blancs, sommes les cibles prioritaires d\u2019un racisme structurel qui, depuis plusieurs d\u00e9cennies, poursuit sa marche funeste en se d\u00e9ployant \u00e0 tous les niveaux de la soci\u00e9t\u00e9. Le constat est sans appel : nous sommes de plus en plus expos\u00e9s aux violences et aux crimes policiers, aux discriminations syst\u00e9miques, aux humiliations et \u00e0 une pr\u00e9carisation g\u00e9n\u00e9ralis\u00e9e. \u00c0 l\u2019origine du traitement diff\u00e9renci\u00e9 r\u00e9serv\u00e9 \u00e0 nous \u00ab citoyens de seconde zone \u00bb, au mieux, \u00ab citoyens refoul\u00e9s \u00bb, au pire, se d\u00e9veloppe et s\u2019affirme un v\u00e9ritable \u00ab racisme d\u2019\u00c9tat \u00bb qui s\u2019exprime sous diverses formes.<\/em><\/p>\n<p><em>Des formes de racisme d\u2019Etat comme lorsque les binationaux ne b\u00e9n\u00e9ficient m\u00eame plus des protections formelles de la Belgique lorsqu\u2019ils se trouvent dans le pays de leur autre nationalit\u00e9, ou plus subtilement lorsque Noirs, Rroms, Arabes et Musulmans sont transform\u00e9s en purs objets silencieux des politiques publiques qui les concernent.<\/em><\/p>\n<p><em>Des formes structurelles qui, s\u2019appuyant sur ces logiques d\u2019Etat, impr\u00e8gnent la soci\u00e9t\u00e9 belge dans son enti\u00e8ret\u00e9, jusqu\u2019aux mouvements politiques pr\u00e9tendant parler en notre nom mais nous renvoyant \u00e0 un suppos\u00e9 \u00ab communautarisme \u00bb d\u00e8s que nous d\u00e9ployons nos propres modes d\u2019organisation.\u00a0\u00bb <\/em><a href=\"https:\/\/collectif-rosa-parks-belgique1.webnode.be\/discographie\/\"><em>Collectif Rosa Parks Belgique (2018)<\/em><\/a><em>.<\/em><\/p><\/blockquote>\n<p><!--more--><\/p>\n<p style=\"text-align: center;\"><strong><em>A propos de la \u00ab Journ\u00e9e internationale de lutte contre les violences polici\u00e8res \u00bb<\/em><\/strong><\/p>\n<p>&nbsp;<\/p>\n<p><a href=\"https:\/\/bruxelles-pantheres.be\/wp-content\/uploads\/2022\/03\/15-mars-2022-1.png\"><img decoding=\"async\" class=\"wp-image-5101 size-full aligncenter\" src=\"https:\/\/bruxelles-pantheres.be\/wp-content\/uploads\/2022\/03\/15-mars-2022-1.png\" alt=\"\" width=\"872\" height=\"827\" srcset=\"https:\/\/bruxelles-pantheres.be\/wp-content\/uploads\/2022\/03\/15-mars-2022-1.png 872w, https:\/\/bruxelles-pantheres.be\/wp-content\/uploads\/2022\/03\/15-mars-2022-1-300x285.png 300w, https:\/\/bruxelles-pantheres.be\/wp-content\/uploads\/2022\/03\/15-mars-2022-1-768x728.png 768w\" sizes=\"(max-width: 872px) 100vw, 872px\" \/><\/a><\/p>\n<p>Islamophobie, N\u00e9grophobie, Racisme de la part de la police, chasse aux migrant\u00b7e\u00b7s, traque des sans-papiers, r\u00e9pression des mouvements populaires, fichage g\u00e9n\u00e9ralis\u00e9&#8230; Il est plus qu\u2019urgent de s\u2019organiser et de d\u00e9noncer les logiques racistes et s\u00e9curitaires. Depuis plus de dix ans maintenant, avec la campagne Stop R\u00e9pression, nous nous mobilisons contre les violences polici\u00e8res et la r\u00e9pression d\u2019\u00c9tat \u00e0 l\u2019occasion de la Journ\u00e9e internationale contre les violences polici\u00e8res !<\/p>\n<p>Ce 15 mars 2022 aura lieu \u00e0 Bruxelles, la \u00ab Journ\u00e9e internationale de lutte contre les violences polici\u00e8res \u00bb \u00e0 l\u2019initiative de Outils Solidaires contre les violences polici\u00e8res, la CLAC, Acteurs et actrices des temps pr\u00e9sents, les JOC et la Ligue des droits humains. \u00a0La seule phrase de leur appel stipule \u00ab\u00a0Venez demander #Justicepour toutes les victimes.\u00a0\u00bb mais qui parle \u00e0 qui ?<\/p>\n<p>A qui s\u2019adresse cet \u00e9v\u00e9nement ?<\/p>\n<p>Quel message ces organisations veulent-elles faire passer ?<\/p>\n<p>Quel est l\u2019objectif ?<\/p>\n<p>Dans les communications sur l\u2019\u00e9v\u00e9nement on ne parle ni de contr\u00f4le aux faci\u00e8s, ni d\u2019Islamophobie, ni de N\u00e9grophobie, ni m\u00eame de Racisme. Ces organisations n\u2019\u00e9voquent jamais la mort de plusieurs Arabes et Noirs depuis des ann\u00e9es.<\/p>\n<p>Dans cette non-communication, tout est mis en place pour que la question sp\u00e9cifique du Racisme soit \u00e9touff\u00e9e (comme la mort de Lamine Bangoura aux mains de supr\u00e9matistes blancs munis d&rsquo;un uniforme de police), ou ne soit plus qu\u2019un \u00e9l\u00e9ment parmi d\u2019autres de la violence au sein de la police dont on voudrait nous faire croire qu\u2019elle touche \u00e9galitairement tous les citoyens, qu\u2019ils soient militants blancs ou simples citoyens Noirs, Arabes. Cette campagne accompagne et renforce la communication des syndicats policiers qui pr\u00e9tendent qu\u2019il ne s\u2019agirait que de bavures commises par des \u00ab pommes pourries \u00bb et non d\u2019une violence structurante.<\/p>\n<p>Le racisme, les contr\u00f4les au faci\u00e8s et les violences polici\u00e8res sont pourtant une r\u00e9alit\u00e9 quotidienne depuis au moins 40 ans, particuli\u00e8rement pour les Noirs, les Arabes, les Rroms.<\/p>\n<p>Les contr\u00f4les violents, c\u2019est notre quotidien.<\/p>\n<p>Depuis des g\u00e9n\u00e9rations nous h\u00e9ritons de cette violence coloniale qui se mat\u00e9rialise par : le bouclage des quartiers, les contr\u00f4les au faci\u00e8s, les fouilles au corps, les courses-poursuites, tout cela amenant \u00e0 la cr\u00e9ation d\u2019une politique polici\u00e8re mortif\u00e8re. Car disons-le clairement, le plan Canal destin\u00e9 au confinement des quartiers populaires, tout comme le plan Medusa destin\u00e9 \u00e0 la traque des migrants, sont des dispositifs qui participent de l\u2019existence de cette politique mortif\u00e8re.<\/p>\n<p>Demandez \u00e0 n\u2019importe quelle famille de Noirs ou d\u2019Arabes combien de fois dans leur vie les membres de leur famille ont \u00e9t\u00e9 contr\u00f4l\u00e9s par la police, et la probabilit\u00e9 est grande de s\u2019entendre dire que c\u2019est impossible \u00e0 compter ! C\u2019est tout le temps ! Il y a autant d\u2019histoires de contr\u00f4les d\u2019identit\u00e9 violents que de jeunes, les souvenirs de violences racistes de la police ne manquent pas, elles sont end\u00e9miques, elles sont h\u00e9r\u00e9ditaires, de p\u00e8re en fils.<\/p>\n<p>Face \u00e0 cela, g\u00e9n\u00e9ralement, les victimes se retrouvent seules. Parfois on est soutenu par la famille, par des amis, parfois non, en tout cas, face \u00e0 la violence d\u2019\u00c9tat, ce n\u2019est pas suffisant.<\/p>\n<p>L\u2019augmentation du nombre de proc\u00e8s entra\u00eene des frais de justice de plus en plus \u00e9lev\u00e9s et il est logique de ne pas laisser tomber les personnes qui subissent cette r\u00e9pression. Un exemple concret de cette inflation fabriqu\u00e9e des frais de justice est l\u2019application, depuis moins de dix ans maintenant, d\u2019un taux de TVA de 21% sur les honoraires d\u2019avocats.<\/p>\n<p>Face \u00e0 la r\u00e9pression, \u00e0 la police, \u00e0 la justice il devient n\u00e9cessaire de s\u2019organiser. S\u2019organiser sur du long terme pour trouver de l\u2019argent et le mettre en commun, pour payer des frais de justice, pour trouver des avocats qui s\u2019occupent de ces affaires. S\u2019organiser ce n\u2019est pas \u00ab aider les autres qui en auraient besoin \u00bb, c\u2019est se retrouver \u00e0 partir de ce qu\u2019on vit, se tenir concr\u00e8tement et faire face ensemble.<\/p>\n<p>Nous sommes convaincus qu\u2019il n\u2019y a que le rapport de force politique et m\u00e9diatique qui fasse de la question des violences polici\u00e8res une r\u00e9elle question nationale. C\u2019est \u00e0 cette condition que nous pourrons \u00ab\u00a0peser\u00a0\u00bb sur ces affaires et infl\u00e9chir leur traitement judiciaire, pour qu\u2019enfin les familles puissent faire leur deuil.<\/p>\n<p>La question des violences polici\u00e8res est aujourd\u2019hui incontournable dans le paysage institutionnel et m\u00e9diatico-politique. Cette avanc\u00e9e est le fruit d\u2019initiatives multiples venant de nombreuses associations de terrain qui luttent au quotidien contre les violences racistes de la police, l\u2019islamophobie, la n\u00e9grophobie, la rromophobie, le racisme d\u2019Etat. Des forums et conf\u00e9rences aux marches contre les violences polici\u00e8res jusqu\u2019aux interpellations politiques, en passant par une occupation r\u00e9solue des r\u00e9seaux sociaux, blogs et plateformes num\u00e9riques, cette vague contestataire est l\u2019un des mouvements les plus prometteurs pour ceux et celles qui luttent contre les violences polici\u00e8res et le racisme d\u2019Etat.<\/p>\n<p>Il faut se rendre \u00e0 l\u2019\u00e9vidence concernant les organisations organisatrices de ce 15 mars 2022 : leur convergence des luttes est une convergence blanche, un concept vide de sens qui permet aux Blanc\u00b7hes de demander aux Noirs et Arabes de r\u00e9duire au silence leurs propres luttes.<\/p>\n<p>Nous ne pouvons ni rester silencieux, ni rester sans rien faire ! Il faut que \u00e7a cesse !<\/p>\n<p>Ces pratiques, venant d&rsquo;organisations se revendiquant politiquement de la gauche, r\u00e9v\u00e8lent combien une logique digne de la colonisation est ancr\u00e9e dans leurs esprits. Comme le dit Aim\u00e9 C\u00e9saire, c&rsquo;est du fraternalisme ; \u00ab\u00a0il s\u2019agit bel et bien d\u2019un fr\u00e8re, d\u2019un grand fr\u00e8re qui, imbu de sa sup\u00e9riorit\u00e9 et s\u00fbr de son exp\u00e9rience, vous prend la main (d\u2019une main, h\u00e9las !, parfois rude) pour vous conduire sur la route o\u00f9 il sait se trouver la Raison et le Progr\u00e8s.\u00a0\u00bb. Ce fraternalisme est tellement profond qu&rsquo;il fait que les blancs de gauche ne comprennent pas nos l\u00e9gitimes critiques. En r\u00e9alit\u00e9, \u00e7a traduit une peur de voir des Noirs ou Arabes penser de mani\u00e8re autonome. Ou imagine-t-ils que les Noirs et Arabes sont incapables de s\u2019organiser politiquement \u00e0 d\u00e9faut de le craindre ?<\/p>\n<p>Je reprends ici \u00e0 mon compte les propos de Sadri Khiari \u00ab C\u2019est \u00e0 la gauche, aux forces qui voudraient se battre contre le racisme et une forme de domination raciale d\u2019aller vers les \u00ab populations indig\u00e9nis\u00e9es \u00bb et leurs organisations. Et d\u2019aller vers elles, non pas avec des ultimatums, non pas pour les \u00e9duquer ou les r\u00e9\u00e9duquer, pour leur montrer le chemin historique et unique du progressisme et de l\u2019\u00e9mancipation, mais pour les appuyer, accepter leurs sp\u00e9cificit\u00e9s, reconna\u00eetre le caract\u00e8re fondamental de leurs revendications. C\u2019est donc \u00e0 la gauche blanche de montrer qu\u2019elle est capable de construire un grand mouvement populaire, qui n\u2019aura de sens aujourd\u2019hui qu\u2019avec les populations issues de l\u2019immigration, en respectant leur autonomie politique et en int\u00e9grant leurs revendications. Quant \u00e0 nous, sans une grande organisation politique, nous ne pourrons jamais n\u00e9gocier des alliances \u00e9galitaires. Nous ne voulons plus \u00eatre les tirailleurs s\u00e9n\u00e9galais d\u2019aucune cause ! \u00bb.<\/p>\n<p>Alors pourquoi se joindre \u00e0 cette initiative ? Pour nous en tant que groupe qui milite depuis plus d\u2019une d\u00e9cennie sur les questions de violences raciste de la police, il nous a paru tout de suite \u00e9vident que nous ne devions pas nous laisser r\u00e9cup\u00e9rer, invisibiliser, instrumentaliser mais critiquer et\u2026 se joindre \u00e0 cette initiative. Pour leur montrer que nous ne l\u00e2cherons pas, et que surtout nous ne laisserons pas les politiques et carri\u00e9ristes de tous bords faire \u00e0 nouveau campagne sur le dos des Noirs et des Arabes.<\/p>\n<p>Notre exp\u00e9rience des violences racistes de la police, de l\u2019Islamophobie, de la N\u00e9grophobie est une source premi\u00e8re de motivation pour nous joindre \u00e0 cette initiative. Pour nous, ces questions ne sont pas morales, elles sont une question de vie ou de mort.<\/p>\n<p>C\u2019est \u00e0 travers ces combats que nous avons acquis la certitude que notre survie, le respect de notre dignit\u00e9 et notre lib\u00e9ration ne peuvent \u00eatre pleinement accomplies que si nous nous impliquons dans des dynamiques politiques au niveau national et international.<\/p>\n<p>C\u2019est pour cela qu\u2019apr\u00e8s ce 15 mars 2022, nous nous rassemblerons encore et encore \u2013 en solidarit\u00e9 avec les familles qui se battent avec courage durant de longues ann\u00e9es, pour honorer la m\u00e9moire de leurs fils, mais aussi avons-nous vu, leurs filles, et pour faire entendre nos voix sur le traitement m\u00e9diatique, juridique et politique de ces affaires.<\/p>\n<p>Cette tentative de r\u00e9cup\u00e9ration, instrumentalisation, invisibilisation doit nous amener, dans les semaines qui viennent, \u00e0 nous rassembler, collectifs, associations, organisations, dans un effort collectif de solidarit\u00e9 et d\u2019actions collectives fortes.<\/p>\n<p>Les organisations qui pr\u00e9tendent lutter contre les violences polici\u00e8res ne peuvent pas en parler d\u00e9cemment sans parler du racisme qui les structure et les blanchit. Nous n\u2019avons pas besoin d\u2019Outils Observatoires Solidaires contre les violences polici\u00e8res pour nous dire ce que nous savons d\u00e9j\u00e0 depuis de trop nombreuses ann\u00e9es, nous n\u2019avons plus besoin d\u2019objectiver qu\u2019en amont des meurtres policiers, les hommes Arabes ou Noirs ont 20 fois plus de risques de se faire contr\u00f4ler, tutoyer, insulter, brutaliser par la police que le reste de la population. Nous savons aussi d\u00e9j\u00e0 trop bien que les Noirs, Arabes, \u00ab migrants \u00bb, sont surrepr\u00e9sent\u00e9s dans la funeste liste des personnes mortes entre les mains de la police.<\/p>\n<p>Le meurtre social g\u00e9n\u00e9ralis\u00e9 et l\u2019\u00e9limination physique r\u00e9guli\u00e8re de Noirs, d\u2019Arabes et de \u00ab migrants \u00bb doit cesser imm\u00e9diatement !<\/p>\n<p>Au vu des violences polici\u00e8res et des d\u00e9cisions judiciaires qui s\u2019ensuivent, l\u2019on ne peut que constater que ce que scelle l\u2019appareil s\u00e9curitaire, c\u2019est la p\u00e9rennisation de l\u2019ordre racial qui s\u00e9vit dans ce pays.<\/p>\n<p>Nous exigeons de ceux et celles qui disent lutter contre les violences polici\u00e8res, qu\u2019ils et elles travaillent \u00e0 la mise en place de contre-politiques polici\u00e8res et judiciaires capables de garantir le respect des droits et de la dignit\u00e9 de toutes celles et ceux, \u00eatres humains, qui vivent dans ce pays, en particulier de celles et ceux qui, victimes de ce syst\u00e8me racial, entrent en interaction avec l\u2019appareil s\u00e9curitaire et r\u00e9pressif.<\/p>\n<p>Nous demandons aux organisations comme Acteurs et actrices des temps pr\u00e9sents, les JOC et la Ligue des droits humains de se porter partie civile et\/ou de payer des frais de justice, pour trouver des avocats aux familles victime de crime policier.<\/p>\n<p>Nous voulons en finir avec l\u2019impunit\u00e9 des crimes policiers. Par tous les moyens n\u00e9cessaires.<\/p>\n<p>Nous voulons abolir les politiques racistes et meurtri\u00e8res des fronti\u00e8res de l\u2019UE. Par tous les moyens n\u00e9cessaires.<\/p>\n<p>Nous voulons l\u2019\u00e9radication de cet ordre racial. Par tous les moyens n\u00e9cessaires.<\/p>\n<p>Nous exigeons Respect et Dignit\u00e9 pour les victimes de violences et de crimes policiers.<\/p>\n<p>Nous exigeons des proc\u00e8s publics pour toutes les victimes de crimes policiers.<\/p>\n<p>&nbsp;<\/p>\n<p style=\"text-align: right;\">Nordine Sa\u00efdi, membre de Bruxelles Panth\u00e8res<\/p>\n","protected":false},"excerpt":{"rendered":"<p>\u00ab AVEC NOUS OU RIEN Nous, Noirs, Arabes, Rroms, Musulmans, issus de l\u2019immigration postcoloniale, identifi\u00e9s comme des non-blancs, sommes les cibles prioritaires d\u2019un racisme structurel qui, depuis plusieurs d\u00e9cennies, poursuit sa marche funeste en se d\u00e9ployant \u00e0 tous les niveaux de la soci\u00e9t\u00e9. Le constat est sans appel : nous sommes de plus en plus &#8230; <a title=\"A propos de la \u00ab Journ\u00e9e internationale de lutte contre les violences polici\u00e8res \u00bb\" class=\"read-more\" href=\"https:\/\/bruxelles-pantheres.be\/?p=5099\" aria-label=\"En savoir plus sur A propos de la \u00ab Journ\u00e9e internationale de lutte contre les violences polici\u00e8res \u00bb\">Lire la suite<\/a><\/p>\n","protected":false},"author":1,"featured_media":3201,"comment_status":"open","ping_status":"open","sticky":false,"template":"","format":"standard","meta":{"footnotes":""},"categories":[36,4,7,8,18,28,5],"tags":[31,14,13,54],"class_list":["post-5099","post","type-post","status-publish","format-standard","has-post-thumbnail","hentry","category-europe","category-islamophobie","category-negrophobie","category-prisons","category-resistance-bruxelles","category-racismes","category-violence-policiere","tag-belgique","tag-bruxelles","tag-nordine-saidi","tag-police"],"_links":{"self":[{"href":"https:\/\/bruxelles-pantheres.be\/index.php?rest_route=\/wp\/v2\/posts\/5099","targetHints":{"allow":["GET"]}}],"collection":[{"href":"https:\/\/bruxelles-pantheres.be\/index.php?rest_route=\/wp\/v2\/posts"}],"about":[{"href":"https:\/\/bruxelles-pantheres.be\/index.php?rest_route=\/wp\/v2\/types\/post"}],"author":[{"embeddable":true,"href":"https:\/\/bruxelles-pantheres.be\/index.php?rest_route=\/wp\/v2\/users\/1"}],"replies":[{"embeddable":true,"href":"https:\/\/bruxelles-pantheres.be\/index.php?rest_route=%2Fwp%2Fv2%2Fcomments&post=5099"}],"version-history":[{"count":1,"href":"https:\/\/bruxelles-pantheres.be\/index.php?rest_route=\/wp\/v2\/posts\/5099\/revisions"}],"predecessor-version":[{"id":5102,"href":"https:\/\/bruxelles-pantheres.be\/index.php?rest_route=\/wp\/v2\/posts\/5099\/revisions\/5102"}],"wp:featuredmedia":[{"embeddable":true,"href":"https:\/\/bruxelles-pantheres.be\/index.php?rest_route=\/wp\/v2\/media\/3201"}],"wp:attachment":[{"href":"https:\/\/bruxelles-pantheres.be\/index.php?rest_route=%2Fwp%2Fv2%2Fmedia&parent=5099"}],"wp:term":[{"taxonomy":"category","embeddable":true,"href":"https:\/\/bruxelles-pantheres.be\/index.php?rest_route=%2Fwp%2Fv2%2Fcategories&post=5099"},{"taxonomy":"post_tag","embeddable":true,"href":"https:\/\/bruxelles-pantheres.be\/index.php?rest_route=%2Fwp%2Fv2%2Ftags&post=5099"}],"curies":[{"name":"wp","href":"https:\/\/api.w.org\/{rel}","templated":true}]}}