{"id":51,"date":"2009-04-23T01:43:21","date_gmt":"2009-04-23T00:43:21","guid":{"rendered":"https:\/\/bruxelles-pantheres.be\/?p=51"},"modified":"2013-11-09T22:47:12","modified_gmt":"2013-11-09T21:47:12","slug":"reussir-legalite-la-pauvrete-na-pas-de-couleur","status":"publish","type":"post","link":"https:\/\/bruxelles-pantheres.be\/?p=51","title":{"rendered":"R\u00e9ussir l\u2019\u00e9galit\u00e9 : la pauvret\u00e9 n\u2019a pas de couleur"},"content":{"rendered":"<p><small>23 avril 2009 <\/small><\/p>\n<p><strong>R\u00e9ussir l\u2019\u00e9galit\u00e9\u00a0: la pauvret\u00e9 n\u2019a pas de couleur<\/strong><\/p>\n<div><img decoding=\"async\" alt=\"\" src=\"http:\/\/www.legrandsoir.info\/local\/cache-vignettes\/L250xH244\/arton8460-ffda5.jpg\" width=\"250\" height=\"244\" align=\"left\" \/><\/p>\n<div>Nadine ROSA-ROSSO<\/div>\n<div id=\"font-variable\">\n<p>Il y a vingt ans, \u00e0 la naissance de la R\u00e9gion de Bruxelles-Capitale, Charles Picqu\u00e9 lan\u00e7ait le livre \u00ab\u00a0R\u00e9ussir Bruxelles\u00a0\u00bb. Vingt ans plus tard, nous lan\u00e7ons un autre d\u00e9fi\u00a0: \u00ab\u00a0R\u00e9ussir l\u2019\u00e9galit\u00e9\u00a0\u00bb.<\/p>\n<p>Si vous habitez Saint-Josse-Ten Node, prenez soin de vous. Votre risque de mourir avant d\u2019atteindre l\u2019\u00e2ge de la pension est 2.4 fois plus grand que si vous habitiez Woluw\u00e9-Saint-Lambert [1].<\/p>\n<p>Saint-Josse-Ten Node est la commune la plus pauvre de Belgique. \u00ab\u00a0La plus riche commune de Belgique en 2006 (revenus 2005) est Lathem-St-Martin, situ\u00e9e en province de Flandre occidentale, avec un revenu moyen par habitant de 19.820 euros. A l\u2019autre bout du classement, la commune bruxelloise de St-Josse-ten-Node demeure la plus pauvre du royaume avec un revenu moyen de 7.079 euros\u00a0\u00bb[2]. Les deux autres communes les plus pauvres du royaume sont elles aussi bruxelloises\u00a0: Molenbeek et Saint-Gilles. Apr\u00e8s un d\u00e9tour \u00e0 Farciennes, on retrouve en cinqui\u00e8me position une autre commune bruxelloise\u00a0: Schaerbeek. Triste palmar\u00e8s.<!--more--><\/p>\n<p>Un quart des Bruxellois vit sous le seuil de \u00ab\u00a0risque de pauvret\u00e9\u00a0\u00bb. D\u2019apr\u00e8s les experts, il y a \u00ab\u00a0risque de pauvret\u00e9\u00a0\u00bb quand une personne isol\u00e9e doit vivre avec 860 euros par mois[3]. De nos jours, les experts sont devenus tr\u00e8s prudents, on ne parle plus de \u00ab\u00a0seuil de pauvret\u00e9\u00a0\u00bb, mais de \u00ab\u00a0seuil de risque de pauvret\u00e9\u00a0\u00bb. Proposons \u00e0 un expert de vivre, disons trois mois, avec 860 euros de revenu mensuel dans notre belle capitale, histoire de prendre bien la mesure du risque\u2026<\/p>\n<p>32% de nos jeunes de moins de 25 ans sur le march\u00e9 de l\u2019emploi sont au ch\u00f4mage. Et il s\u2019agit d\u2019une moyenne sur l\u2019ensemble des dix-neuf communes\u00a0! Que deviennent ces pourcentages dans les quartiers les plus pauvres de Saint-Josse, Molenbeek ou Saint-Gilles\u00a0?<\/p>\n<p>Garde-t-on ces statistiques bien au chaud pour pouvoir expliquer, dans un futur de plus en plus proche, les \u00ab\u00a0causes\u00a0\u00bb des r\u00e9voltes des jeunes, tout en s\u2019empressant de les condamner\u00a0?<\/p>\n<p>Les \u00e9carts de richesse entre communes bruxelloises, et entre quartiers prosp\u00e8res et quartiers sinistr\u00e9s, ne font que se consolider, ann\u00e9e apr\u00e8s ann\u00e9e. Ces foss\u00e9s sont \u00e0 l\u2019image de ceux qui existent, partout dans le monde, entre r\u00e9gions riches et r\u00e9gions pauvres. Et, au sein de chaque partie du monde, entre riches et pauvres.<\/p>\n<p>La R\u00e9gion bruxelloise n\u2019est qu\u2019un petit bout de terre o\u00f9 se concentrent ces injustices flagrantes. On peut voir, sentir, toucher ces in\u00e9galit\u00e9s d\u2019une station de m\u00e9tro \u00e0 l\u2019autre, \u00e0 peine un kilom\u00e8tre de voyage. Il ne faut m\u00eame pas prendre l\u2019avion. Et pourtant, dans notre soci\u00e9t\u00e9 si d\u00e9mocratique, des jeunes n\u2019ont pas assez d\u2019argent pour sortir de leur quartier.<\/p>\n<p>Saint-Josse-Ten Node est aussi la commune comptant le plus de nationalit\u00e9s (plus de cent cinquante) et de langues (une soixantaine). Cette particularit\u00e9, qu\u2019on retrouve dans tous les quartiers pauvres de Bruxelles, fait oublier \u00e0 certains que le probl\u00e8me fondamental est celui des classes sociales et de la r\u00e9partition des richesses et non le probl\u00e8me de l\u2019origine nationale, de la religion, de la langue ou de la culture.<\/p>\n<p>Quand calculera-t-on enfin le \u00ab\u00a0seuil maximum de risque de richesse ind\u00e9cente\u00a0\u00bb\u00a0? Quand remettra-t-on enfin au c\u0153ur du d\u00e9bat la question essentielle de la justice sociale, de la r\u00e9partition correcte des richesses produites, et ceci ind\u00e9pendamment de toute autre consid\u00e9ration\u00a0?<\/p>\n<p>C\u2019est \u00e7a, le d\u00e9fi de l\u2019\u00e9galit\u00e9. C\u2019est le mien, c\u2019est le n\u00f4tre.<\/p>\n<p>Nadine Rosa-Rosso<\/p>\n<p><em>Notes<\/em><\/p>\n<p>[1] Rapport bruxellois sur l\u2019\u00e9tat de la pauvret\u00e9 2008, page 52<\/p>\n<p>[2] Lathem-Saint-Martin, commune la plus riche. Saint-Josse la plus pauvre, 21\/03\/2008, Trends.be<\/p>\n<p>[3] idem<\/p>\n<\/div>\n<\/div>\n","protected":false},"excerpt":{"rendered":"<p>23 avril 2009 R\u00e9ussir l\u2019\u00e9galit\u00e9\u00a0: la pauvret\u00e9 n\u2019a pas de couleur Nadine ROSA-ROSSO Il y a vingt ans, \u00e0 la naissance de la R\u00e9gion de Bruxelles-Capitale, Charles Picqu\u00e9 lan\u00e7ait le livre \u00ab\u00a0R\u00e9ussir Bruxelles\u00a0\u00bb. Vingt ans plus tard, nous lan\u00e7ons un autre d\u00e9fi\u00a0: \u00ab\u00a0R\u00e9ussir l\u2019\u00e9galit\u00e9\u00a0\u00bb. Si vous habitez Saint-Josse-Ten Node, prenez soin de vous. Votre risque &#8230; <a title=\"R\u00e9ussir l\u2019\u00e9galit\u00e9 : la pauvret\u00e9 n\u2019a pas de couleur\" class=\"read-more\" href=\"https:\/\/bruxelles-pantheres.be\/?p=51\" aria-label=\"En savoir plus sur R\u00e9ussir l\u2019\u00e9galit\u00e9 : la pauvret\u00e9 n\u2019a pas de couleur\">Lire la suite<\/a><\/p>\n","protected":false},"author":1,"featured_media":52,"comment_status":"open","ping_status":"open","sticky":false,"template":"","format":"standard","meta":{"footnotes":""},"categories":[18],"tags":[14,19],"class_list":["post-51","post","type-post","status-publish","format-standard","has-post-thumbnail","hentry","category-resistance-bruxelles","tag-bruxelles","tag-pauvrete"],"_links":{"self":[{"href":"https:\/\/bruxelles-pantheres.be\/index.php?rest_route=\/wp\/v2\/posts\/51","targetHints":{"allow":["GET"]}}],"collection":[{"href":"https:\/\/bruxelles-pantheres.be\/index.php?rest_route=\/wp\/v2\/posts"}],"about":[{"href":"https:\/\/bruxelles-pantheres.be\/index.php?rest_route=\/wp\/v2\/types\/post"}],"author":[{"embeddable":true,"href":"https:\/\/bruxelles-pantheres.be\/index.php?rest_route=\/wp\/v2\/users\/1"}],"replies":[{"embeddable":true,"href":"https:\/\/bruxelles-pantheres.be\/index.php?rest_route=%2Fwp%2Fv2%2Fcomments&post=51"}],"version-history":[{"count":2,"href":"https:\/\/bruxelles-pantheres.be\/index.php?rest_route=\/wp\/v2\/posts\/51\/revisions"}],"predecessor-version":[{"id":150,"href":"https:\/\/bruxelles-pantheres.be\/index.php?rest_route=\/wp\/v2\/posts\/51\/revisions\/150"}],"wp:featuredmedia":[{"embeddable":true,"href":"https:\/\/bruxelles-pantheres.be\/index.php?rest_route=\/wp\/v2\/media\/52"}],"wp:attachment":[{"href":"https:\/\/bruxelles-pantheres.be\/index.php?rest_route=%2Fwp%2Fv2%2Fmedia&parent=51"}],"wp:term":[{"taxonomy":"category","embeddable":true,"href":"https:\/\/bruxelles-pantheres.be\/index.php?rest_route=%2Fwp%2Fv2%2Fcategories&post=51"},{"taxonomy":"post_tag","embeddable":true,"href":"https:\/\/bruxelles-pantheres.be\/index.php?rest_route=%2Fwp%2Fv2%2Ftags&post=51"}],"curies":[{"name":"wp","href":"https:\/\/api.w.org\/{rel}","templated":true}]}}