{"id":5120,"date":"2022-04-08T21:02:48","date_gmt":"2022-04-08T20:02:48","guid":{"rendered":"https:\/\/bruxelles-pantheres.be\/?p=5120"},"modified":"2022-04-08T21:02:48","modified_gmt":"2022-04-08T20:02:48","slug":"hommage-a-un-exile-identifie","status":"publish","type":"post","link":"https:\/\/bruxelles-pantheres.be\/?p=5120","title":{"rendered":"Hommage \u00e0 un exil\u00e9 identifi\u00e9."},"content":{"rendered":"<div class=\"kvgmc6g5 cxmmr5t8 oygrvhab hcukyx3x c1et5uql ii04i59q\">\n<div dir=\"auto\">On les appelle \u00ab haraga \u00bb litt\u00e9ralement ceux qui br\u00fblent, parce qu\u2019une fois l\u2019autre rive atteinte ils br\u00fblent leurs documents d\u2019identit\u00e9 au sens propre comme au sens figur\u00e9. Ils doivent se d\u00e9tacher de ce qui pourrait les renvoyer d\u2019o\u00f9 ils viennent.<\/div>\n<\/div>\n<div class=\"cxmmr5t8 oygrvhab hcukyx3x c1et5uql o9v6fnle ii04i59q\">\n<div dir=\"auto\">A partir de maintenant ils utiliseront des alias, des pseudos et d\u00e9j\u00e0 le processus d\u2019invisibilisation se met en marche.<\/div>\n<\/div>\n<p><!--more--><\/p>\n<div class=\"cxmmr5t8 oygrvhab hcukyx3x c1et5uql o9v6fnle ii04i59q\">\n<p dir=\"auto\">Ils font partie du dernier \u00e9chelon de la migration, ce sont ceux qu\u2019on appelle migrants \u00ab \u00e9conomiques \u00bb et dans la bouche de certain c\u2019est d\u00e9j\u00e0 une insulte.<\/p>\n<p dir=\"auto\">Ce sont ceux qui ne fuient pas de guerre si ce n\u2019est celle de leur quotidien. Les exil\u00e9s par \u00ab choix \u00bb contre les exil\u00e9s de \u00ab force \u00bb.<\/p>\n<\/div>\n<div dir=\"auto\">La poitrine gonfl\u00e9e d\u2019espoir, la t\u00eate pleine de r\u00eave et d\u00e9j\u00e0 ils s\u2019imaginent le jour o\u00f9 ils rentreront au pays avec l\u2019espoir d\u2019offrir un avenir meilleur \u00e0 ceux qu\u2019ils y ont laiss\u00e9s.<\/div>\n<div dir=\"auto\">\u00c7a aurait pu \u00eatre la fin heureuse pour Zakaria, m\u00eame si des fins heureuses pour les gar\u00e7ons comme lui, il y a en si peu. En place et lieu, la froideur et la laideur d\u2019une gare \u00e0 Bruxelles, le m\u00e9pris d\u2019une soci\u00e9t\u00e9 qui a failli et qui ne les comprend pas et la violence inou\u00efe qu\u2019exige la vie dans la rue.<\/div>\n<div dir=\"auto\">On annonce : un jeune sans papiers est d\u00e9c\u00e9d\u00e9 dans des circonstances difficiles, personnes pour r\u00e9clamer le corps, quelques informations dont un nom dont personne n\u2019est vraiment certain et l\u2019urgence d\u2019identifier sa famille au Maroc.<\/div>\n<div dir=\"auto\">Pourquoi ?<\/div>\n<div dir=\"auto\">Parce que quand on ne trouve pas la dignit\u00e9 dans la vie alors peut-\u00eatre faut-il la trouver dans la mort.<\/div>\n<div dir=\"auto\">Ce besoin urgent et prenant d\u2019honorer le corps du d\u00e9funt dans le respect des rites de la tradition, entour\u00e9 des siens.<\/div>\n<div dir=\"auto\">Restituer un semblant de dignit\u00e9 \u00e0 ceux bafou\u00e9s de leurs vivants.<\/div>\n<div dir=\"auto\">R\u00e9unir les corps des d\u00e9racin\u00e9s avec la patrie qui n\u2019avait d\u00e9j\u00e0 plus beaucoup \u00e0 offrir mais qui demeurera toujours la seule terre promise.<\/div>\n<div dir=\"auto\">Complexit\u00e9 de ce qui est fui mais en m\u00eame temps aim\u00e9.<\/div>\n<div dir=\"auto\">Deux jours et demie seront n\u00e9cessaires pour que la nouvelle inonde la ville et arrive jusqu\u2019au quartier dont il \u00e9tait originaire. Les r\u00e9seaux sociaux, la radio, le t\u00e9l\u00e9phone arabe dont l\u2019expression prend tout son sens\u2026 la machine s\u2019emballe\u2026 parall\u00e8lement des d\u00e9marches officielles sont entreprises, on recherche un nom qui n\u2019existe pas \u00e0 deux lettres pr\u00e8s.<\/div>\n<div dir=\"auto\">Un appel prometteur, une photo, un visage sur un nom, un \u00e9ducateur de rue pour le reconna\u00eetre, la boule dans la gorge, l\u2019estomac nou\u00e9, c\u2019est bon, c\u2019est lui, nous y sommes, l\u2019\u00e9motion est \u00e0 son comble, il est identifi\u00e9 !<\/div>\n<div dir=\"auto\">Identifier c\u2019est ce qui permet de diff\u00e9rencier sans confusion possible une personne d\u2019une autre, l\u2019individualis\u00e9, parce qu\u2019il \u00e9tait lui et qu\u2019il avait sa propre histoire. Il formait un tout bien au-del\u00e0 du \u00ab sans-papiers \u00bb d\u00e9c\u00e9d\u00e9 dans une gare de Bruxelles.<\/div>\n<div dir=\"auto\">Une filiation, un lieu et une date de naissance, l7assab wl nassab comme disent les arabes.<\/div>\n<div dir=\"auto\">Il faut pr\u00e9venir la famille. Il faut dire que Zakaria n\u2019est plus, que la terre r\u00eav\u00e9e n\u2019a pas offert plus que la terre quitt\u00e9e, qu\u2019il rentrera dans une bo\u00eete. \u00c9pilogue d\u2019une migration.<\/div>\n<div dir=\"auto\">Une m\u00e8re d\u00e9c\u00e9d\u00e9e dans son enfance, un p\u00e8re et deux s\u0153urs, une baraque en taule laide soutenue par des morceaux de bois cal\u00e9e entre deux maisons, non, la mis\u00e8re n\u2019est pas plus belle au soleil.<\/div>\n<div dir=\"auto\">o\u00f9 sont les juges? O\u00f9 sont les accusateurs? O\u00f9 sont ceux qui ne comprennent toujours pas pourquoi le sol d\u2019une gare est parfois pr\u00e9f\u00e9rable \u00e0 la \u00ab Hagra \u00bb du pays.<\/div>\n<div dir=\"auto\">Nom de profil : ziko solo fel ghorba qui se traduit comme solo dans l\u2019exil, solo dans la migration.<\/div>\n<div dir=\"auto\">El ghorba, de gharib (\u00e9trange) parce que c\u2019est comme \u00e7a qu\u2019on se sent dans le pays des autres.<\/div>\n<div dir=\"auto\">Parce que l\u2019Ghorba c\u2019est une th\u00e8me commun\u00e9ment chant\u00e9, \u00e9voqu\u00e9 par les po\u00e8tes, ils racontent la souffrance de la s\u00e9paration et le malheur de n\u2019\u00eatre nul part vraiment chez sois.<\/div>\n<div dir=\"auto\">C\u2019est en tout comme \u00e7a que le jeune Zakaria se sentait.<\/div>\n<div dir=\"auto\">Complexit\u00e9 d\u2019un r\u00e9cit et d\u2019une m\u00e9moire bris\u00e9e.<\/div>\n<div dir=\"auto\">Zakaria a \u00e9t\u00e9 identifi\u00e9, sa famille retrouv\u00e9e. Son corps sera rapatri\u00e9 et il sera pri\u00e9 pour le repos de son \u00e2me.<\/div>\n<div dir=\"auto\">Dans ce tableau sombre, de la lumi\u00e8re, des mains tendues, des \u00e9ducateurs pour les MENA, des personnes engag\u00e9es pour assurer \u00e0 chacun le droit d\u2019\u00eatre enterr\u00e9 dignement, des b\u00e9n\u00e9voles, des traducteurs, des avocats, des maraudes, de la nourriture distribu\u00e9e\u2026<\/div>\n<div dir=\"auto\">Merci aux personnes incroyables, port\u00e9es par des valeurs fortes qui ne l\u00e2chent pas.<\/div>\n<div class=\"cxmmr5t8 oygrvhab hcukyx3x c1et5uql o9v6fnle ii04i59q\">\n<p dir=\"auto\">Dans les prochains jours une cagnotte sera partag\u00e9e pour soutenir la famille du d\u00e9funt.<\/p>\n<p dir=\"auto\">Je compte sur chacun d\u2019entre vous pour y participer et la relayer en masse.<\/p>\n<p dir=\"auto\" style=\"text-align: right;\"><span class=\"nc684nl6\"><a class=\"oajrlxb2 g5ia77u1 qu0x051f esr5mh6w e9989ue4 r7d6kgcz rq0escxv nhd2j8a9 nc684nl6 p7hjln8o kvgmc6g5 cxmmr5t8 oygrvhab hcukyx3x jb3vyjys rz4wbd8a qt6c0cv9 a8nywdso i1ao9s8h esuyzwwr f1sip0of lzcic4wl gmql0nx0 gpro0wi8\" tabindex=\"0\" role=\"link\" href=\"https:\/\/www.facebook.com\/zakia.syouda?comment_id=Y29tbWVudDoxMDIyNjQ3OTMwMDgyNTU0OF8xMDIyNjQ3OTUxNzQzMDk2Mw%3D%3D&amp;__cft__[0]=AZV7VDpnoBJh5mE792hWmMSpjBTO7pXUdXaENLzB2cokGqAVHSDkxr4VhHbNBUnh6SDB7kHsuJvJN2pT8G1B91Z1UTdYym5sckY_JNYCTZ4GL94Fa6iPU71jZZ5uy6XvxhE&amp;__tn__=R]-R\"><span class=\"pq6dq46d\"><span class=\"d2edcug0 hpfvmrgz qv66sw1b c1et5uql lr9zc1uh a8c37x1j fe6kdd0r mau55g9w c8b282yb keod5gw0 nxhoafnm aigsh9s9 d9wwppkn mdeji52x e9vueds3 j5wam9gi lrazzd5p oo9gr5id\" dir=\"auto\">Zakia Sd<\/span><\/span><\/a><\/span><\/p>\n<div class=\"ecm0bbzt e5nlhep0 a8c37x1j\">\n<div class=\"kvgmc6g5 cxmmr5t8 oygrvhab hcukyx3x c1et5uql\"><\/div>\n<\/div>\n<\/div>\n","protected":false},"excerpt":{"rendered":"<p>On les appelle \u00ab haraga \u00bb litt\u00e9ralement ceux qui br\u00fblent, parce qu\u2019une fois l\u2019autre rive atteinte ils br\u00fblent leurs documents d\u2019identit\u00e9 au sens propre comme au sens figur\u00e9. Ils doivent se d\u00e9tacher de ce qui pourrait les renvoyer d\u2019o\u00f9 ils viennent. A partir de maintenant ils utiliseront des alias, des pseudos et d\u00e9j\u00e0 le processus &#8230; <a title=\"Hommage \u00e0 un exil\u00e9 identifi\u00e9.\" class=\"read-more\" href=\"https:\/\/bruxelles-pantheres.be\/?p=5120\" aria-label=\"En savoir plus sur Hommage \u00e0 un exil\u00e9 identifi\u00e9.\">Lire la suite<\/a><\/p>\n","protected":false},"author":1,"featured_media":5121,"comment_status":"open","ping_status":"open","sticky":false,"template":"","format":"standard","meta":{"footnotes":""},"categories":[24,36,8,18,28,39,5],"tags":[499],"class_list":["post-5120","post","type-post","status-publish","format-standard","has-post-thumbnail","hentry","category-belgique-maroc","category-europe","category-prisons","category-resistance-bruxelles","category-racismes","category-sans-papier","category-violence-policiere","tag-haraga"],"_links":{"self":[{"href":"https:\/\/bruxelles-pantheres.be\/index.php?rest_route=\/wp\/v2\/posts\/5120","targetHints":{"allow":["GET"]}}],"collection":[{"href":"https:\/\/bruxelles-pantheres.be\/index.php?rest_route=\/wp\/v2\/posts"}],"about":[{"href":"https:\/\/bruxelles-pantheres.be\/index.php?rest_route=\/wp\/v2\/types\/post"}],"author":[{"embeddable":true,"href":"https:\/\/bruxelles-pantheres.be\/index.php?rest_route=\/wp\/v2\/users\/1"}],"replies":[{"embeddable":true,"href":"https:\/\/bruxelles-pantheres.be\/index.php?rest_route=%2Fwp%2Fv2%2Fcomments&post=5120"}],"version-history":[{"count":1,"href":"https:\/\/bruxelles-pantheres.be\/index.php?rest_route=\/wp\/v2\/posts\/5120\/revisions"}],"predecessor-version":[{"id":5122,"href":"https:\/\/bruxelles-pantheres.be\/index.php?rest_route=\/wp\/v2\/posts\/5120\/revisions\/5122"}],"wp:featuredmedia":[{"embeddable":true,"href":"https:\/\/bruxelles-pantheres.be\/index.php?rest_route=\/wp\/v2\/media\/5121"}],"wp:attachment":[{"href":"https:\/\/bruxelles-pantheres.be\/index.php?rest_route=%2Fwp%2Fv2%2Fmedia&parent=5120"}],"wp:term":[{"taxonomy":"category","embeddable":true,"href":"https:\/\/bruxelles-pantheres.be\/index.php?rest_route=%2Fwp%2Fv2%2Fcategories&post=5120"},{"taxonomy":"post_tag","embeddable":true,"href":"https:\/\/bruxelles-pantheres.be\/index.php?rest_route=%2Fwp%2Fv2%2Ftags&post=5120"}],"curies":[{"name":"wp","href":"https:\/\/api.w.org\/{rel}","templated":true}]}}