{"id":5145,"date":"2022-05-11T17:19:38","date_gmt":"2022-05-11T16:19:38","guid":{"rendered":"https:\/\/bruxelles-pantheres.be\/?p=5145"},"modified":"2022-05-11T19:41:27","modified_gmt":"2022-05-11T18:41:27","slug":"5145","status":"publish","type":"post","link":"https:\/\/bruxelles-pantheres.be\/?p=5145","title":{"rendered":"Le boycott de l\u2019Afrique du Sud : quelles le\u00e7ons pour la lutte contre l\u2019apartheid en Isra\u00ebl ?"},"content":{"rendered":"<div class=\"chapo\">\n<p>Le syst\u00e8me d\u2019apartheid envers les Palestiniens ne pourra prendre fin que gr\u00e2ce aux mobilisations politiques et citoyennes internationales.<\/p>\n<p>Le r\u00e9cent\u00a0<a class=\"spip_out\" href=\"https:\/\/www.amnesty.be\/campagne\/apartheid-israelien\/israel-palestine-apartheid\" target=\"_blank\" rel=\"external noopener\">rapport d\u2019Amnesty International<\/a>\u00a0(AI) accusant Isra\u00ebl de pratiquer l\u2019apartheid a frapp\u00e9 l\u2019opinion publique du monde entier. La raison en est que cette organisation de 10 millions de membres est connue pour son s\u00e9rieux et sa prudence, et que ce rapport est le r\u00e9sultat de quatre ann\u00e9es d\u2019enqu\u00eate. Outre AI, bien d\u2019autres organisations ont d\u00e9nonc\u00e9 les crimes d\u2019apartheid et de pers\u00e9cution de l\u2019\u00c9tat d\u2019Isra\u00ebl envers la population palestinienne, notamment Human Rights Watch, les organisations isra\u00e9liennes B\u2019Tselem et Yesh Din, et le rapporteur sp\u00e9cial des Nations Unies Michael Lynk. Sans compter de nombreuses personnalit\u00e9s isra\u00e9liennes, dont deux anciens ambassadeurs d\u2019Isra\u00ebl en Afrique du Sud qui expliquent, en juin 2021, que la mise en place de l\u2019apartheid en Isra\u00ebl a \u00e9t\u00e9 inspir\u00e9e par celle de l\u2019Afrique du Sud \u00e0 l\u2019occasion d\u2019<a class=\"spip_out\" href=\"https:\/\/www.groundup.org.za\/article\/israeli-ambassadors-compare-israel-south-africa\/\" target=\"_blank\" rel=\"external noopener\">une visite d\u2019Ariel Sharon dans ce pays<\/a>\u00a0dans les ann\u00e9es 1980.<\/p>\n<\/div>\n<p><!--more--><\/p>\n<p>Si l\u2019apartheid est en soi un crime contre l\u2019humanit\u00e9, il est aussi l\u2019instrument de domination qui permet \u00e0 l\u2019\u00c9tat d\u2019Isra\u00ebl d\u2019infliger d\u2019autres crimes \u00e0 la population palestinienne. Rappelons quelques faits. En 2021, ann\u00e9e calme, l\u2019arm\u00e9e isra\u00e9lienne a tu\u00e9 319 Palestiniens\u00a0<a class=\"spip_out\" href=\"https:\/\/www.haaretz.com\/opinion\/.premium.HIGHLIGHT-israel-killed-319-palestinians-in-2021-how-is-mahmoud-abbas-the-terrorist-1.10507568\" target=\"_blank\" rel=\"external noopener\">selon le journal isra\u00e9lien<\/a>Haaretz, alors que dans le m\u00eame temps 11 soldats Isra\u00e9liens ont \u00e9t\u00e9 tu\u00e9s. Depuis le d\u00e9but de 2022,\u00a0<a class=\"spip_out\" href=\"https:\/\/www.dci-palestine.org\/17_year_old_palestinian_boy_succumbs_to_injuries_after_israeli_shooting\" target=\"_blank\" rel=\"external noopener\">l\u2019arm\u00e9e isra\u00e9lienne a d\u00e9j\u00e0 tu\u00e9 8 enfants<\/a>. Depuis 20 ans, Isra\u00ebl a construit des dizaines de milliers de logements r\u00e9serv\u00e9s exclusivement aux Juifs en Palestine occup\u00e9e,\u00a0<a class=\"spip_out\" href=\"https:\/\/lrb.co.uk\/the-paper\/v43\/n02\/nathan-thrall\/the-separate-regimes-delusion\" target=\"_blank\" rel=\"external noopener\">tout en d\u00e9molissant des milliers de logements palestiniens<\/a>.<\/p>\n<h3 class=\"spip\">Les r\u00e9alit\u00e9s de l\u2019apartheid en Isra\u00ebl<\/h3>\n<p>L\u2019\u00c9tat d\u2019Isra\u00ebl exerce son contr\u00f4le sur un territoire qui va du Jourdain \u00e0 la M\u00e9diterran\u00e9e, et qui comprend le territoire d\u2019Isra\u00ebl proprement dit et les territoires palestiniens occup\u00e9s (la Cisjordanie, y compris J\u00e9rusalem-Est, et Gaza). Dans ce territoire vivent environ 6,5 millions de Juifs et autant de Palestiniens, dont 2,3 millions \u00e0 Gaza. M\u00eame si l\u2019administration isra\u00e9lienne n\u2019est pas pr\u00e9sente \u00e0 Gaza, ses habitants vivent sous le blocus de l\u2019\u00c9tat isra\u00e9lien qui leur interdit d\u2019en sortir et contr\u00f4le les entr\u00e9es de produits et mat\u00e9riaux.<\/p>\n<p>La r\u00e9alit\u00e9 juridique de l\u2019apartheid en Isra\u00ebl et dans les territoires occup\u00e9s n\u2019est plus \u00e0 d\u00e9montrer, comme l\u2019expliquent les rapports cit\u00e9s plus haut. Pour Lev Grinberg, pr\u00e9sident de la Israeli Sociological Association,\u00a0<a class=\"spip_out\" href=\"https:\/\/www.jewishvoiceforlabour.org.uk\/article\/it-isnt-apartheid-its-worse\/\" target=\"_blank\" rel=\"external noopener\">la r\u00e9alit\u00e9 y est m\u00eame pire que l\u2019apartheid en Afrique du Sud<\/a>. Les discriminations entre juifs et palestiniens s\u2019exercent \u00e0 tous les niveaux. Citons la cr\u00e9ation, dans les territoires occup\u00e9s par Isra\u00ebl, de plus de 160 enclaves palestiniennes isol\u00e9es les unes des autres par une fragmentation territoriale (voir\u00a0<a class=\"spip_out\" href=\"https:\/\/lrb.co.uk\/Media\/Images\/the-paper\/43\/02\/thrall-map\" target=\"_blank\" rel=\"external noopener\">la Carte d\u2019Isra\u00ebl et de la Palestine<\/a>\u00a0publi\u00e9e par le London Review of Books).<\/p>\n<p>Pour se d\u00e9placer d\u2019une enclave \u00e0 l\u2019autre, les Palestiniens doivent se soumettre \u00e0 de multiples contr\u00f4les exerc\u00e9s par l\u2019arm\u00e9e isra\u00e9lienne o\u00f9 ils sont souvent retenus longuement (les fameux \u00ab\u00a0checkpoints\u00a0\u00bb), alors que les juifs y circulent sans entrave (1). Les paysans palestiniens doivent parfois faire de longs d\u00e9tours et passer par ces \u00ab\u00a0checkpoints\u00a0\u00bb pour se rendre dans le champ qui borde leur maison. Alors que les colons juifs qui s\u2019installent en Palestine occup\u00e9e sont soumis aux lois civiles de l\u2019\u00c9tat d\u2019Isra\u00ebl, les Palestiniens y sont soumis aux ordonnances militaires et subissent r\u00e9guli\u00e8rement les fameuses \u00ab\u00a0arrestations administratives\u00a0\u00bb par l\u2019arm\u00e9e, pour lesquelles ils peuvent \u00eatre emprisonn\u00e9s pendant des mois sans aucune inculpation. Enfin, \u00e0 partir du mois de mai, l\u2019arm\u00e9e isra\u00e9lienne ira jusqu\u2019\u00e0\u00a0<a class=\"spip_out\" href=\"https:\/\/www.lesoir.be\/434690\/article\/2022-04-06\/atteintes-graves-la-liberte-academique-en-palestine?referer=%2Farchives%2Frecherche%3Fdatefilter%3Dlastyear%26sort%3Ddate%2Bdesc%26word%3Dpalestine\" target=\"_blank\" rel=\"external noopener\">prendre le contr\u00f4le d\u2019une s\u00e9rie de d\u00e9cisions acad\u00e9miques dans les universit\u00e9s palestiniennes<\/a>.<\/p>\n<h3 class=\"spip\">Afrique du Sud et Isra\u00ebl\u00a0: la g\u00e9opolitique de l\u2019apartheid<\/h3>\n<p>Face \u00e0 ce constat, il est utile de rappeler quels ont \u00e9t\u00e9 les moteurs de la lutte qui a permis de mettre fin \u00e0 l\u2019apartheid en Afrique du Sud (AS). Comme c\u2019est le cas pour Isra\u00ebl, les gouvernants du monde occidental ont longtemps soutenu le gouvernement blanc d\u2019AS, malgr\u00e9 ses crimes, et ce principalement pour deux raisons. La premi\u00e8re est que l\u2019AS \u00e9tait vue comme un alli\u00e9 g\u00e9opolitique et un rempart contre les mouvements d\u2019ind\u00e9pendance qui agitaient plusieurs pays d\u2019Afrique. La deuxi\u00e8me est que de grandes soci\u00e9t\u00e9s mini\u00e8res anglaises et am\u00e9ricaines avaient des int\u00e9r\u00eats consid\u00e9rables en Afrique du Sud. Ces deux \u00e9l\u00e9ments sont \u00e9galement pr\u00e9sents dans le soutien des gouvernants occidentaux \u00e0 Isra\u00ebl. Il faut y ajouter la culpabilit\u00e9 europ\u00e9enne par rapport \u00e0 la Shoah. Ces gouvernants et les m\u00e9dias dominants ont longtemps entretenu le mythe qu\u2019Isra\u00ebl \u00e9tait un \u00eelot d\u00e9mocratique dans un oc\u00e9an de r\u00e9gimes autoritaires, et qu\u2019il est donc un alli\u00e9 naturel. Isra\u00ebl s\u2019efforce d\u2019entretenir ce mythe, m\u00eame si celui-ci est en train de s\u2019effondrer. Par ailleurs, l\u2019Union europ\u00e9enne est le premier partenaire commercial d\u2019Isra\u00ebl, suivie par les \u00c9tats-Unis.<\/p>\n<p>Puisque nos gouvernants ferment les yeux sur les crimes commis par Isra\u00ebl (2), la lutte contre l\u2019apartheid ne pourra \u00eatre men\u00e9e que par des mouvements citoyens, comme ce fut le cas pour l\u2019AS.<\/p>\n<h3 class=\"spip\">La lutte contre l\u2019apartheid en Afrique du Sud<\/h3>\n<p>Cette lutte a d\u00e9marr\u00e9 en 1959 \u00e0 Londres par\u00a0<a class=\"spip_out\" href=\"https:\/\/web.archive.org\/web\/20070607042030\/http:\/\/www.bodley.ox.ac.uk\/dept\/rhodes\/aam\/aam.html\" target=\"_blank\" rel=\"external noopener\">un appel au boycott<\/a>\u00a0des produits d\u2019Afrique du Sud (AS) de la part d\u2019exil\u00e9s sud-africains soutenus par les syndicats, les mouvements \u00e9tudiants, les f\u00e9ministes, le parti travailliste et le parti lib\u00e9ral anglais. Le mouvement s\u2019est donn\u00e9 le nom d\u2019Anti-Apartheid Movement (AAM). Une premi\u00e8re victoire de l\u2019AAM fut d\u2019obtenir l\u2019exclusion de l\u2019AS du Commonwealth en 1961.<\/p>\n<p>Apr\u00e8s sa cr\u00e9ation en Angleterre, l\u2019AAM a \u00e9t\u00e9 pouss\u00e9 par les mouvements citoyens et a pris des formes multiples \u00e0 travers le monde\u00a0: actions des syndicats refusant de d\u00e9charger des bateaux venant d\u2019AS, boycott acad\u00e9mique des universit\u00e9s d\u2019AS, refus de la participation d\u2019\u00e9quipes sud-africaines aux comp\u00e9titions sportives. En 1970, l\u2019AS est exclue des Jeux Olympiques. En 1977, le Conseil de S\u00e9curit\u00e9 de l\u2019ONU vote un embargo sur l\u2019exportation d\u2019armes vers l\u2019AS. En 1986, sous la pression de plus en plus forte de l\u2019opinion publique, la Chambre et le S\u00e9nat am\u00e9ricain adoptent le\u00a0<a class=\"spip_out\" href=\"https:\/\/en.wikipedia.org\/wiki\/Comprehensive_Anti-Apartheid_Act\" target=\"_blank\" rel=\"external noopener\">Comprehensive Anti-Apartheid Act<\/a>, renversant le veto de Reagan.<\/p>\n<h3 class=\"spip\">Les r\u00f4les pionniers de la Su\u00e8de et de l\u2019Australie<\/h3>\n<p>En Europe, la Su\u00e8de a \u00e9t\u00e9 \u00e0 l\u2019avant-garde du mouvement sous l\u2019impulsion du premier ministre Olof Palme, et d\u2019associations civiles. \u00c0 partir de 1982, Palme a organis\u00e9\u00a0<a class=\"spip_out\" href=\"https:\/\/www.ipsnews.net\/2019\/02\/billions-swedish-krona-supported-struggle-apartheid\/\" target=\"_blank\" rel=\"external noopener\">le transfert secret d\u2019environ 400<\/a><a class=\"spip_out\" href=\"https:\/\/www.ipsnews.net\/2019\/02\/billions-swedish-krona-supported-struggle-apartheid\/\" target=\"_blank\" rel=\"external noopener\">millions d\u2019euros \u00e0 des organisations de r\u00e9sistance sud-africaines<\/a>. Cet argent \u00e9manait principalement de centaines d\u2019associations de la soci\u00e9t\u00e9 civile su\u00e9doise.<\/p>\n<p>\u00c0 l\u2019autre bout du monde, c\u2019est l\u2019Australie qui a jou\u00e9 un r\u00f4le important. C\u2019\u00e9tait le plus grand pays blanc de l\u2019h\u00e9misph\u00e8re sud. En 1960, d\u00e9but de la lutte anti-apartheid, l\u2019Australie avait une population de 10 millions d\u2019habitants, proche de celle de la Belgique. Il est donc int\u00e9ressant d\u2019examiner comment ce pays de moyenne importance a particip\u00e9 au boycott de l\u2019Afrique du Sud, et d\u2019en tirer des le\u00e7ons pour la lutte contre l\u2019apartheid en Isra\u00ebl.<\/p>\n<p>Au d\u00e9part, la lutte contre l\u2019apartheid en Australie a \u00e9man\u00e9 du monde citoyen\u00a0: les syndicats, le monde universitaire, les f\u00e9ministes, les \u00e9glises, mais aussi le monde sportif. La venue en 1971 de l\u2019\u00e9quipe de rugby d\u2019AS, enti\u00e8rement compos\u00e9e de blancs, joue le r\u00f4le de d\u00e9clencheur. Des joueurs australiens s\u2019opposent \u00e0 cette tourn\u00e9e\u00a0; les syndicats des lignes a\u00e9riennes australiennes refusent de transporter l\u2019\u00e9quipe et le Premier ministre lib\u00e9ral Malcolm Fraser doit envoyer un avion militaire pour les chercher\u00a0; le personnel des h\u00f4tels o\u00f9 r\u00e9sident les joueurs d\u2019AS refuse de les servir. Des manifestations \u00e9clatent dans chaque ville o\u00f9 les joueurs sud-africains se produisent. L\u2019opposition de la soci\u00e9t\u00e9 civile \u00e0 cette tourn\u00e9e fait prendre conscience au peuple australien de la r\u00e9alit\u00e9 de l\u2019apartheid et am\u00e8ne \u00e0 interdire la participation de l\u2019AS au championnat de cricket de 1972 en Australie.<\/p>\n<p>En 1983, le travailliste Bob Hawke, pr\u00e9sident de l\u2019ACTU (3), est \u00e9lu Premier ministre. La lutte contre l\u2019apartheid s\u2019acc\u00e9l\u00e8re. Les syndicats de dockers refusent de d\u00e9charger des bateaux venant d\u2019AS, le commerce entre les deux pays chute suite au boycott des produits d\u2019AS par la population. Canberra ferme l\u2019office du tourisme d\u2019AS. Lorsque Nelson Mandela sera lib\u00e9r\u00e9 en 1990, apr\u00e8s 27 ans de prison, il se rendra en Australie o\u00f9 il rendra un vibrant hommage \u00e0 la population, et en particulier aux syndicats.<\/p>\n<h3 class=\"spip\">La fin de l\u2019apartheid<\/h3>\n<p>\u00c0 la fin des ann\u00e9es 1980, 25 pays dont les \u00c9tats-Unis et l\u2019Angleterre exer\u00e7aient des sanctions \u00e9conomiques contre l\u2019AS et ce nombre ne faisait que cro\u00eetre. Ces sanctions, et en particulier l\u2019interdiction d\u2019exporter des produits p\u00e9troliers vers l\u2019AS, le boycott des produits sud-africains, et le d\u00e9sinvestissement des entreprises internationales, ont largement contribu\u00e9 \u00e0 pousser le gouvernement d\u2019AS \u00e0 lib\u00e9rer Nelson Mandela en 1990, puis \u00e0 mettre fin \u00e0 l\u2019apartheid un an plus tard.<\/p>\n<h3 class=\"spip\">Que peuvent faire les citoyens belges et europ\u00e9ens aujourd\u2019hui\u00a0?<\/h3>\n<p>L\u2019histoire nous apprend que lutte contre l\u2019apartheid en Isra\u00ebl sera men\u00e9e d\u2019abord par les citoyens. Et les armes sont nombreuses. Rappelons d\u2019abord que l\u2019apartheid est un crime contre l\u2019humanit\u00e9 et qu\u2019Isra\u00ebl a ratifi\u00e9\u00a0<a class=\"spip_out\" href=\"https:\/\/en.wikipedia.org\/wiki\/International_Convention_on_the_Elimination_of_All_Forms_of_Racial_Discrimination\" target=\"_blank\" rel=\"external noopener\">la Convention internationale sur l\u2019\u00e9limination de toutes formes de discrimination de 1965<\/a>, qui oblige les \u00c9tats \u00e0 \u00e9radiquer toute forme d\u2019apartheid ou de s\u00e9gr\u00e9gation raciale dans les territoires qu\u2019ils contr\u00f4lent. Par ailleurs, la Cour P\u00e9nale Internationale a comp\u00e9tence sur les territoires occup\u00e9s. Les banques belges et fran\u00e7aises qui investissent dans des entreprises exer\u00e7ant leur activit\u00e9 dans les colonies sont complices de cette occupation. BNP Paribas, dont l\u2019\u00c9tat belge est le premier actionnaire, est impliqu\u00e9e pour pr\u00e8s de 17 milliards d\u2019euros dans des entreprises op\u00e9rant dans des colonies isra\u00e9liennes qui sont ill\u00e9galement install\u00e9es en Palestine occup\u00e9e.\u00a0<a class=\"spip_out\" href=\"https:\/\/www.fairfin.be\/nieuws\/europees-en-belgisch-geld-financiert-illegale-nederzettingen-palestina\" target=\"_blank\" rel=\"external noopener\">D\u2019autres banques belges<\/a>\u00a0y sont pr\u00e9sentes aussi. Il revient donc aux citoyens de faire pression sur leurs banques pour qu\u2019elles arr\u00eatent leur soutien \u00e0 l\u2019apartheid en se retirant de ces entreprises.<\/p>\n<p>Pour contribuer \u00e0 mettre fin au crime d\u2019apartheid, le monde acad\u00e9mique doit arr\u00eater ses collaborations institutionnelles avec les universit\u00e9s isra\u00e9liennes. Des centaines d\u2019acad\u00e9miques belges s\u2019y sont engag\u00e9s, \u00e0 l\u2019initiative de\u00a0<a class=\"spip_out\" href=\"https:\/\/www.bacbi.be\/\" target=\"_blank\" rel=\"external noopener\">l\u2019association BACBI<\/a>. Dans un d\u00e9ni de la situation d\u2019apartheid, la Commission europ\u00e9enne a renouvel\u00e9 en d\u00e9cembre 2021 la participation d\u2019Isra\u00ebl dans les programmes de recherche europ\u00e9ens, o\u00f9 Isra\u00ebl a les m\u00eames droits que les pays de l\u2019Union. Puisque les dirigeants sont complices de l\u2019apartheid, il appartient une fois encore \u00e0 la soci\u00e9t\u00e9 civile et aux chercheurs de leur rappeler leurs responsabilit\u00e9s.<\/p>\n<p>Les consommateurs peuvent jouer leur r\u00f4le en boycottant les produits vendus par des soci\u00e9t\u00e9s qui op\u00e8rent ill\u00e9galement dans les colonies. Les dirigeants europ\u00e9ens ont jusqu\u2019\u00e0 pr\u00e9sent refus\u00e9 d\u2019adopter une r\u00e9glementation bannissant l\u2019importation de ces produits\u00a0;\u00a0<a class=\"spip_out\" href=\"https:\/\/www.cncd.be\/Objectif-un-million-de-signatures\" target=\"_blank\" rel=\"external noopener\">l\u2019initiative citoyenne<\/a>\u00a0qui vient d\u2019\u00eatre lanc\u00e9e ce 21 f\u00e9vrier 2022 pourrait bien les y obliger.<\/p>\n<p>Les mondes sportifs et culturels vont devoir jouer leur r\u00f4le comme ils l\u2019ont fait pour l\u2019apartheid en AS. Le programme du Sydney Festival de janvier 2022 a \u00e9t\u00e9 s\u00e9rieusement \u00e9corn\u00e9 lorsqu\u2019une vingtaine d\u2019artistes internationaux ont refus\u00e9 d\u2019y participer parce que le festival avait re\u00e7u un soutien financier de l\u2019ambassade d\u2019Isra\u00ebl. Une action similaire vient de se produire en Belgique, o\u00f9\u00a0<a class=\"spip_out\" href=\"https:\/\/www.lesoir.be\/438416\/article\/2022-04-26\/lettre-ouverte-au-brussels-short-film-festival-ne-normalisez-pas-lapartheid?referer=%2Farchives%2Frecherche%3Fdatefilter%3Dlastyear%26sort%3Ddate%2520desc%26word%3Dbrussels%2520short%2520film\" target=\"_blank\" rel=\"external noopener\">une carte blanche<\/a>\u00a0a d\u00e9nonc\u00e9 le soutien apport\u00e9 par l\u2019ambassade isra\u00e9lienne \u00e0 l\u2019organisation du Brussels Short Film Festival.<\/p>\n<p>Enfin, les m\u00e9dias ont une responsabilit\u00e9 \u00e9crasante. Par le vocabulaire qu\u2019ils adoptent, les m\u00e9dias dominants jouent un r\u00f4le essentiel dans l\u2019acceptation de l\u2019apartheid et de l\u2019occupation ill\u00e9gale des territoires palestiniens. Ils nous ont habitu\u00e9s \u00e0 qualifier de \u00ab\u00a0terroristes\u00a0\u00bb les r\u00e9sistants palestiniens qui jettent des pierres sur l\u2019occupant, et \u00e0 nous expliquer que les \u00ab\u00a0forces de l\u2019ordre\u00a0\u00bb isra\u00e9liennes ont d\u00fb intervenir. Imagine-t-on un seul moment que les r\u00e9sistants ukrainiens soient qualifi\u00e9s de \u00ab\u00a0terroristes\u00a0\u00bb lorsqu\u2019ils combattent l\u2019occupant russe, et que les soldats russes soient qualifi\u00e9s de \u00ab\u00a0forces de l\u2019ordre\u00a0\u00bb\u00a0?<\/p>\n<p><strong>Par Michel Gevers, professeur \u00e9m\u00e9rite UCLouvain<br class=\"autobr\" \/><\/strong><\/p>\n<p>(1)\u00a0Herman De Ley, The land of checkpoints \u2013 Isra\u00ebl\u2019s apartheid politiek in de West Bank, 64 pages, 2022.<\/p>\n<p>(2)\u00a0Il est frappant de constater que lorsqu\u2019Isra\u00ebl d\u00e9truit des h\u00f4pitaux ou des \u00e9coles construits en Palestine par les pays europ\u00e9ens, dont la Belgique, ces pays se contentent de les reconstruire sans trainer les gouvernants isra\u00e9liens devant les tribunaux.<\/p>\n<p>(3)\u00a0Australian Council of Trade Unions, qui regroupe tous les syndicats australiens.<\/p>\n<p><a href=\"https:\/\/www.aurdip.org\/carta-academica-le-boycott-de-l.html\">SOURCE<\/a><\/p>\n","protected":false},"excerpt":{"rendered":"<p>Le syst\u00e8me d\u2019apartheid envers les Palestiniens ne pourra prendre fin que gr\u00e2ce aux mobilisations politiques et citoyennes internationales. Le r\u00e9cent\u00a0rapport d\u2019Amnesty International\u00a0(AI) accusant Isra\u00ebl de pratiquer l\u2019apartheid a frapp\u00e9 l\u2019opinion publique du monde entier. La raison en est que cette organisation de 10 millions de membres est connue pour son s\u00e9rieux et sa prudence, et &#8230; <a title=\"Le boycott de l\u2019Afrique du Sud : quelles le\u00e7ons pour la lutte contre l\u2019apartheid en Isra\u00ebl ?\" class=\"read-more\" href=\"https:\/\/bruxelles-pantheres.be\/?p=5145\" aria-label=\"En savoir plus sur Le boycott de l\u2019Afrique du Sud : quelles le\u00e7ons pour la lutte contre l\u2019apartheid en Isra\u00ebl ?\">Lire la suite<\/a><\/p>\n","protected":false},"author":1,"featured_media":5146,"comment_status":"open","ping_status":"open","sticky":false,"template":"","format":"standard","meta":{"footnotes":""},"categories":[1,21,6,28],"tags":[87,66],"class_list":["post-5145","post","type-post","status-publish","format-standard","has-post-thumbnail","hentry","category-non-classe","category-anti-imperialisme","category-palestine-moyen-orient","category-racismes","tag-apartheid","tag-boycott"],"_links":{"self":[{"href":"https:\/\/bruxelles-pantheres.be\/index.php?rest_route=\/wp\/v2\/posts\/5145","targetHints":{"allow":["GET"]}}],"collection":[{"href":"https:\/\/bruxelles-pantheres.be\/index.php?rest_route=\/wp\/v2\/posts"}],"about":[{"href":"https:\/\/bruxelles-pantheres.be\/index.php?rest_route=\/wp\/v2\/types\/post"}],"author":[{"embeddable":true,"href":"https:\/\/bruxelles-pantheres.be\/index.php?rest_route=\/wp\/v2\/users\/1"}],"replies":[{"embeddable":true,"href":"https:\/\/bruxelles-pantheres.be\/index.php?rest_route=%2Fwp%2Fv2%2Fcomments&post=5145"}],"version-history":[{"count":3,"href":"https:\/\/bruxelles-pantheres.be\/index.php?rest_route=\/wp\/v2\/posts\/5145\/revisions"}],"predecessor-version":[{"id":5149,"href":"https:\/\/bruxelles-pantheres.be\/index.php?rest_route=\/wp\/v2\/posts\/5145\/revisions\/5149"}],"wp:featuredmedia":[{"embeddable":true,"href":"https:\/\/bruxelles-pantheres.be\/index.php?rest_route=\/wp\/v2\/media\/5146"}],"wp:attachment":[{"href":"https:\/\/bruxelles-pantheres.be\/index.php?rest_route=%2Fwp%2Fv2%2Fmedia&parent=5145"}],"wp:term":[{"taxonomy":"category","embeddable":true,"href":"https:\/\/bruxelles-pantheres.be\/index.php?rest_route=%2Fwp%2Fv2%2Fcategories&post=5145"},{"taxonomy":"post_tag","embeddable":true,"href":"https:\/\/bruxelles-pantheres.be\/index.php?rest_route=%2Fwp%2Fv2%2Ftags&post=5145"}],"curies":[{"name":"wp","href":"https:\/\/api.w.org\/{rel}","templated":true}]}}