{"id":515,"date":"2013-03-06T16:04:05","date_gmt":"2013-03-06T15:04:05","guid":{"rendered":"https:\/\/bruxelles-pantheres.be\/?p=515"},"modified":"2013-11-10T16:06:30","modified_gmt":"2013-11-10T15:06:30","slug":"adios-comandante-hugo-chavez","status":"publish","type":"post","link":"https:\/\/bruxelles-pantheres.be\/?p=515","title":{"rendered":"Adios comandante hugo chavez."},"content":{"rendered":"<header class=\"entry-header\"><\/header>\n<div class=\"entry-content\">\n<address style=\"text-align: justify;\" data-ft=\"{&quot;type&quot;:1,&quot;tn&quot;:&quot;K&quot;}\">Le pr\u00e9sident V\u00e9n\u00e9zu\u00e9lien, Hugo Chavez vient de s\u2019\u00e9teindre. Nous sommes tristes et avec nous la plupart des peuples du tiers-monde sont en deuil. Le part \u00c9GALIT\u00c9 tient \u00e0 honorer la m\u00e9moire de cette haute figure de la r\u00e9sistance \u00e0 l\u2019imp\u00e9rialisme qui aura su d\u00e9jouer tous les plans occidentaux visant \u00e0 le renverser. C\u2019est ainsi que le Venezuela, sous sa conduite, deviendra un mod\u00e8le de dignit\u00e9 et d\u2019ind\u00e9pendance \u00e9conomique et politique pour toute l\u2019Am\u00e9rique du sud et au-del\u00e0 pour tous les peuples attach\u00e9s \u00e0 leur libert\u00e9. C\u2019est aussi pour son soutien sans faille \u00e0 la lutte des peuples du Moyen-Orient face \u00e0 l\u2019\u00c9tat colon qui occupe la Palestine et pour son appui constant \u00e0 la souverainet\u00e9 des peuples d\u2019Afrique et des Cara\u00efbes qu\u2019il aura marqu\u00e9 notre pr\u00e9sent. Le parti \u00c9GALIT\u00c9\u00a0 pr\u00e9sente ses condol\u00e9ances \u00e0 ses proches et \u00e0 la nation v\u00e9n\u00e9zu\u00e9lienne. Que vive la r\u00e9volution bolivarienne !<\/address>\n<h3 data-ft=\"{&quot;type&quot;:1,&quot;tn&quot;:&quot;K&quot;}\"><em>Adios comandante hugo chavez.<\/em><\/h3>\n<h3 data-ft=\"{&quot;type&quot;:1,&quot;tn&quot;:&quot;K&quot;}\"><em>Hasta la victoria siempre.<!--more--><\/em><\/h3>\n<h5 data-ft=\"{&quot;type&quot;:1,&quot;tn&quot;:&quot;K&quot;}\"><img decoding=\"async\" class=\"aligncenter\" alt=\"https:\/\/fbcdn-sphotos-f-a.akamaihd.net\/hphotos-ak-ash3\/549188_471246046263107_1271342611_n.jpg\" src=\"https:\/\/fbcdn-sphotos-f-a.akamaihd.net\/hphotos-ak-ash3\/549188_471246046263107_1271342611_n.jpg\" \/><\/h5>\n<p>\u00bb A ceux qui me souhaitent la mort, je leur souhaite une tr\u00e8s longue vie pour qu\u2019ils continuent \u00e0 voir la R\u00e9volution Bolivarienne avancer de bataille en bataille, de victoire en victoire.\u00bb<br id=\".reactRoot[84].[1][2][1]{comment588028201226708_6925342}.0.[1].0.[1].0.[0].[0][2].0.[1]\" \/><br id=\".reactRoot[84].[1][2][1]{comment588028201226708_6925342}.0.[1].0.[1].0.[0].[0][2].0.[2]\" \/>Hugo Chavez (14 D\u00e9cembre 2012)<\/p>\n<p><img decoding=\"async\" alt=\"https:\/\/fbcdn-sphotos-g-a.akamaihd.net\/hphotos-ak-ash3\/529800_471247152929663_903449213_n.jpg\" src=\"https:\/\/fbcdn-sphotos-g-a.akamaihd.net\/hphotos-ak-ash3\/529800_471247152929663_903449213_n.jpg\" \/><\/p>\n<\/div>\n","protected":false},"excerpt":{"rendered":"<p>Le pr\u00e9sident V\u00e9n\u00e9zu\u00e9lien, Hugo Chavez vient de s\u2019\u00e9teindre. Nous sommes tristes et avec nous la plupart des peuples du tiers-monde sont en deuil. Le part \u00c9GALIT\u00c9 tient \u00e0 honorer la m\u00e9moire de cette haute figure de la r\u00e9sistance \u00e0 l\u2019imp\u00e9rialisme qui aura su d\u00e9jouer tous les plans occidentaux visant \u00e0 le renverser. C\u2019est ainsi que &#8230; <a title=\"Adios comandante hugo chavez.\" class=\"read-more\" href=\"https:\/\/bruxelles-pantheres.be\/?p=515\" aria-label=\"En savoir plus sur Adios comandante hugo chavez.\">Lire la suite<\/a><\/p>\n","protected":false},"author":1,"featured_media":396,"comment_status":"open","ping_status":"open","sticky":false,"template":"","format":"standard","meta":{"footnotes":""},"categories":[35,21,18],"tags":[],"class_list":["post-515","post","type-post","status-publish","format-standard","has-post-thumbnail","hentry","category-amerique-du-sud","category-anti-imperialisme","category-resistance-bruxelles"],"_links":{"self":[{"href":"https:\/\/bruxelles-pantheres.be\/index.php?rest_route=\/wp\/v2\/posts\/515","targetHints":{"allow":["GET"]}}],"collection":[{"href":"https:\/\/bruxelles-pantheres.be\/index.php?rest_route=\/wp\/v2\/posts"}],"about":[{"href":"https:\/\/bruxelles-pantheres.be\/index.php?rest_route=\/wp\/v2\/types\/post"}],"author":[{"embeddable":true,"href":"https:\/\/bruxelles-pantheres.be\/index.php?rest_route=\/wp\/v2\/users\/1"}],"replies":[{"embeddable":true,"href":"https:\/\/bruxelles-pantheres.be\/index.php?rest_route=%2Fwp%2Fv2%2Fcomments&post=515"}],"version-history":[{"count":1,"href":"https:\/\/bruxelles-pantheres.be\/index.php?rest_route=\/wp\/v2\/posts\/515\/revisions"}],"predecessor-version":[{"id":516,"href":"https:\/\/bruxelles-pantheres.be\/index.php?rest_route=\/wp\/v2\/posts\/515\/revisions\/516"}],"wp:featuredmedia":[{"embeddable":true,"href":"https:\/\/bruxelles-pantheres.be\/index.php?rest_route=\/wp\/v2\/media\/396"}],"wp:attachment":[{"href":"https:\/\/bruxelles-pantheres.be\/index.php?rest_route=%2Fwp%2Fv2%2Fmedia&parent=515"}],"wp:term":[{"taxonomy":"category","embeddable":true,"href":"https:\/\/bruxelles-pantheres.be\/index.php?rest_route=%2Fwp%2Fv2%2Fcategories&post=515"},{"taxonomy":"post_tag","embeddable":true,"href":"https:\/\/bruxelles-pantheres.be\/index.php?rest_route=%2Fwp%2Fv2%2Ftags&post=515"}],"curies":[{"name":"wp","href":"https:\/\/api.w.org\/{rel}","templated":true}]}}