{"id":5160,"date":"2022-04-20T17:09:00","date_gmt":"2022-04-20T16:09:00","guid":{"rendered":"https:\/\/bruxelles-pantheres.be\/?p=5160"},"modified":"2022-06-06T17:26:16","modified_gmt":"2022-06-06T16:26:16","slug":"retour-sur-le-proces-de-lassassinat-de-thomas-sankara-et-de-ses-compagnons","status":"publish","type":"post","link":"https:\/\/bruxelles-pantheres.be\/?p=5160","title":{"rendered":"Retour sur le proc\u00e8s de l\u2019assassinat de Thomas Sankara et de ses compagnons"},"content":{"rendered":"<div class=\"chapo\">\n<p>par\u00a0<b>Bruno Jaffr\u00e9<\/b><\/p>\n<p>Le proc\u00e8s de l\u2019assassinat de Thomas Sankara et de ses compagnons s\u2019est termin\u00e9 par un lourd verdict pour les principaux accus\u00e9s. Un proc\u00e8s \u00e0 bien des \u00e9gards exemplaire compte tenu des nombreux obstacles pour en \u00e9viter la tenue. Mais l\u2019affaire n\u2019est pas termin\u00e9e. L\u2019enqu\u00eate sur le volet international se poursuit qui va se heurter en France au secret d\u00e9fense<\/p>\n<\/div>\n<div class=\"texte\">\n<div id=\"outil_sommaire\" class=\"cs_sommaire cs_sommaire_avec_fond\">\n<div class=\"cs_sommaire_inner\">\n<div class=\"cs_sommaire_titre_avec_fond cs_done\">\u00a0 Sommaire<\/div>\n<div class=\"cs_sommaire_corps\">\n<ul>\n<li>Un proc\u00e8s quasi exemplaire, une premi\u00e8re<\/li>\n<li>Des difficult\u00e9s dues \u00e0 de nombreuses man\u0153uvres pour l\u2019emp\u00eacher ou le retarder<\/li>\n<li>Un proc\u00e8s historique<\/li>\n<li>Un d\u00e9but de justice mais beaucoup reste \u00e0 faire<\/li>\n<li>Un proc\u00e8s pour l\u2019histoire<\/li>\n<li>L\u2019affaire \u00ab\u00a0Sankara et compagnons\u00a0\u00bb n\u2019est pas termin\u00e9e<\/li>\n<\/ul>\n<\/div>\n<\/div>\n<\/div>\n<\/div>\n<p><!--more--><\/p>\n<p><img decoding=\"async\" class=\"aligncenter\" src=\"http:\/\/www.cadtm.org\/local\/cache-vignettes\/L637xH356\/arton20736-4c2a8.png?1650398113\" \/><\/p>\n<p>Mercredi 6 avril. Le verdict est tomb\u00e9. Devant l\u2019immense salle comble, cette fois, de la salle des banquets. La justice est dite. Certains inculp\u00e9s sont acquitt\u00e9s. Les plus importants, Blaise Compaor\u00e9 et Hyacinthe Kafando, en fuite, mais aussi Gilbert Diend\u00e9r\u00e9, incarc\u00e9r\u00e9 depuis sa condamnation pour le putsch de septembre 2015, pr\u00e9sent tout au long du proc\u00e8s, sont condamn\u00e9s \u00e0 perp\u00e9tuit\u00e9, pour attentat \u00e0 la s\u00fbret\u00e9 de l\u2019\u00c9tat et assassinat. Un verdict plus lourd que ce qu\u2019avait demand\u00e9 le parquet\u00a0; 30 ans de prison pour les deux premiers et 20 ans pour le troisi\u00e8me\u00a0! \u00ab\u00a0La peine est en fait moins s\u00e9v\u00e8re que celle des r\u00e9quisitoires\u00a0\u00bb, aiment \u00e0 dire des Burkinab\u00e8 avec humour, faisant allusion \u00e0 la dur\u00e9e de vie de Blaise Compaor\u00e9 dont la sant\u00e9 ne serait pas au mieux.<\/p>\n<p>Jean Pierre Palm, chef de la gendarmerie apr\u00e8s le 15 octobre 1987 a \u00e9cop\u00e9 de 10 ans de prison ferme, pour complicit\u00e9 d\u2019attentat \u00e0 la s\u00fbret\u00e9 de l\u2019\u00c9tat, alors que le parquet ne demandait que 11 ans avec sursis. On trouvera le reste de verdict \u00e0 la fin de l\u2019article.<\/p>\n<p>Une salve d\u2019applaudissements accueille l\u2019\u00e9nonc\u00e9 du verdict. Les familles des victimes pr\u00e9sentes sur les lieux, les avocats de la partie civile laissent \u00e9clater leur joie. En une ultime provocation, Gilbert Diend\u00e9r\u00e9 quitte la salle saluant les deux mains en l\u2019air ses partisans. Le signal est donn\u00e9. Pr\u00e9sents en nombre, ils se mettent \u00e0 scander \u00ab\u00a0Lib\u00e9rer Diend\u00e9r\u00e9\u00a0\u00bb. Des \u00e9chauffour\u00e9es \u00e9clatent avec des membres des familles de victime. La police est oblig\u00e9e d\u2019intervenir. Quelques dizaine de jeunes voulant se rendre en procession jusqu\u2019au site du M\u00e9morial Thomas Sankara vont devoir \u00eatre escort\u00e9s par les forces de l\u2019ordre.<\/p>\n<p style=\"text-align: center;\">Fin du premier \u00e9pisode du proc\u00e8s\u2026 En attente de savoir si les avocats de la d\u00e9fense feront appel.<iframe title=\"YouTube video player\" src=\"https:\/\/www.youtube.com\/embed\/dhOhf54gVlA\" width=\"560\" height=\"315\" frameborder=\"0\" allowfullscreen=\"allowfullscreen\"><\/iframe><\/p>\n<p style=\"text-align: center;\">Blaise Compaor\u00e9 condamn\u00e9 \u00e0 la prison \u00e0 vie pour l\u2019assassinat de Thomas Sankara \u00a9 https:\/\/information.tv5monde.com<\/p>\n<h3 id=\"un_proces_quasi_exemplaire_une_premiere\" class=\"spip\" style=\"text-align: center;\">Un proc\u00e8s quasi exemplaire, une premi\u00e8re<\/h3>\n<blockquote><p><q>Il est peu probable que Blaise Compaor\u00e9 soit un jour extrad\u00e9 de C\u00f4te d\u2019Ivoire. Avec Alassane Ouattara nous avons l\u00e0 deux vestiges de la Fran\u00e7afrique qui sont solidaires. explique Bruno Jaffr\u00e9, biographe de Thomas Sankara<\/q><\/p><\/blockquote>\n<p>Annonc\u00e9 pour le 11 octobre, la premi\u00e8re s\u00e9ance du proc\u00e8s permet de constituer le jury. Un civil M<sup class=\"typo_exposants\">e<\/sup>\u00a0Urbain M\u00e9da est choisi comme pr\u00e9sident. Les assesseurs sont tous militaires. Des avocats commis d\u2019office demandaient un mois afin de consulter le dossier. Ils n\u2019auront que deux semaines. Report pour le 25 octobre.<\/p>\n<p>Douze personnes ont \u00e9t\u00e9 assassin\u00e9es le 15 octobre 1987 dans les locaux du Conseil de l\u2019Entente\u00a0: Thomas Sankara, 5 collaborateurs, Bonaventure Compaor\u00e9, Christophe Saba, secr\u00e9taire permanent du Conseil national de la R\u00e9volution, Fr\u00e9d\u00e9ric Kiemd\u00e9, conseiller juridique \u00e0 la pr\u00e9sidence, Patrice Zagr\u00e9, professeur de philosophie, Paulin Babou Bamouni, directeur de la presse pr\u00e9sidentielle, 5 gardes du corps Abdoulaye Gouem, Emmanuel Bationo, Hamado Sawadogo, Noufou Sawadogo, Wallilaye Ou\u00e9draogo, mais aussi Pat\u00e9n\u00e9ma Sor\u00e9, gendarme, et Der Somda le chauffeur de Thomas Sankara. Le lieutenant Michel Koama, proche de Thomas Sankara sera ex\u00e9cut\u00e9 chez lui.<\/p>\n<p>Les accus\u00e9s sont au nombre de 14\u00a0; les m\u00e9decins ayant sign\u00e9 un faux certificat de d\u00e9c\u00e8s mentionnant \u00ab\u00a0mort de mort naturel\u00a0\u00bb, les organisateurs du complot cit\u00e9s plus haut, les membres du commando et des militaires pr\u00e9sents sur les lieux.<\/p>\n<p>La lenteur du proc\u00e8s a d\u00e9jou\u00e9 tous les pronostics qui pr\u00e9voyaient la fin avant la nouvelle ann\u00e9e. L\u2019audition des accus\u00e9s a dur\u00e9 jusqu\u2019\u00e0 la mi-novembre, celle du principal accus\u00e9 Gilbert Diend\u00e9r\u00e9 prenant trois jours. Puis ce fut au tour des t\u00e9moins d\u2019\u00eatre interrog\u00e9s. Plus de 110, d\u2019origines diverses, soldats ou gendarmes, amis, collaborateurs, proches conseillers de Thomas Sankara. Sans compter ceux qui seront ajout\u00e9s \u00e0 la fin. Parfois des confrontations suivaient imm\u00e9diatement les interrogatoires des accus\u00e9s ou des t\u00e9moins, quand le juge l\u2019estimait n\u00e9cessaire ou lorsque des avocats le demandaient. Enfin apr\u00e8s les plaidoiries de la d\u00e9fense, les accus\u00e9s ont eu tout le loisir de prendre la parole.<\/p>\n<p>Le rythme va s\u2019acc\u00e9l\u00e9rer \u00e0 la mi-d\u00e9cembre, alors que moins de la moiti\u00e9 des t\u00e9moins avaient \u00e9t\u00e9 appel\u00e9s jusqu\u2019ici. De nombreux proches de Thomas Sankara, vont raconter des anecdotes in\u00e9dites, ou peu connues. Beaucoup vont \u00e9voquer le complot ext\u00e9rieur, rapporter des faits et gestes, des confidences entendues. Ils confirmaient en g\u00e9n\u00e9ral l\u2019ambiance d\u00e9l\u00e9t\u00e8re de l\u2019\u00e9poque, les conflits politiques ou de personnes \u00e0 la direction de la R\u00e9volution, leur tentative de convaincre le Pr\u00e9sident Sankara de prendre des dispositions pour ne pas se laisser assassiner.<\/p>\n<p>C\u2019est dire qu\u2019il ne s\u2019agit pas d\u2019une \u00ab\u00a0parodie\u00a0\u00bb comme l\u2019a d\u00e9clar\u00e9 Maitre Kohiho, avocat de Jean Pierre Palm, qui ne s\u2019est fait remarquer que par ses outrances. Il embo\u00eetait l\u00e0 la strat\u00e9gie de M<sup class=\"typo_exposants\">e<\/sup>\u00a0Pierre-Olivier Sur, avocat de Blaise Compaor\u00e9 \u00e9voquant, \u00ab\u00a0un simulacre de proc\u00e8s, un proc\u00e8s politique\u00a0\u00bb, auquel il n\u2019a pourtant pas assist\u00e9, mais aussi de son petit fr\u00e8re Fran\u00e7ois Compaor\u00e9.<\/p>\n<p>Ce dernier est soup\u00e7onn\u00e9 d\u2019\u00eatre le commanditaire de l\u2019assassinat du journaliste Norbert Zongo en 1998. R\u00e9fugi\u00e9 en France, la justice burkinab\u00e8 veut l\u2019entendre sur cette affaire. Au cours de la longue proc\u00e9dure pour son extradition que la France a fini par valider, il n\u2019a cess\u00e9 d\u2019exprimer son m\u00e9pris pour le Burkina. Ainsi s\u2019\u00e9tait-il permis de d\u00e9clarer que \u00ab\u00a0Fran\u00e7ois Compaor\u00e9 serait d\u00e9coup\u00e9 en rondelles s\u2019il venait \u00e0 \u00eatre extrad\u00e9\u00a0\u00bb\u00a0! Et \u00e0 l\u2019ouverture du proc\u00e8s de l\u2019assassinat de Thomas Sankara, il se r\u00e9pandait encore sur les ondes affirmant la justice burkinab\u00e8 incapable d\u2019organiser un tel proc\u00e8s, raillant que le proc\u00e8s se tienne dans une salle \u00ab\u00a0des banquets\u00a0\u00bb. Une salle immense, choisie justement et \u00e0 dessein, pour accueillir plusieurs centaines de personnes, et la s\u00e9curiser dans de bonne condition.<\/p>\n<p>Les avocats des parties civiles qui repr\u00e9sentaient au proc\u00e8s des familles des victimes, ont veill\u00e9 tout au long du proc\u00e8s \u00e0 \u00e9viter tout mauvais pas qui pourrait mettre en cause la l\u00e9galit\u00e9 du proc\u00e8s. Par exemple, ce sont eux qui ont demand\u00e9 le report du proc\u00e8s le 31 janvier dernier, en attendant que la constitution, suspendue apr\u00e8s le coup d\u2019\u00c9tat du 24 janvier, soit pas r\u00e9tablie. Ce sera fait le 1<sup class=\"typo_exposants\">er<\/sup>\u00a0f\u00e9vrier. Le proc\u00e8s reprendra donc le 2 f\u00e9vrier.<\/p>\n<p>Mais ce long proc\u00e8s, malgr\u00e9 toutes les difficult\u00e9s rencontr\u00e9es, \u00e9num\u00e9r\u00e9es plus loin a permis de nombreuses r\u00e9v\u00e9lations, et surtout de reconstituer le fil des \u00e9v\u00e8nements. Le commando est parti du domicile de Blaise Compaor\u00e9, dans deux voitures dont l\u2019une lui appartenait. Il s\u2019est post\u00e9 sur les lieux, le Conseil de l\u2019Entente, avant que Thomas Sankara n\u2019arrive et s\u2019installe pour une r\u00e9union. Alors qu\u2019il sortait les mains en l\u2019air, sous l\u2019injonction du commando, il fut fauch\u00e9 le premier de plusieurs balles, sans sommation. Puis ce fut au tour des personnes qui \u00e9taient r\u00e9unies avec lui. Gilbert Diend\u00e9r\u00e9 qui a tent\u00e9 de nier sa pr\u00e9sence sur les lieux, pourtant confirm\u00e9e par de nombreux t\u00e9moins, donnait les ordres. Il envoyait des militaires s\u00e9curiser la ville, accueillir des renforts venus de Po, la garnison des commandos qu\u2019il dirigeait, ou prendre le contr\u00f4le des casernes qui auraient pu r\u00e9agir.<\/p>\n<h3 id=\"des_difficultes_dues_a_de_nombreuses_manoeuvres_pour_l_empecher_ou_le_retarder\" class=\"spip\" style=\"text-align: center;\"><a class=\"sommaire_ancre\" title=\"Sommaire\" href=\"http:\/\/www.cadtm.org\/Retour-sur-le-proces-de-l-assassinat-de-Thomas-Sankara-et-de-ses-compagnons#outil_sommaire\">\u00a0<\/a>Des difficult\u00e9s dues \u00e0 de nombreuses man\u0153uvres pour l\u2019emp\u00eacher ou le retarder<\/h3>\n<p>La tenue m\u00eame de ce proc\u00e8s est consid\u00e9r\u00e9e comme une v\u00e9ritable victoire par ceux qui ont longtemps combattu pour qu\u2019il se tienne. De multiples man\u0153uvres ont tent\u00e9, en effet, d\u2019en emp\u00eacher la tenue ou d\u2019en retarder l\u2019ouverture. Le R\u00e9seau international Justice pour Sankara justice pour l\u2019Afrique cite par exemple dans son\u00a0<a class=\"spip_out\" href=\"https:\/\/www.thomassankara.net\/affaire-sankara-compagnons-proces-salutaire-mene-a-terme-combat-verite-continue\/\" target=\"_blank\" rel=\"external noopener\">dernier communiqu\u00e9<\/a>\u00a0:<\/p>\n<ul class=\"spip\">\n<li>le blocage de toutes proc\u00e9dures judiciaires sous le r\u00e9gime de Blaise Compaor\u00e9. En effet, les juridictions civiles s\u2019\u00e9tant d\u00e9clar\u00e9e incomp\u00e9tentes, la proc\u00e9dure devant les juridictions militaires est rest\u00e9e bloqu\u00e9e jusqu\u2019\u00e0 l\u2019insurrection de novembre 2014, dans l\u2019attente d\u2019une signature d\u2019un ordre de poursuivre par le minist\u00e8re de la D\u00e9fense, comme le stipule la juridiction militaire.<\/li>\n<li>la volte-face du Comit\u00e9 des droits de l\u2019Homme de l\u2019ONU en 2008. En effet, saisi par les avocats de la famille Sankara, en 2002, pour tenter de faire pression sur le gouvernement burkinab\u00e8, le Comit\u00e9 d\u00e9clare en 2006, la requ\u00eate recevable. Mais en 2008, il se d\u00e9clare satisfait des mesures prises par le gouvernement burkinab\u00e8. Il n\u2019avait fait que corriger le certificat de d\u00e9c\u00e8s et proposer une indemnisation financi\u00e8re \u00e0 la famille, qu\u2019elle avait refus\u00e9e. Aucune enqu\u00eate n\u2019avait pourtant \u00e9t\u00e9 ouverte. Ce m\u00eame Comit\u00e9 occultait la n\u00e9cessit\u00e9 de connaitre la v\u00e9rit\u00e9, qu\u2019il avait pourtant reconnu comme l\u00e9gitime deux (02) ans auparavant\u00a0;<\/li>\n<li>l\u2019exfiltration de Blaise Compaor\u00e9, par les forces sp\u00e9ciales fran\u00e7aises, apr\u00e8s l\u2019insurrection de 2014. Le pr\u00e9sident d\u00e9chu, chass\u00e9 par son peuple se trouvait ainsi soustrait \u00e0 la justice de son pays\u00a0;<\/li>\n<li>le refus de la C\u00f4te d\u2019Ivoire d\u2019ex\u00e9cuter le mandat d\u2019arr\u00eat international lanc\u00e9 contre Blaise Compaor\u00e9 et Hyacinthe Kafando, ou de les extrader conform\u00e9ment \u00e0 la demande de la justice burkinab\u00e8<\/li>\n<li>la lenteur de la part des autorit\u00e9s fran\u00e7aises \u00e0 fournir le 3<sup class=\"typo_exposants\">e<\/sup>\u00a0lot de documents. Il fut remis en avril 2021, soit plus de deux ans apr\u00e8s la fourniture du 2<sup class=\"typo_exposants\">e<\/sup>\u00a0lot, 3 ans et demi apr\u00e8s la promesse d\u2019Emmanuel \u00e0 Ouagadougou en novembre 2017, et 4 mois apr\u00e8s la cl\u00f4ture du volet national du dossier afin de lancer le proc\u00e8s.<\/li>\n<li>l\u2019ultime tentative d\u2019avocats de la d\u00e9fense de suspendre le proc\u00e8s \u00e0 la suite du coup d\u2019\u00c9tat de janvier 2022 pour anti constitutionnalit\u00e9.<\/li>\n<\/ul>\n<p>Ouvert 34 ans apr\u00e8s, les faits, un tel retard va fatalement entra\u00eener des difficult\u00e9s. Des t\u00e9moins et des accus\u00e9s sont malades, d\u2019autres d\u00e9c\u00e9d\u00e9s, et ne pourront para\u00eetre au proc\u00e8s. A l\u2019instar de Salif Diallo, disparu en ao\u00fbt 2017. T\u00e9moin essentiel, il se trouvait au domicile de Blaise Compaor\u00e9 d\u2019o\u00f9 est parti le commando de tueurs. Proche parmi les proches, l\u2019homme de tous les trafics ou autres tentatives de d\u00e9stabilisation dans la r\u00e9gion, lors des ann\u00e9es les plus noirs de son r\u00e9gime, il fut par exemple au proc\u00e8s de Charles Taylor, consid\u00e9r\u00e9 comme l\u2019interlocuteur pour toutes demandes d\u2019armes. Il a tent\u00e9 depuis de faire oublier son pass\u00e9. Quelques avant l\u2019insurrection de 2014, il fut \u00e0 l\u2019origine d\u2019une scission au sein du CDP, le parti de Blaise Compaor\u00e9, afin de cr\u00e9er le MPP, au pouvoir depuis la fin de la premi\u00e8re transition jusqu\u2019au dernier coup d\u2019\u00c9tat de janvier 2022.<\/p>\n<p>Salif Diallo s\u2019\u00e9tait rendu avec Gabriel Tamini Gabriel Tamini, dans les locaux de la radio, apr\u00e8s la mort de Thomas Sankara o\u00f9 ils ont tous les deux pass\u00e9 la nuit pour contr\u00f4ler les agissements du personnel. Les accusations contre Gabriel Tamini ont \u00e9t\u00e9 lev\u00e9es lors de l\u2019audience de confirmation des charges. Plus aucun civil ne restait donc accus\u00e9 de complicit\u00e9 du coup d\u2019\u00c9tat, alors que Blaise Compaor\u00e9 b\u00e9n\u00e9ficiait de nombreux soutiens parmi eux.<\/p>\n<p>De nombreux t\u00e9moins se jouaient de la v\u00e9rit\u00e9, faisant mine de ne plus se rappeler. On peut certes comprendre que, si longtemps apr\u00e8s les faits, il puisse y avoir chez certains des trous de m\u00e9moire. Mais de l\u00e0 \u00e0 contredire ce qu\u2019ils avaient d\u00e9clar\u00e9 et sign\u00e9 lors de leurs auditions devant le juge\u00a0! Ainsi, l\u2019accus\u00e9 Yamba \u00c9lys\u00e9e Ilboudo\u00a0<a class=\"spip_out\" href=\"https:\/\/www.burkina24.com\/2021\/10\/27\/proces-sankara-les-moindres-details-delysee-yamba-ilboudo\/\" target=\"_blank\" rel=\"external noopener\">a confi\u00e9<\/a>\u00a0: \u00ab\u00a0J\u2019ai peur. J\u2019ai des enfants. Je veux vivre comme les autres.\u00a0\u00bb. Il a d\u2019ailleurs \u00e9t\u00e9 remerci\u00e9 par des avocats de la partie civile. A l\u2019image de\u00a0<a class=\"spip_out\" href=\"https:\/\/burkina24.com\/2022\/02\/03\/proces-sankara-diendere-peut-etre-poursuivi-pour-recel-de-cadavres-me-seraphin-some\/\" target=\"_blank\" rel=\"external noopener\">M<sup class=\"typo_exposants\">e<\/sup>\u00a0Nzepa qui a d\u00e9clar\u00e9<\/a>\u00a0: \u00ab\u00a0\u2026 Sans Elys\u00e9e, on serait sans la version de ceux qui \u00e9taient au conseil de l\u2019entente, et on n\u2019aurait m\u00eame pas envisag\u00e9 que les auteurs du complot, les commandos \u00e9taient partis de chez Blaise Compaor\u00e9. C\u2019est parce qu\u2019Elys\u00e9e a parl\u00e9 qu\u2019on sait que le commando est parti de chez Blaise Compaor\u00e9 pour arriver au conseil, donc sans Elys\u00e9e Yamba, on ne pouvait pas avancer dans ce dossier\u00a0\u00bb. D\u2019autres avocats rench\u00e9riront sur la peur que suscitait encore Gilbert Diend\u00e9r\u00e9 expliquant qu\u2019il \u00e9tait \u00ab\u00a0wack\u00e9\u00a0\u00bb (NDLR\u00a0: prot\u00e9g\u00e9 par la sorcellerie) \u00e0 tel point qu\u2019il \u00e9tait impossible de le regarder droit dans les yeux. Gilbert Diend\u00e9r\u00e9, en pleine forme, impeccablement v\u00eatu en uniforme, au d\u00e9but du proc\u00e8s faisait preuve d\u2019une grande arrogance en toisant ceux qui l\u2019accusaient. On se rappelle que le r\u00e9gime de Blaise Compaor\u00e9 a pratiqu\u00e9 la terreur et la torture pour asseoir son pouvoir.<\/p>\n<h3 id=\"un_proces_historique\" class=\"spip\" style=\"text-align: center;\"><a class=\"sommaire_ancre\" title=\"Sommaire\" href=\"http:\/\/www.cadtm.org\/Retour-sur-le-proces-de-l-assassinat-de-Thomas-Sankara-et-de-ses-compagnons#outil_sommaire\">\u00a0<\/a>Un proc\u00e8s historique<\/h3>\n<p>Plusieurs dictateurs ont d\u00e9j\u00e0 \u00e9t\u00e9 condamn\u00e9s comme Ben Ali, Hiss\u00e8ne Habr\u00e9, Charles Taylor, ou Omar el-B\u00e9chir, responsables en m\u00eame temps de crimes de guerre \u00e0 la suite de proc\u00e8s. Mais c\u2019est la premi\u00e8re fois que l\u2019un d\u2019eux, Blaise Compaor\u00e9 l\u2019est dans son propre pays pour avoir assassin\u00e9 son pr\u00e9d\u00e9cesseur.<\/p>\n<p>Les lois vot\u00e9es lors de la Transition qui a suivi l\u2019insurrection de 2014, sont consid\u00e9r\u00e9es parmi les plus avanc\u00e9es au monde en ce qui concerne l\u2019ind\u00e9pendance de la justice par rapport au pouvoir politique. Et les avocats de la partie civile comme une partie de ceux de la d\u00e9fense, ont exprim\u00e9 leur fiert\u00e9 d\u2019avoir particip\u00e9 \u00e0 ce proc\u00e8s et lou\u00e9 sa qualit\u00e9.<\/p>\n<p>M\u00eame le pr\u00e9sident Roch Marc Christian Kabor\u00e9 ne semble pas avoir fait une quelconque pression. Sauf peut-\u00eatre, mais rien en le prouve, pour qu\u2019il ne dure pas trop, afin de lancer la \u00ab\u00a0r\u00e9conciliation\u00a0\u00bb. Il a cependant n\u00e9goci\u00e9 par Blaise Compaor\u00e9 pour qu\u2019il assiste au proc\u00e8s\u2026 promettant lors de la campagne \u00e9lectorale de la pr\u00e9sidentielle de 2020 que Blaise Compaor\u00e9 rentrerait la t\u00eate haute. Les travaux avaient m\u00eame commenc\u00e9 dans sa r\u00e9sidence de Ziniar\u00e9, son village natal, pour la remettre en \u00e9tat. Mais aucun juge, aucun assesseur, aucun avocat n\u2019a \u00e9voqu\u00e9 de pression politique. Force est de reconna\u00eetre que la justice burkinab\u00e8 a r\u00e9ussi \u00e0 d\u00e9montrer sa capacit\u00e9 \u00e0 organiser jusqu\u2019au bout un tel proc\u00e8s, observ\u00e9 et suivi par de nombreux pays.<\/p>\n<p>Ne s\u2019agit-il pas d\u2019une v\u00e9ritable gageure alors que le pays est en guerre\u00a0? Ce qui a d\u2019ailleurs d\u00e9tourn\u00e9 l\u2019attention de la population, en grande partie tr\u00e8s fi\u00e8re aussi de cette prouesse, mais pr\u00e9occup\u00e9e en premier lieu par le d\u00e9veloppement de l\u2019ins\u00e9curit\u00e9 et l\u2019ampleur du nombre de d\u00e9plac\u00e9s \u00e9valu\u00e9 aujourd\u2019hui \u00e0 plus d\u2019un million et demi.<\/p>\n<h3 id=\"un_debut_de_justice_mais_beaucoup_reste_a_faire\" class=\"spip\" style=\"text-align: center;\"><a class=\"sommaire_ancre\" title=\"Sommaire\" href=\"http:\/\/www.cadtm.org\/Retour-sur-le-proces-de-l-assassinat-de-Thomas-Sankara-et-de-ses-compagnons#outil_sommaire\">\u00a0<\/a>Un d\u00e9but de justice mais beaucoup reste \u00e0 faire<\/h3>\n<p>Ce proc\u00e8s est aussi une victoire contre l\u2019impunit\u00e9. Loin de nous pourtant l\u2019id\u00e9e de vouloir d\u00e9clarer un satisfecit g\u00e9n\u00e9ral \u00e0 la justice de ce pays. Car l\u2019impunit\u00e9 n\u2019a pas disparu. Quasiment aucun dignitaire du r\u00e9gime de Blaise Compaor\u00e9 n\u2019a encore \u00e9t\u00e9 jug\u00e9 pour corruption et d\u00e9tournement de fond, alors que de nombreux hommes politiques proches du pouvoir se sont constitu\u00e9s d\u2019immenses fortunes \u00e0 cette \u00e9poque.<\/p>\n<p>Mais un premier pas a \u00e9t\u00e9 franchi. On attend maintenant le proc\u00e8s de l\u2019assassinat de Norbert Zongo, suspendu pour l\u2019instant \u00e0 la d\u00e9cision de la Commission europ\u00e9enne des droits l\u2019homme, saisie par M<sup class=\"typo_exposants\">e<\/sup>\u00a0Pierre-Olivier Sur pour contester l\u2019extradition de Fran\u00e7ois Compaor\u00e9. D\u2019autres crimes restent impunis comme celui de l\u2019assassinat de l\u2019\u00e9tudiant Dabo Boukary, probablement perp\u00e9tr\u00e9 aussi par le RSP dirig\u00e9 par Gilbert Diend\u00e9r\u00e9. Des accusations de torture ont \u00e9t\u00e9 prof\u00e9r\u00e9es, par des victimes encore vivantes, contre Gilbert Diend\u00e9r\u00e9 et Jean Pierre Palm, mais aussi contre un ancien chef de corps du RSP Ibrahima K\u00e9r\u00e9 qui n\u2019a jamais \u00e9t\u00e9 inqui\u00e9t\u00e9. Un pays qui se veut d\u00e9mocratique peut-il laisser de tels tortionnaires en libert\u00e9, alors que les d\u00e9lits de torture sont imprescriptibles.<\/p>\n<p>Autre situation in\u00e9dite. Ce proc\u00e8s a pu se poursuivre malgr\u00e9 un changement de r\u00e9gime. Interrompu apr\u00e8s le coup d\u2019\u00c9tat du 24 janvier, alors que la justice militaire avait prononc\u00e9 la reprise, ce sont les avocats de la partie civile qui en ont demand\u00e9 le report jusqu\u2019au r\u00e9tablissement de la constitution ce qui intervint rapidement. Un cas d\u2019\u00e9cole en ce qui concerne l\u2019ind\u00e9pendance de la justice.<\/p>\n<h3 id=\"un_proces_pour_l_histoire\" class=\"spip\" style=\"text-align: center;\"><a class=\"sommaire_ancre\" title=\"Sommaire\" href=\"http:\/\/www.cadtm.org\/Retour-sur-le-proces-de-l-assassinat-de-Thomas-Sankara-et-de-ses-compagnons#outil_sommaire\">\u00a0<\/a>Un proc\u00e8s pour l\u2019histoire<\/h3>\n<p>Proc\u00e8s historique donc, s\u2019il en est, qui donne l\u2019occasion de replonger dans le contexte g\u00e9opolitique de l\u2019\u00e9poque. Thomas Sankara est une des personnalit\u00e9s politiques les plus marquantes de la fin du 20<sup class=\"typo_exposants\">e<\/sup>. Son assassinat intervient dans un contexte politique int\u00e9rieur conflictuel. Des interventions ext\u00e9rieures ont elles souffl\u00e9 sur le feu\u00a0? Le proc\u00e8s n\u2019a pas pu r\u00e9pondre \u00e0 cette question. Mais l\u2019hypoth\u00e8se d\u2019un complot international, n\u2019a cess\u00e9 de traverser le proc\u00e8s \u00e0 travers plusieurs t\u00e9moignages alors que le volet ext\u00e9rieur du dossier judiciaire reste ouvert.<\/p>\n<p>Dans les ann\u00e9es 80, la popularit\u00e9 de la R\u00e9volution d\u00e9borde alors largement les fronti\u00e8res du pays. Les jeunes d\u2019Afrique de l\u2018Ouest admirent alors ce pays et son leader le jeune et charismatique Thomas Sankara. Les succ\u00e8s \u00e9conomiques du Burkina Faso, l\u2019objectif fix\u00e9 d\u2019une lutte acharn\u00e9e contre la pauvret\u00e9, le dynamisme dont il fait preuve dans son d\u00e9veloppement, la mobilisation de la population sont v\u00e9cus comme un danger pour la plupart des dirigeants des \u00c9tats de la r\u00e9gion. Le plus souvent tr\u00e8s proches de la France, dans ce qu\u2019on appelle le pr\u00e9-carr\u00e9, ils craignent la contagion. D\u2019autant que Thomas Sankara, bien que d\u00e9\u00e7u de l\u2019aide sovi\u00e9tique, n\u2019en finit pas de d\u00e9noncer l\u2019imp\u00e9rialisme, le n\u00e9ocolonialisme.<\/p>\n<p>Le juge Fran\u00e7ois Yam\u00e9ogo a dissoci\u00e9 le volet international du volet national du dossier consid\u00e9rant que l\u2019enqu\u00eate n\u2019a pas pu \u00eatre men\u00e9e \u00e0 bien. Cela n\u2019a pas emp\u00each\u00e9 des t\u00e9moignages sur les implications de la C\u00f4te d\u2019Ivoire, de la Libye et de la France. Il est regrettable cependant qu\u2019aucun historien n\u2019ait \u00e9t\u00e9 invit\u00e9 \u00e0 brosser un tableau de la situation g\u00e9opolitique de l\u2019\u00e9poque, ni de la lutte politique interne que cachaient souvent des ambitions personnelles.<\/p>\n<p>Nous sommes alors encore en pleine guerre froide. Thomas Sankara, parle haut et fort s\u2019opposant \u00e0 une \u00e9ventuelle neutralit\u00e9 des non-align\u00e9s, appelant \u00e0 refuser de rembourser la\u00a0<a class=\"cs_glossaire\" href=\"http:\/\/www.cadtm.org\/Dette-970\" name=\"mot970_0\"><span class=\"gl_mot\">dette<\/span><\/a>\u00a0qui est instrumentalis\u00e9e comme moyen de soumission, ne cessant de fustiger les pays occidentaux pour leur soutien \u00e0 Isra\u00ebl, leur refus du boycott de l\u2019Afrique du Sud, affichant son amiti\u00e9 avec Fidel Castro et Daniel Ortega, alors dirigeant de la R\u00e9volution sandiniste. Les dirigeants fran\u00e7ais s\u2019inqui\u00e8tent de la mont\u00e9e en puissance de cette nouvelle voix, m\u00e9lange d\u2019humanisme, de sensibilit\u00e9 et de combativit\u00e9, sur la sc\u00e8ne internationale, d\u2019un dirigeant qui n\u2019en finit plus de d\u00e9noncer le n\u00e9ocolonialisme. Jusqu\u2019\u00e0 faire campagne au sein de l\u2019ONU pour l\u2019ind\u00e9pendance de la Nouvelle Cal\u00e9donie, une ligne rouge \u00e0 ne pas d\u00e9passer. Ils ne peuvent accepter de voir remettre en cause leur mainmise sur la plupart des pays de la r\u00e9gion, de voire les anciennes colonies vouloir se lib\u00e9rer du giron fran\u00e7ais. L\u2019arriv\u00e9e de Charles Taylor dans la r\u00e9gion \u00e0 la recherche de soutien pour renverser Samuel Doe, le pr\u00e9sident du Liberia, soutenu par Mouammar Kadhafi, Blaise Compaor\u00e9, et Houphou\u00ebt-Boigny et certains r\u00e9seaux fran\u00e7ais, va contribuer \u00e0 distendre un peu plus l\u2019amiti\u00e9 entre Thomas Sankara et Blaise Compaor\u00e9, le premier refusant de le soutenir contrairement au deuxi\u00e8me.<\/p>\n<p>Les ouvrages publi\u00e9s jusqu\u2019ici sont essentiellement des t\u00e9moignages ou des essais. Le premier ouvrage d\u2019un historien est sorti l\u2019an dernier\u2026 aux \u00c9tats-Unis. Une p\u00e9tition en ligne qui demandait que le proc\u00e8s soit film\u00e9 a rassembl\u00e9 environ 5000 signatures en 5 jours. Malgr\u00e9 cela le juge, \u00e0 la demande des avocats de la d\u00e9fense a refus\u00e9. Cette \u00e9ventualit\u00e9 avait \u00e9t\u00e9 soulev\u00e9e quelques mois auparavant, moi-m\u00eame \u00e9tant venu poser la question \u00e0 diff\u00e9rentes autorit\u00e9s en f\u00e9vrier 2021. Il y avait donc le temps, de r\u00e9fl\u00e9chir \u00e0 une proposition qui aurait pu \u00eatre consensuelle, de d\u00e9terminer pr\u00e9cis\u00e9ment les r\u00e8gles d\u2019utilisation.<\/p>\n<p>Certes un proc\u00e8s est une \u0153uvre de justice, mais un proc\u00e8s peut aussi \u00eatre une source historique pour peu qu\u2019on s\u2019en donne les moyens. Or malheureusement, la justice burkinab\u00e8 ne compte aucun st\u00e9notypiste de profession. Les avocats s\u2019en sont inqui\u00e9t\u00e9s et le juge est intervenu aupr\u00e8s des huissiers pour qu\u2019ils fassent preuve de c\u00e9l\u00e9rit\u00e9. Mais \u00e7a ne suffira pas. Pour avoir suivi le proc\u00e8s quotidiennement \u00e0 travers la presse burkinab\u00e9, dont plusieurs m\u00e9dias en ligne en faisaient des comptes rendus quotidiens, puis pour avoir assist\u00e9 \u00e0 quelques s\u00e9ances de proc\u00e8s, j\u2019ai pu r\u00e9aliser combien ces r\u00e9sum\u00e9s bien que consistants sont insuffisants, manquant de pr\u00e9cisions.<\/p>\n<p style=\"text-align: left;\"><strong>Les trois principaux accus\u00e9s de l\u2019assassinat de l\u2019ex-pr\u00e9sident du Burkina Faso Thomas Sankara en 1987, dont l\u2019ancien chef de l\u2019\u00c9tat Blaise Compaor\u00e9, ont \u00e9t\u00e9 condamn\u00e9s mercredi \u00e0 la prison \u00e0 perp\u00e9tuit\u00e9 par le tribunal militaire de Ouagadougou. Bruno Jaffr\u00e9, auteur et biographe de Thomas Sankara, \u00e9tait l\u2019invit\u00e9 de France 24.<\/strong><\/p>\n<p style=\"text-align: center;\"><iframe title=\"YouTube video player\" src=\"https:\/\/www.youtube.com\/embed\/3NAqEnzblmU\" width=\"560\" height=\"315\" frameborder=\"0\" allowfullscreen=\"allowfullscreen\"><\/iframe><\/p>\n<div class=\"texte\">\n<h3 id=\"l_affaire_sankara_et_compagnons_n_est_pas_terminee\" class=\"spip\" style=\"text-align: center;\">L\u2019affaire \u00ab\u00a0Sankara et compagnons\u00a0\u00bb n\u2019est pas termin\u00e9e<\/h3>\n<p>Qui a particip\u00e9 \u00e0 ce complot et comment\u00a0? Si le proc\u00e8s a apport\u00e9 les r\u00e9ponses en ce qui concerne le volet national, ces questions restent pos\u00e9es pour le volet international.<\/p>\n<p>En f\u00e9vrier, nous apprenions avec stupeur que l\u2019enqu\u00eate \u00e9tait arr\u00eat\u00e9e de la bouche m\u00eame de la procureure (voir la vid\u00e9o\u00a0<a class=\"spip_url spip_out auto\" href=\"https:\/\/www.youtube.com\/watch?v=M_fXWY46K3\" target=\"_blank\" rel=\"external nofollow noopener\">https:\/\/www.youtube.com\/watch?v=M_fXWY46K3<\/a>\u00a0minute 34\u201900). Pourtant la dissociation du volet international du volet national \u00e9tait accompagn\u00e9e de la d\u00e9cision de poursuivre l\u2019enqu\u00eate sur ce deuxi\u00e8me volet..<\/p>\n<p>La r\u00e9cente nomination du juge Fran\u00e7ois Yam\u00e9ogo \u00e0 la direction de la justice militaire devrait permettre la reprise de l\u2019enqu\u00eate.<\/p>\n<p>Cette affaire vient rejoindre de nombreuses autres dont la recherche de la v\u00e9rit\u00e9 (voir le livre de Pascal Jouary Secret d\u00e9fense le livre noir \u00e0\u00a0<a class=\"spip_url spip_out auto\" href=\"https:\/\/maxmilo.com\/products\/secret-defense-le-livre-noir\" target=\"_blank\" rel=\"external nofollow noopener\">https:\/\/maxmilo.com\/products\/secret-defense-le-livre-noir<\/a>) reste entrav\u00e9e par l\u2019opposition du secret d\u00e9fense. Le r\u00e9seau international Justice pour Sankara justice pour l\u2019Afrique est membre du Collectif secret d\u00e9fense un enjeu d\u00e9mocratique o\u00f9 sont regroup\u00e9es pr\u00e8s d\u2019une vingtaine de victimes ou d\u2019associations qui les soutiennent tous en butte au refus de lever le secret d\u00e9fense par les autorit\u00e9s fran\u00e7aises.<\/p>\n<p>Le pr\u00e9sident Emmanuel Macron avait promis en novembre 2017, lors d\u2019une visite \u00e0 Ouagadougou, de d\u00e9classifier tous documents sur l\u2019assassinat de Thomas Sankara et de les mettre \u00e0 la disposition de la justice burkinab\u00e8. Si quelques documents d\u00e9classifi\u00e9s ont \u00e9t\u00e9 fournis, cette promesse n\u2019a pas \u00e9t\u00e9 tenue. Aucun document issu des cabinets de Jacques Chirac ou officiait Jacques Foccart et de Fran\u00e7ois Mitterrand n\u2019a \u00e9t\u00e9 fourni. Par ailleurs, l\u2019enqu\u00eate a permis de d\u00e9voiler la pr\u00e9sence de Fran\u00e7ais, venus aux c\u00f4t\u00e9s de Jean Pierre Palm, prendre possession des \u00e9coutes t\u00e9l\u00e9phoniques. Ne s\u2019agit-il pas l\u00e0 de tentatives pour d\u00e9truire des preuves de l\u2019organisation d\u2019un complot\u00a0? Un \u00e9v\u00e8nement dont il existe certainement une mention dans des archives mais certainement aussi class\u00e9es \u00ab\u00a0secret d\u00e9fense\u00a0\u00bb. Voil\u00e0 en tout cas quelques pistes \u00e0 ouvrir.<\/p>\n<p>Si le juge Fran\u00e7ois Yam\u00e9ogo a pu partir au Ghana dans le cadre de son enqu\u00eate, il parait n\u00e9cessaire qu\u2019il puisse compter sur une collaboration de la justice de C\u00f4te d\u2019Ivoire, le pays le plus cit\u00e9 durant le proc\u00e8s. D\u2019autres investigations devraient \u00eatre men\u00e9es dans d\u2019autres pays comme la Libye, le Lib\u00e9ria, la Sierra Leone voire le Togo. Outre les obstacles politiques, la justice burkinab\u00e9 est confront\u00e9e aussi \u00e0 de cruels manques de moyen. D\u2019autant que la guerre s\u2019\u00e9tend et n\u00e9cessite que plus en plus de moyens. Pour fournir de l\u2019armement \u00e0 l\u2019arm\u00e9e mais aussi pour r\u00e9pondre aux graves probl\u00e8mes sociaux pos\u00e9s par les d\u00e9placements de population et l\u2019impossibilit\u00e9 pour de nombreux agriculteurs de cultiver pour nourrir la population.<\/p>\n<p>Plusieurs t\u00e9moins fran\u00e7ais devaient \u00eatre entendus, durant le proc\u00e8s, qui n\u2019ont pu se pr\u00e9senter pour diff\u00e9rentes raisons. L\u2019enqu\u00eate devrait donc reprendre, et peut-\u00eatre passer par une nouvelle commission rogatoire. L\u2019hypoth\u00e8se d\u2019une implication fran\u00e7aise reste plausible et plusieurs t\u00e9moignages durant le proc\u00e8s l\u2019ont confirm\u00e9e. Mais il faudra lever de nombreux blocages \u00e0 commencer par celui du secret d\u00e9fense. En plus du r\u00e9seau international justice sur Sankara justice pour l\u2019Afrique, on peut aussi compter sur le Collectif secret un enjeu d\u00e9mocratique, qui int\u00e8gre parmi les affaires pour lesquels il se mobilise, l\u2019assassinat de Thomas et de ses compagnons pour ne pas baisser les bras.<\/p>\n<table class=\"spip\">\n<tbody>\n<tr class=\"row_odd odd\">\n<td><strong>Le verdict<\/strong><\/p>\n<ul class=\"spip\">\n<li><strong>Blaise Compaor\u00e9\u00a0: prison \u00e0 vie pour attentat \u00e0 la s\u00fbret\u00e9 de l\u2019\u00c9tat et complicit\u00e9 d\u2019assassinat\u00a0; acquitt\u00e9 pour recel de cadavre<\/strong><\/li>\n<li><strong>Gilbert Diend\u00e9r\u00e9<\/strong>\u00a0: prison \u00e0 vie pour attentat \u00e0 la s\u00fbret\u00e9 de l\u2019\u00c9tat et complicit\u00e9 d\u2019assassinat\u00a0; acquitt\u00e9 pour recel de cadavre et subornation de t\u00e9moin<\/li>\n<li><strong>Hyacinthe Kafando<\/strong>\u00a0: prison \u00e0 vie pour attentat \u00e0 la s\u00fbret\u00e9 de l\u2019\u00c9tat et assassinat,<\/li>\n<li><strong>Idrissa Sawadogo<\/strong>\u00a0: 20 ans de prison ferme pour complicit\u00e9 d\u2019attentat \u00e0 la s\u00fbret\u00e9 de l\u2019\u00c9tat et complicit\u00e9 d\u2019assassinat,<\/li>\n<li><strong>Nabonswend\u00e9 Ouedraogo<\/strong>\u00a0: 20 ans de prison ferme pour complicit\u00e9 d\u2019attentat \u00e0 la s\u00fbret\u00e9 de l\u2019\u00c9tat et complicit\u00e9 d\u2019assassinat,<\/li>\n<li><strong>Yamba Elis\u00e9e Ilboudo<\/strong>\u00a0: 11 ans de prison ferme pour complicit\u00e9 d\u2019attentat \u00e0 la s\u00fbret\u00e9 de l\u2019\u00c9tat et complicit\u00e9 d\u2019assassinat,<\/li>\n<li><strong>Jean Pierre Palm<\/strong>\u00a0: 10 ans de prison ferme pour complicit\u00e9 d\u2019attentat \u00e0 la s\u00fbret\u00e9 de l\u2019\u00c9tat,<\/li>\n<li><strong>Ou\u00e9draogo Tibo<\/strong>\u00a0: 10 ans de prison ferme pour complicit\u00e9 d\u2019attentat \u00e0 la s\u00fbret\u00e9 de l\u2019\u00c9tat,<\/li>\n<li><strong>Albert Pascal Belemlilga<\/strong>\u00a0: 5 ans de prison avec sursis pour complicit\u00e9 d\u2019attentat \u00e0 la s\u00fbret\u00e9 de l\u2019\u00c9tat,<\/li>\n<li><strong>Djakalia Deme<\/strong>\u00a0: 5 ans de prison avec sursis pour complicit\u00e9 d\u2019attentat \u00e0 la s\u00fbret\u00e9 de l\u2019\u00c9tat,<\/li>\n<li><strong>Ninda Pascal Tonde<\/strong>\u00a0: 3 ans de prison ferme pour Subornation de t\u00e9moin<\/li>\n<li><strong>Bossobe Traor\u00e9<\/strong>\u00a0: Acquitt\u00e9 pour infraction non constitu\u00e9e<\/li>\n<li><strong>Alidou Jean Chistophe Diebr\u00e9<\/strong>\u00a0: Action publique \u00e9teinte pour cause de prescription.<\/li>\n<li><strong>Amado Kafando<\/strong>\u00a0: Action publique \u00e9teinte pour cause de prescription.<\/li>\n<\/ul>\n<\/td>\n<\/tr>\n<\/tbody>\n<\/table>\n<\/div>\n<div class=\"socialtags\"><\/div>\n<div class=\"ps\">\n<div class=\"\">\n<p><a href=\"https:\/\/blogs.mediapart.fr\/bruno-jaffre\/blog\/140422\/retour-sur-le-proces-de-lassassinat-de-thomas-sankara-et-de-ses-compagnons\"><strong>Source <\/strong><\/a><\/p>\n<p>Auteur<\/p>\n<\/div>\n<\/div>\n<div class=\"bio\">\n<div class=\"photeur\">\n<div class=\"logoauteur\"><img decoding=\"async\" class=\"spip_logo spip_logos alignleft\" src=\"http:\/\/www.cadtm.org\/local\/cache-gd2\/6c\/6fd94d7ce1a8c2e1875e6139f10bec.jpg?1650207727\" alt=\"\" width=\"87\" height=\"87\" \/><\/div>\n<div class=\"logocadtm\"><img decoding=\"async\" class=\"spip_logo spip_logos\" src=\"http:\/\/www.cadtm.org\/IMG\/moton736.png?1430120656\" alt=\"\" width=\"90\" height=\"28\" \/><\/div>\n<\/div>\n<p><a href=\"http:\/\/www.cadtm.org\/Bruno-Jaffre?lang=fr\"><span id=\"nom\">Bruno Jaffr\u00e9\u00a0<\/span><\/a>ing\u00e9nieur de recherche chez un op\u00e9rateur de t\u00e9l\u00e9communications, ancien professeur de math\u00e9matiques, est le pr\u00e9sident fondateur de l\u2019ONG fran\u00e7aise Coop\u00e9ration Solidarit\u00e9 D\u00e9veloppement dans les Postes et T\u00e9l\u00e9communications en 1988 dont il a quitt\u00e9 la Pr\u00e9sidence en 2005.<br class=\"autobr\" \/>Bruno Jaffr\u00e9 est titulaire d\u2019une ma\u00eetrise de math\u00e9matiques pures et d\u2019un Dipl\u00f4me d\u2019\u00e9tudes approfondies de recherche comparative sur le d\u00e9veloppement \u00e0 l\u2019\u00c9cole des hautes \u00e9tudes en sciences sociales.<\/p>\n<p>Militant associatif, membre de SURVIE, journaliste occasionnel, historien de la r\u00e9volution du Burkina Faso (83 &#8211; 87), biographe du pr\u00e9sident Thomas Sankara, il participe \u00e0 l\u2019animation du site qui lui est consacr\u00e9.<br class=\"autobr\" \/><a class=\"spip_out\" href=\"http:\/\/thomassankara.net\/\" target=\"_blank\" rel=\"external noopener\">http:\/\/thomassankara.net<\/a><\/p>\n<p><a class=\"spip_out\" href=\"http:\/\/blogs.mediapart.fr\/blog\/bruno-jaffre\" target=\"_blank\" rel=\"external noopener\">http:\/\/blogs.mediapart.fr\/blog\/bruno-jaffre<\/a><\/p>\n<div class=\"cartouche\">\n<h4 class=\"titre\" style=\"text-align: center;\">Eric Toussaint parle de Thomas Sankara<\/h4>\n<p><small>9 mai\u00a0par\u00a0<b>Eric Toussaint<\/b>\u00a0,\u00a0<b>Eric De Ruest<\/b>\u00a0,\u00a0<b>Jean-Pierre Carlon<\/b>\u00a0,\u00a0<b>Olaf Gustavson<\/b><\/small><\/p>\n<p>&nbsp;<\/p>\n<div class=\"titre_logos\"><img decoding=\"async\" class=\"spip_logo spip_logos alignleft\" src=\"http:\/\/www.cadtm.org\/local\/cache-vignettes\/L250xH161\/arton5345-f508b.png?1650206743\" alt=\"\" width=\"250\" height=\"161\" \/><\/div>\n<\/div>\n<div class=\"chapo\">\n<p>Depuis cette interview, faite en octobre 2009 (publi\u00e9e en f\u00e9vrier 2010, puis en novembre 2016), beaucoup de choses se sont pass\u00e9es.<br class=\"autobr\" \/><a class=\"spip_in\" href=\"http:\/\/www.cadtm.org\/Burkina-Faso-Mariam-Sankara-epouse\">Le peuple burkinab\u00e8 s\u2019est soulev\u00e9 le 30 octobre 2014<\/a>, et a r\u00e9ussi \u00e0 chasser Blaise Compaor\u00e9 qui s\u2019est r\u00e9fugi\u00e9 en C\u00f4te d\u2019Ivoire.<br class=\"autobr\" \/>Une des cons\u00e9quences de cette insurrection a \u00e9t\u00e9, enfin, la tenue du proc\u00e8s de l\u2019assassinat du pr\u00e9sident Thomas Sankara et de ses compagnons, qui s\u2019est\u00a0<a class=\"spip_in\" href=\"http:\/\/www.cadtm.org\/L-ouverture-du-proces-de-l-assassinant-de-Thomas-et-de-ses-compagnons-est-une\">ouvert le 11 octobre 2021<\/a>.<br class=\"autobr\" \/>Un proc\u00e8s \u00e0 bien des \u00e9gards exemplaire compte tenu des nombreux obstacles pour en \u00e9viter la tenue.<br class=\"autobr\" \/>Le 6 avril 2022\u00a0<a class=\"spip_in\" href=\"http:\/\/www.cadtm.org\/Retour-sur-le-proces-de-l-assassinat-de-Thomas-Sankara-et-de-ses-compagnons\">le verdict est tomb\u00e9<\/a>.<\/p>\n<\/div>\n<div class=\"texte\">\n<p>Les 26 et 27 octobre 2009, \u00e0 Cotonou au B\u00e9nin, a eu lieu le s\u00e9minaire international sur le th\u00e8me \u00ab\u00a0<a class=\"cs_glossaire\" href=\"http:\/\/www.cadtm.org\/Dette-970\" name=\"mot970_0\"><span class=\"gl_mot\">Dette<\/span><\/a>\u00a0et droits humains\u00a0\u00bb organis\u00e9 par le CADTM International (Comit\u00e9 pour l\u2019Annulation de la dette du Tiers Monde) et le CADD B\u00e9nin (Cercle d\u2019Auto-promotion pour un D\u00e9veloppement durable).<br class=\"autobr\" \/>Ce fut l\u2019occasion de pr\u00e9senter les luttes pass\u00e9es et pr\u00e9sentes.<br class=\"autobr\" \/>Dans ce contexte il \u00e9tait impossible de faire l\u2019impasse sur un des hommes les plus engag\u00e9s pour la souverainet\u00e9 et l\u2019autonomie de son pays, le Burkina Faso. R\u00e9f\u00e9rence faite, bien s\u00fbr, \u00e0 Thomas Sankara.<br class=\"autobr\" \/>Une \u00e9quipe de vid\u00e9astes a saisi cette occasion pour interviewer l\u2019historien \u00c9ric Toussaint (par ailleurs pr\u00e9sident du CADTM Belgique) sur le Capitaine Sankara et son combat contre la dette.<\/p>\n<p><strong>Cet article fait une synth\u00e8se de la vid\u00e9o du CADTM.\u00a0Son Porte-parole international, Eric Toussaint, y explique les raisons de l\u2019assassinat de Thomas Sankara.<\/strong><\/p>\n<p>En 1983, Thomas Sankara se fit conna\u00eetre sur la sc\u00e8ne publique, en obtenant un poste gouvernemental, ou ses propositions novatrices, commenc\u00e8rent \u00e0 d\u00e9ranger le pouvoir local. Il fut alors \u00e9cart\u00e9 du gouvernement, ce qui suscita une forte r\u00e9action et mobilisation populaire. Quelques ann\u00e9es plus tard, fort de ce soutien, il devint pr\u00e9sident du Burkina et mis en place une s\u00e9rie de politiques bas\u00e9es sur le d\u00e9veloppement endog\u00e8ne du pays, c\u2019est-\u00e0-dire sur le d\u00e9veloppement de son \u00e9conomie et de son march\u00e9 int\u00e9rieur, pour une plus grande ind\u00e9pendance vis \u00e0 vis du commerce international et des fluctuations des\u00a0<a class=\"cs_glossaire\" href=\"http:\/\/www.cadtm.org\/Marche-financier\" name=\"mot827_1\"><span class=\"gl_mot\">march\u00e9s financiers<\/span><\/a>\u00a0sur lesquels le Burkina n\u2019a aucune prise. Il abandonna le mod\u00e8le d\u2019exportation du coton, dont le prix fluctuant sur les march\u00e9 influen\u00e7ait \u00e9norm\u00e9ment la bonne sant\u00e9 de l\u2019\u00e9conomie burkinab\u00e8.<\/p>\n<div style=\"position: relative; padding-bottom: 56.25%; height: 0; overflow: hidden;\"><iframe style=\"width: 100%; height: 100%; position: absolute; left: 0px; top: 0px; overflow: hidden;\" src=\"https:\/\/www.dailymotion.com\/embed\/video\/xc3s0t?autoplay=1\" width=\"100%\" height=\"100%\" frameborder=\"0\" allowfullscreen=\"allowfullscreen\"> <\/iframe><\/div>\n<\/div>\n<\/div>\n<div class=\"texte\">\n<p>Le pays \u00e9tait totalement d\u00e9pendant de ces exportations, avait \u00e9t\u00e9 sp\u00e9cialis\u00e9 \u00e0 une t\u00e2che par la post colonisation \u00e9conomique, comme on aurait sp\u00e9cialis\u00e9 un ouvrier d\u2019usine, \u00e0 ne faire que planter des clous toute la journ\u00e9e. La sp\u00e9cialisation des \u00e9conomies des pays pauvres \u00e0 quelques productions pr\u00e9cises, les rendent d\u00e9pendant du syst\u00e8me \u00e9conomique mondial, ce qui permet aux tenants du syst\u00e8me, de mieux les contr\u00f4ler. C\u2019est le principe du Workfare appliqu\u00e9 aux \u00e9tats, on abaisse leur marge de man\u0153uvre et le contr\u00f4le des \u00e9conomies, en les sp\u00e9cialisant et en les rendant d\u00e9pendantes du syst\u00e8me global, sans lequel les petits \u00e9tats ne peuvent alors plus survivre. Ces pays importent alors qu\u2019une grande partie des produits qu\u2019ils consomment, alors qu\u2019ils auraient pu \u00eatre produits sur place, ce qui aurait donn\u00e9 du travail \u00e0 la population et de l\u2019argent pour qu\u2019elle d\u00e9veloppe le march\u00e9 int\u00e9rieur du pays\u2026En important, ces pays s\u2019endettent et on leur impose alors de rembourser, les rendant alors encore plus d\u00e9pendant du syst\u00e8me mondial. Sankara \u00e0 voulu coup\u00e9 court \u00e0 cela, il commen\u00e7a \u00e0 mener une politique en ce sens, qui donna des r\u00e9sultat, mais pas de bol, on l\u2019a tu\u00e9 avant qu\u2019il n\u2019y en ai trop eu et que d\u2019autres pays aient envie de suivre ce mod\u00e8le de d\u00e9veloppement novateur, mettant \u00e0 mal les profits traditionnels des pays occidentaux et de leur multinationales implant\u00e9es dans la r\u00e9gion.<\/p>\n<p>Politiquement, Sankara tenta de r\u00e9tablir la souverainet\u00e9 alimentaire du Burkina par une augmentation de la production vivri\u00e8re. Il tenta d\u2019abaisser la d\u00e9pendance de l\u2019\u00e9conomie par rapport \u00e0 la production et surtout \u00e0 l\u2019exportation de coton. Il incita \u00e0 augmenter l\u2019implantation d\u2019industries textiles dans le pays, afin de transformer le coton sur place et de ne plus \u00eatre oblig\u00e9 d\u2019importer du textile de l\u2019\u00e9tranger, apr\u00e8s y avoir vendu la mati\u00e8re premi\u00e8re, situation \u00e9conomique totalement absurde, faisant la richesse des puissances occidentales.<\/p>\n<p>Sankara rompt \u00e9galement avec la tradition de soumission des dirigeants du pays aux grandes puissances occidentales et avec le mod\u00e8le de corruption existant, des \u00e9lites locales.<\/p>\n<p><strong>Qui avait int\u00e9r\u00eat \u00e0 tuer Thomas Sankara\u00a0?<\/strong><\/p>\n<p>Sankara mis en place une politique sociale. Il s\u2019attaqua aux privil\u00e9gi\u00e9s de l\u2019appareil d\u2019\u00e9tat. Il baissa les salaires des ministres, de parlementaires, ainsi que le sien\u2026Il roulait d\u2019ailleurs dans une petite Renault 5, loin du luxe et de l\u2019apparat traditionnel des dirigeants jusqu\u2019alors. Il refusa de la m\u00eame mani\u00e8re et de fa\u00e7on syst\u00e9matique, tout poste ou tout privil\u00e8ge pour sa famille, du jamais vu\u00a0! Ceci m\u00e9contenta logiquement, la classe dominante locale ainsi que les membres traditionnels des appareils d\u2019\u00e9tat.<\/p>\n<p>Sankara m\u00e9contenta \u00e9galement les puissances internationales. Il s\u2019allia avec Cuba et effraya de ce fait, Washington, qui faisait subir \u00e0 cette \u00eele, un blocus depuis 1962. Sankara mettait \u00e9galement en place un mod\u00e8le nouveau d\u2019\u00e9conomie dans les pays africain, qui n\u2019\u00e9tait plus bas\u00e9 sur l\u2019exploitation de ceux ci par les \u00e9conomies occidentales. Ce mod\u00e8le risquait de faire t\u00e2che d\u2019huile et de faire perdre beaucoup d\u2019argent au syst\u00e8me mondialis\u00e9 de l\u2019\u00e9conomie de march\u00e9, dont les pays occidentaux sont les exclusifs b\u00e9n\u00e9ficiaires.<\/p>\n<p>Une coalition d\u2019int\u00e9r\u00eats d\u00e9cida alors d\u2019assassiner Sankara. Elle fut compos\u00e9e de ses compagnons de route, comme Blaise Compaor\u00e9, actuel pr\u00e9sident du Burkina, qui succ\u00e9da \u00e0 Sankara. Sa politique a ramen\u00e9 le Burkina dans le droit chemin de la soumission aux grandes puissances occidentales\u2026 Particip\u00e8rent directement \u00e0 cette coalition, la France, le CIA, Charles Taylor, dictateur lib\u00e9rien, poursuivi pour de nombreux crimes contre l\u2019humanit\u00e9\u2026<\/p>\n<p>Sankara restera une figure de la lutte contre le remboursement de la dette des pays africains et son discours devant l\u2019assembl\u00e9e g\u00e9n\u00e9rale de l\u2019organisation de l\u2019unit\u00e9 africaine restera dans l\u2019histoire.<\/p>\n<p>Sankara commen\u00e7a \u00e0 avoir une grande influence internationale, notamment sur la jeunesse africaine. La peur de la t\u00e2che d\u2019huile incita \u00e0 l\u2019\u00e9liminer rapidement. Les nouveaux mod\u00e8les sont vite prix en exemple et donnent envie \u00e0 ceux qui subissent le mod\u00e8le archa\u00efque et esclavagiste du n\u00e9olib\u00e9ralisme, d\u2019en changer. Ces derniers temps, on a pu constater qu\u2019une r\u00e9volution face \u00e0 une dictature, en a g\u00e9n\u00e9r\u00e9e bien d\u2019autres dans les pays subissant le m\u00eame type de r\u00e9gime\u2026On a aussi constat\u00e9 que la r\u00e9volution des casseroles, en Islande, pays ayant un r\u00e9gime politique plus similaire au notre, nous a \u00e9t\u00e9 honteusement cach\u00e9e\u2026<\/p>\n<p>Apr\u00e8s Sankara, le Burkina est revenu vers une certaine normalit\u00e9 africaine, voulue par la domination occidentale asservissant \u00e9conomiquement le continent. Les dirigeants ont \u00e0 nouveau repris leurs activit\u00e9s traditionnelles d\u2019enrichissement personnel d\u2019eux m\u00eame et de leur entourage. Pour faire cela en toute tranquillit\u00e9, ils veulent \u00e9viter toute d\u00e9stabilisation. Leur but est qu\u2019on les laisse en paix, dominer leur peuple, en restant eux m\u00eame dociles, loin de toute tentative de transformation sociale dans les pays qu\u2019ils dirigent. L\u2019important r\u00e9side dans le fait qu\u2019ils \u00e9vitent toute tentative de proposition d\u2019un nouveau mod\u00e8le de d\u00e9veloppement pour l\u2019Afrique, qui serait moins rentable pour les oligarchies esclavagistes occidentales\u2026<\/p>\n<p>Source\u00a0: R\u00e9sum\u00e9 de la vid\u00e9o tir\u00e9 de Olaf Gustavson\u00a0<a class=\"spip_url spip_out auto\" href=\"https:\/\/www.thomassankara.net\/pourquoi-a-t-on-assassine-thomas-sankara-interview-video-de-eric-toussaint-president-du-cadtm\/\" target=\"_blank\" rel=\"external nofollow noopener\">https:\/\/www.thomassankara.net\/pourquoi-a-t-on-assassine-thomas-sankara-interview-video-de-eric-toussaint-president-du-cadtm\/<\/a><br class=\"autobr\" \/>Le texte initial a \u00e9t\u00e9 l\u00e9g\u00e8rement abr\u00e9g\u00e9 pour tenir compte de la d\u00e9cision du tribunal qui a condamn\u00e9 Blaise Compaor\u00e9 et ses complices pour l\u2019assassinat de Thomas Sankara\u00a0<a class=\"spip_in\" href=\"http:\/\/www.cadtm.org\/Retour-sur-le-proces-de-l-assassinat-de-Thomas-Sankara-et-de-ses-compagnons\">Retour sur le proc\u00e8s de l\u2019assassinat de Thomas Sankara et de ses compagnons<\/a><\/p>\n<p><strong>Retrouvez le discours sur la dette, de Thomas Sankara\u00a0<a class=\"spip_in\" href=\"http:\/\/www.cadtm.org\/Un-front-uni-contre-la-dette\">ici<\/a>.<\/strong><\/p>\n<p>Les images du Burkina sont extraites du film \u00ab\u00a0<a class=\"spip_out\" href=\"http:\/\/www.excessif.com\/cinema\/critique-let-s-make-money-4708741-760.html\" target=\"_blank\" rel=\"external noopener\">Let\u2019s make money<\/a>\u00a0\u00bb d\u2019Erwin Wagenhofer\u00a0:<\/p>\n<\/div>\n<div class=\"socialtags\">\n<p>Auteur<\/p>\n<\/div>\n<div class=\"bio\">\n<div class=\"photeur\">\n<div class=\"logoauteur\"><img decoding=\"async\" class=\"spip_logo spip_logos alignleft\" src=\"http:\/\/www.cadtm.org\/local\/cache-gd2\/6e\/f28d005140af9477ab3fcbaffc18f0.png?1650181330\" alt=\"\" width=\"87\" height=\"87\" \/><\/div>\n<div class=\"logocadtm\"><img decoding=\"async\" class=\"spip_logo spip_logos\" src=\"http:\/\/www.cadtm.org\/IMG\/moton736.png?1430120656\" alt=\"\" width=\"90\" height=\"28\" \/><\/div>\n<\/div>\n<p><a href=\"http:\/\/www.cadtm.org\/Eric-Toussaint?lang=fr\"><span id=\"nom\">Eric Toussaint\u00a0<\/span><\/a>docteur en sciences politiques des universit\u00e9s de Li\u00e8ge et de Paris VIII, porte-parole du CADTM international et membre du Conseil scientifique d\u2019ATTAC France.<br class=\"autobr\" \/>Il est l\u2019auteur des livres,\u00a0<i><a class=\"spip_in\" href=\"http:\/\/www.cadtm.org\/Capitulation-entre-adultes-Grece-2015-une-alternative-etait-possible\">Capitulation entre adultes\u00a0: Gr\u00e8ce 2015, une alternative \u00e9tait possible<\/a><\/i>, Syllepse, 2020,\u00a0<i><a class=\"spip_in\" href=\"http:\/\/www.cadtm.org\/Le-Systeme-Dette-Histoire-des-dettes-souveraines-et-de-leur-repudiation\">Le Syst\u00e8me Dette. Histoire des dettes souveraines et de leur r\u00e9pudiation<\/a><\/i>, Les liens qui lib\u00e8rent, 2017\u00a0;\u00a0<i><a class=\"spip_in\" href=\"http:\/\/www.cadtm.org\/Bancocratie\">Bancocratie<\/a><\/i>, ADEN, Bruxelles, 2014\u00a0;\u00a0<i><a class=\"spip_in\" href=\"http:\/\/www.cadtm.org\/Proces-d-un-homme-exemplaire,9458\">Proc\u00e8s d\u2019un homme exemplaire<\/a><\/i>, \u00c9ditions Al Dante, Marseille, 2013\u00a0;\u00a0<i><a class=\"spip_in\" href=\"http:\/\/www.cadtm.org\/Un-coup-d-oeil-dans-le-retroviseur-L-ideologie-neoliberale-des-origines-jusqu-a-5583-5583-5583-5583-5583-5583-5583-5583-5583-5583-5583\">Un coup d\u2019\u0153il dans le r\u00e9troviseur. L\u2019id\u00e9ologie n\u00e9olib\u00e9rale des origines jusqu\u2019\u00e0 aujourd\u2019hui<\/a><\/i>, Le Cerisier, Mons, 2010. Il est coauteur avec Damien Millet des livres\u00a0<i><a class=\"spip_in\" href=\"http:\/\/www.cadtm.org\/AAA-Audit-Annulation-Autre\">AAA, Audit, Annulation, Autre politique<\/a><\/i>, Le Seuil, Paris, 2012\u00a0;\u00a0<i><a class=\"spip_in\" href=\"http:\/\/www.cadtm.org\/La-Dette-ou-la-Vie\">La dette ou la vie<\/a><\/i>, Aden\/CADTM, Bruxelles, 2011. Ce dernier livre a re\u00e7u le\u00a0<a class=\"spip_in\" href=\"http:\/\/www.cadtm.org\/Le-CADTM-recoit-le-prix-du-livre-politique-2011-7238-7238-7238-7238-7238-7238-7238-7238-7238-7238-7238-7238-7238-7238-7238-7238-7238-7238-7238-7238-7238-7238-7238-7238-7238\">Prix du livre politique octroy\u00e9 par la Foire du livre politique de Li\u00e8ge<\/a>.<br class=\"autobr\" \/>Il a coordonn\u00e9 les travaux de la\u00a0<a class=\"spip_in\" href=\"http:\/\/www.cadtm.org\/4-avril-2015-Journee-historique-pour-la-recherche-de-la-verite-sur-la-dette\">Commission pour la V\u00e9rit\u00e9 sur la dette publique de la Gr\u00e8ce cr\u00e9\u00e9e le 4 avril 2015<\/a>\u00a0par la pr\u00e9sidente du Parlement grec. Cette commission a fonctionn\u00e9 sous les auspices du parlement entre avril et octobre 2015.<\/p>\n<\/div>\n","protected":false},"excerpt":{"rendered":"<p>par\u00a0Bruno Jaffr\u00e9 Le proc\u00e8s de l\u2019assassinat de Thomas Sankara et de ses compagnons s\u2019est termin\u00e9 par un lourd verdict pour les principaux accus\u00e9s. Un proc\u00e8s \u00e0 bien des \u00e9gards exemplaire compte tenu des nombreux obstacles pour en \u00e9viter la tenue. Mais l\u2019affaire n\u2019est pas termin\u00e9e. L\u2019enqu\u00eate sur le volet international se poursuit qui va se &#8230; <a title=\"Retour sur le proc\u00e8s de l\u2019assassinat de Thomas Sankara et de ses compagnons\" class=\"read-more\" href=\"https:\/\/bruxelles-pantheres.be\/?p=5160\" aria-label=\"En savoir plus sur Retour sur le proc\u00e8s de l\u2019assassinat de Thomas Sankara et de ses compagnons\">Lire la suite<\/a><\/p>\n","protected":false},"author":1,"featured_media":682,"comment_status":"open","ping_status":"open","sticky":false,"template":"","format":"standard","meta":{"footnotes":""},"categories":[1],"tags":[502,160,425,57],"class_list":["post-5160","post","type-post","status-publish","format-standard","has-post-thumbnail","hentry","category-non-classe","tag-bruno-jaffre","tag-burkina-faso","tag-eric-toussaint","tag-thomas-sankara"],"_links":{"self":[{"href":"https:\/\/bruxelles-pantheres.be\/index.php?rest_route=\/wp\/v2\/posts\/5160","targetHints":{"allow":["GET"]}}],"collection":[{"href":"https:\/\/bruxelles-pantheres.be\/index.php?rest_route=\/wp\/v2\/posts"}],"about":[{"href":"https:\/\/bruxelles-pantheres.be\/index.php?rest_route=\/wp\/v2\/types\/post"}],"author":[{"embeddable":true,"href":"https:\/\/bruxelles-pantheres.be\/index.php?rest_route=\/wp\/v2\/users\/1"}],"replies":[{"embeddable":true,"href":"https:\/\/bruxelles-pantheres.be\/index.php?rest_route=%2Fwp%2Fv2%2Fcomments&post=5160"}],"version-history":[{"count":3,"href":"https:\/\/bruxelles-pantheres.be\/index.php?rest_route=\/wp\/v2\/posts\/5160\/revisions"}],"predecessor-version":[{"id":5163,"href":"https:\/\/bruxelles-pantheres.be\/index.php?rest_route=\/wp\/v2\/posts\/5160\/revisions\/5163"}],"wp:featuredmedia":[{"embeddable":true,"href":"https:\/\/bruxelles-pantheres.be\/index.php?rest_route=\/wp\/v2\/media\/682"}],"wp:attachment":[{"href":"https:\/\/bruxelles-pantheres.be\/index.php?rest_route=%2Fwp%2Fv2%2Fmedia&parent=5160"}],"wp:term":[{"taxonomy":"category","embeddable":true,"href":"https:\/\/bruxelles-pantheres.be\/index.php?rest_route=%2Fwp%2Fv2%2Fcategories&post=5160"},{"taxonomy":"post_tag","embeddable":true,"href":"https:\/\/bruxelles-pantheres.be\/index.php?rest_route=%2Fwp%2Fv2%2Ftags&post=5160"}],"curies":[{"name":"wp","href":"https:\/\/api.w.org\/{rel}","templated":true}]}}