{"id":5165,"date":"2022-06-24T16:29:30","date_gmt":"2022-06-24T15:29:30","guid":{"rendered":"https:\/\/bruxelles-pantheres.be\/?p=5165"},"modified":"2022-06-24T16:29:30","modified_gmt":"2022-06-24T15:29:30","slug":"pourquoi-le-sud-global-post-colonial-est-il-source-dimmigration-et-de-refugies","status":"publish","type":"post","link":"https:\/\/bruxelles-pantheres.be\/?p=5165","title":{"rendered":"Pourquoi le Sud global post-colonial est-il source d&rsquo;immigration et de r\u00e9fugi\u00e9s ?"},"content":{"rendered":"<p>Aussi bien dans le pass\u00e9 comme actuellement, les gens migrent \u00e0 la recherche d&rsquo;opportunit\u00e9s \u00e9conomiques, de moyens de subsistance et de s\u00e9curit\u00e9 pour eux-m\u00eames et leur famille. La recherche d&rsquo;opportunit\u00e9s \u00e9conomiques loin de chez soi est le principal moteur de l&rsquo;immigration et des d\u00e9placements d&rsquo;une partie du monde \u00e0 l&rsquo;autre. Les immigrants vers l&rsquo;Europe et les \u00c9tats-Unis cherchent des opportunit\u00e9s \u00e9conomiques loin de chez eux en raison de l&rsquo;effondrement et de la fragmentation totale des \u00e9conomies post-coloniales du Sud et de l&rsquo;effondrement des ordres politiques et sociaux qui ont conduit \u00e0 l&rsquo;ins\u00e9curit\u00e9. La raison de ce ph\u00e9nom\u00e8ne est une question essentielle qui n&rsquo;est pas souvent pos\u00e9e ou \u00e0 laquelle on ne r\u00e9pond pas.<!--more--><\/p>\n<p><img decoding=\"async\" class=\"aligncenter\" src=\"https:\/\/miro.medium.com\/max\/700\/1*n_u85wtK2QAlJF6fr3MSrw.jpeg\" \/><\/p>\n<p>La structure \u00e9conomique post-coloniale est l&rsquo;\u00e9conomie coloniale, mais avec de nouveaux gestionnaires d&rsquo;apparence locale\/indig\u00e8ne qui g\u00e8rent la franchise coloniale. Certes, les pays de l&rsquo;h\u00e9misph\u00e8re sud ont gagn\u00e9 leur ind\u00e9pendance, tous sont membres votants de l&rsquo;Assembl\u00e9e g\u00e9n\u00e9rale des Nations unies et sont actifs dans les institutions mondiales, mais ne laissons pas les pi\u00e8ges de l&rsquo;officialit\u00e9 nous dissuader de proc\u00e9der \u00e0 une saine analyse du pouvoir politique et \u00e9conomique.<\/p>\n<p>Si les forces et les troupes coloniales ont effectivement \u00e9t\u00e9 expuls\u00e9es au cours des 40 \u00e0 60 derni\u00e8res ann\u00e9es, l&rsquo;infrastructure \u00e9conomique, politique, sociale, militaire et \u00e9ducative est n\u00e9anmoins rest\u00e9e purement coloniale. Les entreprises coloniales qui contr\u00f4laient les mati\u00e8res premi\u00e8res ne sont jamais parties, les institutions bancaires et financi\u00e8res sont rest\u00e9es intactes, l&rsquo;\u00e9pist\u00e9mologie du syst\u00e8me \u00e9ducatif ne s&rsquo;est jamais \u00e9loign\u00e9e du cadre eurocentrique, les relations sociales ont \u00e9t\u00e9 r\u00e9gies par une hi\u00e9rarchie raciale et un dispositif militaire a \u00e9t\u00e9 mis en place pour contr\u00f4ler et \u00e9craser la population tout en l&#8217;emp\u00eachant de contester le syst\u00e8me colonial \u00e9tabli. \u00c0 cette situation s&rsquo;est ajout\u00e9e une guerre froide de 40 \u00e0 50 ans qui a fait des \u00c9tats des sous-traitants des conflits \u00e9pist\u00e9miques entre l&rsquo;Occident et l&rsquo;Occident (capitalisme et communisme), renfor\u00e7ant ainsi la structure coloniale, mais avec des contraintes modifi\u00e9es.<\/p>\n<p><img decoding=\"async\" class=\"aligncenter\" src=\"https:\/\/miro.medium.com\/max\/700\/1*XEnvYHeP_JtlrmaljUpn2A.jpeg\" \/><\/p>\n<p>L&rsquo;\u00e9conomie post-coloniale dans les nouveaux Etats ind\u00e9pendants a \u00e9t\u00e9 maintenue comme un satellite ou une lune en orbite dans un rayon de d\u00e9pendance et de contr\u00f4le par rapport \u00e0 la m\u00e8re patrie ex-coloniale. Comment cela a-t-il \u00e9t\u00e9 rendu possible dans la p\u00e9riode post-coloniale et ind\u00e9pendante ? Tout d&rsquo;abord, les \u00e9lites de l&rsquo;h\u00e9misph\u00e8re Sud ont \u00e9t\u00e9 \u00e9duqu\u00e9es, form\u00e9es et \u00e9lev\u00e9es dans le berceau colonial, elles ont \u00e9t\u00e9 allait\u00e9es jusqu&rsquo;\u00e0 atteindre une maturit\u00e9 post-coloniale \u00e9pist\u00e9mique, puis elles se sont mises \u00e0 g\u00e9rer la franchise existante avec tout le c\u00e9r\u00e9monial des drapeaux, des timbres, de la monnaie, etc. La formation \u00e9tait destin\u00e9e \u00e0 reproduire les structures coloniales normatives et \u00e0 ne jamais s&rsquo;en d\u00e9tacher, sans oublier la forte dose de complexe d&rsquo;inf\u00e9riorit\u00e9 qui y est attach\u00e9e.<\/p>\n<p>&nbsp;<\/p>\n<p>Comme je l&rsquo;ai soutenu dans des articles pr\u00e9c\u00e9dents, le projet colonial \u00e9tait tout autant investi dans la domination des mentalit\u00e9s que du contr\u00f4le g\u00e9ographique et territorial. L&rsquo;ordre \u00e9conomique n&rsquo;a jamais cess\u00e9 d&rsquo;\u00eatre colonial et les accords de retrait des troupes coloniales \u00e9taient toujours li\u00e9s, voire conditionn\u00e9s, au maintien intact des int\u00e9r\u00eats financiers et \u00e9conomiques et au renforcement des entreprises, soci\u00e9t\u00e9s et banques originaires de la m\u00e8re patrie ex-coloniale. Un examen superficiel du mouvement des mati\u00e8res premi\u00e8res du Sud vers le Nord et de son lien avec les int\u00e9r\u00eats \u00e9conomiques coloniaux int\u00e9gr\u00e9s peut donner un aper\u00e7u de cette dynamique. Il suffit de penser au chocolat et au lithium, deux mati\u00e8res premi\u00e8res originaires du Sud qui sont au c\u0153ur de toutes sortes d&rsquo;activit\u00e9s \u00e9conomiques et d&rsquo;exploitations du Nord.<\/p>\n<p><img decoding=\"async\" class=\"aligncenter\" src=\"https:\/\/miro.medium.com\/max\/552\/1*YeMiCo7h51W820ojkSaK0Q.png\" \/><\/p>\n<p>La structure de l&rsquo;\u00c9tat post-colonial ind\u00e9pendant est g\u00e9r\u00e9e par des \u00e9lites ayant re\u00e7u une \u00e9ducation coloniale et form\u00e9es pour maintenir un acc\u00e8s sans entrave aux march\u00e9s, un flux de mati\u00e8res premi\u00e8res et de ressources vers le Nord, tout en utilisant des forces militaires form\u00e9es et \u00e9quip\u00e9es par les colons pour maintenir le syst\u00e8me en place. L&rsquo;\u00e9conomie est reli\u00e9e financi\u00e8rement \u00e0 la m\u00e8re patrie ex-coloniale ainsi qu&rsquo;aux institutions mondiales de contr\u00f4le financier telles que la Banque mondiale, le FMI et les distorsions commerciales mises en place par les n\u00e9gociations successives du GATT et de l&rsquo;OMC. Ce processus a donn\u00e9 lieu \u00e0 des niveaux plus \u00e9lev\u00e9s de domination, de d\u00e9pendance et de contr\u00f4le, car les signes visibles de la structure coloniale ont \u00e9t\u00e9 masqu\u00e9s par la pr\u00e9sence des \u00e9lites locales qui g\u00e8rent et maintiennent le syst\u00e8me en \u00e9change d&rsquo;une r\u00e9mun\u00e9ration int\u00e9ressante, la m\u00e8re patrie ex-coloniale \u00e9tant en dehors de la discussion et souvent appel\u00e9e en tant qu'\u00a0\u00bbexperts neutres\u00a0\u00bb ou \u00ab\u00a0m\u00e9diateurs diplomatiques\u00a0\u00bb pour r\u00e9soudre les probl\u00e8mes \u00ab\u00a0indig\u00e8nes\u00a0\u00bb, qu&rsquo;ils ont eux-m\u00eames mis en place ou en accentuant les tensions tribales et sectaires existantes pour maintenir leur \u00ab\u00a0main cach\u00e9e\u00a0\u00bb dans la colonie. Rappelez-vous que la traite des esclaves en Afrique de l&rsquo;Ouest \u00e9tait structurellement destin\u00e9e \u00e0 intensifier les conflits r\u00e9gionaux afin d&rsquo;acc\u00e9l\u00e9rer et d&rsquo;augmenter le nombre d&rsquo;\u00eatres humains transform\u00e9s en marchandises \u00e0 exp\u00e9dier outre-Atlantique. L&rsquo;\u00e9change d&rsquo;armes contre des esclaves a permis d&rsquo;augmenter le nombre d&rsquo;\u00eatres humains exp\u00e9di\u00e9s &#8211; ce n&rsquo;\u00e9tait pas un hasard, mais un objectif.<\/p>\n<p>Par cons\u00e9quent, les \u00e9conomies locales du Sud n&rsquo;ont jamais cess\u00e9 d&rsquo;\u00eatre coloniales et ont \u00e9t\u00e9 con\u00e7ues comme des fournisseurs de services, de mati\u00e8res premi\u00e8res et de main-d&rsquo;\u0153uvre bon march\u00e9 pour la m\u00e8re patrie ex-coloniale. Ainsi, collectivement, les ressources humaines et mat\u00e9rielles du Sud ont contribu\u00e9 \u00e0 pr\u00e9server le bien-\u00eatre financier de l&rsquo;h\u00e9misph\u00e8re Nord au cours de la p\u00e9riode postcoloniale, le tout aux d\u00e9pens des populations du Sud.<\/p>\n<p>En outre, la porte ouverte pour former les \u00e9lites colonis\u00e9es a entra\u00een\u00e9 une fuite constante et d\u00e9lib\u00e9r\u00e9e des cerveaux du Sud, ce qui produit des d\u00e9pendances \u00e0 plusieurs niveaux et limite les horizons de d\u00e9veloppement futurs en s\u00e9questrant les futurs cerveaux indig\u00e8nes dans le Nord. Bien s\u00fbr, les avantages sont plus importants, les opportunit\u00e9s pour les intellectuels et la main-d&rsquo;\u0153uvre hautement qualifi\u00e9e sont incommensurables par rapport au Sud, ce qui produit pr\u00e9cis\u00e9ment la d\u00e9pendance g\u00e9n\u00e9rationnelle et transg\u00e9n\u00e9rationnelle et le cycle actuel de la structure coloniale sans fin.<\/p>\n<p>La droite europ\u00e9enne et am\u00e9ricaine qui d\u00e9clare : \u00ab\u00a0Rentrez chez vous et arr\u00eatez d&rsquo;essayer de changer \u00ab\u00a0notre\u00a0\u00bb culture, nos valeurs et notre soci\u00e9t\u00e9 avec votre \u00ab\u00a0culture arri\u00e9r\u00e9e\u00a0\u00bb qui transforme nos villes en zones du tiers monde et met \u00ab\u00a0nos\u00a0\u00bb \u00e9conomies en faillite, utilise malicieusement le sympt\u00f4me pour masquer les causes r\u00e9elles ! Le message raciste adress\u00e9 quotidiennement aux sujets ex-coloniaux qui travaillent pour servir dans les cuisines des restaurants, conduire les taxis, ramasser les ordures ou qui travaillent dans les entreprises informatiques et les h\u00f4pitaux dans les pays coloniaux du Nord est constant et nie leur appartenance et leurs contributions.<\/p>\n<p><img decoding=\"async\" class=\"aligncenter\" src=\"https:\/\/miro.medium.com\/max\/700\/1*Ks9iDu27INEddGUpwyRbFw.png\" \/><\/p>\n<p>Pourtant, une question s&rsquo;impose : comment les sujets coloniaux les plus sombres ont-ils r\u00e9ussi \u00e0 se rendre dans le nord\u00a0?! En plus, on leur demande de partir apr\u00e8s avoir nettoy\u00e9 les rues et les salles de bain, soign\u00e9 les enfants et travaill\u00e9 dans des emplois que personne ne veut faire ou qui sont structurellement con\u00e7us pour les classes d\u00e9favoris\u00e9es et les sous-hommes, blancs, noirs et les couleurs interm\u00e9diaires, ajoutant ainsi des souffrances aux indignit\u00e9s g\u00e9n\u00e9rationnelles et transhistoriques.<\/p>\n<p><img decoding=\"async\" class=\"aligncenter\" src=\"https:\/\/miro.medium.com\/max\/700\/1*XumaW5HORgpSCzBv9djZ0Q.png\" \/><\/p>\n<p>Si nous r\u00e9fl\u00e9chissons un instant \u00e0 la Premi\u00e8re Guerre mondiale, nous pourrons certainement nous souvenir de tous les sujets coloniaux qui ont servi comme soldats et se sont battus pour lib\u00e9rer et d\u00e9fendre la France et l&rsquo;Angleterre alors qu&rsquo;eux-m\u00eames, leurs familles et leurs pays vivaient dans l&rsquo;esclavage. Les Nord-Africains, les Africains sub-sahariens, les Sikhs, les Libanais et les Indiens se sont compt\u00e9s par milliers, combattant et mourant pour une Europe qui les consid\u00e9rait et les traitait comme des \u00eatres humains inf\u00e9rieurs. Emmen\u00e9s sur le terrain comme force de combat, ils ont ensuite \u00e9t\u00e9 ramen\u00e9s dans les zoos humains pour divertir et authentifier le racisme scientifique au c\u0153ur de l&rsquo;Europe. Pensez aux Noirs am\u00e9ricains qui se sont battus pour lib\u00e9rer l&rsquo;Europe alors qu&rsquo;on leur refusait le droit humain fondamental de s&rsquo;installer et de manger dans un restaurant ou de participer aux \u00e9lections, un d\u00e9fi qui se poursuit encore actuellement.<\/p>\n<p><img decoding=\"async\" class=\"aligncenter\" src=\"https:\/\/miro.medium.com\/max\/700\/1*-QJhT-DhvQp64XzNR2z1mA.png\" \/><\/p>\n<p>Il est certain que la porte de l&rsquo;immigration a \u00e9t\u00e9 largement ouverte dans la p\u00e9riode qui a suivi la Seconde Guerre mondiale, car une importante main-d&rsquo;\u0153uvre a \u00e9t\u00e9 amen\u00e9e des colonies ou des \u00c9tats domin\u00e9s par l&rsquo;\u00e9pist\u00e9mologie coloniale vers l&rsquo;Europe, d&rsquo;abord pour combattre, puis pour travailler \u00e0 la reconstruction des pays d\u00e9truits. Les sujets coloniaux d&rsquo;Afrique, d&rsquo;Asie et de certaines parties du monde musulman ont \u00e9t\u00e9 recrut\u00e9s comme soldats dans les colonies pour combattre et contribuer \u00e0 la lib\u00e9ration de la m\u00e8re patrie coloniale contre l&rsquo;Allemagne nazie, puis il a fallu en recruter d&rsquo;autres pour le processus de reconstruction.<\/p>\n<p>Il existe un lien entre l&rsquo;immigration et l&rsquo;instabilit\u00e9 dans le Sud. Les \u00e9conomies et les structures politiques du Sud ont \u00e9t\u00e9 con\u00e7ues par les colons pour \u00eatre dans un chaos constant et dans un \u00e9tat d&rsquo;instabilit\u00e9 \u00ab\u00a0relative\u00a0\u00bb, ce qui permet de vendre les mati\u00e8res premi\u00e8res \u00e0 bas prix en \u00e9change d&rsquo;armes et de la protection financi\u00e8re et politique du Nord. En outre, le manque de stabilit\u00e9 force l&rsquo;intellect et la migration des cerveaux vers le nord, ce qui permet de maintenir un avantage qualitatif en mati\u00e8re de capacit\u00e9s humaines tout en en privant le sud.<\/p>\n<p><img decoding=\"async\" class=\"aligncenter\" src=\"https:\/\/miro.medium.com\/max\/700\/1*WApJqss2Max_3JdSCdPpQQ.png\" \/><\/p>\n<p>Le probl\u00e8me est structurel et ne peut plus \u00eatre r\u00e9solu en construisant des murs ou en augmentant les patrouilles frontali\u00e8res. Tant que les \u00e9conomies et les ressources du Sud seront ravag\u00e9es au profit du Nord, il n&rsquo;y aura aucun espoir de mettre fin \u00e0 la crise de l&rsquo;immigration et des r\u00e9fugi\u00e9s. En outre, l&rsquo;\u00e9conomie post-coloniale n&rsquo;est pas viable et l&rsquo;effondrement des \u00c9tats du Sud ne fera qu&rsquo;acc\u00e9l\u00e9rer le taux de migration et, avec lui, la reproduction des crises existantes des colonies et des conflits vers le Nord.<\/p>\n<p><img decoding=\"async\" class=\"aligncenter\" src=\"https:\/\/miro.medium.com\/max\/700\/1*MnAuudNi3KyGIO4cMpa5nQ.png\" \/><\/p>\n<p>Pour rem\u00e9dier \u00e0 cette situation, il faut d&rsquo;abord reconna\u00eetre que le probl\u00e8me est commun et qu&rsquo;il n&rsquo;est plus possible d&rsquo;isoler les \u00ab\u00a0probl\u00e8mes\u00a0\u00bb du Sud comme \u00e9tant uniquement des probl\u00e8mes du Sud. Un effondrement politique et \u00e9conomique dans le sud entra\u00eene une migration massive vers le nord et, en tant que tel, le probl\u00e8me est li\u00e9 et doit \u00eatre abord\u00e9 de mani\u00e8re globale. M\u00eame aujourd&rsquo;hui, nous avons une sortie nette de capitaux du sud vers le nord, ce qui doit \u00eatre invers\u00e9 et un v\u00e9ritable investissement dans les personnes et les \u00e9conomies durables doit \u00eatre mis en avant, plut\u00f4t que de prot\u00e9ger les r\u00e9sultats des entreprises et de garantir les droits de propri\u00e9t\u00e9 intellectuelle. Les \u00e9conomies d\u00e9truites, les structures politiques fragment\u00e9es et les conflits peuvent \u00eatre diminu\u00e9s ou pr\u00e9venus par un programme d\u00e9colonial cons\u00e9quent, fond\u00e9 sur la satisfaction des besoins des personnes avant toute chose.<\/p>\n<p><img decoding=\"async\" class=\"aligncenter\" src=\"https:\/\/miro.medium.com\/max\/700\/1*Xf3Wq-GJlopIF6NNDNE7tg.png\" \/><\/p>\n<p>L&rsquo;\u00e9poque o\u00f9 l&rsquo;on s&#8217;emparait des mati\u00e8res premi\u00e8res, o\u00f9 l&rsquo;on accaparait les march\u00e9s, o\u00f9 l&rsquo;on engraissait les mains de dictateurs et d&rsquo;\u00e9lites soigneusement choisies, o\u00f9 l&rsquo;on pratiquait le d\u00e9versement de produits polluants et la main-d&rsquo;\u0153uvre bon march\u00e9 dans le Sud, doit prendre fin. Les alternatives sont \u00e0 port\u00e9e de main mais n\u00e9cessitent un v\u00e9ritable leadership et non des sp\u00e9cialistes de la propagande \u00e9lectorale x\u00e9nophobe et raciste, mais bien une vision collective et ainsi que des investissements durables. Le moment est venu de r\u00e9aliser ce changement et un mouvement global visant \u00e0 relever les d\u00e9fis r\u00e9els et structurels est \u00e0 port\u00e9e de main.<\/p>\n<p>Prof. Hatem Bazian<\/p>\n<p>Executive Director, Islamophobia Studies Center. Professor, Zaytuna College, Lecturer in Middle Eastern Languages &amp; Cultures &amp; Asian Ameri. Studies, UC Berkeley<\/p>\n<p><a href=\"https:\/\/medium.com\/foundation-of-african-americans-for-civic\/why-the-post-colonial-global-south-is-the-source-of-immigration-and-refugees-45bdc2e31a08\">Source<\/a><\/p>\n<p>Traduction Bruxelles Panth\u00e8res<\/p>\n","protected":false},"excerpt":{"rendered":"<p>Aussi bien dans le pass\u00e9 comme actuellement, les gens migrent \u00e0 la recherche d&rsquo;opportunit\u00e9s \u00e9conomiques, de moyens de subsistance et de s\u00e9curit\u00e9 pour eux-m\u00eames et leur famille. La recherche d&rsquo;opportunit\u00e9s \u00e9conomiques loin de chez soi est le principal moteur de l&rsquo;immigration et des d\u00e9placements d&rsquo;une partie du monde \u00e0 l&rsquo;autre. Les immigrants vers l&rsquo;Europe et &#8230; <a title=\"Pourquoi le Sud global post-colonial est-il source d&rsquo;immigration et de r\u00e9fugi\u00e9s ?\" class=\"read-more\" href=\"https:\/\/bruxelles-pantheres.be\/?p=5165\" aria-label=\"En savoir plus sur Pourquoi le Sud global post-colonial est-il source d&rsquo;immigration et de r\u00e9fugi\u00e9s ?\">Lire la suite<\/a><\/p>\n","protected":false},"author":1,"featured_media":0,"comment_status":"open","ping_status":"open","sticky":false,"template":"","format":"standard","meta":{"footnotes":""},"categories":[1,35,21,36,4,7,8,18,28,39,5],"tags":[448],"class_list":["post-5165","post","type-post","status-publish","format-standard","hentry","category-non-classe","category-amerique-du-sud","category-anti-imperialisme","category-europe","category-islamophobie","category-negrophobie","category-prisons","category-resistance-bruxelles","category-racismes","category-sans-papier","category-violence-policiere","tag-hatem-bazian"],"_links":{"self":[{"href":"https:\/\/bruxelles-pantheres.be\/index.php?rest_route=\/wp\/v2\/posts\/5165","targetHints":{"allow":["GET"]}}],"collection":[{"href":"https:\/\/bruxelles-pantheres.be\/index.php?rest_route=\/wp\/v2\/posts"}],"about":[{"href":"https:\/\/bruxelles-pantheres.be\/index.php?rest_route=\/wp\/v2\/types\/post"}],"author":[{"embeddable":true,"href":"https:\/\/bruxelles-pantheres.be\/index.php?rest_route=\/wp\/v2\/users\/1"}],"replies":[{"embeddable":true,"href":"https:\/\/bruxelles-pantheres.be\/index.php?rest_route=%2Fwp%2Fv2%2Fcomments&post=5165"}],"version-history":[{"count":1,"href":"https:\/\/bruxelles-pantheres.be\/index.php?rest_route=\/wp\/v2\/posts\/5165\/revisions"}],"predecessor-version":[{"id":5166,"href":"https:\/\/bruxelles-pantheres.be\/index.php?rest_route=\/wp\/v2\/posts\/5165\/revisions\/5166"}],"wp:attachment":[{"href":"https:\/\/bruxelles-pantheres.be\/index.php?rest_route=%2Fwp%2Fv2%2Fmedia&parent=5165"}],"wp:term":[{"taxonomy":"category","embeddable":true,"href":"https:\/\/bruxelles-pantheres.be\/index.php?rest_route=%2Fwp%2Fv2%2Fcategories&post=5165"},{"taxonomy":"post_tag","embeddable":true,"href":"https:\/\/bruxelles-pantheres.be\/index.php?rest_route=%2Fwp%2Fv2%2Ftags&post=5165"}],"curies":[{"name":"wp","href":"https:\/\/api.w.org\/{rel}","templated":true}]}}