{"id":5167,"date":"2022-06-28T18:06:23","date_gmt":"2022-06-28T17:06:23","guid":{"rendered":"https:\/\/bruxelles-pantheres.be\/?p=5167"},"modified":"2022-06-30T18:28:13","modified_gmt":"2022-06-30T17:28:13","slug":"les-massacres-racistes-et-limpunite-doivent-cesser-aux-frontieres-maroco-espagnoles","status":"publish","type":"post","link":"https:\/\/bruxelles-pantheres.be\/?p=5167","title":{"rendered":"Les massacres racistes et l\u2019impunit\u00e9 doivent cesser aux fronti\u00e8res maroco-espagnoles !"},"content":{"rendered":"<header class=\"cartouche\">\n<div class=\"date-titre\">\n<h4 style=\"text-align: center;\"><span class=\"\">Un nouveau charnier aux barri\u00e8res-fronti\u00e8res de Melilla\u00a0: <\/span><\/h4>\n<h4 style=\"text-align: center;\"><span class=\"\">les massacres racistes et l\u2019impunit\u00e9 doivent cesser aux fronti\u00e8res maroco-espagnoles\u00a0!<\/span><\/h4>\n<\/div>\n<p class=\"soustitre h2\">Communiqu\u00e9 Migreurop<\/p>\n<\/header>\n<div class=\"main\">\n<div class=\"texte surlignable\">\n<p><i>Le 22 juin 2022, la Commission europ\u00e9enne se f\u00e9licitait des progr\u00e8s r\u00e9alis\u00e9s autour du Pacte sur l\u2019asile et la migration, nouvel instrument s\u00e9curitaire, et les \u00c9tats membres de l\u2019Union europ\u00e9enne (UE) se mettaient d\u2019accord sur l\u2019importance des camps et du tri exp\u00e9ditif \u00e0 toutes les fronti\u00e8res<span class=\"spip_note_ref\">\u00a0[<a id=\"nh1\" class=\"spip_note\" title=\"\u201cCommission welcomes today\u2019s progress in the Council on the New Pact on\u00a0(...)\" href=\"http:\/\/migreurop.org\/article3110.html?fbclid=IwAR3WN3ccf-QoLQfsWfk05u3jf0TyOmXVTL5D024F0gzoNQWtABsSQFt1Zos#nb1\" rel=\"appendix\">1<\/a>]<\/span>. Deux jours plus tard, un nouveau massacre raciste, d\u2019une ampleur sans pr\u00e9c\u00e9dent, a eu lieu \u00e0 la fronti\u00e8re maroco-espagnole, une \u00e9tape suppl\u00e9mentaire dans la guerre aux migrant\u00b7e\u00b7s men\u00e9e depuis des d\u00e9cennies par l\u2019UE, ses \u00c9tats membres et ses partenaires.<\/i><\/p>\n<\/div>\n<\/div>\n<p><!--more--><\/p>\n<figure style=\"width: 615px\" class=\"wp-caption aligncenter\"><img decoding=\"async\" src=\"http:\/\/migreurop.org\/IMG\/arton3110.jpg?1656343428\" alt=\"\" width=\"625\" height=\"469\" \/><figcaption class=\"wp-caption-text\">Photographie\u00a0: Elsa Tyszler, Barri\u00e8res de Melilla, 2015.<\/figcaption><\/figure>\n<p>Le 24 juin 2022, alors que des ressortissant\u00b7e\u00b7s d\u2019Afrique centrale, de l\u2019Ouest et de l\u2019Est ont tent\u00e9 de franchir les barri\u00e8res de l\u2019enclave espagnole de Melilla, la brutalit\u00e9 des garde-fronti\u00e8res espagnols et marocains a provoqu\u00e9 la mort d\u2019au moins 27 personnes<span class=\"spip_note_ref\">\u00a0[<a id=\"nh2\" class=\"spip_note\" title=\"Le nombre exact de personnes d\u00e9c\u00e9d\u00e9es n\u2019est pas encore connu au moment de la\u00a0(...)\" href=\"http:\/\/migreurop.org\/article3110.html?fbclid=IwAR3WN3ccf-QoLQfsWfk05u3jf0TyOmXVTL5D024F0gzoNQWtABsSQFt1Zos#nb2\" rel=\"appendix\">2<\/a>]<\/span>\u00a0et plus de 300 bless\u00e9s.<br class=\"autobr\" \/>Ce massacre, incarne de fa\u00e7on paroxystique la guerre aux migrant\u00b7e\u00b7s racis\u00e9\u00b7e\u00b7s noir\u00b7e\u00b7s men\u00e9e depuis les ann\u00e9es 1990 aux fronti\u00e8res maroco-espagnoles, et t\u00e9moigne une nouvelle fois du permis de tuer donn\u00e9 \u00e0 la Guardia civil espagnole et aux forces auxiliaires marocaines, pour \u00ab\u00a0d\u00e9fendre\u00a0\u00bb les fronti\u00e8res espagnole et europ\u00e9enne.<\/p>\n<p>Cet \u00e9ni\u00e8me \u00e9pisode met \u00e9galement en \u00e9vidence un processus continu de brutalisation des fronti\u00e8res. Des attaques de plus en plus directes et spectaculaires perp\u00e9tr\u00e9es sur le territoire de l\u2019UE ou \u00e0 ses portes deviennent de plus en plus fr\u00e9quentes (Turquie\/Gr\u00e8ce mars 2020, Maroc\/Espagne mai 2021, Bi\u00e9lorussie\/Pologne ao\u00fbt 2021, mais aussi Balkans, Libye&#8230;), entra\u00eenant un risque de banalisation et de l\u00e9gitimation de ces pratiques.<br class=\"autobr\" \/>Les images et vid\u00e9os r\u00e9alis\u00e9es sur place par l\u2019<a class=\"spip_out\" href=\"https:\/\/m.facebook.com\/AmdhNador\" rel=\"external\">Association Marocaine des Droits Humains \u2013 Section Nador<\/a>, insoutenables, documentent, une fois encore, les massacres racistes perp\u00e9tr\u00e9s \u00e0 cette fronti\u00e8re<span class=\"spip_note_ref\">\u00a0[<a id=\"nh3\" class=\"spip_note\" title=\"Voir les rapports et communiqu\u00e9 de Migreurop et de ses membres au sujet des\u00a0(...)\" href=\"http:\/\/migreurop.org\/article3110.html?fbclid=IwAR3WN3ccf-QoLQfsWfk05u3jf0TyOmXVTL5D024F0gzoNQWtABsSQFt1Zos#nb3\" rel=\"appendix\">3<\/a>]<\/span>, orchestr\u00e9s par les autorit\u00e9s espagnoles et marocaines, avec le soutien de l\u2019Union europ\u00e9enne, en toute impunit\u00e9, depuis des d\u00e9cennies. La violence physique et symbolique d\u00e9ploy\u00e9e est inou\u00efe. Le traitement des corps des personnes d\u00e9c\u00e9d\u00e9es en dit long sur le processus de d\u00e9shumanisation \u00e0 l\u2019\u0153uvre \u00e0 cette fronti\u00e8re.<\/p>\n<p>Grace au travail inlassable des associations de d\u00e9fense des droits des deux c\u00f4t\u00e9s de la fronti\u00e8re, des \u00e9l\u00e9ments pr\u00e9cis ont \u00e9t\u00e9 document\u00e9s concernant les \u00e9v\u00e8nements ayant men\u00e9 \u00e0 ce massacre\u00a0:<br class=\"autobr\" \/>Vendredi 24 juin, pr\u00e8s de 2000 personnes \u2013 d\u2019apr\u00e8s les autorit\u00e9s espagnoles \u2013 se seraient rapproch\u00e9es du p\u00e9rim\u00e8tre frontalier de Melilla (zone de Barrio Chino). Parmi elles, 500 auraient tent\u00e9 de franchir les barri\u00e8res frontali\u00e8res de l\u2019enclave. 133 personnes, principalement des hommes de nationalit\u00e9 soudanaise et tchadienne, sont parvenues \u00e0 entrer dans Melilla.<br class=\"autobr\" \/>Des deux c\u00f4t\u00e9s de la fronti\u00e8re, la r\u00e9action des forces de l\u2019ordre a \u00e9t\u00e9 d\u2019une extr\u00eame violence. Selon les associations espagnoles<span class=\"spip_note_ref\">\u00a0[<a id=\"nh4\" class=\"spip_note\" title=\"\u00ab Violencia policial espa\u00f1ola y marroqu\u00ed en la valla de Melillaz, communiqu\u00e9\u00a0(...)\" href=\"http:\/\/migreurop.org\/article3110.html?fbclid=IwAR3WN3ccf-QoLQfsWfk05u3jf0TyOmXVTL5D024F0gzoNQWtABsSQFt1Zos#nb4\" rel=\"appendix\">4<\/a>]<\/span>, les agents de la Guardia civil ont tir\u00e9 des fumig\u00e8nes contre les personnes qui se trouvaient sur les barri\u00e8res, provoquant le chaos, leur mise en danger imm\u00e9diate et possiblement des chutes.<br class=\"autobr\" \/>La section de Nador de l\u2019Association marocaine des droits humains (AMDH) fait \u00e9tat quant \u00e0 elle de la r\u00e9pression physique (coups, usage de matraque) \u00e0 la barri\u00e8re-fronti\u00e8re, et c\u00f4t\u00e9 marocain d\u2019un amoncellement de corps, m\u00ealant personnes vivantes \u2013 mais pour beaucoup gravement bless\u00e9es \u2013 et cadavres.<br class=\"autobr\" \/>D\u2019apr\u00e8s l\u2019AMDH, le mode d\u2019intervention des forces de l\u2019ordre marocaines et le d\u00e9faut d\u2019assistance des personnes en situation de grand danger<span class=\"spip_note_ref\">\u00a0[<a id=\"nh5\" class=\"spip_note\" title=\"D\u2019apr\u00e8s l\u2019AMDH, c\u00f4t\u00e9 marocain, des ambulances auraient mis plus de 9 heures pour\u00a0(...)\" href=\"http:\/\/migreurop.org\/article3110.html?fbclid=IwAR3WN3ccf-QoLQfsWfk05u3jf0TyOmXVTL5D024F0gzoNQWtABsSQFt1Zos#nb5\" rel=\"appendix\">5<\/a>]<\/span>, auraient alourdi le macabre bilan.<br class=\"autobr\" \/>L\u2019AMDH a indiqu\u00e9 que 27 cadavres se trouvaient \u00e0 la morgue de la ville frontali\u00e8re marocaine de Nador, mais que le nombre total de personnes d\u00e9c\u00e9d\u00e9es est certainement plus \u00e9lev\u00e9. Deux policiers marocains auraient \u00e9galement perdu la vie ce jour-l\u00e0.<br class=\"autobr\" \/>Seules la r\u00e9alisation d\u2019une autopsie des corps, et d\u2019enqu\u00eates des deux c\u00f4t\u00e9s de la fronti\u00e8re permettront d\u2019\u00e9claircir les faits et d\u2019imputer des responsabilit\u00e9s.<\/p>\n<p>Les organisations de d\u00e9fense des droits humains marocaines rappellent en outre la multiplication des arrestations, du ratissage des campements, et des d\u00e9placements forc\u00e9s d\u2019exil\u00e9\u00b7e\u00b7s, en particulier ces derni\u00e8res semaines. Elles font un lien direct entre ce renforcement de la r\u00e9pression et la reprise de la coop\u00e9ration en mati\u00e8re de s\u00e9curit\u00e9 entre l\u2019Espagne et le Maroc en mars 2022<span class=\"spip_note_ref\">\u00a0[<a id=\"nh6\" class=\"spip_note\" title=\"\u00ab L\u2019Espagne et le Maroc renouvellent leur coop\u00e9ration en mati\u00e8re de s\u00e9curit\u00e9\u00a0(...)\" href=\"http:\/\/migreurop.org\/article3110.html?fbclid=IwAR3WN3ccf-QoLQfsWfk05u3jf0TyOmXVTL5D024F0gzoNQWtABsSQFt1Zos#nb6\" rel=\"appendix\">6<\/a>]<\/span>, apr\u00e8s une crise diplomatique entre les deux pays. Les associations t\u00e9moignent du harc\u00e8lement et des formes de violence syst\u00e9matique subis par les personnes en migration dans la r\u00e9gion de Nador depuis des ann\u00e9es\u00a0: privation \u00ab\u00a0de l\u2019acc\u00e8s aux m\u00e9dicaments, [\u2026] aux soins, [\u2026] campements br\u00fbl\u00e9s et, [\u2026] biens spoli\u00e9s, [\u2026] maigres denr\u00e9es alimentaires d\u00e9truites et m\u00eame le peu d\u2019eau potable qui est \u00e0 leur disposition dans les campements, [\u2026] est confisqu\u00e9\u00a0\u00bb<span class=\"spip_note_ref\">\u00a0[<a id=\"nh7\" class=\"spip_note\" title=\"\u00ab 29 morts aux fronti\u00e8res europ\u00e9ennes : L\u2019accord Espagne-Maroc sur\u00a0(...)\" href=\"http:\/\/migreurop.org\/article3110.html?fbclid=IwAR3WN3ccf-QoLQfsWfk05u3jf0TyOmXVTL5D024F0gzoNQWtABsSQFt1Zos#nb7\" rel=\"appendix\">7<\/a>]<\/span>.<\/p>\n<p>Lors d\u2019une conf\u00e9rence de presse le 25 juin 2022, le Premier ministre espagnol socialiste Pedro Sanchez a l\u00e9gitim\u00e9 les agissements ayant men\u00e9 \u00e0 ce massacre, participant au processus de normalisation de ces violences frontali\u00e8res. Il a ainsi f\u00e9licit\u00e9 les forces arm\u00e9es et le gouvernement marocain pour le \u00ab\u00a0travail r\u00e9alis\u00e9 \u00e0 la fronti\u00e8re\u00a0\u00bb et la mise en \u00e9chec de la tentative de franchissement de la barri\u00e8re-fronti\u00e8re.<br class=\"autobr\" \/>Au-del\u00e0, le silence g\u00e9n\u00e9ral \u2013 tant dans les m\u00e9dias que de la part des repr\u00e9sentants politiques \u2013 face \u00e0 l\u2019horreur des images et de la situation \u00e0 Melilla t\u00e9moigne du cynisme des autorit\u00e9s europ\u00e9ennes, pr\u00eates \u00e0 tous les renoncements plut\u00f4t que de remettre en question le r\u00e9gime migratoire actuel, s\u00e9curitaire et criminel.<\/p>\n<p>Car la responsabilit\u00e9 du massacre de Melilla n\u2019incombe pas qu\u2019\u00e0 l\u2019Espagne et au Maroc. En voulant entretenir l\u2019illusion d\u2019une compatibilit\u00e9 entre les politiques d\u2019immigration men\u00e9es depuis des d\u00e9cennies par l\u2019UE et le respect des droits humains, c\u2019est l\u2019ensemble des dirigeant\u00b7e\u00b7s des \u00c9tats membres et des institutions europ\u00e9ennes qui sont coupables. Coupables d\u2019entretenir un r\u00e9gime migratoire qui ne peut que produire cette violence raciste aux fronti\u00e8res. Loin des barri\u00e8res-fronti\u00e8res de Melilla, le choix de Bruxelles et des capitales europ\u00e9ennes d\u2019exclure la grande majorit\u00e9 des ressortissant\u00b7e\u00b7s africain\u00b7e\u00b7s de la possibilit\u00e9 d\u2019entrer r\u00e9guli\u00e8rement sur le territoire europ\u00e9en<span class=\"spip_note_ref\">\u00a0[<a id=\"nh8\" class=\"spip_note\" title=\"\u00ab Cour europ\u00e9enne des droits de l\u2019Homme : l\u2019Espagne et l\u2019Union europ\u00e9enne (UE)\u00a0(...)\" href=\"http:\/\/migreurop.org\/article3110.html?fbclid=IwAR3WN3ccf-QoLQfsWfk05u3jf0TyOmXVTL5D024F0gzoNQWtABsSQFt1Zos#nb8\" rel=\"appendix\">8<\/a>]<\/span>\u00a0cr\u00e9e les conditions structurelles de ce type de drame qui se r\u00e9p\u00e8te depuis plus de 20 ans. Le contraste observ\u00e9 avec l\u2019accueil r\u00e9serv\u00e9 depuis mars 2022 aux personnes fuyant l\u2019Ukraine illustre encore davantage le caract\u00e8re raciste de ces drames<span class=\"spip_note_ref\">\u00a0[<a id=\"nh9\" class=\"spip_note\" title=\"\u00ab Accueil s\u00e9lectif aux fronti\u00e8res europ\u00e9ennes : du racisme des politiques\u00a0(...)\" href=\"http:\/\/migreurop.org\/article3110.html?fbclid=IwAR3WN3ccf-QoLQfsWfk05u3jf0TyOmXVTL5D024F0gzoNQWtABsSQFt1Zos#nb9\" rel=\"appendix\">9<\/a>]<\/span>.<br class=\"autobr\" \/>Par ailleurs, les d\u00e9clarations des autorit\u00e9s pointant la responsabilit\u00e9 des \u00ab\u00a0mafias\u00a0\u00bb dans le drame du 24 juin sont infond\u00e9es et hypocrites. Les tentatives de franchissement des barri\u00e8res-fronti\u00e8res de Ceuta et Melilla sont, depuis les ann\u00e9es 1990, des formes de r\u00e9sistance et d\u2019autod\u00e9fense collectives face \u00e0 un ordre migratoire raciste<span class=\"spip_note_ref\">\u00a0[<a id=\"nh10\" class=\"spip_note\" title=\"\u201cEl Gobierno \u201clamenta\u201d las muertes en Melilla pero evita criticar a Marruecos\u00a0(...)\" href=\"http:\/\/migreurop.org\/article3110.html?fbclid=IwAR3WN3ccf-QoLQfsWfk05u3jf0TyOmXVTL5D024F0gzoNQWtABsSQFt1Zos#nb10\" rel=\"appendix\">10<\/a>]<\/span>.<\/p>\n<p><strong>Les fronti\u00e8res militaris\u00e9es \u00e0 des fins anti-migratoires tuent\u00a0: les massacres racistes des personnes exil\u00e9es, engendr\u00e9s par les politiques migratoires des \u00c9tats europ\u00e9ens et de leurs partenaires, doivent cesser.<\/strong><\/p>\n<p>Nous exigeons\u00a0:<br \/>\nQue soit diligent\u00e9e une enqu\u00eate sur le d\u00e9roul\u00e9 des \u00e9v\u00e8nements du 24 juin 2022 et sur les responsabilit\u00e9s des forces de l\u2019ordre espagnoles et marocaines dans la mort de ces personnes pour faire toute la lumi\u00e8re sur les circonstances de ce massacre et les responsabilit\u00e9s li\u00e9es.<br \/>\nQue soit r\u00e9alis\u00e9 un examen m\u00e9dico-l\u00e9gal syst\u00e9matique des corps des victimes et que soit ouverte une enqu\u00eate en recherche des causes de la mort pour d\u00e9finir les responsabilit\u00e9s afin de garantir l\u2019acc\u00e8s \u00e0 la justice et \u00e0 la v\u00e9rit\u00e9, pour les personnes d\u00e9c\u00e9d\u00e9es et les victimes de coups et blessures dans leur tentative de franchir les fronti\u00e8res.<br \/>\nLe respect et la dignit\u00e9 pour les victimes de la guerre aux migrant\u00b7e\u00b7s men\u00e9e par l\u2019UE, et leurs proches, par la prise en charge de l\u2019identification de chaque victime, la recherche et l\u2019information de leurs famille, ainsi que le rapatriement des corps en vue de leur inhumation.<br \/>\nL\u2019acc\u00e8s \u00e0 l\u2019information des soci\u00e9t\u00e9s civiles ainsi que des journalistes afin d\u2019assurer le droit de regard de la soci\u00e9t\u00e9 civile et une information transparente et ind\u00e9pendante sur les circonstances de ce drame et les responsabilit\u00e9s li\u00e9es.<br \/>\nLa mise en \u0153uvre effective, au nom du principe d\u2019\u00e9galit\u00e9, de la libert\u00e9 d\u2019aller, de venir et de s\u2019installer pour tou\u00b7te\u00b7s, indispensable corollaire de la d\u00e9fense des droits des personnes migrantes<span class=\"spip_note_ref\">\u00a0[<a id=\"nh11\" class=\"spip_note\" title=\"Libert\u00e9 de circulation pour toutes et tous, Vid\u00e9o Migreurop, 6 octobre\u00a0(...)\" href=\"http:\/\/migreurop.org\/article3110.html?fbclid=IwAR3WN3ccf-QoLQfsWfk05u3jf0TyOmXVTL5D024F0gzoNQWtABsSQFt1Zos#nb11\" rel=\"appendix\">11<\/a>]<\/span>.<\/p>\n<h4 class=\"h4\">NOTES<\/h4>\n<div id=\"nb1\">\n<p><span class=\"spip_note_ref\">[<a class=\"spip_note\" title=\"Notes 1\" href=\"http:\/\/migreurop.org\/article3110.html?fbclid=IwAR3WN3ccf-QoLQfsWfk05u3jf0TyOmXVTL5D024F0gzoNQWtABsSQFt1Zos#nh1\" rev=\"appendix\">1<\/a>]\u00a0<\/span>\u201c<a class=\"spip_out\" href=\"https:\/\/ec.europa.eu\/commission\/presscorner\/detail\/en\/ip_22_3970?s=08\" rel=\"external\">Commission welcomes today\u2019s progress in the Council on the New Pact on Migration and Asylum<\/a>\u201d, Communiqu\u00e9 de presse de la Commission europ\u00e9enne du 22 juin 2022<\/p>\n<\/div>\n<div id=\"nb2\">\n<p><span class=\"spip_note_ref\">[<a class=\"spip_note\" title=\"Notes 2\" href=\"http:\/\/migreurop.org\/article3110.html?fbclid=IwAR3WN3ccf-QoLQfsWfk05u3jf0TyOmXVTL5D024F0gzoNQWtABsSQFt1Zos#nh2\" rev=\"appendix\">2<\/a>]\u00a0<\/span>Le nombre exact de personnes d\u00e9c\u00e9d\u00e9es n\u2019est pas encore connu au moment de la r\u00e9daction de ce communiqu\u00e9<\/p>\n<\/div>\n<div id=\"nb3\">\n<p><span class=\"spip_note_ref\">[<a class=\"spip_note\" title=\"Notes 3\" href=\"http:\/\/migreurop.org\/article3110.html?fbclid=IwAR3WN3ccf-QoLQfsWfk05u3jf0TyOmXVTL5D024F0gzoNQWtABsSQFt1Zos#nh3\" rev=\"appendix\">3<\/a>]\u00a0<\/span>Voir les rapports et communiqu\u00e9 de Migreurop et de ses membres au sujet des massacres de 2005 list\u00e9s \u00e0 la suite du communiqu\u00e9 dans l\u2019article<\/p>\n<\/div>\n<div id=\"nb4\">\n<p><span class=\"spip_note_ref\">[<a class=\"spip_note\" title=\"Notes 4\" href=\"http:\/\/migreurop.org\/article3110.html?fbclid=IwAR3WN3ccf-QoLQfsWfk05u3jf0TyOmXVTL5D024F0gzoNQWtABsSQFt1Zos#nh4\" rev=\"appendix\">4<\/a>]\u00a0<\/span>\u00ab\u00a0Violencia policial espa\u00f1ola y marroqu\u00ed en la valla de Melillaz, communiqu\u00e9 des associations Geum Doudou, Iridia, No Nam Kitchen, Novact, Solidary Wheels et SOS Refugiados Europa du 24 juin 2022\u00a0; communiqu\u00e9 par leet celui de l\u2019association El\u00edn publi\u00e9 le 25 juin 2022 sur sa page Facebook<\/p>\n<\/div>\n<div id=\"nb5\">\n<p><span class=\"spip_note_ref\">[<a class=\"spip_note\" title=\"Notes 5\" href=\"http:\/\/migreurop.org\/article3110.html?fbclid=IwAR3WN3ccf-QoLQfsWfk05u3jf0TyOmXVTL5D024F0gzoNQWtABsSQFt1Zos#nh5\" rev=\"appendix\">5<\/a>]\u00a0<\/span>D\u2019apr\u00e8s l\u2019AMDH, c\u00f4t\u00e9 marocain, des ambulances auraient mis plus de 9 heures pour venir secourir les rescap\u00e9s du charnier. C\u00f4t\u00e9 espagnol, les secours auraient \u00e9galement mis du temps \u00e0 se mobiliser.<\/p>\n<\/div>\n<div id=\"nb6\">\n<p><span class=\"spip_note_ref\">[<a class=\"spip_note\" title=\"Notes 6\" href=\"http:\/\/migreurop.org\/article3110.html?fbclid=IwAR3WN3ccf-QoLQfsWfk05u3jf0TyOmXVTL5D024F0gzoNQWtABsSQFt1Zos#nh6\" rev=\"appendix\">6<\/a>]\u00a0<\/span>\u00ab\u00a0<a href=\"http:\/\/migreurop.org\/article3099.html?lang_article=fr\">L\u2019Espagne et le Maroc renouvellent leur coop\u00e9ration en mati\u00e8re de s\u00e9curit\u00e9 en liant crime organis\u00e9 et immigration \u00ab\u00a0irr\u00e9guli\u00e8re\u00a0\u00bb<\/a>\u00a0\u00bb, Communiqu\u00e9 Migreurop 28 avril 2022<\/p>\n<\/div>\n<div id=\"nb7\">\n<p><span class=\"spip_note_ref\">[<a class=\"spip_note\" title=\"Notes 7\" href=\"http:\/\/migreurop.org\/article3110.html?fbclid=IwAR3WN3ccf-QoLQfsWfk05u3jf0TyOmXVTL5D024F0gzoNQWtABsSQFt1Zos#nh7\" rev=\"appendix\">7<\/a>]\u00a0<\/span>\u00ab\u00a029 morts aux fronti\u00e8res europ\u00e9ennes\u00a0: L\u2019accord Espagne-Maroc sur l\u2019immigration tue\u00a0!\u00a0\u00bb, Extrait du communiqu\u00e9 de l\u2019Association marocaine des droits humains, Attac Maroc, l\u2019association AMSV, le Collectif des communaut\u00e9s subsahariennes au Maroc et Caminando Fronteras, 25 juin 2022<\/p>\n<\/div>\n<div id=\"nb8\">\n<p><span class=\"spip_note_ref\">[<a class=\"spip_note\" title=\"Notes 8\" href=\"http:\/\/migreurop.org\/article3110.html?fbclid=IwAR3WN3ccf-QoLQfsWfk05u3jf0TyOmXVTL5D024F0gzoNQWtABsSQFt1Zos#nh8\" rev=\"appendix\">8<\/a>]\u00a0<\/span>\u00ab\u00a0<a href=\"http:\/\/migreurop.org\/article2953.html\">Cour europ\u00e9enne des droits de l\u2019Homme\u00a0: l\u2019Espagne et l\u2019Union europ\u00e9enne (UE) pourront faire pr\u00e9valoir la protection des fronti\u00e8res europ\u00e9ennes sur le droit d\u2019asile<\/a>\u00a0\u00bb, Communiqu\u00e9 Migreurop, 21 f\u00e9vrier 2020<\/p>\n<\/div>\n<div id=\"nb9\">\n<p><span class=\"spip_note_ref\">[<a class=\"spip_note\" title=\"Notes 9\" href=\"http:\/\/migreurop.org\/article3110.html?fbclid=IwAR3WN3ccf-QoLQfsWfk05u3jf0TyOmXVTL5D024F0gzoNQWtABsSQFt1Zos#nh9\" rev=\"appendix\">9<\/a>]\u00a0<\/span>\u00ab\u00a0<a href=\"http:\/\/migreurop.org\/article3095.html?lang_article=fr\">Accueil s\u00e9lectif aux fronti\u00e8res europ\u00e9ennes\u00a0: du racisme des politiques migratoires<\/a>\u00a0\u00bb, Communiqu\u00e9 Migreurop, 22 mars 2022<\/p>\n<\/div>\n<div id=\"nb10\">\n<p><span class=\"spip_note_ref\">[<a class=\"spip_note\" title=\"Notes 10\" href=\"http:\/\/migreurop.org\/article3110.html?fbclid=IwAR3WN3ccf-QoLQfsWfk05u3jf0TyOmXVTL5D024F0gzoNQWtABsSQFt1Zos#nh10\" rev=\"appendix\">10<\/a>]\u00a0<\/span>\u201cEl Gobierno \u201clamenta\u201d las muertes en Melilla pero evita criticar a Marruecos y culpa a las mafias\u201d, El Pa\u00eds, 27 juin 2022<\/p>\n<\/div>\n<div id=\"nb11\">\n<p><span class=\"spip_note_ref\">[<a class=\"spip_note\" title=\"Notes 11\" href=\"http:\/\/migreurop.org\/article3110.html?fbclid=IwAR3WN3ccf-QoLQfsWfk05u3jf0TyOmXVTL5D024F0gzoNQWtABsSQFt1Zos#nh11\" rev=\"appendix\">11<\/a>]\u00a0<\/span><a class=\"spip_out\" href=\"https:\/\/migreurop.org\/article3062.html?lang_article=fr\" rel=\"external\">Libert\u00e9 de circulation pour toutes et tous<\/a>, Vid\u00e9o Migreurop, 6 octobre 2021<\/p>\n<p style=\"text-align: right;\"><a href=\"http:\/\/migreurop.org\/article3110.html?fbclid=IwAR3WN3ccf-QoLQfsWfk05u3jf0TyOmXVTL5D024F0gzoNQWtABsSQFt1Zos\">Source<\/a><\/p>\n<\/div>\n<hr class=\"spip\" \/>\n<p>Publications de Migreurop et ses membres relatives aux violences aux fronti\u00e8res de Ceuta et Melilla depuis les ann\u00e9es 2000\u00a0:<\/p>\n<p><a href=\"http:\/\/migreurop.org\/article887.html?lang_article=fr\">Ceuta et Melilla\u00a0: l\u2019UE d\u00e9clare la guerre aux migrants et aux r\u00e9fugi\u00e9s<\/a>\u00a0(2005)<br \/>\n<a href=\"http:\/\/migreurop.org\/article981.html?lang_article=fr\">Le Livre noir de Ceuta et Melilla. La politique europ\u00e9enne d\u2019asile et d\u2019immigration tue\u00a0!<\/a>\u00a0(2006)<br \/>\n<a href=\"http:\/\/migreurop.org\/article1061.html?lang_article=fr\">La chasse aux migrants aux fronti\u00e8res sud de l\u2019Europe<\/a>\u00a0(2007)<br \/>\n<a class=\"spip_out\" href=\"https:\/\/www.gadem-asso.org\/11-septembre-2012-recrudescence-de-repression-envers-migrants-maroc-violence-quon-croyait-revolue\/\" rel=\"external\">Recrudescence de la r\u00e9pression envers les migrants au Maroc<\/a>\u00a0(2012)<br \/>\n<a class=\"spip_out\" href=\"https:\/\/www.gadem-asso.org\/25-juin-2013-campagne-n9-stop-aux-violences-aux-frontieres\/\" rel=\"external\">Campagne n\u00b09 \u00ab\u00a0Stop aux violences aux fronti\u00e8res\u00a0\u00bb<\/a>\u00a0(2013)<br \/>\n<a href=\"http:\/\/migreurop.org\/article2464.html?lang_article=fr\">Migreurop exige la cr\u00e9ation d\u2019une commission parlementaire sur les pratiques polici\u00e8res de contr\u00f4le des fronti\u00e8res \u00e0 Ceuta et Melilla<\/a>\u00a0(2014)<br \/>\n<a href=\"http:\/\/migreurop.org\/article2646.html?lang_article=fr\">Dix ans de violences aux fronti\u00e8res sud de l\u2019Union europ\u00e9enne. L\u2019impunit\u00e9 autour de l\u2019externalisation des politiques de \u00ab\u00a0gestion\u00a0\u00bb des migrations doit cesser.<\/a>(2015)<br \/>\n<a href=\"http:\/\/migreurop.org\/article2666.html?lang_article=fr\">\u00ab\u00a0Ceuta et Melilla\u00a0: centres de tri \u00e0 ciel ouvert aux portes de l\u2019Afrique\u00a0\u00bb Rapport inter-associatif<\/a>\u00a0(2015)<br \/>\n<a class=\"spip_out\" href=\"https:\/\/www.gadem-asso.org\/situation-alarmante-a-nador-%d9%88%d8%b6%d8%b9-%d9%85%d8%a3%d8%b3%d8%a7%d9%88%d9%8a-%d8%a8%d8%a7%d9%84%d9%86%d9%91%d8%a7%d8%b6%d9%88%d8%b1\/\" rel=\"external\">Situation alarmante \u00e0 Nador<\/a>\u00a0(2017)<br \/>\n<a href=\"http:\/\/migreurop.org\/article2856.html?lang_article=fr\">6 f\u00e9vrier 2014\u00a0: Massacre de Tarajal. Le permis de tuer des gardes-fronti\u00e8res<\/a>\u00a0(2018)<br \/>\n<a class=\"spip_out\" href=\"https:\/\/www.gadem-asso.org\/couts-et-blessures\/\" rel=\"external\">Co\u00fbts et blessures, rapport du GADEM<\/a>\u00a0(2018)<br \/>\n<a class=\"spip_out\" href=\"https:\/\/www.academia.edu\/41838444\/Derri%C3%A8re_les_barri%C3%A8res_de_Ceuta_and_Melilla_Rapports_sociaux_de_sexe_de_race_et_colonialit%C3%A9_du_contr%C3%B4le_migratoire_%C3%A0_la_fronti%C3%A8re_maroco_espagnole_Behind_the_fence_of_Ceuta_and_Melilla_Social_relations_of_gender_race_and_coloniality_of_migration_control_on_the_Moroccan_Spanish_border\" rel=\"external\">Derri\u00e8re les barri\u00e8res de Ceuta et Melilla. Rapports sociaux de sexe, de race et colonialit\u00e9 du contr\u00f4le migratoire \u00e0 la fronti\u00e8re maroco-espagnole<\/a>\u00a0(2019)<br \/>\n<a class=\"spip_out\" href=\"https:\/\/caminandofronteras.org\/fr\/rapport-vie-a-la-necrofrontiere\/\" rel=\"external\">Vie \u00e0 la n\u00e9crofronti\u00e8re, rapport de Caminando Fronteras<\/a>\u00a0(2020)<br \/>\n<a href=\"file:\/\/\/C:\/Users\/casellsa\/AppData\/Local\/Temp\/L%E2%80%99Espagne%20et%20le%20Maroc%20renouvellent%20leur%20coope%CC%81ration%20en%20matie%CC%80re%20de%20se%CC%81curite%CC%81%20en%20liant%20crime%20organise%CC%81%20et%20immigration\">L\u2019Espagne et le Maroc renouvellent leur coop\u00e9ration en mati\u00e8re de s\u00e9curit\u00e9 en liant crime organis\u00e9 et immigration \u00ab\u00a0irr\u00e9guli\u00e8re\u00a0\u00bb<\/a>\u00a0(2022)<\/p>\n<figure id=\"attachment_5170\" aria-describedby=\"caption-attachment-5170\" style=\"width: 714px\" class=\"wp-caption aligncenter\"><a href=\"https:\/\/bruxelles-pantheres.be\/wp-content\/uploads\/2022\/06\/FR_Frontex-lobby-map-page-001-scaled.jpg\"><img decoding=\"async\" class=\"wp-image-5170 size-large\" src=\"https:\/\/bruxelles-pantheres.be\/wp-content\/uploads\/2022\/06\/FR_Frontex-lobby-map-page-001-724x1024.jpg\" alt=\"\" width=\"724\" height=\"1024\" srcset=\"https:\/\/bruxelles-pantheres.be\/wp-content\/uploads\/2022\/06\/FR_Frontex-lobby-map-page-001-724x1024.jpg 724w, https:\/\/bruxelles-pantheres.be\/wp-content\/uploads\/2022\/06\/FR_Frontex-lobby-map-page-001-212x300.jpg 212w, https:\/\/bruxelles-pantheres.be\/wp-content\/uploads\/2022\/06\/FR_Frontex-lobby-map-page-001-768x1086.jpg 768w, https:\/\/bruxelles-pantheres.be\/wp-content\/uploads\/2022\/06\/FR_Frontex-lobby-map-page-001-1086x1536.jpg 1086w, https:\/\/bruxelles-pantheres.be\/wp-content\/uploads\/2022\/06\/FR_Frontex-lobby-map-page-001-1448x2048.jpg 1448w, https:\/\/bruxelles-pantheres.be\/wp-content\/uploads\/2022\/06\/FR_Frontex-lobby-map-page-001-1320x1867.jpg 1320w, https:\/\/bruxelles-pantheres.be\/wp-content\/uploads\/2022\/06\/FR_Frontex-lobby-map-page-001-scaled.jpg 1810w\" sizes=\"(max-width: 724px) 100vw, 724px\" \/><\/a><figcaption id=\"caption-attachment-5170\" class=\"wp-caption-text\">https:\/\/cloud.abolishfrontex.org\/index.php\/s\/2gyacs37fkckzWg<\/figcaption><\/figure>\n<p>&nbsp;<\/p>\n<p style=\"text-align: right;\">\n","protected":false},"excerpt":{"rendered":"<p>Un nouveau charnier aux barri\u00e8res-fronti\u00e8res de Melilla\u00a0: les massacres racistes et l\u2019impunit\u00e9 doivent cesser aux fronti\u00e8res maroco-espagnoles\u00a0! Communiqu\u00e9 Migreurop Le 22 juin 2022, la Commission europ\u00e9enne se f\u00e9licitait des progr\u00e8s r\u00e9alis\u00e9s autour du Pacte sur l\u2019asile et la migration, nouvel instrument s\u00e9curitaire, et les \u00c9tats membres de l\u2019Union europ\u00e9enne (UE) se mettaient d\u2019accord sur l\u2019importance &#8230; <a title=\"Les massacres racistes et l\u2019impunit\u00e9 doivent cesser aux fronti\u00e8res maroco-espagnoles !\" class=\"read-more\" href=\"https:\/\/bruxelles-pantheres.be\/?p=5167\" aria-label=\"En savoir plus sur Les massacres racistes et l\u2019impunit\u00e9 doivent cesser aux fronti\u00e8res maroco-espagnoles !\">Lire la suite<\/a><\/p>\n","protected":false},"author":1,"featured_media":5168,"comment_status":"open","ping_status":"open","sticky":false,"template":"","format":"standard","meta":{"footnotes":""},"categories":[1,36,7,28,39,5],"tags":[410],"class_list":["post-5167","post","type-post","status-publish","format-standard","has-post-thumbnail","hentry","category-non-classe","category-europe","category-negrophobie","category-racismes","category-sans-papier","category-violence-policiere","tag-migrants"],"_links":{"self":[{"href":"https:\/\/bruxelles-pantheres.be\/index.php?rest_route=\/wp\/v2\/posts\/5167","targetHints":{"allow":["GET"]}}],"collection":[{"href":"https:\/\/bruxelles-pantheres.be\/index.php?rest_route=\/wp\/v2\/posts"}],"about":[{"href":"https:\/\/bruxelles-pantheres.be\/index.php?rest_route=\/wp\/v2\/types\/post"}],"author":[{"embeddable":true,"href":"https:\/\/bruxelles-pantheres.be\/index.php?rest_route=\/wp\/v2\/users\/1"}],"replies":[{"embeddable":true,"href":"https:\/\/bruxelles-pantheres.be\/index.php?rest_route=%2Fwp%2Fv2%2Fcomments&post=5167"}],"version-history":[{"count":3,"href":"https:\/\/bruxelles-pantheres.be\/index.php?rest_route=\/wp\/v2\/posts\/5167\/revisions"}],"predecessor-version":[{"id":5172,"href":"https:\/\/bruxelles-pantheres.be\/index.php?rest_route=\/wp\/v2\/posts\/5167\/revisions\/5172"}],"wp:featuredmedia":[{"embeddable":true,"href":"https:\/\/bruxelles-pantheres.be\/index.php?rest_route=\/wp\/v2\/media\/5168"}],"wp:attachment":[{"href":"https:\/\/bruxelles-pantheres.be\/index.php?rest_route=%2Fwp%2Fv2%2Fmedia&parent=5167"}],"wp:term":[{"taxonomy":"category","embeddable":true,"href":"https:\/\/bruxelles-pantheres.be\/index.php?rest_route=%2Fwp%2Fv2%2Fcategories&post=5167"},{"taxonomy":"post_tag","embeddable":true,"href":"https:\/\/bruxelles-pantheres.be\/index.php?rest_route=%2Fwp%2Fv2%2Ftags&post=5167"}],"curies":[{"name":"wp","href":"https:\/\/api.w.org\/{rel}","templated":true}]}}