{"id":517,"date":"2013-03-01T16:07:06","date_gmt":"2013-03-01T15:07:06","guid":{"rendered":"https:\/\/bruxelles-pantheres.be\/?p=517"},"modified":"2013-11-10T16:21:05","modified_gmt":"2013-11-10T15:21:05","slug":"sortie-du-documentaire-sur-ali-aarass","status":"publish","type":"post","link":"https:\/\/bruxelles-pantheres.be\/?p=517","title":{"rendered":"Sortie du documentaire sur Ali Aarass."},"content":{"rendered":"<p><img decoding=\"async\" title=\"\" alt=\"\" src=\"http:\/\/static.yabiladi.com:443\/files\/articles\/0c6c476bcc332eb712be1893ae24f0da350.jpg\" width=\"400\" height=\"259\" longdesc=\"http:\/\/i.ycdn.org:443\/files\/articles\/0c6c476bcc332eb712be1893ae24f0da.jpg\" \/><\/p>\n<p>Depuis le 28 f\u00e9vrier, le DVD du documentaire \u00ab\u00a0Ali Aarrass pour l\u2019exemple\u00a0\u00bb r\u00e9alis\u00e9 par le belgo-marocain Mohamed Ouachen, est <a href=\"http:\/\/www.freeali.eu\/?p=3861\" target=\"_blank\">disponible \u00e0 la vente<\/a> au prix de 7 euros sur internet.<!--more--><\/p>\n<p style=\"text-align: justify;\">Depuis le 28 f\u00e9vrier, le DVD du documentaire \u00ab\u00a0Ali Aarrass pour l\u2019exemple\u00a0\u00bb r\u00e9alis\u00e9 par le belgo-marocain Mohamed Ouachen, est <a href=\"http:\/\/www.freeali.eu\/?p=3861\" target=\"_blank\">disponible \u00e0 la vente<\/a> au prix de 7 euros sur internet. \u00ab\u00a0L\u2019initiative de la sortie de ce DVD vient de la famille et du comit\u00e9 de soutien d\u2019Ali Aarrass. J\u2019ai c\u00e9d\u00e9 tous les droits du film \u00e0 la famille pour qu\u2019elle puisse r\u00e9colter de l\u2019argent pour les frais de justice et d\u00e9placements au Maroc\u00a0\u00bb, indique Mohamed Ouachen.<\/p>\n<p style=\"text-align: justify;\">Cela fait aujourd\u2019hui pr\u00e8s de 5 ans qu\u2019Ali Aarrass est emprisonn\u00e9, entre l\u2019Espagne et le Maroc. Depuis deux ans, il est incarc\u00e9r\u00e9 \u00e0 la prison de Sal\u00e9. Il avait \u00e9t\u00e9 interpel\u00e9 et mis en d\u00e9tention, une premi\u00e8re fois, le 1er avril 2008 \u00e0 Melilla. Puis, le 14 d\u00e9cembre 2010, alors que la justice espagnole prononce un non-lieu dans son dossier et que le Haut Commissariat aux Droits de l\u2019Homme de l\u2019ONU suspend l\u2019extradition d\u2019Ali Aarrass, il est n\u00e9anmoins extrad\u00e9 au Maroc.<\/p>\n<p style=\"text-align: justify;\">Pi\u00e8ge de la double nationalit\u00e9<\/p>\n<p style=\"text-align: justify;\">Les autorit\u00e9s marocaines l\u2019ont accus\u00e9 de trafic d\u2019armes au profit du r\u00e9seau jihadiste d\u2019un autre Belgo-marocain, Abdelkader Belliraj, condamn\u00e9, lui, \u00e0 la prison \u00e0 perp\u00e9tuit\u00e9. Fin 2011, il est condamn\u00e9 par la justice marocaine \u00e0 15 ans de prison. Du fond de sa cellule, Ali Aarrass clame son innocence. Il affirme qu\u2019il a sign\u00e9 ses aveux sous la torture.<\/p>\n<p style=\"text-align: justify;\">\u00ab\u00a0Si j\u2019ai voulu faire un documentaire sur cette affaire c\u2019est surtout parce que c\u2019est une affaire dont on ne parle pas beaucoup en Belgique. Ni les m\u00e9dias, ni les autorit\u00e9s belges n\u2019ont pris la peine de se pencher sur ce dossier\u00a0\u00bb, explique-t-il. \u00ab\u00a0A mes yeux il est consid\u00e9r\u00e9 comme un citoyen de seconde zone. Pourquoi ne prend-t-on pas la peine d\u2019aller le r\u00e9cup\u00e9rer en prison\u00a0?<\/p>\n<p style=\"text-align: justify;\"><b>L\u2019indiff\u00e9rence belge<\/b><\/p>\n<p style=\"text-align: justify;\">Pourquoi ne l\u00e8ve-t-on pas le petit doigt pour lui, alors qu\u2019il est aussi un citoyen belge\u00a0? Que repr\u00e9sentons-nous, les Belgo-marocains, aux yeux des autorit\u00e9s belges\u00a0? Si c\u2019\u00e9tait un Belgo-belge, la situation aurait \u00e9t\u00e9 bien diff\u00e9rente\u00a0\u00bb, l\u00e2che-t-il. Actuellement une seule d\u00e9put\u00e9e belge du parti Ecolo, <a href=\"http:\/\/www.freeali.eu\/?p=3839\" target=\"_blank\">Zo\u00e9 Genot<\/a> se bat pour que le ministre belge des Affaires \u00e9trang\u00e8res se penche de pr\u00e8s sur le dossier.<\/p>\n<p style=\"text-align: justify;\">Au-del\u00e0 du manque de r\u00e9actions de la part des autorit\u00e9s belges, Mohamed Ouachen a \u00e9galement voulu d\u00e9noncer dans son film, la mani\u00e8re dont la justice marocaine l\u2019a tr\u00e8s vite rendu coupable. \u00ab\u00a0A mon sens, on n\u2019a fait que chercher \u00e0 prouver sa culpabilit\u00e9 [pas d&rsquo;enqu\u00eate \u00e0 d\u00e9charge, ndrl] et rien ne prouve aujourd\u2019hui qu\u2019il est coupable\u00a0\u00bb, estime-t-il. Il insiste sur le non-lieu prononc\u00e9 par le c\u00e9l\u00e8bre juge espagnol Balthazar Garzon en 2010.<\/p>\n<p style=\"text-align: justify;\"><b>Piochages \u00e0 l\u2019aveugle<\/b><\/p>\n<p style=\"text-align: justify;\">De son c\u00f4t\u00e9, la famille d\u2019Ali Aarrass accuse le Maroc de mener une politique anti-terroriste stricte dans le seul but de montrer qu\u2019il est investi \u00e0 fond dans la guerre contre le terrorisme. Pour la famille, les victimes de cette politique sont souvent des bi-nationaux d\u2019Europe qui se retrouvent dans les ge\u00f4les marocaines, pris au pi\u00e8ge par leur double-nationalit\u00e9.<\/p>\n<p style=\"text-align: justify;\">\u00ab\u00a0L\u2019impression de \u00ab\u00a0piochages\u00a0\u00bb \u00e0 l\u2019aveugle pour maintenir la peur du \u00ab\u00a0terrorisme au Maroc\u00a0\u00bb est tr\u00e8s forte. Le Maroc semble avoir absolument besoin de suspects \u00e0 accuser de terrorisme entre lesquels on cr\u00e9e des liens et pour donner plus de poids \u00e0 cela on invente des connections internationales en emprisonnant des gens venant de plusieurs pays\u00a0\u00bb, avait d\u00e9clar\u00e9 Farida, la s\u0153ur d\u2019Ali dans une interview pour <a href=\"http:\/\/www.avanti4.be\/analyses\/article\/ali-aarrass-un\" target=\"_blank\">Avanti<\/a>, site anticapitaliste belge.<\/p>\n<p style=\"text-align: justify;\">La famille Aarrass continue, aujourd\u2019hui, de se battre pour demander la lib\u00e9ration d\u2019Ali. \u00ab\u00a0Maintenant il faut \u00e9puiser tous les recours de la justice marocaine, m\u00eame si nous savons que c\u2019est sans espoir. Une fois que cela sera fait, nous pourrons faire officiellement appel aux autorit\u00e9s internationales. Sauf si la Cour de cassation marocaine casse le jugement, mais cela rel\u00e8ve de l\u2019irr\u00e9el \u00bb, avait pr\u00e9cis\u00e9 Farida Aarrass.<\/p>\n<p style=\"text-align: justify;\">Une manifestation en soutien au prisonnier belgo-marocain est organis\u00e9 le premier avril prochain \u00e0 Bruxelles, avec la participation de nombreux artistes. Une date pour rappeler que cela fait 5 ans qu\u2019Ali Aarrass est priv\u00e9 de libert\u00e9.<\/p>\n<p style=\"text-align: justify;\"><b>Bande annonce de \u00ab\u00a0Ali Aarass, pour l\u2019exemple \u00bb<\/b><\/p>\n<p><iframe src=\"\/\/www.youtube.com\/embed\/vBRgBASCK6c\" height=\"315\" width=\"560\" allowfullscreen=\"\" frameborder=\"0\"><\/iframe><\/p>\n<p><a href=\"http:\/\/www.yabiladi.com\/articles\/details\/15768\/sortie-documentaire-aarass-belgo-marocain-emprisonne.html\">Source<\/a><\/p>\n<h3 style=\"text-align: center;\">Laissez en paix Ali Aarrass !<\/h3>\n<p><a href=\"http:\/\/www.demainonline.com\/2013\/03\/01\/laissez-en-paix-ali-aarrass\/detaineeguantanamo\/\" rel=\"attachment wp-att-25619\"><img decoding=\"async\" class=\"aligncenter\" alt=\"detaineeGuantanamo\" src=\"http:\/\/www.demainonline.com\/wp-content\/uploads\/detaineeGuantanamo.jpg\" width=\"389\" height=\"293\" \/><\/a><\/p>\n<p style=\"text-align: justify;\"><strong>Opinion.<\/strong> Ali m\u2019a appel\u00e9 aujourd\u2019hui lundi 25 f\u00e9vrier 2013. Il \u00e9tait hors de lui. Il me dit qu\u2019il a pass\u00e9 un week end horrible \u00e0 cause des\u2028 fouilles inhabituelles dans lui et sa cellule. Samedi matin 4 soldats et un agent en tenue d\u2019intervention \u2028forc\u00e9e, cagoule, casque et tout l\u2019arsenal, se sont introduits\u2028 chez Ali.<\/p>\n<p style=\"text-align: justify;\">Il \u00e9tait dans un \u00e9tat de choc. Ils \u00e9taient aussi\u2028 accompagn\u00e9s de 2 civils qui les ont laiss\u00e9s faire sans \u2028intervenir du tout.<\/p>\n<p style=\"text-align: justify;\">Ali me dit qu\u2019il n\u2019en connaissait aucun\u2028 d\u2019eux, tous des inconnus pour lui. Ils l\u2019ont oblig\u00e9 \u00e0 se d\u00e9shabiller enti\u00e8rement, \u00e0 faire des\u2028 flexions multiples \u00e0 poil, \u00e0 faire des pompages, \u00e0 tousser \u00e0\u2028maintes reprises par ordre de ces derniers.<\/p>\n<p style=\"text-align: justify;\">Ils l\u2019ont \u2028malmen\u00e9 pendant un long moment et Ali se soumettait\u2028 toujours. Ali dit s\u2019\u00eatre pli\u00e9 \u00e0 leur demande car ils n\u2019avaient pas du\u2028 tout l\u2019air de plaisanter, il avoue avoir eu une peur bleue. Il\u2028craignait le pire en vrai. Une fois qu\u2019ils l\u2019ont malmen\u00e9, insult\u00e9, humili\u00e9, ils lui ont \u2028ordonn\u00e9 de se rhabiller et lui ont cri\u00e9 dessus en lui disant <em>\u00ab\u2028Dehors ! \u00bb<\/em>. Ali ayant peur refuse et leur dit <em>\u00ab\u00a0je vais me plaindre de vos\u2028 m\u00e9thodes\u00a0\u00bb<\/em>, et ceux-ci de r\u00e9pondre : <em>\u00ab Tu n\u2019as rien \u00e0 dire !\u2028\u00bb<\/em><\/p>\n<p style=\"text-align: justify;\">Ils le poussent \u00e0 l\u2019ext\u00e9rieur de la cellule en le \u2028violentant et continuer \u00e0 le pousser dans tout le hall qui\u2028 m\u00e8ne au croisement des ailes (quartiers).<\/p>\n<p style=\"text-align: justify;\">Ali crie qu\u2019il refuse de sortir, \u2028pensant qu\u2019on veut l\u2019amener \u00e0 la torture car tout le pr\u00eate \u00e0 croire que \u2026.<\/p>\n<p style=\"text-align: justify;\">Ali se d\u00e9bat et angoisse comme un fou malade, il m\u2019a dit\u2028qu\u2019il \u00e9tait pr\u00eat \u00e0 perdre la vie l\u00e0 sur place pour \u00e9viter qu\u2019on\u2028ne l\u2019\u00e9loigne de l\u00e0 et qu\u2019on l\u2019am\u00e8ne \u00e0 <strong>Temara<\/strong>. Ceux-ci continuent \u00e0 le bousculer jusqu\u2019au quartier et \u00e0 ce\u2028moment l\u00e0 le garde (<strong>Robocop<\/strong>) re\u00e7oit un appel sur son \u2028GSM. Il \u00e9change quelques secondes et dit aux soldats qu\u2019il\u2028 faut reconduire Ali dans sa cellule. Ali pense qu\u2019on va enfin le laisser tranquille, mais non !<\/p>\n<p style=\"text-align: justify;\">Une \u2028fois dans sa cellule, ceux-ci, toujours les cinq, se mettent \u00e0 \u2028tout jeter par terre, \u00e0 proc\u00e9der \u00e0 une fouille sauvage. Ali regarde toutes ses affaires personnelles jet\u00e9es par terre, \u2028ses v\u00eatements sont pi\u00e9tin\u00e9s, toutes ses affaires y compris la \u2028nourriture \u00e9cras\u00e9es, tous les pots cass\u00e9s, m\u00eame la petite \u2028banquette y est pass\u00e9e, et m\u00eame le lavabo, tout a \u00e9t\u00e9 \u2028cass\u00e9 ! Ils ont arrach\u00e9 les cartes postales que Ali fixait au\u2028 mur, ils ont pris avec eux des lettres et des cartes postales, et ces imb\u00e9ciles ont vol\u00e9 d\u2019autres objets personnels.<\/p>\n<p style=\"text-align: justify;\">Ali me \u2028dit que m\u00eame le bain de bouche auquel il tenait tant ils le \u2028lui ont pris. Une fois qu\u2019ils en ont eu marre, ils sont sortis et l\u2019ont\u2028 enferm\u00e9 dans sa cellule. Ali s\u2019est renseign\u00e9 le lendemain et voil\u00e0 qu\u2019il d\u00e9couvre qu\u2019il\u2028est le seul \u00e0 avoir subi ces fouilles corporelles et de sa\u2028 cellule dans toute l\u2019aile. Comme si on l\u2019avertissait de quelque chose.<\/p>\n<p style=\"text-align: justify;\">Ali dit avoir pass\u00e9 le weekend \u00e0 essayer de remettre de\u2028l\u2019ordre et de nettoyer \u00e0 fond le tout avec un peu d\u2019eau de \u2028javel qui restait dans une bouteille. Il dit qu\u2019il en a parl\u00e9\u2028 avec le chef des d\u00e9tentions qui lui a r\u00e9pondu, qu\u2019il ne \u2028pouvait rien faire du tout parce que ces soldats, flics ou\u2028 autre, ne venaient pas de leur part.<\/p>\n<p style=\"text-align: justify;\">Ali a du demander sa m\u00e9dication en avance pour essayer\u2028de dormir et tout oublier, il dit en avoir eu trop besoin ! Je suis en pleurs lorsque je vous raconte tout \u00e7a, car je sens\u2028 que tout va en s\u2019aggravant pour lui. \u00bb<\/p>\n<p style=\"text-align: justify;\"><b>Farida Aarrass<\/b><\/p>\n","protected":false},"excerpt":{"rendered":"<p>Depuis le 28 f\u00e9vrier, le DVD du documentaire \u00ab\u00a0Ali Aarrass pour l\u2019exemple\u00a0\u00bb r\u00e9alis\u00e9 par le belgo-marocain Mohamed Ouachen, est disponible \u00e0 la vente au prix de 7 euros sur internet.<\/p>\n","protected":false},"author":1,"featured_media":518,"comment_status":"open","ping_status":"open","sticky":false,"template":"","format":"standard","meta":{"footnotes":""},"categories":[24,4,8,18,28],"tags":[],"class_list":["post-517","post","type-post","status-publish","format-standard","has-post-thumbnail","hentry","category-belgique-maroc","category-islamophobie","category-prisons","category-resistance-bruxelles","category-racismes"],"_links":{"self":[{"href":"https:\/\/bruxelles-pantheres.be\/index.php?rest_route=\/wp\/v2\/posts\/517","targetHints":{"allow":["GET"]}}],"collection":[{"href":"https:\/\/bruxelles-pantheres.be\/index.php?rest_route=\/wp\/v2\/posts"}],"about":[{"href":"https:\/\/bruxelles-pantheres.be\/index.php?rest_route=\/wp\/v2\/types\/post"}],"author":[{"embeddable":true,"href":"https:\/\/bruxelles-pantheres.be\/index.php?rest_route=\/wp\/v2\/users\/1"}],"replies":[{"embeddable":true,"href":"https:\/\/bruxelles-pantheres.be\/index.php?rest_route=%2Fwp%2Fv2%2Fcomments&post=517"}],"version-history":[{"count":3,"href":"https:\/\/bruxelles-pantheres.be\/index.php?rest_route=\/wp\/v2\/posts\/517\/revisions"}],"predecessor-version":[{"id":529,"href":"https:\/\/bruxelles-pantheres.be\/index.php?rest_route=\/wp\/v2\/posts\/517\/revisions\/529"}],"wp:featuredmedia":[{"embeddable":true,"href":"https:\/\/bruxelles-pantheres.be\/index.php?rest_route=\/wp\/v2\/media\/518"}],"wp:attachment":[{"href":"https:\/\/bruxelles-pantheres.be\/index.php?rest_route=%2Fwp%2Fv2%2Fmedia&parent=517"}],"wp:term":[{"taxonomy":"category","embeddable":true,"href":"https:\/\/bruxelles-pantheres.be\/index.php?rest_route=%2Fwp%2Fv2%2Fcategories&post=517"},{"taxonomy":"post_tag","embeddable":true,"href":"https:\/\/bruxelles-pantheres.be\/index.php?rest_route=%2Fwp%2Fv2%2Ftags&post=517"}],"curies":[{"name":"wp","href":"https:\/\/api.w.org\/{rel}","templated":true}]}}