{"id":5177,"date":"2022-07-03T11:04:42","date_gmt":"2022-07-03T10:04:42","guid":{"rendered":"https:\/\/bruxelles-pantheres.be\/?p=5177"},"modified":"2022-07-03T11:08:59","modified_gmt":"2022-07-03T10:08:59","slug":"35-ans-apres-son-assassinat-thomas-sankara-reste-une-source-dinspiration","status":"publish","type":"post","link":"https:\/\/bruxelles-pantheres.be\/?p=5177","title":{"rendered":"35 ans apr\u00e8s son assassinat, Thomas Sankara reste une source d\u2019inspiration"},"content":{"rendered":"<p>Eric Toussaint interview\u00e9 par Anna Katumwa<\/p>\n<p>Anna Katumwa (17 ans, \u00e9tudiante \u00e0 l\u2019Ath\u00e9n\u00e9e de Ch\u00ean\u00e9e &#8211; Li\u00e8ge) a r\u00e9alis\u00e9 l\u2019interview pour un travail de fin d\u2019ann\u00e9e scolaire.<\/p>\n<p>Dans cette interview, \u00c9ric Toussaint passe en revue les apports de Thomas Sankara qui a pr\u00e9sid\u00e9 le Burkina Faso de 1983 \u00e0 1987.<\/p>\n<p>Eric Toussaint \u00e9voque la volont\u00e9 de Thomas Sankara de favoriser l\u2019\u00e9mancipation des femmes, de lutter contre les dettes injustes et de mettre en place un mod\u00e8le de d\u00e9veloppement endog\u00e8ne.<!--more--><\/p>\n<p>21 juin\u00a0par\u00a0Eric Toussaint\u00a0,\u00a0Chris Den Hond\u00a0,\u00a0Anna Katumwa<\/p>\n<p><img decoding=\"async\" class=\"aligncenter\" src=\"http:\/\/www.cadtm.org\/local\/cache-vignettes\/L632xH355\/arton20865-eb6cf.png?1655821713\" \/><\/p>\n<p><strong>Quelques questions abord\u00e9es\u00a0:<\/strong><\/p>\n<p>Comment se fait-il qu\u2019un jeune pr\u00e9sident (il avait 35 ans) d\u2019origine militaire ait \u00e9t\u00e9 novateur en comparaison des autres leaders africains, en mati\u00e8re d\u2019\u00e9mancipation des femmes\u00a0?<\/p>\n<p>Il faut mettre l\u2019exp\u00e9rience du Burkina Faso du temps de Sankara dans le contexte de la crise \u00e9cologique et de la \u00ab\u00a0sah\u00e9lisation\u00a0\u00bb (transformation en d\u00e9sert due \u00e0 l\u2019urbanisation, au d\u00e9frichage etc.).<\/p>\n<p>Thomas Sankara \u00e9tait un visionnaire.<\/p>\n<p>Thomas Sankara luttait contre les dettes ill\u00e9gitimes r\u00e9clam\u00e9es aux pays du Tiers Monde. Il a tent\u00e9 de convaincre les autres pr\u00e9sidents africains de constituer un front uni pour la suspension du paiement de la\u00a0<a class=\"cs_glossaire\" href=\"http:\/\/www.cadtm.org\/Dette-970\" name=\"mot970_0\"><span class=\"gl_mot\">dette<\/span><\/a>. Mais il est rest\u00e9 isol\u00e9 et a \u00e9t\u00e9 assassin\u00e9 en octobre 1987.<\/p>\n<p>35 ans apr\u00e8s le discours proph\u00e9tique de Thomas Sankara, \u00e0\u00a0<a class=\"spip_in\" href=\"http:\/\/www.cadtm.org\/Un-front-uni-contre-la-dette\">Addis Abeba en juillet 1987<\/a>, pour l\u2019annulation de la dette, la probl\u00e9matique de la dette est de nouveau d\u2019actualit\u00e9.<\/p>\n<p>Pourquoi Sankara a-t-il \u00e9t\u00e9 assassin\u00e9\u00a0?<\/p>\n<p>Le r\u00f4le criminel et n\u00e9faste de Blaise Compaor\u00e9.<\/p>\n<p>Le\u00a0<a class=\"spip_in\" href=\"http:\/\/www.cadtm.org\/Le-CADTM-Afrique-felicite-le\">soul\u00e8vement populaire de 2014<\/a>\u00a0pour d\u00e9gager Blaise Compaor\u00e9.<\/p>\n<p>Les autorit\u00e9s fran\u00e7aises ont soutenu et prot\u00e9g\u00e9 Blaise Compaor\u00e9.<\/p>\n<p>Que penser du\u00a0<a class=\"spip_in\" href=\"http:\/\/www.cadtm.org\/Retour-sur-le-proces-de-l-assassinat-de-Thomas-Sankara-et-de-ses-compagnons\">jugement d\u2019avril 2022<\/a>\u00a0\u00e0 propos de l\u2019assassinat de Thomas Sankara\u00a0?<\/p>\n<p>Sankara reste une source d\u2019inspiration.<\/p>\n<p>La prise du pouvoir suite \u00e0 un soul\u00e8vement arm\u00e9 peut, dans certains cas, aboutir \u00e0 la d\u00e9mocratie.<\/p>\n<p style=\"text-align: left;\">\u00a0 \u00a0 \u00a0 \u00a0 \u00a0 \u00a0 \u00a0 \u00a0 \u00a0 \u00a0 \u00a0 \u00a0 \u00a0 \u00a0 \u00a0 \u00a0 \u00a0 \u00a0 \u00a0 \u00a0 \u00a0 \u00a0 \u00a0 \u00a0 \u00a0 \u00a0 \u00a0 \u00a0 \u00a0 \u00a0 \u00a0 \u00a0 \u00a0 \u00a0 \u00a0 \u00a0 \u00a0 \u00a0<iframe title=\"YouTube video player\" src=\"https:\/\/www.youtube.com\/embed\/UVdAj2as1Rs\" width=\"560\" height=\"315\" frameborder=\"0\" allowfullscreen=\"allowfullscreen\"><\/iframe><\/p>\n<p><a href=\"http:\/\/www.cadtm.org\/35-ans-apres-son-assassinat-Thomas-Sankara-reste-une-source-d-inspiration\">Source<\/a><\/p>\n<p>&nbsp;<\/p>\n","protected":false},"excerpt":{"rendered":"<p>Eric Toussaint interview\u00e9 par Anna Katumwa Anna Katumwa (17 ans, \u00e9tudiante \u00e0 l\u2019Ath\u00e9n\u00e9e de Ch\u00ean\u00e9e &#8211; Li\u00e8ge) a r\u00e9alis\u00e9 l\u2019interview pour un travail de fin d\u2019ann\u00e9e scolaire. Dans cette interview, \u00c9ric Toussaint passe en revue les apports de Thomas Sankara qui a pr\u00e9sid\u00e9 le Burkina Faso de 1983 \u00e0 1987. Eric Toussaint \u00e9voque la volont\u00e9 &#8230; <a title=\"35 ans apr\u00e8s son assassinat, Thomas Sankara reste une source d\u2019inspiration\" class=\"read-more\" href=\"https:\/\/bruxelles-pantheres.be\/?p=5177\" aria-label=\"En savoir plus sur 35 ans apr\u00e8s son assassinat, Thomas Sankara reste une source d\u2019inspiration\">Lire la suite<\/a><\/p>\n","protected":false},"author":1,"featured_media":5178,"comment_status":"open","ping_status":"open","sticky":false,"template":"","format":"standard","meta":{"footnotes":""},"categories":[1,21],"tags":[160,503,57],"class_list":["post-5177","post","type-post","status-publish","format-standard","has-post-thumbnail","hentry","category-non-classe","category-anti-imperialisme","tag-burkina-faso","tag-chris-den-hond","tag-thomas-sankara"],"_links":{"self":[{"href":"https:\/\/bruxelles-pantheres.be\/index.php?rest_route=\/wp\/v2\/posts\/5177","targetHints":{"allow":["GET"]}}],"collection":[{"href":"https:\/\/bruxelles-pantheres.be\/index.php?rest_route=\/wp\/v2\/posts"}],"about":[{"href":"https:\/\/bruxelles-pantheres.be\/index.php?rest_route=\/wp\/v2\/types\/post"}],"author":[{"embeddable":true,"href":"https:\/\/bruxelles-pantheres.be\/index.php?rest_route=\/wp\/v2\/users\/1"}],"replies":[{"embeddable":true,"href":"https:\/\/bruxelles-pantheres.be\/index.php?rest_route=%2Fwp%2Fv2%2Fcomments&post=5177"}],"version-history":[{"count":1,"href":"https:\/\/bruxelles-pantheres.be\/index.php?rest_route=\/wp\/v2\/posts\/5177\/revisions"}],"predecessor-version":[{"id":5179,"href":"https:\/\/bruxelles-pantheres.be\/index.php?rest_route=\/wp\/v2\/posts\/5177\/revisions\/5179"}],"wp:featuredmedia":[{"embeddable":true,"href":"https:\/\/bruxelles-pantheres.be\/index.php?rest_route=\/wp\/v2\/media\/5178"}],"wp:attachment":[{"href":"https:\/\/bruxelles-pantheres.be\/index.php?rest_route=%2Fwp%2Fv2%2Fmedia&parent=5177"}],"wp:term":[{"taxonomy":"category","embeddable":true,"href":"https:\/\/bruxelles-pantheres.be\/index.php?rest_route=%2Fwp%2Fv2%2Fcategories&post=5177"},{"taxonomy":"post_tag","embeddable":true,"href":"https:\/\/bruxelles-pantheres.be\/index.php?rest_route=%2Fwp%2Fv2%2Ftags&post=5177"}],"curies":[{"name":"wp","href":"https:\/\/api.w.org\/{rel}","templated":true}]}}