{"id":5195,"date":"2022-08-03T12:38:34","date_gmt":"2022-08-03T11:38:34","guid":{"rendered":"https:\/\/bruxelles-pantheres.be\/?p=5195"},"modified":"2022-08-03T12:38:34","modified_gmt":"2022-08-03T11:38:34","slug":"23-ans-yaguine-et-fode-qui-se-souvient-encore-deux","status":"publish","type":"post","link":"https:\/\/bruxelles-pantheres.be\/?p=5195","title":{"rendered":"23 ans : YAGUINE et FODE : Qui se souvient encore d\u2019eux ?"},"content":{"rendered":"<p style=\"text-align: center;\"><a href=\"https:\/\/bruxelles-pantheres.be\/wp-content\/uploads\/2022\/08\/13895437_10157327035075171_1406963075895510519_n.jpg\"><img decoding=\"async\" class=\"alignnone wp-image-5196 \" src=\"https:\/\/bruxelles-pantheres.be\/wp-content\/uploads\/2022\/08\/13895437_10157327035075171_1406963075895510519_n.jpg\" alt=\"\" width=\"379\" height=\"335\" \/><\/a><\/p>\n<p>Vingt-trois ans se sont \u00e9coul\u00e9s depuis le 2 ao\u00fbt 1999, lorsque\u00a0Yaguine Coita et Fod\u00e9 Tounkara, deux jeunes Guin\u00e9ens, ont \u00e9t\u00e9 retrouv\u00e9s morts de froid dans le train d&rsquo;atterrissage d&rsquo;un avion \u00e0 l&rsquo;a\u00e9roport de Bruxelles, au c\u0153ur de l&rsquo;Europe, alors qu&rsquo;ils \u00e9taient en provenance de Conakry, la capitale de la Guin\u00e9e.<\/p>\n<div class=\"kvgmc6g5 cxmmr5t8 oygrvhab hcukyx3x c1et5uql ii04i59q\">\n<div dir=\"auto\">YAGUINE et FODE : Qui se souvient encore d\u2019eux ?<\/div>\n<\/div>\n<p><!--more--><\/p>\n<div class=\"cxmmr5t8 oygrvhab hcukyx3x c1et5uql o9v6fnle ii04i59q\">\n<div dir=\"auto\">Yaguine Ko\u00efta (n\u00e9 le 25 septembre 1984) et Fod\u00e9 Tounkara (n\u00e9 le 6 avril 1985) furent le 28 Juillet 1999, les passagers clandestins du vol 520 Sabena Airlines en provenance de Conakry (Guin\u00e9e), et \u00e0 destination de Bruxelles (Belgique).<\/div>\n<\/div>\n<div class=\"cxmmr5t8 oygrvhab hcukyx3x c1et5uql o9v6fnle ii04i59q\">\n<div dir=\"auto\">Leurs corps, morts de froid furent d\u00e9couverts le 2 ao\u00fbt, dans le train d&rsquo;atterrissage arri\u00e8re droit de l&rsquo;appareil \u00e0 l&rsquo;a\u00e9roport international de Bruxelles Zaventem.<\/div>\n<\/div>\n<div class=\"cxmmr5t8 oygrvhab hcukyx3x c1et5uql o9v6fnle ii04i59q\">\n<div dir=\"auto\">Dans leurs affaires, les gar\u00e7ons transportaient dans des sacs plastiques leurs certificats de naissance, leurs cartes de scolarit\u00e9, des photos et une lettre.<\/div>\n<\/div>\n<div class=\"cxmmr5t8 oygrvhab hcukyx3x c1et5uql o9v6fnle ii04i59q\">\n<div dir=\"auto\">La situation n\u2019a d\u2019ailleurs pas cess\u00e9 de se d\u00e9t\u00e9riorer, poussant ainsi, chaque ann\u00e9e, des milliers de jeunes dans une fuite p\u00e9rilleuse de la mis\u00e8re et du d\u00e9sespoir vers un avenir hypoth\u00e9tique en Europe.<\/div>\n<\/div>\n<p>Malheureusement, au fil des ans, d&rsquo;autres jeunes victimes ont connu le m\u00eame sort, comme\u00a0Laurent Barth\u00e9l\u00e9my Guibahi Ani, un jeune Ivoirien de 14 ans retrouv\u00e9 mort de froid \u00e0 l&rsquo;a\u00e9roport de Paris en janvier 2020, ou le jeune Malien retrouv\u00e9 noy\u00e9 avec son bulletin scolaire cousu dans ses v\u00eatements.<\/p>\n<p>Des histoires d&rsquo;espoir, de d\u00e9sespoir, et \u00e0 nouveau, de fa\u00e7on dramatique, de mort.<\/p>\n<p>Yaguine et Fod\u00e9 avaient \u00e9crit et apport\u00e9 avec eux une lettre, adress\u00e9e \u00e0 \u00ab\u00a0<em>Leurs Excellences les Membres et Dirigeants de l&rsquo;Europe<\/em>\u00a0\u00bb et d\u00e9crivant les nombreux probl\u00e8mes dont souffrent les enfants et les jeunes africains et les grandes attentes qu&rsquo;ils placent dans l&rsquo;Europe et ses dirigeants.<\/p>\n<h3 style=\"font-weight: 400; text-align: center;\">Lettre de Yaguin\u00e9 et Fode<\/h3>\n<p>Conakry, le 29-7-99<\/p>\n<p>Excellences, Messieurs les membres et responsables d\u2019Europe,<\/p>\n<p>Nous avons l\u2019honorable plaisir et la grande confiance pour vous \u00e9crire cette lettre pour vous parler de l\u2019objectif de notre voyage et la souffrance de nous, les enfants et jeunes d\u2019Afrique.<\/p>\n<p>Mais tout d\u2019abord, nous vous pr\u00e9sentons les salutations les plus d\u00e9licieuses, adorables et respect\u00e9es dans la vie. A cet effet, soyez notre appui et notre aide, soyez envers nous en Afrique, vous \u00e0 qui faut-il demander au secours ?<\/p>\n<p>Nous vous en supplions pour l\u2019amour de votre beua continent, le sentiment de vous envers votre peuple, votre famille et surtout d\u2019affinit\u00e9 et l\u2019amour de vos enfants que vous aimez comme la vie. En plus, pour l\u2019amour et l\u2019aimit\u00e9 de notre cr\u00e9ateur \u00a0\u00bb Dieu \u00a0\u00bb le Tout-Puissant, qui vous a donn\u00e9 toutes les bonnes exp\u00e9riences, richesses et pouvoirs de bien construire et bien organiser notre continent \u00e0 devenir le plus beau et admirable ami les autres.<\/p>\n<p>Messieurs, les membres et responsables d\u2019Europe, c\u2019est \u00e0 votre solidarit\u00e9 et votre gentillesse que nous vous appelons au secours en Afrique. Aidez-nous, nous souffrons \u00e9norm\u00e9ment en Afrique, aidez-nous, nous souffrons \u00e9norm\u00e9ment en Afrique, aidez-nous, nous avons des probl\u00e8mes et quelques manques de droits de l\u2019enfant.<\/p>\n<p>Au niveau des probl\u00e8mes, nous avons : la guerre, la maladie, la nourriture, etc. Quant aux droits de l\u2019enfant, c\u2019est en Afrique, surtout en Guin\u00e9e, nous avons des \u00e9coles, mais un grand manque d\u2019\u00e9ducation et d\u2019enseignement ; sauf dans les \u00e9coles priv\u00e9es, qu\u2019on peut avoir une bonne \u00e9ducation et un bon enseignement, mais il faut une forte somme d\u2019argent, et nous nos parents sont pauvres. La (?) c\u2019est de nous nourrir, ensuite nous avons des \u00e9coles de sports telles que football, basket (?), etc Donc dans ce cas, nous les Africains, surtout les enfants et jeunes Africains, nous vous demandons de faire une grande organisation efficace pour l\u2019Afrique, pour qu\u2019il soit progress\u00e9.<\/p>\n<p>Donc si vous voyez que nous sacrifions et exposons notre vie, c\u2019est parce qu\u2019on souffre trop en Afrique et qu\u2019on a besoin de vous pour lutter contre la pauvret\u00e9 et mettre fin \u00e0 la guerre en Afrique.<\/p>\n<p>N\u00e9anmoins, nous voulons \u00e9tudier, et nous vous demandons de nous aider \u00e0 \u00e9tudier pour \u00eatre comme vous en Afrique.<\/p>\n<p>Enfin, nous vous en supplions, de nous excuser tr\u00e8s tr\u00e8s fort d\u2019oser vous \u00e9crire cette lettre en tant que vous les grandes personnages \u00e0 qui nous devons beaucoup de respect. Et n\u2019oubliez pas que c\u2019est \u00e0 vous que nous devons plaigner (?) la faiblesse de notre force en Afrique.<\/p>\n<p>Ecrite par deux enfants guin\u00e9ens : Yaguine Koita et Fod\u00e9 Tounkara.<\/p>\n<p style=\"text-align: center;\"><a href=\"https:\/\/bruxelles-pantheres.be\/wp-content\/uploads\/2022\/08\/1.jpg\"><img decoding=\"async\" class=\"alignnone size-medium wp-image-5197\" src=\"https:\/\/bruxelles-pantheres.be\/wp-content\/uploads\/2022\/08\/1-213x300.jpg\" alt=\"\" width=\"213\" height=\"300\" srcset=\"https:\/\/bruxelles-pantheres.be\/wp-content\/uploads\/2022\/08\/1-213x300.jpg 213w, https:\/\/bruxelles-pantheres.be\/wp-content\/uploads\/2022\/08\/1-726x1024.jpg 726w, https:\/\/bruxelles-pantheres.be\/wp-content\/uploads\/2022\/08\/1-768x1084.jpg 768w, https:\/\/bruxelles-pantheres.be\/wp-content\/uploads\/2022\/08\/1.jpg 907w\" sizes=\"(max-width: 213px) 100vw, 213px\" \/><\/a><a href=\"https:\/\/bruxelles-pantheres.be\/wp-content\/uploads\/2022\/08\/2.jpg\"><img decoding=\"async\" class=\"alignnone size-medium wp-image-5198\" src=\"https:\/\/bruxelles-pantheres.be\/wp-content\/uploads\/2022\/08\/2-229x300.jpg\" alt=\"\" width=\"229\" height=\"300\" srcset=\"https:\/\/bruxelles-pantheres.be\/wp-content\/uploads\/2022\/08\/2-229x300.jpg 229w, https:\/\/bruxelles-pantheres.be\/wp-content\/uploads\/2022\/08\/2-780x1024.jpg 780w, https:\/\/bruxelles-pantheres.be\/wp-content\/uploads\/2022\/08\/2-768x1008.jpg 768w, https:\/\/bruxelles-pantheres.be\/wp-content\/uploads\/2022\/08\/2.jpg 975w\" sizes=\"(max-width: 229px) 100vw, 229px\" \/><\/a><\/p>\n<p>Lettre r\u00e9dig\u00e9e par Yaguine Koita, 14 ans et Fod\u00e9 Tounkara, 15 ans, qui ont \u00e9t\u00e9 d\u00e9couverts morts le lundi 2 ao\u00fbt 1999 dans le train d\u2019atterrissage d\u2019un avion \u00e0 l\u2019a\u00e9roport de Bruxelles-National.<\/p>\n","protected":false},"excerpt":{"rendered":"<p>Vingt-trois ans se sont \u00e9coul\u00e9s depuis le 2 ao\u00fbt 1999, lorsque\u00a0Yaguine Coita et Fod\u00e9 Tounkara, deux jeunes Guin\u00e9ens, ont \u00e9t\u00e9 retrouv\u00e9s morts de froid dans le train d&rsquo;atterrissage d&rsquo;un avion \u00e0 l&rsquo;a\u00e9roport de Bruxelles, au c\u0153ur de l&rsquo;Europe, alors qu&rsquo;ils \u00e9taient en provenance de Conakry, la capitale de la Guin\u00e9e. YAGUINE et FODE : Qui &#8230; <a title=\"23 ans : YAGUINE et FODE : Qui se souvient encore d\u2019eux ?\" class=\"read-more\" href=\"https:\/\/bruxelles-pantheres.be\/?p=5195\" aria-label=\"En savoir plus sur 23 ans : YAGUINE et FODE : Qui se souvient encore d\u2019eux ?\">Lire la suite<\/a><\/p>\n","protected":false},"author":1,"featured_media":5199,"comment_status":"open","ping_status":"open","sticky":false,"template":"","format":"standard","meta":{"footnotes":""},"categories":[1,18,39],"tags":[410,241],"class_list":["post-5195","post","type-post","status-publish","format-standard","has-post-thumbnail","hentry","category-non-classe","category-resistance-bruxelles","category-sans-papier","tag-migrants","tag-sans-papiers"],"_links":{"self":[{"href":"https:\/\/bruxelles-pantheres.be\/index.php?rest_route=\/wp\/v2\/posts\/5195","targetHints":{"allow":["GET"]}}],"collection":[{"href":"https:\/\/bruxelles-pantheres.be\/index.php?rest_route=\/wp\/v2\/posts"}],"about":[{"href":"https:\/\/bruxelles-pantheres.be\/index.php?rest_route=\/wp\/v2\/types\/post"}],"author":[{"embeddable":true,"href":"https:\/\/bruxelles-pantheres.be\/index.php?rest_route=\/wp\/v2\/users\/1"}],"replies":[{"embeddable":true,"href":"https:\/\/bruxelles-pantheres.be\/index.php?rest_route=%2Fwp%2Fv2%2Fcomments&post=5195"}],"version-history":[{"count":1,"href":"https:\/\/bruxelles-pantheres.be\/index.php?rest_route=\/wp\/v2\/posts\/5195\/revisions"}],"predecessor-version":[{"id":5200,"href":"https:\/\/bruxelles-pantheres.be\/index.php?rest_route=\/wp\/v2\/posts\/5195\/revisions\/5200"}],"wp:featuredmedia":[{"embeddable":true,"href":"https:\/\/bruxelles-pantheres.be\/index.php?rest_route=\/wp\/v2\/media\/5199"}],"wp:attachment":[{"href":"https:\/\/bruxelles-pantheres.be\/index.php?rest_route=%2Fwp%2Fv2%2Fmedia&parent=5195"}],"wp:term":[{"taxonomy":"category","embeddable":true,"href":"https:\/\/bruxelles-pantheres.be\/index.php?rest_route=%2Fwp%2Fv2%2Fcategories&post=5195"},{"taxonomy":"post_tag","embeddable":true,"href":"https:\/\/bruxelles-pantheres.be\/index.php?rest_route=%2Fwp%2Fv2%2Ftags&post=5195"}],"curies":[{"name":"wp","href":"https:\/\/api.w.org\/{rel}","templated":true}]}}