{"id":520,"date":"2013-03-04T16:11:04","date_gmt":"2013-03-04T15:11:04","guid":{"rendered":"https:\/\/bruxelles-pantheres.be\/?p=520"},"modified":"2013-11-10T16:15:00","modified_gmt":"2013-11-10T15:15:00","slug":"le-boycott-cest-notre-affaire-a-tous%e2%80%8f","status":"publish","type":"post","link":"https:\/\/bruxelles-pantheres.be\/?p=520","title":{"rendered":"Le boycott, c\u2019est notre affaire \u00e0 tous\u200f"},"content":{"rendered":"<p><em>Une r\u00e9ponse juive \u00e0 la D\u00e9claration de F\u00e9vrier 2011 des Organisations Juives Sionistes concernant les campagnes Boycott, D\u00e9sinvestissement et Sanctions (BDS) contre Isra\u00ebl. <\/em><em><br \/>\n<\/em><br \/>\nParce que le boycott acad\u00e9mique, culturel et commercial, les d\u00e9sinvestissements et les sanctions d\u2019Isra\u00ebl:<!--more--><\/p>\n<ul>\n<li>ont \u00e9t\u00e9 appel\u00e9s par la soci\u00e9t\u00e9 civile palestinienne en r\u00e9ponse \u00e0 l\u2019occupation et \u00e0 la colonisation de leurs terres,<\/li>\n<li>sont une voie morale pour r\u00e9pondre de fa\u00e7on non-violente et pacifique \u00e0 plus de soixante ans de colonialisme isra\u00e9lien et,<\/li>\n<li>placent justement la responsabilit\u00e9 au sein des institutions isra\u00e9liennes (et de leurs alli\u00e9s et partenaires) qui utilisent des liens commerciaux, culturels, universitaires pour blanchir la responsabilit\u00e9 d\u2019Isra\u00ebl dans la continuation de ses crimes contre l\u2019humanit\u00e9,<\/li>\n<\/ul>\n<p>Les organisations et individus soussign\u00e9s demeurent fermes dans leur appui \u00e0 la campagne Boycott, D\u00e9sinvestissement et Sanctions (BDS) contre Isra\u00ebl\u00a0 jusqu\u2019\u00e0 ce qu\u2019il reconnaisse les droits inali\u00e9nables des Palestiniens \u00e0 l\u2019autod\u00e9termination et respecte enti\u00e8rement les pr\u00e9ceptes du droit international.<\/p>\n<p>BDS n\u2019est pas antis\u00e9mite. Nous rejetons l\u2019id\u00e9e selon laquelle l\u2019appel BDS 2005 de la Palestine, et les campagnes BDS dans le monde entier qu\u2019il a inspir\u00e9es, sont enracin\u00e9s dans un sentiment anti-juif. Au contraire, BDS est un mouvement antiraciste contre l\u2019occupation quotidienne et brutale de la Palestine et contre la menace militaire que l\u2019Etat d\u2019Isra\u00ebl fait peser sur la r\u00e9gion. Les all\u00e9gations d\u2019antis\u00e9mitisme falsifient la vrai nature de la lutte palestinienne et sont un affront \u00e0, et une trahison de la longue histoire de la survie juive et de la r\u00e9sistance \u00e0 la pers\u00e9cution.<\/p>\n<p>BDS n\u2019est pas anti-d\u00e9mocratique. Nous rejetons \u00e9galement l\u2019affirmation selon laquelle le boycott culturel et acad\u00e9mique d\u2019Isra\u00ebl d\u00e9fie le principe d\u00e9mocratique de la libert\u00e9 d\u2019expression. La recherche-d\u00e9veloppement dans les institutions universitaires joue un r\u00f4le central dans la conception et la d\u00e9fense militaire d\u2019Isra\u00ebl et dans l\u2019organisation des services secrets. Les institutions culturelles perp\u00e9tuent la tromperie sur la d\u00e9mocratie isra\u00e9lienne. D\u00e9fendre la libert\u00e9 d\u2019expression pour ceux qui ne respectent pas la justice tout en diabolisant ceux qui luttent pour la justice est un mauvais service rendu \u00e0 une d\u00e9mocratie v\u00e9ritable.<\/p>\n<p>Par le boycott, le d\u00e9sinvestissement et les sanctions, la soci\u00e9t\u00e9 civile affirme notre engagement \u00e0 ne pas contribuer financi\u00e8rement \u00e0 l\u2019Etat isra\u00e9lien qui est responsable d\u2019actes atroces de m\u00e9pris pour la vie humaine et le bien-\u00eatre. Les attaques contre les campagnes BDS ne nous emp\u00eacheront pas de prendre cette position contre l\u2019impunit\u00e9 d\u2019Isra\u00ebl. Pour les organisations juives signataires de cette lettre, l\u2019auto-d\u00e9termination pour les Juifs comprend le droit de participer au mouvement pour la justice en Palestine et \u00e0 vivre ensemble dans le monde avec nos concitoyens dans la paix, la libert\u00e9 et l\u2019\u00e9galit\u00e9. Il n\u2019inclut pas la domination et la colonisation d\u2019autres personnes ni le fait de vivre s\u00e9par\u00e9ment des autres \u00eatres humains dans un \u00e9tat qui privil\u00e9gie les Juifs.<\/p>\n<p>BDS, par une pression internationale, a \u00e9t\u00e9 une strat\u00e9gie cl\u00e9 pour mettre fin au syst\u00e8me sud africain blanc d\u2019apartheid. Dans la recherche de la justice, de la paix et de la libert\u00e9 pour tous, nous nous exprimons en tant de Juifs qui s\u2019engagent pour BDS et pour la lib\u00e9ration de la Palestine. Nous appelons organisations et individus \u00e0 se joindre \u00e0 nous pour condamner les fausses accusations d\u2019antis\u00e9mitisme qui tentent de discr\u00e9diter notre militantisme antiraciste collectif contre l\u2019apartheid isra\u00e9lien.<\/p>\n<p>* Women in Black (Austria)<br \/>\n* Union Juive Fran\u00e7aise pour la Paix (UJFP)<br \/>\n* Bay Area Women in Black (USA)<br \/>\n* St. Louis Women in Black (USA)<br \/>\n* Philadelphia Jews for a Just Peace (USA)<br \/>\n* American Jews for a Just Peace (USA)<br \/>\n* Jews for Boycotting Israeli Goods (UK)<br \/>\n* JUNTS, Asociaci\u00f3 catalana de Jueus i Palestins (Asociaci\u00f3n Catalana de Judios y Palestinas, Spain)<br \/>\n* Ronnie Kasrils, former South African government minister, writer, founder Not In My Name, South Africa<br \/>\n* Antony Loewenstein, Independent Australian Jewish Voices<br \/>\n* Peter Slezak, Independent Australian Jewish Voices<br \/>\n* Mosh\u00e9 Machover, Professor (emeritus) (UK), founder Matzpen<br \/>\n* Felicia Langer, Israeli lawyer, author, Right Livelihood Award 2006 (Alternative Nobel\u00a0\u00a0\u00a0\u00a0 Prize)1990, Bruno Kreisky Prize 1991<br \/>\n* Mieciu Langer, Nazi Holocaust survivor<br \/>\n* Hedy Epstein, Nazi Holocaust survivor<br \/>\n* Hajo G. Meyer PhD, Nazi Holocaust survivor<br \/>\n* Kamal Chenoy, IJAN India &amp; The All India Peace and Solidarity Organization<br \/>\n* Paola Canarutto &amp; Giorgio Forti, Rete ECO, Italy<br \/>\n* Liliane Cordova Kaczerginski, IJAN France<br \/>\n* Sonia Fayman, IJAN France &amp; UJFP<br \/>\n* Ernesto Rosenberg, GRAMARPAL (Grupo de Amistad Argentina-Palestina, Neuqu\u00e9n, Argentina)<br \/>\n* Mark Elf, blogger, Jews sans Frontieres<\/p>\n<p>Signer la lettre sur le site d\u2019IJAN, r\u00e9seau international des juifs anti-sionistes : <a href=\"http:\/\/www.ijsn.net\/657\/\" target=\"_blank\">http:\/\/www.ijsn.net\/657\/<\/a><\/p>\n<p><img decoding=\"async\" class=\"decoded alignright\" style=\"cursor: -moz-zoom-in; display: block; margin-left: auto; margin-right: auto;\" alt=\"http:\/\/2.bp.blogspot.com\/-pgwBSya6KDk\/TfZTBzamurI\/AAAAAAAANQo\/YfKQ8bp2ZO0\/s1600\/buying_israeli_goods_is_funding_apartheid_2.gif\" src=\"https:\/\/lh3.ggpht.com\/-pgwBSya6KDk\/TfZTBzamurI\/AAAAAAAANQo\/YfKQ8bp2ZO0\/s1600\/buying_israeli_goods_is_funding_apartheid_2.gif\" width=\"642\" height=\"876\" \/><\/p>\n","protected":false},"excerpt":{"rendered":"<p>Une r\u00e9ponse juive \u00e0 la D\u00e9claration de F\u00e9vrier 2011 des Organisations Juives Sionistes concernant les campagnes Boycott, D\u00e9sinvestissement et Sanctions (BDS) contre Isra\u00ebl. Parce que le boycott acad\u00e9mique, culturel et commercial, les d\u00e9sinvestissements et les sanctions d\u2019Isra\u00ebl:<\/p>\n","protected":false},"author":1,"featured_media":522,"comment_status":"open","ping_status":"open","sticky":false,"template":"","format":"standard","meta":{"footnotes":""},"categories":[21,6,18],"tags":[],"class_list":["post-520","post","type-post","status-publish","format-standard","has-post-thumbnail","hentry","category-anti-imperialisme","category-palestine-moyen-orient","category-resistance-bruxelles"],"_links":{"self":[{"href":"https:\/\/bruxelles-pantheres.be\/index.php?rest_route=\/wp\/v2\/posts\/520","targetHints":{"allow":["GET"]}}],"collection":[{"href":"https:\/\/bruxelles-pantheres.be\/index.php?rest_route=\/wp\/v2\/posts"}],"about":[{"href":"https:\/\/bruxelles-pantheres.be\/index.php?rest_route=\/wp\/v2\/types\/post"}],"author":[{"embeddable":true,"href":"https:\/\/bruxelles-pantheres.be\/index.php?rest_route=\/wp\/v2\/users\/1"}],"replies":[{"embeddable":true,"href":"https:\/\/bruxelles-pantheres.be\/index.php?rest_route=%2Fwp%2Fv2%2Fcomments&post=520"}],"version-history":[{"count":2,"href":"https:\/\/bruxelles-pantheres.be\/index.php?rest_route=\/wp\/v2\/posts\/520\/revisions"}],"predecessor-version":[{"id":523,"href":"https:\/\/bruxelles-pantheres.be\/index.php?rest_route=\/wp\/v2\/posts\/520\/revisions\/523"}],"wp:featuredmedia":[{"embeddable":true,"href":"https:\/\/bruxelles-pantheres.be\/index.php?rest_route=\/wp\/v2\/media\/522"}],"wp:attachment":[{"href":"https:\/\/bruxelles-pantheres.be\/index.php?rest_route=%2Fwp%2Fv2%2Fmedia&parent=520"}],"wp:term":[{"taxonomy":"category","embeddable":true,"href":"https:\/\/bruxelles-pantheres.be\/index.php?rest_route=%2Fwp%2Fv2%2Fcategories&post=520"},{"taxonomy":"post_tag","embeddable":true,"href":"https:\/\/bruxelles-pantheres.be\/index.php?rest_route=%2Fwp%2Fv2%2Ftags&post=520"}],"curies":[{"name":"wp","href":"https:\/\/api.w.org\/{rel}","templated":true}]}}