{"id":5217,"date":"2022-10-27T13:50:10","date_gmt":"2022-10-27T12:50:10","guid":{"rendered":"https:\/\/bruxelles-pantheres.be\/?p=5217"},"modified":"2022-08-27T13:54:50","modified_gmt":"2022-08-27T12:54:50","slug":"discours-de-malcolm-x-au-sommet-de-lorganisation-de-lunite-africaine","status":"publish","type":"post","link":"https:\/\/bruxelles-pantheres.be\/?p=5217","title":{"rendered":"Discours de Malcolm X au Sommet de l\u2019Organisation de l\u2019Unit\u00e9 Africaine"},"content":{"rendered":"<p><strong>Par Makandal Speaks<\/strong><\/p>\n<p>La seconde Conf\u00e9rence des chefs d\u2019\u00c9tats de l\u2019Organisation de l\u2019Unit\u00e9 Africaine s\u2019est tenue entre les 17 au 21 juillet 1964 au Caire. Cette rencontre fut l\u2019occasion pour Malcolm X d\u2019expliquer le sort horrible fait au Afro-Am\u00e9ricains et de demander l\u2019aide de ses fr\u00e8res africains. Voici le discours que le militant noir pronon\u00e7a.<span id=\"more-36270\"><\/span><\/p>\n<p>Voici la traduction du discours de Malcolm X\u00a0 au sommet de l\u2019Organisation de l\u2019Unit\u00e9 Africaine. Il y rappel le lien entre l\u2019Afrique et sa diaspora et lance un appel \u00e0 l\u2019aide aux Africains leur expliquant le sort que subissent les Noirs des USA :<!--more--><\/p>\n<p><a href=\"https:\/\/bruxelles-pantheres.be\/wp-content\/uploads\/2022\/08\/malcolm-x-2000.jpg\"><img decoding=\"async\" class=\"wp-image-5218 size-large aligncenter\" src=\"https:\/\/bruxelles-pantheres.be\/wp-content\/uploads\/2022\/08\/malcolm-x-2000-718x1024.jpg\" alt=\"\" width=\"718\" height=\"1024\" srcset=\"https:\/\/bruxelles-pantheres.be\/wp-content\/uploads\/2022\/08\/malcolm-x-2000-718x1024.jpg 718w, https:\/\/bruxelles-pantheres.be\/wp-content\/uploads\/2022\/08\/malcolm-x-2000-210x300.jpg 210w, https:\/\/bruxelles-pantheres.be\/wp-content\/uploads\/2022\/08\/malcolm-x-2000-768x1096.jpg 768w, https:\/\/bruxelles-pantheres.be\/wp-content\/uploads\/2022\/08\/malcolm-x-2000-1077x1536.jpg 1077w, https:\/\/bruxelles-pantheres.be\/wp-content\/uploads\/2022\/08\/malcolm-x-2000-1320x1883.jpg 1320w, https:\/\/bruxelles-pantheres.be\/wp-content\/uploads\/2022\/08\/malcolm-x-2000.jpg 1402w\" sizes=\"(max-width: 718px) 100vw, 718px\" \/><\/a><\/p>\n<p><strong><em><span id=\"result_box\" class=\"\" lang=\"fr\"><span class=\"\">L\u2019Organisation de l\u2019Unit\u00e9 Afro-Am\u00e9ricaine m\u2019a envoy\u00e9 afin d\u2019assister \u00e0 cette conf\u00e9rence historique du Sommet africain en qualit\u00e9 d\u2019observateur pour repr\u00e9senter les int\u00e9r\u00eats de 22 millions d\u2019Afro-Am\u00e9ricains dont les droits humains sont viol\u00e9s quotidiennement par le racisme des imp\u00e9rialistes am\u00e9ricains.<\/span><\/span><\/em><\/strong><\/p>\n<p><span class=\"\">L\u2019Organisation de l\u2019Unit\u00e9 Afro-Am\u00e9ricaine a \u00e9t\u00e9 cr\u00e9\u00e9 par un \u00e9chantillon repr\u00e9sentatif de la communaut\u00e9 afro-am\u00e9ricaine d\u2019Am\u00e9rique et elle est inspir\u00e9e par la lettre et par l\u2019esprit de l\u2019Organisation de l\u2019Unit\u00e9 Africaine.<\/span><\/p>\n<p><span class=\"\">De m\u00eame que l\u2019Organisation de l\u2019Unit\u00e9 Africaine a appel\u00e9 tous les dirigeants africains \u00e0 submerger leurs diff\u00e9rences et \u00e0 s\u2019unir sur des objectifs communs pour le bien commun de tous les Africains, l\u2019Organisation de l\u2019Unit\u00e9 Afro-Am\u00e9ricaine a appel\u00e9 les dirigeants afro-am\u00e9ricains \u00e0 noyer leurs diff\u00e9rences<\/span>\u00a0e<span class=\"\">t de trouver des zones d\u2019accord dans lequel nous pouvons travailler dans l\u2019unit\u00e9 pour le bien de l\u2019ensemble des 22 millions d\u2019Afro-Am\u00e9ricains.<\/span><\/p>\n<div class=\"adsnofi \">\n<div class=\"advert\"><strong><em><span id=\"result_box\" class=\"\" lang=\"fr\"><span class=\"\">\u00c9tant donn\u00e9 que nous \u00e9tions 22 millions d\u2019Africains, qui sont maintenant en Am\u00e9rique, non pas par choix, mais seulement par un accident cruel dans notre histoire, nous croyons fermement que les probl\u00e8mes africains sont nos probl\u00e8mes et que nos probl\u00e8mes sont des probl\u00e8mes africains.<\/span><\/span><\/em><\/strong><\/div>\n<\/div>\n<p>Nous croyons aussi qu\u2019en tant que chefs des \u00c9tats africains ind\u00e9pendants, vous \u00eates les bergers de tous les peuples africains, qu\u2019ils soient encore ici, sur le continent, ou qu\u2019ils aient \u00e9t\u00e9 \u00e9parpill\u00e9s.<\/p>\n<p>Certains dirigeants africains \u00e0 cette conf\u00e9rence ont laiss\u00e9 entendre qu\u2019ils ont assez de probl\u00e8mes ici sur le continent m\u00e8re sans ajouter le probl\u00e8me Afro-Am\u00e9ricain.<\/p>\n<p><span class=\"alt-edited\">Avec tout le respect d\u00fb \u00e0 vos positions estim\u00e9s<\/span>, je dois vous rappeler que le Bon Berger laissera 99 brebis en s\u00e9curit\u00e9 \u00e0 la maison pour aller au secours de celui qui est perdu et tomb\u00e9 entre les griffes du Loup l\u2019imp\u00e9rialiste.<\/p>\n<p><strong><em><span id=\"result_box\" class=\"\" lang=\"fr\"><span class=\"\">Nous autres, en Am\u00e9rique, sommes vos fr\u00e8res et s\u0153urs depuis longtemps perdus, et je suis ici pour vous rappeler que nos probl\u00e8mes sont vos probl\u00e8mes.<\/span>\u00a0Alors que les Afro-Am\u00e9ricains \u00abse r\u00e9veillent\u00bb aujourd\u2019hui, nous nous trouvons dans une terre \u00e9trang\u00e8re qui nous a rejet\u00e9s et, comme le fils prodigue, nous nous tournons vers nos fr\u00e8res a\u00een\u00e9s pour nous aider.\u00a0<span class=\"\">Nous prions pour que nos supplications ne tombent pas dans des oreilles sourdes.<\/span><\/span><\/em><\/strong><\/p>\n<p><span class=\"\">Nous avons \u00e9t\u00e9 emmen\u00e9s de force, encha\u00een\u00e9s depuis ce continent m\u00e8re et avons d\u00e9sormais pass\u00e9 plus de 300 ans en Am\u00e9rique, souffrant des formes les plus inhumaines de tortures physiques et psychologiques imaginables.<\/span><\/p>\n<p><span class=\"\">Au cours des 10 derni\u00e8res ann\u00e9es, le monde entier a vu nos hommes, femmes et enfants \u00eatre attaqu\u00e9s et mordus par des chiens policiers vicieux, brutalement battus par les matraques de la police, et arros\u00e9 par des tuyaux d\u2019eau \u00e0 haute pression qui d\u00e9chiraient les v\u00eatements de nos<\/span>\u00a0corps et la chair de nos membres.<\/p>\n<p><strong><em><span class=\"\" lang=\"fr\">Et toutes ces atrocit\u00e9s inhumaines nous ont \u00e9t\u00e9 inflig\u00e9es par les autorit\u00e9s gouvernementales am\u00e9ricaines, la police elle-m\u00eame, sans aucune autre raison que celle de chercher la reconnaissance et le respect accord\u00e9 aux autres \u00eatres humains en Am\u00e9rique.<\/span><\/em><\/strong><\/p>\n<p><span class=\"\">Le gouvernement am\u00e9ricain est incapable ou peu dispos\u00e9 \u00e0 prot\u00e9ger les vies et les biens de vos 22 millions de fr\u00e8res et s\u0153urs afro-am\u00e9ricains.<\/span>\u00a0Nous sommes sans d\u00e9fense, \u00e0 la merci des racistes am\u00e9ricains qui nous assassinent \u00e0 volont\u00e9 uniquement parce que nous sommes noirs et d\u2019origine africaine.<\/p>\n<p><span class=\"\">La semaine derni\u00e8re, un \u00e9ducateur afro-am\u00e9ricain non arm\u00e9 \u00e0 \u00e9t\u00e9 assassin\u00e9 de sang froid en G\u00e9orgie;<\/span>\u00a0<span class=\"\">Quelques jours auparavant, trois artisan des droits civils ont compl\u00e8tement disparu, peut-\u00eatre m\u00eame assassin\u00e9s, eux\u00a0<\/span><span id=\"result_box\" class=\"\" lang=\"fr\"><span class=\"\">aussi, uniquement parce qu\u2019ils enseignaient \u00e0 notre peuple dans le Mississippi comment voter et comment s\u00e9curiser leurs droits politiques.<br \/>\n<\/span><\/span><\/p>\n<p><strong><em><span id=\"result_box\" class=\"\" lang=\"fr\">Nos probl\u00e8mes sont vos probl\u00e8mes. Nous vivons depuis plus de trois cents ans dans cette tani\u00e8re de loups am\u00e9ricains racistes, dans la crainte constante de perdre la vie et d\u2019\u00eatre mis en pi\u00e8ces. R\u00e9cemment, trois \u00e9tudiants du Kenya ont \u00e9t\u00e9 confondus avec des Noirs am\u00e9ricains et ont \u00e9t\u00e9 brutalement battus par la police de New York. Peu de temps apr\u00e8s, deux diplomates d\u2019Ouganda ont \u00e9galement \u00e9t\u00e9 battus par la police de New York, qui les a pris pour des Noirs am\u00e9ricains.<\/span><\/em><\/strong><\/p>\n<p>Si les Africains sont brutalement battus en visitant les \u00c9tats-Unis, imaginez les souffrances physiques et psychologiques re\u00e7ues par vos fr\u00e8res et s\u0153urs qui y vivent depuis plus de 300 ans.<\/p>\n<p>Notre probl\u00e8me est votre probl\u00e8me.\u00a0<span class=\"\">Peu importe combien\u00a0<\/span><span id=\"result_box\" class=\"\" lang=\"fr\"><span class=\"\">d\u2019ind\u00e9pendance a<\/span><\/span><span id=\"result_box\" class=\"\" lang=\"fr\"><span class=\"\">fricaines\u00a0 arrivent ici sur le continent m\u00e8re, \u00e0 moins que vous ne portiez votre robe nationale en tout temps quand vous visitez l\u2019Am\u00e9rique, vous pouvez \u00eatre confondu avec l\u2019un de nous et subir les m\u00eames mutilations psychologiques et physiques qui sont des \u00e9v\u00e9nements quotidiens dans notre<\/span>\u00a0vies.<\/span><\/p>\n<p><strong><em><span id=\"result_box\" class=\"\" lang=\"fr\">Vos probl\u00e8mes ne seront jamais compl\u00e8tement r\u00e9solus tant et \u00e0 moins que les n\u00f4tres ne soient r\u00e9solus. Vous ne serez jamais pleinement respect\u00e9s tant que nous ne serons pas respect\u00e9s. Vous ne serez jamais reconnus comme des \u00eatres humains libres tant que nous ne serons pas aussi reconnus et trait\u00e9s comme des \u00eatres humains.<\/span><\/em><\/strong><\/p>\n<p>Notre probl\u00e8me est votre probl\u00e8me. Ce n\u2019est pas un probl\u00e8me noir, ni un probl\u00e8me am\u00e9ricain.\u00a0<span class=\"\">C\u2019est un probl\u00e8me mondial, un probl\u00e8me pour l\u2019humanit\u00e9.<\/span>\u00a0<span class=\"\">Ce n\u2019est pas un probl\u00e8me de droits civils, c\u2019est un probl\u00e8me de droits de l\u2019Homme.<\/span><\/p>\n<p><span class=\"\">Nous prions pour que nos fr\u00e8res africains ne se soient pas lib\u00e9r\u00e9s du colonialisme europ\u00e9en pour \u00eatre vaincus et domin\u00e9s par le dollarisme am\u00e9ricain.<\/span>\u00a0Ne laissez pas le racisme am\u00e9ricain \u00eatre \u00abl\u00e9galis\u00e9\u00bb par le dollarisme am\u00e9ricain.<\/p>\n<p><strong><em><span id=\"result_box\" class=\"\" lang=\"fr\"><span title=\"America is worse than South Africa, because not only is America racist, but she is also deceitful and hypocritical.\">L\u2019Am\u00e9rique est pire que l\u2019Afrique du Sud, parce que non seulement l\u2019Am\u00e9rique est raciste, mais elle est aussi fourbe et hypocrite.\u00a0<\/span><span title=\"South Africa preaches segregation and practices segregation.\">L\u2019Afrique du Sud pr\u00f4ne la s\u00e9gr\u00e9gation et pratique la s\u00e9gr\u00e9gation.\u00a0<\/span><span title=\"She, at least, practices what she preaches.\">Elle, au moins, pratique ce qu\u2019elle pr\u00eache.\u00a0<\/span><span title=\"America preaches integration and practices segregation.\">L\u2019Am\u00e9rique pr\u00e9conise l\u2019int\u00e9gration et la pratique la s\u00e9gr\u00e9gation.\u00a0<\/span><span title=\"She preaches one thing while deceitfully practicing another.\">Elle pr\u00eache une chose et en pratique trompeusement une autre.\u00a0<\/span><span title=\"South Africa is like a vicious wolf, openly hostile toward black humanity.\">L\u2019Afrique du Sud est comme un loup vicieux, ouvertement hostile \u00e0 l\u2019humanit\u00e9 noire.\u00a0<\/span><span title=\"But America is cunning like a fox, friendly and smiling, but even more vicious and deadly than the wolf. \">Mais l\u2019Am\u00e9rique est rus\u00e9e comme un renard, amicale et souriante, mais encore plus vicieuse et mortelle que le loup.<\/span><\/span><\/em><\/strong><\/p>\n<p><span title=\"The wolf and the fox are both enemies of humanity, both are canine, both humiliate and mutilate their victims.\">Le loup et le renard sont tous les deux des ennemis de l\u2019humanit\u00e9, tous deux sont des canins, qui humilient et mutilent leurs victimes.\u00a0<\/span><span title=\"Both have the same objectives, but differ only in methods. \">Tous deux ont les m\u00eames objectifs, mais ne diff\u00e8rent que par des m\u00e9thodes.<\/span><\/p>\n<p><span title=\"If South Africa is guilty of violating the human rights of Africans here on the mother continent, then America is guilty of worse violations of the 22 million Africans on the American continent.\">Si l\u2019Afrique du Sud est coupable de violer les droits humains des Africains ici sur le continent m\u00e8re, alors l\u2019Am\u00e9rique est coupable de pires violations des 22 millions d\u2019Africains sur le continent am\u00e9ricain.\u00a0<\/span><span title=\"And if South African racism is not a domestic issue, then American racism also is not a domestic issue.\">Et si le racisme sud-africain n\u2019est pas un probl\u00e8me domestique, alors le racisme am\u00e9ricain n\u2019est pas lui aussi un probl\u00e8me domestique.\u00a0<\/span><span title=\"We beseech independent African states to help us bring our problem before the United Nations, on the grounds that the United States Government is morally incapable of protecting the lives and the property of 22 million African-Americans.\">Nous exhortons les \u00c9tats africains ind\u00e9pendants \u00e0 nous aider \u00e0 porter notre probl\u00e8me devant les Nations Unies, au motif que le gouvernement des \u00c9tats-Unis est moralement incapable de prot\u00e9ger la vie et les biens de 22 millions d\u2019Afro-Am\u00e9ricains.\u00a0<\/span><span title=\"And on the grounds that our deteriorating plight is definitely becoming a threat to world peace.\">Et au motif que la d\u00e9t\u00e9rioration de notre situation devient d\u00e9finitivement une menace pour la paix mondiale.<\/span><\/p>\n<p><strong><em><span id=\"result_box\" class=\"\" lang=\"fr\"><span title=\"Out of frustration and hopelessness our young people have reached the point of no return.\">Par frustration et d\u00e9sespoir, nos jeunes ont atteint le point de non retour.\u00a0<\/span><span title=\"We no longer endorse patience and turning the other cheek.\">Nous n\u2019avons plus la patience et ni l\u2019intention de tourner l\u2019autre joue.\u00a0<\/span><span title=\"We assert the right of self-defense by whatever means necessary, and reserve the right of maximum retaliation against our racist oppressors, no matter what the odds against us are. \">Nous revendiquons le droit \u00e0 la l\u00e9gitime d\u00e9fense par tous les moyens n\u00e9cessaires et nous nous r\u00e9servons le droit de maximiser les repr\u00e9sailles contre nos oppresseurs racistes, quelles que soit l\u2019adversit\u00e9 \u00e0 la quelle nous ferons face.<\/span><\/span><\/em><\/strong><\/p>\n<p><span title=\"We are well aware that our future efforts to defend ourselves by retaliating\u2014by meeting violence with violence, eye for eye and tooth for tooth\u2014could create the type of racial conflict in America that could easily escalate into a violent, worldwide, bloody race war\">Nous sommes bien conscients que nos efforts futurs pour nous d\u00e9fendre en ripostant ; en confrontant la violence \u00e0 la violence, oeil pour \u0153il et dent pour dent ; pourrait cr\u00e9er le type de conflit racial en Am\u00e9rique qui pourrait facilement se transformer en une violente guerre de race mondiale sanglante<\/span><span title=\".\">.\u00a0<\/span><span title=\"In the interests of world peace and security, we beseech the heads of the independent African states to recommend an immediate investigation into our problem by the United Nations Commission on Human Rights. \">Dans l\u2019int\u00e9r\u00eat de la paix et de la s\u00e9curit\u00e9 mondiales, nous prions les chefs d\u2019\u00c9tats africains ind\u00e9pendants de proposer une enqu\u00eate imm\u00e9diate sur notre probl\u00e8me \u00e0 la Commission des droits de l\u2019homme des Nations Unies.<\/span><\/p>\n<p><span title=\"One last word, my beloved brothers at this African Summit: \u201cNo one knows the master better than his servant.\u201d We have been servants in America for over three hundred years.\">Un dernier mot, mes fr\u00e8res bien-aim\u00e9s \u00e0 ce Sommet africain: \u00abPersonne ne conna\u00eet mieux le ma\u00eetre que son serviteur\u00bb. Nous sommes serviteurs en Am\u00e9rique depuis plus de 300 ans.\u00a0<\/span><span title=\"We have a thorough inside knowledge of this man who calls himself \u201cUncle Sam.\u201d Therefore, you must heed our warning.\">Nous avons une connaissance approfondie de cet homme qui s\u2019appelle \u201cOncle Sam\u201d. Par cons\u00e9quent, vous devez tenir compte de notre avertissement.\u00a0<\/span><span title=\"Don\u2019t escape from European colonialism only to become even more enslaved by deceitful,\u201dfriendly\u201d American dollarism.\">N\u2019\u00e9chapper pas au colonialisme europ\u00e9en pour \u00eatre encore plus asservi par le dollarisme am\u00e9ricain fourbe et \u00abamical\u00bb.<\/span><\/p>\n<div id=\"gt-res-content\">\n<p id=\"gt-res-dir-ctr\" class=\"trans-verified-button-small\" dir=\"ltr\"><strong><em><span id=\"result_box\" class=\"\" lang=\"fr\">Que les b\u00e9n\u00e9dictions d\u2019Allah sur la sant\u00e9 et la sagesse soient sur vous tous.<\/span><\/em><\/strong><\/p>\n<\/div>\n<p class=\"trans-verified-button-small\" dir=\"ltr\">~ Malcolm X<\/p>\n<p dir=\"ltr\"><a href=\"https:\/\/www.nofi.media\/2021\/02\/discours-de-malcolm-x-sommet-de-lorganisation-de-lunite-africaine\/36270\">SOURCE<\/a><\/p>\n","protected":false},"excerpt":{"rendered":"<p>Par Makandal Speaks La seconde Conf\u00e9rence des chefs d\u2019\u00c9tats de l\u2019Organisation de l\u2019Unit\u00e9 Africaine s\u2019est tenue entre les 17 au 21 juillet 1964 au Caire. Cette rencontre fut l\u2019occasion pour Malcolm X d\u2019expliquer le sort horrible fait au Afro-Am\u00e9ricains et de demander l\u2019aide de ses fr\u00e8res africains. Voici le discours que le militant noir pronon\u00e7a. &#8230; <a title=\"Discours de Malcolm X au Sommet de l\u2019Organisation de l\u2019Unit\u00e9 Africaine\" class=\"read-more\" href=\"https:\/\/bruxelles-pantheres.be\/?p=5217\" aria-label=\"En savoir plus sur Discours de Malcolm X au Sommet de l\u2019Organisation de l\u2019Unit\u00e9 Africaine\">Lire la suite<\/a><\/p>\n","protected":false},"author":1,"featured_media":5219,"comment_status":"open","ping_status":"open","sticky":false,"template":"","format":"standard","meta":{"footnotes":""},"categories":[1,18],"tags":[201,107],"class_list":["post-5217","post","type-post","status-publish","format-standard","has-post-thumbnail","hentry","category-non-classe","category-resistance-bruxelles","tag-afrique","tag-malcolm-x"],"_links":{"self":[{"href":"https:\/\/bruxelles-pantheres.be\/index.php?rest_route=\/wp\/v2\/posts\/5217","targetHints":{"allow":["GET"]}}],"collection":[{"href":"https:\/\/bruxelles-pantheres.be\/index.php?rest_route=\/wp\/v2\/posts"}],"about":[{"href":"https:\/\/bruxelles-pantheres.be\/index.php?rest_route=\/wp\/v2\/types\/post"}],"author":[{"embeddable":true,"href":"https:\/\/bruxelles-pantheres.be\/index.php?rest_route=\/wp\/v2\/users\/1"}],"replies":[{"embeddable":true,"href":"https:\/\/bruxelles-pantheres.be\/index.php?rest_route=%2Fwp%2Fv2%2Fcomments&post=5217"}],"version-history":[{"count":1,"href":"https:\/\/bruxelles-pantheres.be\/index.php?rest_route=\/wp\/v2\/posts\/5217\/revisions"}],"predecessor-version":[{"id":5220,"href":"https:\/\/bruxelles-pantheres.be\/index.php?rest_route=\/wp\/v2\/posts\/5217\/revisions\/5220"}],"wp:featuredmedia":[{"embeddable":true,"href":"https:\/\/bruxelles-pantheres.be\/index.php?rest_route=\/wp\/v2\/media\/5219"}],"wp:attachment":[{"href":"https:\/\/bruxelles-pantheres.be\/index.php?rest_route=%2Fwp%2Fv2%2Fmedia&parent=5217"}],"wp:term":[{"taxonomy":"category","embeddable":true,"href":"https:\/\/bruxelles-pantheres.be\/index.php?rest_route=%2Fwp%2Fv2%2Fcategories&post=5217"},{"taxonomy":"post_tag","embeddable":true,"href":"https:\/\/bruxelles-pantheres.be\/index.php?rest_route=%2Fwp%2Fv2%2Ftags&post=5217"}],"curies":[{"name":"wp","href":"https:\/\/api.w.org\/{rel}","templated":true}]}}