{"id":5261,"date":"2022-09-05T08:48:50","date_gmt":"2022-09-05T07:48:50","guid":{"rendered":"https:\/\/bruxelles-pantheres.be\/?p=5261"},"modified":"2022-09-04T12:53:46","modified_gmt":"2022-09-04T11:53:46","slug":"marche-vers-bruxelles-plus-aucun-deces-en-raison-de-la-migration-ni-aux-frontieres-des-droits-pour-toutes-et-tous","status":"publish","type":"post","link":"https:\/\/bruxelles-pantheres.be\/?p=5261","title":{"rendered":"Marche vers Bruxelles : Plus aucun d\u00e9c\u00e8s en raison de la migration ni aux fronti\u00e8res ! Des droits pour toutes et tous !"},"content":{"rendered":"<div class=\"cartouche\">\n<div class=\"titre_logos\">Les fronti\u00e8res de l\u2019Europe tuent.<\/div>\n<\/div>\n<div class=\"chapo\">\n<p>Plus de 28 000 personnes sont mortes depuis 2014 en essayant de rejoindre l\u2019Europe ou de franchir ses fronti\u00e8res int\u00e9rieures, 49 000 depuis 1993. Elles viennent d\u2019Afrique, d\u2019Asie et du Moyen-Orient et disparaissent surtout en M\u00e9diterran\u00e9e et dans l\u2019Atlantique, mais aussi dans les Balkans, dans les Alpes, dans la Manche, dans la Bidassoa au pied des Pyr\u00e9n\u00e9es et dans d\u2019autres zones frontali\u00e8res.<\/p>\n<\/div>\n<p><!--more--><\/p>\n<p class=\"surtitre\">Marche vers Bruxelles<\/p>\n<h2 class=\"titre\">Plus aucun d\u00e9c\u00e8s en raison de la migration ni aux fronti\u00e8res ! Des droits pour toutes et tous !<\/h2>\n<div class=\"titre_logos\"><img decoding=\"async\" class=\"spip_logo spip_logos aligncenter\" src=\"http:\/\/www.cadtm.org\/local\/cache-vignettes\/L600xH424\/arton20987-2a90c.png?1661164965\" alt=\"\" width=\"600\" height=\"424\" \/><\/div>\n<div>\n<div class=\"texte\">\n<p>En parall\u00e8le, les personnes qui parviennent \u00e0 franchir ces fronti\u00e8res, travaillent et contribuent au d\u00e9veloppement des soci\u00e9t\u00e9s europ\u00e9ennes, sont parfois maintenues des ann\u00e9es sans droits, sans papiers. Pour ne pas avoir \u201cles bons papiers\u201d, ils et elles sont emp\u00each\u00e9.e.s d\u2019acc\u00e9der \u00e0 leurs droits les plus fondamentaux, comme l\u2019acc\u00e8s \u00e0 la sant\u00e9 ou \u00e0 la justice.<\/p>\n<p>Ces morts et ces situations de vie sont invisibles pour la grande majorit\u00e9 de la population, tout comme la responsabilit\u00e9 de l\u2019UE \u00e0 leur \u00e9gard. Or, de toute \u00e9vidence, les \u00c9tats europ\u00e9ens ne reconnaissent pas \u00e0 tout le monde le droit de circuler librement et en toute s\u00e9curit\u00e9, comme celui de jouir de ses droits fondamentaux.<\/p>\n<p>Le r\u00e9cent drame de l\u2019exil d\u2019Ukraine caus\u00e9 par la guerre, s\u2019ajoute \u00e0 ces exodes de personnes d\u00e9plac\u00e9es partout dans le monde.<\/p>\n<p>Nous nous f\u00e9licitons de l\u2019accueil extraordinaire que l\u2019Union europ\u00e9enne r\u00e9serve aujourd\u2019hui aux millions d\u2019Ukrainien.ne.s fuyant la guerre, en r\u00e9gularisant imm\u00e9diatement leur situation. Nous pensons qu\u2019il est temps qu\u2019elle applique la m\u00eame mesure de solidarit\u00e9 pour toutes les personnes exil\u00e9es.<\/p>\n<p><strong>La proposition<\/strong><\/p>\n<p>Face \u00e0 cette situation, nous proposons une\u00a0<a class=\"cs_glossaire\" href=\"http:\/\/www.cadtm.org\/Action-Actions\" name=\"mot1341_0\"><span class=\"gl_mot\">action<\/span><\/a>\u00a0de protestation \u00e0 Bruxelles avec diff\u00e9rentes organisations europ\u00e9ennes qui d\u00e9fendent les droits des personnes migrantes.<\/p>\n<p>Nous voulons que cette initiative consolide un mouvement qui d\u00e9nonce et propose des alternatives de fa\u00e7on permanente, qui r\u00e9veille la responsabilit\u00e9 des gouvernements.<\/p>\n<p>Nous marcherons les 30 septembre et 1<sup class=\"typo_exposants\">er<\/sup>\u00a0octobre 2022 jusqu\u2019au c\u0153ur politique de l\u2019Europe, \u00e0 Bruxelles. Nous proposons aux personnes, collectifs et organisations d\u2019Europe et aussi des pays d\u2019origine des migrant.e.s de nous rejoindre.<\/p>\n<p>Le slogan est \u00ab\u00a0Rights. No Deaths\u201d car en plus des morts, nous d\u00e9non\u00e7ons la souffrance des personnes sans-papiers. Vivre, c\u2019est vivre avec des droits.<\/p>\n<p><strong>Les objectifs<\/strong><\/p>\n<p>Nos objectifs sont les suivants\u00a0:<\/p>\n<ul class=\"spip\">\n<li>D\u00e9noncer l\u2019Union europ\u00e9enne comme responsable des politiques migratoires \u00e0 l\u2019origine de ces d\u00e9c\u00e8s.<\/li>\n<li>Exiger que les institutions europ\u00e9ennes \u2013 Commission, Conseil et Parlement \u2013 prennent des mesures concr\u00e8tes pour garantir les droits humains des migrant.e.s, y compris le droit de circuler librement et en toute s\u00e9curit\u00e9. Et que les mesures int\u00e8grent une perspective intersectionnelle de genre et de droits.<\/li>\n<li>D\u00e9noncer les causes qui obligent les gens \u00e0 migrer.<\/li>\n<li>Sensibiliser l\u2019opinion publique europ\u00e9enne \u00e0 la situation.<\/li>\n<li>Exiger la r\u00e9gularisation des personnes migrantes et r\u00e9fugi\u00e9es qui vivent dans l\u00b4union europ\u00e9enne.<\/li>\n<li>Consolider le r\u00e9seau international de d\u00e9nonciation et de solidarit\u00e9 avec les migrant.e.s et les r\u00e9fugi\u00e9.e.s.<\/li>\n<\/ul>\n<p><a class=\"spip_out\" href=\"https:\/\/rights.nodeaths.eu\/fr\/\" target=\"_blank\" rel=\"external noopener\">https:\/\/rights.nodeaths.eu\/fr\/<\/a><\/p>\n<p style=\"text-align: center;\"><strong>Action europ\u00e9enne contre les politiques meurtri\u00e8res de l\u2019UE<br class=\"autobr\" \/>Samedi 1<sup class=\"typo_exposants\">er<\/sup>\u00a0octobre \u00e0 15h au SQUARE LUXEMBOURG<\/strong><\/p>\n<p><span class=\"spip_document_22220 spip_documents spip_documents_center\"><img decoding=\"async\" class=\"aligncenter\" src=\"http:\/\/www.cadtm.org\/local\/cache-vignettes\/L640xH906\/4_6048837957488480012-69326.jpg?1661164966\" alt=\"\" width=\"640\" height=\"906\" \/><\/span><\/p>\n<\/div>\n<div class=\"socialtags\">\n<p><a title=\"Partage par email (mailto)\" href=\"mailto:?subject=Plus%20aucun%20d%C3%A9c%C3%A8s%20en%20raison%20de%20la%20migration%20ni%20aux%20fronti%C3%A8res%20!%20Des%20droits%20pour%20toutes%20et%20tous%20!&amp;body=http%3A%2F%2Fwww.cadtm.org%2FPlus-aucun-deces-en-raison-de-la-migration-ni-aux-frontieres-Des-droits-pour\" rel=\"nofollow\">\u00a0<\/a><\/p>\n<p>&nbsp;<\/p>\n<\/div>\n<\/div>\n","protected":false},"excerpt":{"rendered":"<p>Les fronti\u00e8res de l\u2019Europe tuent. Plus de 28 000 personnes sont mortes depuis 2014 en essayant de rejoindre l\u2019Europe ou de franchir ses fronti\u00e8res int\u00e9rieures, 49 000 depuis 1993. Elles viennent d\u2019Afrique, d\u2019Asie et du Moyen-Orient et disparaissent surtout en M\u00e9diterran\u00e9e et dans l\u2019Atlantique, mais aussi dans les Balkans, dans les Alpes, dans la Manche, &#8230; <a title=\"Marche vers Bruxelles : Plus aucun d\u00e9c\u00e8s en raison de la migration ni aux fronti\u00e8res ! Des droits pour toutes et tous !\" class=\"read-more\" href=\"https:\/\/bruxelles-pantheres.be\/?p=5261\" aria-label=\"En savoir plus sur Marche vers Bruxelles : Plus aucun d\u00e9c\u00e8s en raison de la migration ni aux fronti\u00e8res ! Des droits pour toutes et tous !\">Lire la suite<\/a><\/p>\n","protected":false},"author":1,"featured_media":5262,"comment_status":"open","ping_status":"open","sticky":false,"template":"","format":"standard","meta":{"footnotes":""},"categories":[36,4,7,8,18,28,39,5],"tags":[410,241],"class_list":["post-5261","post","type-post","status-publish","format-standard","has-post-thumbnail","hentry","category-europe","category-islamophobie","category-negrophobie","category-prisons","category-resistance-bruxelles","category-racismes","category-sans-papier","category-violence-policiere","tag-migrants","tag-sans-papiers"],"_links":{"self":[{"href":"https:\/\/bruxelles-pantheres.be\/index.php?rest_route=\/wp\/v2\/posts\/5261","targetHints":{"allow":["GET"]}}],"collection":[{"href":"https:\/\/bruxelles-pantheres.be\/index.php?rest_route=\/wp\/v2\/posts"}],"about":[{"href":"https:\/\/bruxelles-pantheres.be\/index.php?rest_route=\/wp\/v2\/types\/post"}],"author":[{"embeddable":true,"href":"https:\/\/bruxelles-pantheres.be\/index.php?rest_route=\/wp\/v2\/users\/1"}],"replies":[{"embeddable":true,"href":"https:\/\/bruxelles-pantheres.be\/index.php?rest_route=%2Fwp%2Fv2%2Fcomments&post=5261"}],"version-history":[{"count":1,"href":"https:\/\/bruxelles-pantheres.be\/index.php?rest_route=\/wp\/v2\/posts\/5261\/revisions"}],"predecessor-version":[{"id":5263,"href":"https:\/\/bruxelles-pantheres.be\/index.php?rest_route=\/wp\/v2\/posts\/5261\/revisions\/5263"}],"wp:featuredmedia":[{"embeddable":true,"href":"https:\/\/bruxelles-pantheres.be\/index.php?rest_route=\/wp\/v2\/media\/5262"}],"wp:attachment":[{"href":"https:\/\/bruxelles-pantheres.be\/index.php?rest_route=%2Fwp%2Fv2%2Fmedia&parent=5261"}],"wp:term":[{"taxonomy":"category","embeddable":true,"href":"https:\/\/bruxelles-pantheres.be\/index.php?rest_route=%2Fwp%2Fv2%2Fcategories&post=5261"},{"taxonomy":"post_tag","embeddable":true,"href":"https:\/\/bruxelles-pantheres.be\/index.php?rest_route=%2Fwp%2Fv2%2Ftags&post=5261"}],"curies":[{"name":"wp","href":"https:\/\/api.w.org\/{rel}","templated":true}]}}