{"id":5274,"date":"2022-09-18T16:05:42","date_gmt":"2022-09-18T15:05:42","guid":{"rendered":"https:\/\/bruxelles-pantheres.be\/?p=5274"},"modified":"2022-09-18T16:06:17","modified_gmt":"2022-09-18T15:06:17","slug":"40-ans-apres-le-massacre-de-sabra-et-chatila-la-resistance-continue-pour-le-retour-et-la-liberation","status":"publish","type":"post","link":"https:\/\/bruxelles-pantheres.be\/?p=5274","title":{"rendered":"40 ans apr\u00e8s le massacre de Sabra et Chatila : la r\u00e9sistance continue pour le retour et la lib\u00e9ration"},"content":{"rendered":"<p>Le 16 septembre 2022 marque le 40e anniversaire des abominables massacres de Sabra et Chatila, qui ont co\u00fbt\u00e9 la vie \u00e0 des milliers de Palestiniens et de Libanais, dans le summum de l\u2019alliance criminelle de l\u2019imp\u00e9rialisme am\u00e9ricain, du sionisme et des forces ultra-r\u00e9actionnaires arabes. Aujourd\u2019hui, nous nous souvenons des martyrs et leur rendons hommage, et nous demandons que justice soit faite et que les coupables rendent des comptes, une v\u00e9ritable justice qui ne peut venir qu\u2019avec la lib\u00e9ration de la Palestine, de la mer au Jourdain.<\/p>\n<p>A l\u2019occasion de cet anniversaire, nous republions une version l\u00e9g\u00e8rement modifi\u00e9e de notre d\u00e9claration ant\u00e9rieure sur les massacres de Sabra et Chatila, la Nakba continue, mais la r\u00e9sistance et la lutte r\u00e9volutionnaire pour la lib\u00e9ration et le retour aussi :<!--more--><br \/>\n<a href=\"https:\/\/i0.wp.com\/samidoun.net\/site\/wp-content\/uploads\/2022\/09\/a11a7f10-bb79-4d72-ada2-cbc796d1a67b-1024x768-1-1024x675-1.jpg?ssl=1\"><img decoding=\"async\" class=\"aligncenter size-full wp-image-53651\" src=\"https:\/\/i0.wp.com\/samidoun.net\/site\/wp-content\/uploads\/2022\/09\/a11a7f10-bb79-4d72-ada2-cbc796d1a67b-1024x768-1-1024x675-1.jpg?resize=1024%2C675&amp;ssl=1\" sizes=\"(max-width: 1024px) 100vw, 1024px\" srcset=\"https:\/\/i0.wp.com\/samidoun.net\/site\/wp-content\/uploads\/2022\/09\/a11a7f10-bb79-4d72-ada2-cbc796d1a67b-1024x768-1-1024x675-1.jpg?w=1024&amp;ssl=1 1024w, https:\/\/i0.wp.com\/samidoun.net\/site\/wp-content\/uploads\/2022\/09\/a11a7f10-bb79-4d72-ada2-cbc796d1a67b-1024x768-1-1024x675-1.jpg?resize=250%2C165&amp;ssl=1 250w, https:\/\/i0.wp.com\/samidoun.net\/site\/wp-content\/uploads\/2022\/09\/a11a7f10-bb79-4d72-ada2-cbc796d1a67b-1024x768-1-1024x675-1.jpg?resize=300%2C198&amp;ssl=1 300w\" alt=\"\" width=\"1024\" height=\"675\" data-recalc-dims=\"1\" \/><\/a>Il y a quarante ans, du 16 au 18 septembre 1982, les Palestiniens du Liban \u2013 et partout en Palestine, en exil et dans la diaspora \u2013 ont \u00e9t\u00e9 confront\u00e9s aux horreurs des massacres de Sabra et Chatila. Des milliers de r\u00e9fugi\u00e9s palestiniens du camp de r\u00e9fugi\u00e9s de Chatila et du quartier de Sabra \u00e0 Beyrouth ont \u00e9t\u00e9 massacr\u00e9s par la milice fasciste libanaise <em>Phalangiste<\/em>, l\u2019op\u00e9ration \u00e9tant supervis\u00e9e par les forces d\u2019occupation isra\u00e9liennes qui ont encercl\u00e9 les camps de tous les c\u00f4t\u00e9s, tirant des fus\u00e9es \u00e9clairantes pour \u00e9clairer le ciel nocturne pour les forces meurtri\u00e8res.<\/p>\n<p>Les massacres de Sabra et Chatila faisaient partie int\u00e9grante de l\u2019invasion isra\u00e9lienne du Liban en 1982, qui visait \u00e0 d\u00e9truire les forces r\u00e9volutionnaires palestiniennes et leurs alli\u00e9s libanais par tous les moyens, y compris par une immense brutalit\u00e9 \u00e0 l\u2019\u00e9gard de la population civile.<\/p>\n<p>Les forces de d\u00e9fense palestiniennes de l\u2019Organisation de lib\u00e9ration de la Palestine, les combattants de la r\u00e9volution palestinienne, ont \u00e9t\u00e9 contraintes de quitter le Liban dans le cadre d\u2019un accord dit de \u201ccessez-le-feu\u201d n\u00e9goci\u00e9 par les \u00c9tats-Unis. Ce soi-disant \u201cplan de paix\u201d n\u00e9goci\u00e9 par les \u00c9tats-Unis \u00e9tait cens\u00e9 prot\u00e9ger les r\u00e9fugi\u00e9s palestiniens.<\/p>\n<p>Quelques jours apr\u00e8s le retrait des d\u00e9fenseurs des camps, suivi de peu par l\u2019assassinat du chef phalangiste Bechir Gemayel, les forces d\u2019occupation isra\u00e9liennes et leurs alli\u00e9s phalangistes ont envahi Beyrouth et, le 15 septembre 1982, ont encercl\u00e9 le camp de r\u00e9fugi\u00e9s de Shatila, o\u00f9 vivaient essentiellement des femmes, des enfants et des vieillards seuls. Les forces isra\u00e9liennes ont install\u00e9 des points de contr\u00f4le \u00e0 chaque entr\u00e9e du camp, emp\u00eachant les civils palestiniens de sortir et contr\u00f4lant tous les points d\u2019entr\u00e9e.<\/p>\n<p class=\"Textbody\">Ces forces d\u2019occupation isra\u00e9liennes ont accueilli, dirig\u00e9 et ouvert la voie aux milices fascistes pour qu\u2019elles p\u00e9n\u00e8trent dans les camps et \u201c<i>\u00e9liminent les membres de l\u2019OLP<\/i>\u201c, fournissant ainsi le soutien militaire et l\u2019encerclement n\u00e9cessaires au massacre de milliers de r\u00e9fugi\u00e9s palestiniens priv\u00e9s de leurs r\u00e9sistants et de leurs armes d\u00e9fensives.<\/p>\n<p class=\"Textbody\">Pr\u00e8s de 4 000 Palestiniens et Libanais ont \u00e9t\u00e9 massacr\u00e9s, des personnes \u00e2g\u00e9es aux b\u00e9b\u00e9s. Les chiffres exacts restent inconnus et de nombreuses victimes sont encore port\u00e9es disparues aujourd\u2019hui. La violence de l\u2019attaque a \u00e9t\u00e9 immense, les femmes viol\u00e9es, tortur\u00e9es et brutalis\u00e9es et les enfants abattus de sang-froid. Les forces d\u2019occupation isra\u00e9liennes qui entouraient le camp ont laiss\u00e9 le champ libre \u00e0 un nombre encore plus grand de miliciens fascistes pour entrer dans le camp, alors m\u00eame qu\u2019elles emp\u00eachaient les r\u00e9sidents palestiniens et libanais de fuir. Ariel Sharon, alors ministre sioniste de la guerre, a \u00e9t\u00e9 directement inform\u00e9 du massacre et a supervis\u00e9 l\u2019encerclement continu des camps.<\/p>\n<p class=\"Textbody\">Les femmes et les enfants palestiniens ont r\u00e9sist\u00e9 avec pour seules armes leur corps et leur souffle. Malgr\u00e9 leur manque de protection et la force \u00e9crasante exerc\u00e9e par l\u2019arm\u00e9e isra\u00e9lienne et la milice fasciste qui les encerclaient, la r\u00e9sistance du peuple palestinien \u00e0 l\u2019int\u00e9rieur de Sabra et Chatila a sauv\u00e9 des centaines de vies civiles.<\/p>\n<p>Malgr\u00e9 le temps qui passe, les appels des victimes et du peuple palestinien restent clairs : une demande de justice, et, surtout, la mise en \u0153uvre du droit au retour en Palestine et la lib\u00e9ration de la Palestine de la mer au Jourdain.<\/p>\n<p><a href=\"https:\/\/i0.wp.com\/samidoun.net\/site\/wp-content\/uploads\/2022\/09\/signal-2022-09-16-042858_003-scaled.jpeg?ssl=1\"><img decoding=\"async\" class=\"aligncenter size-full wp-image-53625\" src=\"https:\/\/i0.wp.com\/samidoun.net\/site\/wp-content\/uploads\/2022\/09\/signal-2022-09-16-042858_003-scaled.jpeg?resize=1200%2C900&amp;ssl=1\" sizes=\"(max-width: 1200px) 100vw, 1200px\" srcset=\"https:\/\/i0.wp.com\/samidoun.net\/site\/wp-content\/uploads\/2022\/09\/signal-2022-09-16-042858_003-scaled.jpeg?w=2560&amp;ssl=1 2560w, https:\/\/i0.wp.com\/samidoun.net\/site\/wp-content\/uploads\/2022\/09\/signal-2022-09-16-042858_003-scaled.jpeg?resize=250%2C188&amp;ssl=1 250w, https:\/\/i0.wp.com\/samidoun.net\/site\/wp-content\/uploads\/2022\/09\/signal-2022-09-16-042858_003-scaled.jpeg?resize=300%2C225&amp;ssl=1 300w, https:\/\/i0.wp.com\/samidoun.net\/site\/wp-content\/uploads\/2022\/09\/signal-2022-09-16-042858_003-scaled.jpeg?resize=1024%2C768&amp;ssl=1 1024w, https:\/\/i0.wp.com\/samidoun.net\/site\/wp-content\/uploads\/2022\/09\/signal-2022-09-16-042858_003-scaled.jpeg?resize=265%2C198&amp;ssl=1 265w, https:\/\/i0.wp.com\/samidoun.net\/site\/wp-content\/uploads\/2022\/09\/signal-2022-09-16-042858_003-scaled.jpeg?w=2400&amp;ssl=1 2400w\" alt=\"\" width=\"1200\" height=\"900\" data-recalc-dims=\"1\" \/><\/a>Les massacres de Sabra et Chatila n\u2019\u00e9taient pas un acte de violence al\u00e9atoire ; ils \u00e9taient au c\u0153ur de l\u2019invasion isra\u00e9lienne du Liban, soutenue par les \u00c9tats-Unis, qui a fait plus de 30 000 victimes. Des milliers d\u2019autres sont toujours port\u00e9es disparues aujourd\u2019hui. Ces massacres ont \u00e9t\u00e9 con\u00e7us comme un acte de g\u00e9nocide, destin\u00e9 \u00e0 d\u00e9barrasser le Liban de sa population palestinienne, facilit\u00e9 par les m\u00eames forces responsables de la\u00a0 <a href=\"https:\/\/palestinevaincra.com\/2020\/05\/commemorer-la-nakba-cest-soutenir-la-resistance-palestinienne\/\">Nakba<\/a> et du nettoyage ethnique g\u00e9nocidaire en cours en Palestine occup\u00e9e.<\/p>\n<p class=\"Textbody\">Les massacres de Sabra et Chatila ont fait \u00e9cho non seulement aux cris de Deir Yassin, Kafr Qasem, Dawaymeh et al-Lid, mais aussi \u00e0 ceux des massacres de <a href=\"https:\/\/palestinevaincra.com\/2019\/09\/le-12-septembre-1970-septembre-noir-debutait-en-jordanie\/\">Septembre noir<\/a> en Jordanie, dix ans auparavant. Comme \u00e0 Sabra et Shatila, ils ont align\u00e9 les forces arabes les plus r\u00e9actionnaires avec l\u2019appui imp\u00e9rialiste et le soutien militaire sioniste. Le massacre \u00e9tait une tentative d\u2019an\u00e9antir la r\u00e9sistance palestinienne et, malgr\u00e9 sa violence brutale, une tentative qui a \u00e9chou\u00e9 comme toutes les autres violences coloniales de ce type depuis plus de 100 ans.<\/p>\n<p class=\"Textbody\">La r\u00e9sistance palestinienne et le peuple palestinien n\u2019ont pas \u00e9t\u00e9 vaincus \u00e0 Sabra et Chatila, pas plus que la r\u00e9sistance libanaise. La flamme de la r\u00e9volution palestinienne a continu\u00e9 de br\u00fbler, et ce n\u2019est que cinq ans plus tard, avec la mont\u00e9e de l\u2019Intifada en Cisjordanie et dans la bande de Gaza occup\u00e9es de Palestine, que le si\u00e8ge des camps de r\u00e9fugi\u00e9s palestiniens a \u00e9t\u00e9 bris\u00e9.<\/p>\n<p>Le 16 septembre 1982 a marqu\u00e9 le d\u00e9but des massacres de Sabra et Chatila ; c\u2019est aussi<a href=\"https:\/\/palestinevaincra.com\/2020\/09\/le-16-septembre-1982-jammoul-le-front-de-la-resistance-nationale-libanaise-est-fonde-contre-loccupation-israelienne\/\"> la naissance de <\/a><em><a href=\"https:\/\/palestinevaincra.com\/2020\/09\/le-16-septembre-1982-jammoul-le-front-de-la-resistance-nationale-libanaise-est-fonde-contre-loccupation-israelienne\/\">Jammoul<\/a><\/em>, le<em> Front de la r\u00e9sistance nationale libanaise<\/em>, compos\u00e9 de multiples organisations de gauche libanaises et palestiniennes qui se battent contre l\u2019occupation et l\u2019invasion isra\u00e9liennes.<\/p>\n<p>Apr\u00e8s des ann\u00e9es de r\u00e9sistance et de lutte, sous de multiples formes et directions politiques, la r\u00e9sistance libanaise, et en particulier la r\u00e9sistance islamique dirig\u00e9e par le <em>Hezbollah<\/em>, a r\u00e9ussi \u00e0 d\u00e9raciner l\u2019occupation isra\u00e9lienne de son territoire,<a href=\"https:\/\/palestinevaincra.com\/2020\/05\/le-25-mai-le-liban-fete-la-journee-de-la-resistance-et-de-la-liberation\/\"> for\u00e7ant les forces d\u2019occupation sionistes \u00e0 quitter le Liban en mai 2000.<\/a><\/p>\n<p>Les combattants libanais et arabes qui ont reconnu le r\u00f4le des puissances imp\u00e9rialistes, telles que les \u00c9tats-Unis, la Grande-Bretagne et la France, dans l\u2019occupation et la destruction du Liban, de la Palestine et de la r\u00e9gion arabe en g\u00e9n\u00e9ral, ont engag\u00e9 la bataille contre le sionisme et l\u2019imp\u00e9rialisme au niveau international en r\u00e9ponse \u00e0 Sabra et Chatila. <em>Les Fractions arm\u00e9es r\u00e9volutionnaires libanaises (FARL)<\/em>, dont <a href=\"https:\/\/palestinevaincra.com\/2021\/06\/au-stand-palestine-a-toulouse-beaucoup-de-monde-pour-la-liberation-de-georges-abdallah\/\">Georges Abdallah \u00e9tait membre<\/a>, \u00e9tait l\u2019une de ces r\u00e9ponses<\/p>\n<p class=\"Textbody\"><b>La r\u00e9ponse populaire internationale \u00e0 l\u2019invasion du Liban et aux massacres de Sabra et Chatila, y compris la mobilisation des communaut\u00e9s palestiniennes en exil dans le monde entier et la croissance significative de l\u2019organisation de la solidarit\u00e9 avec la Palestine, a \u00e9galement fait partie de cette r\u00e9sistance continue. Des rassemblements et des marches ont eu lieu dans les rues du monde entier, avec le 29 novembre, la Journ\u00e9e internationale de solidarit\u00e9 avec le peuple palestinien, comme point central, brisant les murs qui avaient exclu la lutte palestinienne de la gauche officielle aux \u00c9tats-Unis et dans d\u2019autres pays occidentaux.<\/b><\/p>\n<p class=\"Textbody\"><b>\u00a0<\/b><b>Cette mobilisation des communaut\u00e9s palestiniennes et de la solidarit\u00e9 internationale est tout aussi vitale aujourd\u2019hui, pour faire face au projet d\u2019Oslo \u2013 un autre \u201cplan de paix\u201d inf\u00e2me et d\u00e9vastateur n\u00e9goci\u00e9 par les \u00c9tats-Unis \u2013 et \u00e0 la Nakba qui se poursuit en Palestine et ailleurs.<\/b><\/p>\n<p class=\"Textbody\"><b>\u00a0<\/b><b>L\u2019OLP des ann\u00e9es 1980 \u00e9tait les d\u00e9fenseurs des camps \u2013 mais l\u2019Autorit\u00e9 palestinienne d\u2019aujourd\u2019hui, qui a largement repris et d\u00e9membr\u00e9 l\u2019OLP, est engag\u00e9e dans une \u201ccoop\u00e9ration en mati\u00e8re de s\u00e9curit\u00e9\u201d avec les bouchers de Sabra et Chatila. Aujourd\u2019hui comme hier, c\u2019est la R\u00e9sistance palestinienne qui d\u00e9fend la terre et le peuple contre les massacres. C\u2019est la R\u00e9sistance libanaise qui a lib\u00e9r\u00e9 le Sud du Liban et le prot\u00e8ge aujourd\u2019hui de l\u2019invasion sioniste. C\u2019est la r\u00e9sistance arm\u00e9e qui prot\u00e8ge des crimes imp\u00e9rialistes, sionistes et fascistes, jamais la coop\u00e9ration ou la soumission \u00e0 ces forces criminelles.<\/b><\/p>\n<p class=\"Textbody\"><a href=\"https:\/\/i0.wp.com\/samidoun.net\/site\/wp-content\/uploads\/2022\/09\/PPPA_00383.jpg?ssl=1\"><img decoding=\"async\" class=\"aligncenter size-full wp-image-53623\" src=\"https:\/\/i0.wp.com\/samidoun.net\/site\/wp-content\/uploads\/2022\/09\/PPPA_00383.jpg?resize=482%2C692&amp;ssl=1\" sizes=\"(max-width: 482px) 100vw, 482px\" srcset=\"https:\/\/i0.wp.com\/samidoun.net\/site\/wp-content\/uploads\/2022\/09\/PPPA_00383.jpg?w=482&amp;ssl=1 482w, https:\/\/i0.wp.com\/samidoun.net\/site\/wp-content\/uploads\/2022\/09\/PPPA_00383.jpg?resize=174%2C250&amp;ssl=1 174w, https:\/\/i0.wp.com\/samidoun.net\/site\/wp-content\/uploads\/2022\/09\/PPPA_00383.jpg?resize=209%2C300&amp;ssl=1 209w\" alt=\"\" width=\"482\" height=\"692\" data-recalc-dims=\"1\" \/><\/a>Les artistes de la r\u00e9sistance palestinienne, arabe et internationale repr\u00e9sentent Sabra et Chatila avec l\u2019image de la fleur de la Palestine fleurissant grace au sang des martyrs, l\u2019esprit irr\u00e9pressible de la r\u00e9sistance et le deuil profond et la m\u00e9moire de ceux dont les vies ont \u00e9t\u00e9 vol\u00e9es par l\u2019alliance fasciste-sioniste-imp\u00e9rialiste dans les rues de Beyrouth.<\/p>\n<p>Aujourd\u2019hui, cela fait plus de 73 ans que les r\u00e9fugi\u00e9s palestiniens se voient refuser le droit de retourner chez eux sur leurs terres, leurs maisons et leurs propri\u00e9t\u00e9s en Palestine occup\u00e9e. Au Liban, les r\u00e9fugi\u00e9s palestiniens se voient \u00e9galement <a href=\"https:\/\/palestinevaincra.com\/2019\/07\/pourquoi-les-refugies-palestiniens-au-liban-manifestent-ils\/\">refuser les droits civils et humains fondamentaux<\/a>, y compris le droit de travailler dans plus de 70 professions. Cependant, les camps de r\u00e9fugi\u00e9s ont \u00e9t\u00e9 et restent des incubateurs populaires pour la r\u00e9sistance palestinienne et un noyau du mouvement palestinien, une boussole pointant vers la lib\u00e9ration et le retour. La r\u00e9sistance palestinienne \u2013 et la r\u00e9sistance libanaise \u2013 continue de repr\u00e9senter un espoir pour le monde, une d\u00e9fense de l\u2019humanit\u00e9 et de la justice contre la brutalit\u00e9 du colonialisme et de l\u2019exploitation.<\/p>\n<p><strong>Le r\u00e9seau de solidarit\u00e9 avec les prisonniers palestiniens Samidoun pleure les martyrs de Sabra et Chatila et salue tous les r\u00e9fugi\u00e9s palestiniens qui continuent \u00e0 lutter pour le retour et la lib\u00e9ration. Nous demandons la lib\u00e9ration de Georges Abdallah et de tous les prisonniers palestiniens dans les prisons isra\u00e9liennes, r\u00e9actionnaires et imp\u00e9rialistes, et nous soulignons que cette comm\u00e9moration doit \u00e9galement \u00eatre l\u2019occasion de se tenir aux c\u00f4t\u00e9s de la r\u00e9sistance palestinienne.<\/strong><\/p>\n<p>Les r\u00e9fugi\u00e9s palestiniens au Liban, ainsi que le peuple libanais, font face \u00e0 une crise \u00e9conomique d\u00e9vastatrice cr\u00e9\u00e9e par l\u2019exploitation capitaliste, la confiscation financi\u00e8re des ressources populaires, et la domination et les sanctions imp\u00e9rialistes. \u00c0 bien des \u00e9gards, les souffrances des r\u00e9fugi\u00e9s palestiniens dans la crise \u00e9conomique sont rendues invisibles \u2013 ils sont \u00e9galement priv\u00e9s de p\u00e9trole, de gaz, d\u2019\u00e9lectricit\u00e9 et d\u2019eau, souvent dans des conditions pires que celles de la population libanaise dans son ensemble. Pendant ce temps, les forces isra\u00e9liennes tentent de voler les ressources en gaz libanaises (et palestiniennes) et de saper la souverainet\u00e9 du Liban sur sa c\u00f4te.<\/p>\n<p>\u00c0 l\u2019occasion de la comm\u00e9moration des massacres de Sabra et Chatila, nous devons agir et nous organiser pour d\u00e9fendre le droit des r\u00e9fugi\u00e9s palestiniens \u00e0 retourner dans leurs maisons, leurs terres et leurs propri\u00e9t\u00e9s d\u2019origine dans toute la Palestine historique et pour garantir la restitution et les r\u00e9parations.<\/p>\n<p><strong>Nous devons \u00e9galement r\u00e9sister aux sanctions imp\u00e9rialistes impos\u00e9es par les \u00c9tats-Unis et d\u2019autres puissances occidentales qui visent \u00e0 isoler et \u00e0 affaiblir la r\u00e9sistance \u00e0 Isra\u00ebl, au sionisme, \u00e0 l\u2019imp\u00e9rialisme et aux forces r\u00e9actionnaires, et finalement \u00e0 liquider le mouvement de lib\u00e9ration nationale palestinien. Nous devons nous souvenir de Sabra et Shatila en soutenant la fermet\u00e9 des r\u00e9fugi\u00e9s palestiniens dans les camps et partout en exil et en diaspora, et en d\u00e9fendant le droit de vivre, le droit de rester et le droit de revenir\u00a0 et le droit de lib\u00e9rer la Palestine, de la mer au Jourdain.<\/strong><\/p>\n<p><a href=\"https:\/\/samidoun.net\/fr\/2022\/09\/40-ans-apres-le-massacre-de-sabra-et-chatila-la-resistance-continue-pour-le-retour-et-la-liberation\/\">Source<\/a><\/p>\n<div class=\"field field-name-title\">\n<h4>Sabra et Chatila. En 1982, trois jours d&rsquo;horreur dans les camps de r\u00e9fugi\u00e9s palestiniens<\/h4>\n<\/div>\n<div class=\"field field-name-field-news-chapo\">\n<p>Du 16 au 18 septembre 1982, alors que la guerre civile d\u00e9chire le Liban, des milices chr\u00e9tiennes massacrent les populations palestiniennes vivant dans ces deux camps de r\u00e9fugi\u00e9s. De r\u00e9centes preuves confirment la complicit\u00e9 des autorit\u00e9s isra\u00e9liennes dans l\u2019ex\u00e9cution de ces tueries.<\/p>\n<\/div>\n<div class=\"group-ft-auteur-date-media field-group-div\">\n<div class=\"field field-name-field-news-date-publication\"><span class=\"date-display-single\">Jeudi 15 Septembre 2022<\/span><\/div>\n<div class=\"field field-name-field-news-auteur\">Fran\u00e7oise Germain-Robin<\/div>\n<\/div>\n<div><\/div>\n<div>\n<div class=\"group-ft-auteur-date-media field-group-div\">\n<div class=\"field field-name-field-news-auteur\"><\/div>\n<\/div>\n<div class=\"field field-name-field-news-image\">\n<div class=\"ds-1col file file-image file-image-jpeg view-mode-evenement_full clearfix\">\n<p><a class=\"colorbox init-colorbox-processed cboxElement\" title=\"le 6 juin 1982, l&amp;#039;arm\u00e9e isra\u00e9lienne, lance l\u2019op\u00e9ration \u00ab Paix en Galil\u00e9e \u00bb. Aid\u00e9e par les phalangistes chr\u00e9tiens, elle se d\u00e9ploie dans l\u2019est et le nord de Beyrouth. L&amp;#039;objectif affich\u00e9 est de stopper les tirs de roquettes de l\u2019OLP depuis la capitale libanaise vers Isra\u00ebl. \u00a9 Simaon Marc\/Sipa \" href=\"https:\/\/www.humanite.fr\/sites\/default\/files\/images\/302057.HR.jpg\" data-colorbox-gallery=\"gallery-file-194704-A0du_u5Wy0M\" data-cbox-img-attrs=\"{&quot;title&quot;: &quot;&quot;, &quot;alt&quot;: &quot;le 6 juin 1982, l'arm\u00e9e isra\u00e9lienne, lance l\u2019op\u00e9ration \u00ab Paix en Galil\u00e9e \u00bb. Aid\u00e9e par les phalangistes chr\u00e9tiens, elle se d\u00e9ploie dans l\u2019est et le nord de Beyrouth. L'objectif affich\u00e9 est de stopper les tirs de roquettes de l\u2019OLP depuis la capitale libanaise vers Isra\u00ebl. \u00a9 Simaon Marc\/Sipa&quot;}\"><img decoding=\"async\" title=\"\" src=\"https:\/\/www.humanite.fr\/sites\/default\/files\/styles\/1200x675_full\/public\/images\/302057.HR.jpg?itok=CR-cAiUp\" alt=\"le 6 juin 1982, l'arm\u00e9e isra\u00e9lienne, lance l\u2019op\u00e9ration \u00ab Paix en Galil\u00e9e \u00bb. Aid\u00e9e par les phalangistes chr\u00e9tiens, elle se d\u00e9ploie dans l\u2019est et le nord de Beyrouth. L'objectif affich\u00e9 est de stopper les tirs de roquettes de l\u2019OLP depuis la capitale libanaise vers Isra\u00ebl. \u00a9 Simaon Marc\/Sipa\" width=\"900\" height=\"506\" \/><\/a><\/p>\n<div class=\"group-description field-group-div\">\n<div class=\"field field-name-field-common-description\">le 6 juin 1982, l&rsquo;arm\u00e9e isra\u00e9lienne, lance l\u2019op\u00e9ration \u00ab Paix en Galil\u00e9e \u00bb. Aid\u00e9e par les phalangistes chr\u00e9tiens, elle se d\u00e9ploie dans l\u2019est et le nord de Beyrouth. L&rsquo;objectif affich\u00e9 est de stopper les tirs de roquettes de l\u2019OLP depuis la capitale libanaise vers Isra\u00ebl. \u00a9 Simaon Marc\/Sipa<\/div>\n<\/div>\n<\/div>\n<\/div>\n<div class=\"group-texte-long field-group-div\">\n<div class=\"field field-name-qiota-widget\"><\/div>\n<div class=\"qiota_reserve\">\n<div class=\"field field-name-field-news-text\">\n<p class=\"TX\">Si les noms de Sabra et Chatila r\u00e9sonnent dans nos m\u00e9moires d\u2019une fa\u00e7on si terrible, c\u2019est que les massacres commis pendant ces trois jours et deux nuits d\u2019horreur, du 16 au 18\u00a0septembre 1982, dans les camps de r\u00e9fugi\u00e9s palestiniens de la banlieue sud de Beyrouth ont \u00e9t\u00e9 accompagn\u00e9s d\u2019atrocit\u00e9s incroyables. Certains de leurs auteurs, d\u2019ailleurs, n\u2019h\u00e9sitent pas \u00e0 s\u2019en vanter et \u00e0 donner des d\u00e9tails plus abominables les uns que les autres qui ont fait l\u2019objet d\u2019un film documentaire en 2006 (1).<\/p>\n<p class=\"TX\">\u00a0 \u00a0 \u00a0 \u00a0 \u00a0 \u00a0 \u00a0 \u00a0 \u00a0 \u00a0 \u00a0 \u00a0 \u00a0 \u00a0 \u00a0 \u00a0 \u00a0 \u00a0 \u00a0 \u00a0 \u00a0 \u00a0 \u00a0 \u00a0 \u00a0 \u00a0 \u00a0 \u00a0 \u00a0 \u00a0 \u00a0 \u00a0 \u00a0 \u00a0 \u00a0 \u00a0 \u00a0 \u00a0<iframe title=\"YouTube video player\" src=\"https:\/\/www.youtube.com\/embed\/n9hJEhFGClc\" width=\"560\" height=\"315\" frameborder=\"0\" allowfullscreen=\"allowfullscreen\"><\/iframe><\/p>\n<div class=\"field field-name-field-news-text\">\n<p class=\"TX\">Ces massacreurs patent\u00e9s qui ont tu\u00e9, viol\u00e9, tortur\u00e9 \u00e0 tour de bras \u00e9taient des Libanais membres de milices chr\u00e9tiennes rassembl\u00e9es dans les Forces libanaises (FL) sous la direction de Bachir Gemayel. Ces phalangistes participaient depuis 1975 \u00e0 la guerre civile au Liban contre les musulmans chiites et aussi sunnites, mais surtout contre les \u00ab\u2009forces palestino-progressistes\u2009\u00bb alliant les organisations palestiniennes et les partis de gauche libanais, dont le Parti communiste.<\/p>\n<p class=\"TX\"><strong>Selon le principe \u00ab\u2009les ennemis de mes ennemis sont mes amis\u2009\u00bb,\u00a0<\/strong>les FL s\u2019\u00e9taient alli\u00e9es \u00e0 l\u2019\u00c9tat d\u2019Isra\u00ebl dans le but de combattre ceux qu\u2019ils consid\u00e9raient comme leur ennemi commun\u2009: le peuple palestinien et son repr\u00e9sentant l\u00e9gitime et reconnu, l\u2019OLP (Organisation de lib\u00e9ration de la Palestine), que dirigeait Yasser Arafat.<\/p>\n<p class=\"TX\">Les phalangistes avaient facilit\u00e9 l\u2019invasion du Liban et son occupation par l\u2019arm\u00e9e isra\u00e9lienne depuis le 6\u00a0juin 1982, lui ouvrant la voie et lui balisant le chemin jusqu\u2019au si\u00e8ge de Beyrouth. La capitale fut bombard\u00e9e tout l\u2019\u00e9t\u00e9 depuis l\u2019est et le nord (quartiers chr\u00e9tiens), tandis que l\u2019ouest et le sud r\u00e9sistaient vaillamment \u00e0 l\u2019\u00e9crasante sup\u00e9riorit\u00e9 num\u00e9rique d\u2019Isra\u00ebl (2).<\/p>\n<div class=\"media media-element-container media-wysiwyg_paysage_libre media-wysiwyg-align-center\">\n<div class=\"ds-1col file file-image file-image-jpeg view-mode-wysiwyg_paysage_libre clearfix\">\n<p><img decoding=\"async\" class=\"media-element\" src=\"https:\/\/www.humanite.fr\/sites\/default\/files\/styles\/wysiwyg_paysage_libre\/public\/images\/302054.HR.jpg?itok=Fi3vf3DV\" alt=\"\" width=\"586\" height=\"389\" data-delta=\"2\" \/><\/p>\n<\/div>\n<\/div>\n<div class=\"legend\">\n<p class=\"TX\">Beyrouth, le 6 juin 1962. D\u00e9ploiement de l&rsquo;arm\u00e9e isra\u00e9lienne. \u00a9 Michel Philippot\/Sygma\/Getty Images<\/p>\n<\/div>\n<p class=\"TX\"><strong>Pour avoir suivi l\u2019arm\u00e9e d\u2019invasion en compagnie de confr\u00e8res isra\u00e9liens,<\/strong>\u00a0l\u2019auteure de cet article a pu constater la franche camaraderie qui r\u00e9gnait entre chefs phalangistes et officiers isra\u00e9liens. Parmi ces confr\u00e8res, Amnon Kapeliouk, du journal \u00ab\u2009Yediot Aharonot\u2009\u00bb, le plus grand tirage du pays, publiait d\u00e8s novembre 1982 un livre intitul\u00e9 \u00ab\u2009Sabra et Chatila. Enqu\u00eate sur un massacre\u2009\u00bb (3). Il y montrait en particulier le r\u00f4le d\u2019Ariel Sharon, ministre de la D\u00e9fense, \u00e0 la fois l\u2019\u00e2me et le bras arm\u00e9 de cette invasion. Il avait plus ou moins forc\u00e9 la main du premier ministre de l\u2019\u00e9poque, Menahem Begin, qui avait fini par le laisser faire apr\u00e8s lui avoir fait promettre de ne pas occuper Beyrouth. Promesse aval\u00e9e, comme les autres, par un Sharon qui ne r\u00eavait que d\u2019une chose\u2009: d\u00e9truire l\u2019OLP retranch\u00e9e \u00e0 Beyrouth-Ouest, tuer Arafat et le plus possible de ces Palestiniens qu\u2019il appelait \u00ab\u2009terroristes\u2009\u00bb.<\/p>\n<p class=\"TX\">Certes, les horreurs de Sabra et Chatila ne sont pas directement commises par les Isra\u00e9liens. Mais l\u2019encha\u00eenement des faits tel qu\u2019il est \u00e9tabli par Kapeliouk, cartes \u00e0 l\u2019appui, parle de lui-m\u00eame. Le 6\u00a0juin 1982, l\u2019arm\u00e9e isra\u00e9lienne entre au Liban sous la conduite du chef d\u2019\u00e9tat-major Rapha\u00ebl Eytan et du chef de la r\u00e9gion Nord, Amir Drori. Cela en concertation \u00e9troite avec Bachir Gemayel, alli\u00e9 inconditionnel, qui est \u00e9lu pr\u00e9sident du Liban le 22\u00a0ao\u00fbt, au beau milieu du si\u00e8ge de sa capitale. Isra\u00ebl mettait ainsi au pouvoir un homme qui partageait sa haine des Palestiniens. N\u2019avait-il pas d\u00e9clar\u00e9 un mois plus t\u00f4t, dans une interview au \u00ab\u2009Nouvel Observateur\u2009\u00bb\u2009: \u00ab\u2009Il y a un peuple de trop au Moyen-Orient et c\u2019est le peuple palestinien\u2009\u00bb\u2009?<\/p>\n<p class=\"TX\"><strong>Tout cela se passait sous le regard et avec l\u2019appui des \u00c9tats-Unis de Ronald Reagan.<\/strong>\u00a0Sous son \u00e9gide, un cessez-le-feu est n\u00e9goci\u00e9 qui pr\u00e9voit l\u2019\u00e9vacuation des forces palestiniennes de Beyrouth-Ouest. Celle-ci se fait sous la protection militaire fran\u00e7aise et italienne, avec promesse d\u2019assurer la s\u00e9curit\u00e9 des populations civiles palestiniennes mais aussi libanaises repli\u00e9es dans les camps pour fuir l\u2019arm\u00e9e d\u2019invasion. Le 1<sup>er<\/sup>\u00a0septembre, les derniers combattants palestiniens sont \u00e9vacu\u00e9s par mer, et avec eux le chef de l\u2019OLP, Yasser Arafat, qui trouvera refuge \u00e0 Tunis. Le 13\u00a0septembre, tous les contingents occidentaux (am\u00e9ricains, fran\u00e7ais et italiens) sont partis. Le 14, le nouveau pr\u00e9sident du Liban, Bachir Gemayel, est tu\u00e9 par une bombe lors d\u2019une r\u00e9union au si\u00e8ge des Forces libanaises (l\u2019explosion fait 33 morts).<\/p>\n<p class=\"TX\">Le 15\u00a0septembre, \u00e0 5\u00a0heures du matin, l\u2019arm\u00e9e isra\u00e9lienne entre dans Beyrouth-Ouest sur trois axes et encercle les camps de Sabra et Chatila. Ariel Sharon vient personnellement inspecter le dispositif. Il s\u2019agit selon lui \u00ab\u2009d\u2019\u00e9viter une effusion de sang apr\u00e8s la mort de Bachir (Gemayel)\u2009\u00bb. Le chef d\u2019\u00e9tat-major Rapha\u00ebl Eytan affirmera pour sa part que des combats ont lieu dans les camps entre factions palestiniennes arm\u00e9es qui y sont rest\u00e9es apr\u00e8s le d\u00e9part d\u2019Arafat. Il demande \u00e0 l\u2019arm\u00e9e libanaise\u2009: \u00ab\u2009Ne g\u00eanez pas notre progression. Nous aurons peut-\u00eatre besoin de vous plus tard pour nettoyer les camps.\u2009\u00bb<\/p>\n<p class=\"TX\">Le 16\u00a0septembre, les Forces libanaises entrent \u00e0 Sabra et Chatila et les massacres commencent. Sharon re\u00e7oit un message d\u2019Eytan\u2009: \u00ab\u2009Nos amis sont entr\u00e9s dans les camps\u2009\u00bb, et r\u00e9pond\u2009: \u00ab\u2009F\u00e9licitations.\u2009\u00bb Pendant les deux nuits suivantes, l\u2019arm\u00e9e isra\u00e9lienne braquera de puissants projecteurs pour aider les tueurs \u00e0 accomplir leur mission de \u00ab\u2009nettoyage\u2009\u00bb. Le 17\u00a0septembre, l\u2019ambassadeur itin\u00e9rant de Reagan, Morris Draper, demande \u00e0 Sharon de se retirer, ce \u00e0 quoi celui-ci r\u00e9pond\u2009: \u00ab\u2009Si nous partons, qui va s\u2019occuper des terroristes\u2009?\u2009\u00bb Et Draper lui accorde quarante-huit heures de plus\u2026 quarante-huit heures de meurtres, de viols, de tortures.<\/p>\n<div class=\"media media-element-container media-wysiwyg_paysage_libre media-wysiwyg-align-center\">\n<div class=\"ds-1col file file-image file-image-jpeg view-mode-wysiwyg_paysage_libre clearfix\">\n<p><img decoding=\"async\" class=\"media-element\" src=\"https:\/\/www.humanite.fr\/sites\/default\/files\/styles\/wysiwyg_paysage_libre\/public\/images\/302056.HR.jpg?itok=Ule8y2D5\" alt=\"\" width=\"586\" height=\"373\" data-delta=\"1\" \/><\/p>\n<\/div>\n<\/div>\n<div class=\"legend\">\n<p class=\"TX\">Le 25 septembre,\u00a0400 000 Isra\u00e9liens d\u00e9filent \u00e0 Tel-Aviv pour d\u00e9noncer les massacres. \u00a9 UPI\/Havakuk Levision\/AFP<\/p>\n<\/div>\n<p class=\"TX\"><strong>On ne saura jamais le nombre exact des victimes du carnage.<\/strong>\u00a0L\u2019arm\u00e9e isra\u00e9lienne parle de 700 \u00e0 800 morts, les Libanais de plus de 1\u2009000 et les Palestiniens de 5\u2009000, dont un quart de Libanais. Les corps sont entass\u00e9s \u00e0 la h\u00e2te dans des fosses communes, mais des dizaines jonchent encore les rues, le 18\u00a0septembre au matin, quand l\u2019acc\u00e8s est ouvert aux journalistes et aux secours.<\/p>\n<p class=\"TX\">Le choc est immense, l\u2019\u00e9motion plan\u00e9taire. Tout de suite, la responsabilit\u00e9 d\u2019Isra\u00ebl est point\u00e9e. Tel-Aviv va tout faire pour d\u00e9tourner l\u2019attention et se justifier en faisant m\u00eame semblant de ne pas \u00eatre au courant\u2009! Le 19\u00a0septembre, une r\u00e9union d\u2019urgence a lieu entre le nouveau chef des Forces libanaises, Elie Hobeika, et les Isra\u00e9liens\u2009: le g\u00e9n\u00e9ral Eytan, Amir Drori et le chef adjoint du Mossad, Menahem Navot. Il s\u2019agit de se mettre d\u2019accord sur une version des \u00e9v\u00e9nements acceptable pour l\u2019opinion internationale, mais aussi isra\u00e9lienne.<\/p>\n<p class=\"TX\">Des manifestations de masse ont en effet eu lieu en Isra\u00ebl pour condamner l\u2019attitude du gouvernement et demander la d\u00e9mission de Sharon et Begin. La plus importante, organis\u00e9e par le mouvement isra\u00e9lien la Paix maintenant, a r\u00e9uni 400\u2009000 personnes, le 25 septembre, \u00e0 Tel-Aviv. Le 29, l\u2019arm\u00e9e se retire de Beyrouth.<\/p>\n<p class=\"TX\">L\u2019implication d\u2019Isra\u00ebl est si \u00e9vidente que Sharon sera oblig\u00e9 de d\u00e9missionner quelques semaines plus tard, de m\u00eame Begin au bout d\u2019un an apr\u00e8s la publication du rapport d\u2019Yitzhak Kahane, le juge qui dirigea la commission d\u2019enqu\u00eate isra\u00e9lienne sur le massacre.<\/p>\n<p class=\"TX\">Hobeika finira mal\u2009: il mourra dans une voiture pi\u00e9g\u00e9e en 2002 alors qu\u2019il allait r\u00e9pondre \u00e0 une convocation d\u2019un tribunal de Bruxelles saisi par 23 victimes rescap\u00e9es au nom de la comp\u00e9tence universelle (4).<\/p>\n<p class=\"TX\"><strong>Ces faits qu\u2019Isra\u00ebl a tent\u00e9 de dissimuler \u00e0 tout prix, r\u00e9v\u00e9l\u00e9s d\u00e8s novembre 1982\u00a0<\/strong>par Amnon Kapeliouk, sont d\u00e9sormais corrobor\u00e9s par d\u2019autres sources. Le 22\u00a0juin 2022, le journal isra\u00e9lien \u00ab\u2009Yediot Aharonot\u2009\u00bb publiait un article de Ronen Bergman \u00e0 partir de sources rest\u00e9es secr\u00e8tes du rapport Kahane et du Mossad. Il confirme la coordination tr\u00e8s \u00e9troite qui existait entre Isra\u00e9liens et phalangistes bien avant l\u2019invasion du Liban, et encore plus apr\u00e8s. Avec la m\u00eame id\u00e9e fixe de part et d\u2019autre\u2009: en finir avec les Palestiniens (5).<\/p>\n<p class=\"TX\">C\u2019est ce que montre aussi Seth Anziska, chercheur am\u00e9ricain d\u2019origine juive, dans son livre \u00ab\u2009Preventing Palestine\u2009\u00bb (emp\u00eacher la Palestine) (6). Il a tir\u00e9 de l\u2019examen de sources d\u00e9classifi\u00e9es de la commission Kahane \u00ab\u2009les preuves d\u2019un grand empressement des officiels isra\u00e9liens de voir les miliciens phalangistes entrer dans les camps pour s\u2019occuper des Palestiniens. Et le plus important est que ces plans n\u2019\u00e9taient pas limit\u00e9s aux seuls combattants de l\u2019OLP mais concernaient les r\u00e9fugi\u00e9s palestiniens en g\u00e9n\u00e9ral\u2009\u00bb.<\/p>\n<p class=\"TX\">Expulser les Palestiniens du Liban par la terreur comme autrefois, en 1948, on en avait expuls\u00e9 de Palestine plus de 800\u2009000 \u2013 dont une partie se retrouvait dans ces camps \u2013, tel \u00e9tait bien le plan conjoint de Sharon et de Gemayel, selon l\u2019auteur. Il cite une conversation de Gemayel disant le 14\u00a0juin 1982 au directeur du Mossad, Nahum Admoni\u2009: \u00ab\u2009Il est possible que nous ayons besoin de plusieurs Deir Yassin\u2009\u00bb \u2013 allusion au massacre, en avril 1948, de tout un village proche de J\u00e9rusalem pour semer la terreur et pousser les Palestiniens \u00e0 s\u2019enfuir.<\/p>\n<p class=\"TX\"><strong>Seth Anziska va plus loin dans son analyse en revisitant l\u2019histoire des divers accords<\/strong>\u00a0isra\u00e9lo-arabes patronn\u00e9s par les \u00c9tats-Unis, depuis celui de Camp David en 1978 jusqu\u2019\u00e0 celui d\u2019Oslo en 1993. Il conclut que \u00ab\u2009Washington et Tel-Aviv ont toujours eu la m\u00eame obsession\u2009: \u00e9viter \u00e0 tout prix la cr\u00e9ation d\u2019une Palestine ind\u00e9pendante. On parle d\u2019autonomie, jamais de souverainet\u00e9 pour les Palestiniens\u2009\u00bb.<\/p>\n<p class=\"TX\">Et c\u2019est valable pour les accords d\u2019Oslo, sign\u00e9s en 1993 par Arafat, Rabin et Peres sous l\u2019\u00e9gide de Bill Clinton\u2009: on y envisage \u00e0 terme une \u00ab\u2009solution de la question palestinienne\u2009\u00bb, mais qui reste ind\u00e9termin\u00e9e. Pour Seth Anziska, \u00ab\u2009m\u00eame Rabin \u00e9tait farouchement oppos\u00e9 \u00e0 la cr\u00e9ation d\u2019un \u00c9tat palestinien et Shimon Peres y \u00e9tait encore plus hostile\u2009\u00bb.<\/p>\n<p class=\"TX\">Pourtant, d\u2019immenses espoirs de paix sont n\u00e9s alors. Ils \u00e9taient vains, comme on le voit toujours trente et un ans apr\u00e8s\u2009: non seulement le gouvernement d\u2019Isra\u00ebl continue de coloniser la Palestine, de voler toujours plus de terres aux Palestiniens, mais il continue de les tuer, \u00e0 petit ou grand feu, selon les circonstances. Gaza subit des bombardements r\u00e9currents et meurtriers, comme ce fut encore le cas cet \u00e9t\u00e9. Et le compte quasi quotidien des jeunes Palestiniens, souvent des adolescents, abattus en Cisjordanie ne provoque gu\u00e8re de r\u00e9action dans le monde. Isra\u00ebl a r\u00e9ussi \u00e0 anesth\u00e9sier les consciences par cette routine de mort qui a commenc\u00e9 en 1948 et se poursuit avec la b\u00e9n\u00e9diction de Washington et le silence l\u00e2che et complice des autres capitales, dont Paris.<\/p>\n<div class=\"footnotes\"><span class=\"fonction\">(1) \u00ab\u00a0Massacre. Sabra et Chatila par ses bourreaux\u2009\u00bb, documentaire de Monika Bergmann, Lokman Slim et Hermann Theissen, 2006, Lichtblick Film. Lire\u00a0<a href=\"https:\/\/www.grands-reporters.com\/sabra-et-chatila-les-tueurs-parlent\/\">\u00ab\u2009Sabra et Chatila, les tueurs parlent\u2009\u00bb<\/a>\u00a0sur le site de Jean-Paul Mari\u2009:\u00a0<a href=\"http:\/\/www.grands-reporters.com\/\">www.grands-reporters.com<\/a>\u00a0(2) On estime \u00e0 76\u2009000 hommes le total des soldats isra\u00e9liens et des phalangistes engag\u00e9s dans la bataille, contre 12\u2009000 hommes pour les forces palestino-progressistes. (3) \u00ab\u00a0Sabra et Chatila. Enqu\u00eate sur un massacre\u2009\u00bb, d\u2019Amnon Kapeliouk, Seuil, 1982. (4) L\u2019enqu\u00eate belge sera abandonn\u00e9e apr\u00e8s une intervention de l\u2019avocate d\u2019Isra\u00ebl. (5) Lire\u00a0<a href=\"https:\/\/www.lorientlejour.com\/article\/1303414\/de-nouvelles-revelations-sur-sabra-et-chatila-dans-un-rapport-israelien.html#:~:text=Le%20journaliste%20d'investigation%20indique,%C2%BB%2C%20avait%2Dil%20lanc%C3%A9.\">\u00ab\u2009De nouvelles r\u00e9v\u00e9lations sur Sabra et Chatila dans un rapport isra\u00e9lien\u2009\u00bb<\/a>, 22\u00a0juin 2022, en ligne sur\u2009:\u00a0<a href=\"http:\/\/www.lorientlejour.com\/\">www.lorientlejour.com<\/a>\u00a0(6) \u00ab\u00a0Preventing Palestine. A Political History from Camp David to Oslo\u2009\u00bb, de Seth Anziska, Princeton University Press, 2018. Lire\u00a0<a href=\"https:\/\/orientxxi.info\/index.php?page=recherche&amp;id_rubrique=&amp;lang=fr&amp;recherche=%E2%80%89Nouvelles+r%C3%A9v%C3%A9lations+sur+les+massacres+de+Sabra+et+Chatila%E2%80%89&amp;sa.x=12&amp;sa.y=2\">\u00ab\u2009Nouvelles r\u00e9v\u00e9lations sur les massacres de Sabra et Chatila\u2009\u00bb, de Sylvain Cypel, 26\u00a0octobre 2018, en ligne sur\u2009: orientxxi.info.<\/a><\/span><\/div>\n<\/div>\n<div class=\"field field-name-field-news-encadre\">\n<p><a href=\"https:\/\/www.humanite.fr\/culture-et-savoirs\/il-etait-une-fois\/sabra-et-chatila-en-1982-trois-jours-d-horreur-dans-les-camps-de-refugies-palestiniens-762712\">Source<\/a><\/p>\n<\/div>\n<\/div>\n<\/div>\n<\/div>\n<\/div>\n","protected":false},"excerpt":{"rendered":"<p>Le 16 septembre 2022 marque le 40e anniversaire des abominables massacres de Sabra et Chatila, qui ont co\u00fbt\u00e9 la vie \u00e0 des milliers de Palestiniens et de Libanais, dans le summum de l\u2019alliance criminelle de l\u2019imp\u00e9rialisme am\u00e9ricain, du sionisme et des forces ultra-r\u00e9actionnaires arabes. Aujourd\u2019hui, nous nous souvenons des martyrs et leur rendons hommage, et &#8230; <a title=\"40 ans apr\u00e8s le massacre de Sabra et Chatila : la r\u00e9sistance continue pour le retour et la lib\u00e9ration\" class=\"read-more\" href=\"https:\/\/bruxelles-pantheres.be\/?p=5274\" aria-label=\"En savoir plus sur 40 ans apr\u00e8s le massacre de Sabra et Chatila : la r\u00e9sistance continue pour le retour et la lib\u00e9ration\">Lire la suite<\/a><\/p>\n","protected":false},"author":1,"featured_media":5271,"comment_status":"open","ping_status":"open","sticky":false,"template":"","format":"standard","meta":{"footnotes":""},"categories":[36,6],"tags":[505],"class_list":["post-5274","post","type-post","status-publish","format-standard","has-post-thumbnail","hentry","category-europe","category-palestine-moyen-orient","tag-sabra-et-chatila"],"_links":{"self":[{"href":"https:\/\/bruxelles-pantheres.be\/index.php?rest_route=\/wp\/v2\/posts\/5274","targetHints":{"allow":["GET"]}}],"collection":[{"href":"https:\/\/bruxelles-pantheres.be\/index.php?rest_route=\/wp\/v2\/posts"}],"about":[{"href":"https:\/\/bruxelles-pantheres.be\/index.php?rest_route=\/wp\/v2\/types\/post"}],"author":[{"embeddable":true,"href":"https:\/\/bruxelles-pantheres.be\/index.php?rest_route=\/wp\/v2\/users\/1"}],"replies":[{"embeddable":true,"href":"https:\/\/bruxelles-pantheres.be\/index.php?rest_route=%2Fwp%2Fv2%2Fcomments&post=5274"}],"version-history":[{"count":1,"href":"https:\/\/bruxelles-pantheres.be\/index.php?rest_route=\/wp\/v2\/posts\/5274\/revisions"}],"predecessor-version":[{"id":5275,"href":"https:\/\/bruxelles-pantheres.be\/index.php?rest_route=\/wp\/v2\/posts\/5274\/revisions\/5275"}],"wp:featuredmedia":[{"embeddable":true,"href":"https:\/\/bruxelles-pantheres.be\/index.php?rest_route=\/wp\/v2\/media\/5271"}],"wp:attachment":[{"href":"https:\/\/bruxelles-pantheres.be\/index.php?rest_route=%2Fwp%2Fv2%2Fmedia&parent=5274"}],"wp:term":[{"taxonomy":"category","embeddable":true,"href":"https:\/\/bruxelles-pantheres.be\/index.php?rest_route=%2Fwp%2Fv2%2Fcategories&post=5274"},{"taxonomy":"post_tag","embeddable":true,"href":"https:\/\/bruxelles-pantheres.be\/index.php?rest_route=%2Fwp%2Fv2%2Ftags&post=5274"}],"curies":[{"name":"wp","href":"https:\/\/api.w.org\/{rel}","templated":true}]}}