{"id":5281,"date":"2022-10-02T19:30:46","date_gmt":"2022-10-02T18:30:46","guid":{"rendered":"https:\/\/bruxelles-pantheres.be\/?p=5281"},"modified":"2022-10-02T19:33:39","modified_gmt":"2022-10-02T18:33:39","slug":"la-megaprison-ne-doit-pas-ouvrir","status":"publish","type":"post","link":"https:\/\/bruxelles-pantheres.be\/?p=5281","title":{"rendered":"La m\u00e9gaprison ne doit pas ouvrir, , il faudra fermer cette m\u00e9gaprison qui ne peut r\u00e9soudre aucun des probl\u00e8mes"},"content":{"rendered":"<p>La m\u00e9gaprison ne doit pas ouvrir avant qu&rsquo;elle soit conforme aux permis d\u00e9livr\u00e9s.<br \/>\nElle ne doit pas non plus ouvrir avant qu&rsquo;elle soit conforme aux normes internationales dont Marc N\u00e8ve rappelle l&rsquo;existence dans l&rsquo;excellente interview ci-dessous.<br \/>\nElle ne doit pas ouvrir tant que le cadre du personnel ne sera pas plein, ou pas plus que ce que ne permet le cadre du personnel qui pourra effectivement \u00eatre engag\u00e9: nous plaidons pour que les gens ne postulent pas pour garder cette prison qui va financer des multinationales douteuses qui travaillent avec des dictatures.<br \/>\nFinalement, lorsqu&rsquo;elle pourra ouvrir, il faudra fermer cette m\u00e9gaprison qui ne peut r\u00e9soudre aucun des probl\u00e8mes qu&rsquo;elle ne devait de toute fa\u00e7on pas r\u00e9soudre, qui va au contraire aggraver dangereusement le d\u00e9sastre carc\u00e9ral, tout en gaspillant une quantit\u00e9 astronomique d&rsquo;argent public.<br \/>\nLa solution \u00e0 la surpopulation carc\u00e9rale et aux mauvaises conditions de d\u00e9tention, c&rsquo;est moins de prison, beaucoup moins de prison, et plus d&rsquo;humanit\u00e9. Pas plus de prison semi-privatis\u00e9es high-tech.<!--more--><\/p>\n<div class=\"l7ghb35v kjdc1dyq kmwttqpk gh25dzvf jikcssrz n3t5jt4f\">\n<div dir=\"auto\"><a href=\"https:\/\/bruxelles-pantheres.be\/wp-content\/uploads\/2022\/10\/R.jpg\"><img decoding=\"async\" class=\"wp-image-5282 size-large aligncenter\" src=\"https:\/\/bruxelles-pantheres.be\/wp-content\/uploads\/2022\/10\/R-1024x577.jpg\" alt=\"\" width=\"1024\" height=\"577\" srcset=\"https:\/\/bruxelles-pantheres.be\/wp-content\/uploads\/2022\/10\/R-1024x577.jpg 1024w, https:\/\/bruxelles-pantheres.be\/wp-content\/uploads\/2022\/10\/R-300x169.jpg 300w, https:\/\/bruxelles-pantheres.be\/wp-content\/uploads\/2022\/10\/R-768x433.jpg 768w, https:\/\/bruxelles-pantheres.be\/wp-content\/uploads\/2022\/10\/R-1320x744.jpg 1320w, https:\/\/bruxelles-pantheres.be\/wp-content\/uploads\/2022\/10\/R.jpg 1346w\" sizes=\"(max-width: 1024px) 100vw, 1024px\" \/><\/a><\/div>\n<div dir=\"auto\">La nouvelle m\u00e9ga-prison de Haren est d\u00e9j\u00e0 d\u00e9pass\u00e9e avant m\u00eame son ouverture dans quelques semaines, selon Marc N\u00e8ve, pr\u00e9sident de la Commission centrale de surveillance du syst\u00e8me p\u00e9nitentiaire (CTRG). L&rsquo;ancien avocat de Marc Dutroux plaide pour des peines plus courtes. Aussi pour son ancien client.<\/div>\n<\/div>\n<div class=\"l7ghb35v kjdc1dyq kmwttqpk gh25dzvf jikcssrz n3t5jt4f\">\n<div dir=\"auto\">Traduction de l&rsquo;article de Knack li\u00e9 ci-dessous.<\/div>\n<div dir=\"auto\"><\/div>\n<div dir=\"auto\">Par JAN LIPPENS et MICHEL VANDERSMISSEN, Photos FRANKY VERDICKT<\/div>\n<div dir=\"auto\"><\/div>\n<\/div>\n<div class=\"l7ghb35v kjdc1dyq kmwttqpk gh25dzvf jikcssrz n3t5jt4f\">\n<div dir=\"auto\">La prison de Haren est appel\u00e9e par euph\u00e9misme \u00ab\u00a0le village p\u00e9nitentiaire\u00a0\u00bb, comprenant la \u00ab\u00a0mairie\u00a0\u00bb (le b\u00e2timent administratif avec les salles des visiteurs) et une \u00ab\u00a0place du village\u00a0\u00bb, qui est un espace ouvert donnant acc\u00e8s \u00e0 la mairie, et o\u00f9 les prisonniers sont ventil\u00e9s.<\/div>\n<\/div>\n<div class=\"l7ghb35v kjdc1dyq kmwttqpk gh25dzvf jikcssrz n3t5jt4f\">\n<div dir=\"auto\">Le Conseil central de surveillance du syst\u00e8me p\u00e9nitentiaire (CTRG), l&rsquo;institution f\u00e9d\u00e9rale qui conseille le Parlement et le ministre de la Justice sur la politique p\u00e9nitentiaire, l&rsquo;a d\u00e9j\u00e0 visit\u00e9 deux fois. Les rapports sont accablants. Et plus frappant encore : pas une seule recommandation n&rsquo;a \u00e9t\u00e9 prise en compte apr\u00e8s la premi\u00e8re visite. Le CTRG a constat\u00e9, par exemple, que les zones de promenade pour les personnes en cellule de punition sont trop petites ou mal \u00e9quip\u00e9es. Une zone de promenade est situ\u00e9e sur le toit d&rsquo;une aile, o\u00f9 les d\u00e9tenus peuvent \u00a0\u00bb pester \u00a0\u00bb entre des murs de b\u00e9ton de sept m\u00e8tres de haut recouverts d&rsquo;une lourde grille m\u00e9tallique. Le verdict \u00e9tait \u00ab\u00a0indigne\u00a0\u00bb. Le Conseil de surveillance a \u00e9galement critiqu\u00e9 \u00ab\u00a0l&rsquo;absence totale de salle de loisirs\u00a0\u00bb et la salle de fitness, qui est beaucoup trop petite. Les inspecteurs craignent que le programme d&rsquo;activit\u00e9s pour les d\u00e9tenus soit trop limit\u00e9.<\/div>\n<\/div>\n<div class=\"l7ghb35v kjdc1dyq kmwttqpk gh25dzvf jikcssrz n3t5jt4f\">\n<div dir=\"auto\">Le CTRG est encore plus critique \u00e0 l&rsquo;\u00e9gard du service destin\u00e9 aux femmes d\u00e9tenues qui sont devenues m\u00e8res avant ou pendant leur d\u00e9tention. Ils sont autoris\u00e9s \u00e0 garder leur enfant avec eux jusqu&rsquo;\u00e0 l&rsquo;\u00e2ge de trois ans. Ces enfants ne sont \u00e9videmment pas des prisonniers et ont droit aux meilleurs soins, mais Marc N\u00e8ve, pr\u00e9sident du CTRG, craint que ce ne soit pas le cas. On peut comparer leur aire de jeu \u00e0 une petite bo\u00eete grise en b\u00e9ton. Compl\u00e8tement inamicale pour les enfants. Lorsque j&rsquo;ai interrog\u00e9 le directeur Jurgen Van Poecke \u00e0 ce sujet, il m&rsquo;a r\u00e9pondu que le sol en b\u00e9ton sera peint en vert. Esp\u00e8rent-ils que les enfants penseront alors qu&rsquo;ils jouent sur de l&rsquo;herbe ?<\/div>\n<div dir=\"auto\"><\/div>\n<\/div>\n<div class=\"l7ghb35v kjdc1dyq kmwttqpk gh25dzvf jikcssrz n3t5jt4f\">\n<div dir=\"auto\">K. Il y aura de la place pour 1200 d\u00e9tenus dans la prison de Haren. Quelle a \u00e9t\u00e9 votre premi\u00e8re impression ?<\/div>\n<\/div>\n<div class=\"l7ghb35v kjdc1dyq kmwttqpk gh25dzvf jikcssrz n3t5jt4f\">\n<div dir=\"auto\"><strong>MARC N\u00c8VE :<\/strong> J&rsquo;ai \u00e9t\u00e9 choqu\u00e9 par la taille. C&rsquo;est un concept d\u00e9pass\u00e9. Partout en Europe, on s&rsquo;efforce de r\u00e9duire la taille des prisons. Il est tr\u00e8s difficile de g\u00e9rer correctement une si grande prison. Haren compte plusieurs d\u00e9partements : des maisons d&rsquo;arr\u00eat, un d\u00e9partement pour les intern\u00e9s, un d\u00e9partement pour les femmes avec ou sans enfants, etc. Tous les mouvements entre ces d\u00e9partements seront contr\u00f4l\u00e9s \u00e9lectroniquement \u00e0 partir de salles de contr\u00f4le situ\u00e9es dans trois bunkers.<\/div>\n<div dir=\"auto\"><\/div>\n<\/div>\n<div class=\"l7ghb35v kjdc1dyq kmwttqpk gh25dzvf jikcssrz n3t5jt4f\">\n<div dir=\"auto\">K. Comment devons-nous nous repr\u00e9senter cela ?<\/div>\n<\/div>\n<div class=\"l7ghb35v kjdc1dyq kmwttqpk gh25dzvf jikcssrz n3t5jt4f\">\n<div dir=\"auto\"><strong>N\u00c8VE :<\/strong> Tous les quartiers ont une porte qui m\u00e8ne \u00e0 la place du village et \u00e0 la mairie, o\u00f9 il y a aussi des salles de visite. L&rsquo;ouverture et la fermeture de toutes ces portes sont synchronis\u00e9es depuis ces bunkers. Je visite de nombreuses prisons et rencontre de nombreux ge\u00f4liers. Je doute qu&rsquo;ils aient assez de connaissances pour faire cette coordination. Ils ne sont pas form\u00e9s pour cela. Je crains vraiment de gros probl\u00e8mes, surtout en cas d&rsquo;incidents.<\/div>\n<\/div>\n<div class=\"l7ghb35v kjdc1dyq kmwttqpk gh25dzvf jikcssrz n3t5jt4f\">\n<div dir=\"auto\"><\/div>\n<div dir=\"auto\">K. Dans votre rapport, vous \u00e9crivez que certaines cellules ne respectent pas les accords et normes internationaux.<\/div>\n<\/div>\n<div class=\"l7ghb35v kjdc1dyq kmwttqpk gh25dzvf jikcssrz n3t5jt4f\">\n<div dir=\"auto\"><strong>N\u00c8VE :<\/strong> Cela s&rsquo;applique, par exemple, au grand nombre de cellules de contention, o\u00f9 les d\u00e9tenus sont attach\u00e9s \u00e0 un lit. \u00c0 Haren, l&rsquo;une des cellules de punition par section est \u00e9quip\u00e9e comme une cellule de contention, la contention n&rsquo;\u00e9tant autoris\u00e9e que dans des circonstances tr\u00e8s exceptionnelles et sous contr\u00f4le m\u00e9dical. Le Comit\u00e9 europ\u00e9en pour la pr\u00e9vention de la torture (CPT) les interdit \u00e9galement. Nous proposons de supprimer ces lits de contention.<\/div>\n<\/div>\n<div class=\"l7ghb35v kjdc1dyq kmwttqpk gh25dzvf jikcssrz n3t5jt4f\">\n<div dir=\"auto\"><\/div>\n<div dir=\"auto\">K. Vous avez \u00e9galement un probl\u00e8me avec les cellules dites \u00ab\u00a0time-out\u00a0\u00bb,<\/div>\n<\/div>\n<div class=\"l7ghb35v kjdc1dyq kmwttqpk gh25dzvf jikcssrz n3t5jt4f\">\n<div dir=\"auto\"><strong>N\u00c8VE :<\/strong> C&rsquo;est un mauvais concept que Jurgen Van Poecke a ramen\u00e9 de l&rsquo;institution ferm\u00e9e pour mineurs d&rsquo;Everberg. Il y a \u00e9t\u00e9 directeur pendant un moment. Ces cellules sont destin\u00e9es \u00e0 permettre aux jeunes de se rafra\u00eechir pendant une tr\u00e8s courte p\u00e9riode. Ce ne serait pas le cas de Haren. De plus, ces cellules ne b\u00e9n\u00e9ficient pas de lumi\u00e8re naturelle, ce qui peut provoquer des crises de claustrophobie. Nous demandons qu&rsquo;ils soient tous convertis en cellules normales.<\/div>\n<\/div>\n<div class=\"l7ghb35v kjdc1dyq kmwttqpk gh25dzvf jikcssrz n3t5jt4f\">\n<div dir=\"auto\"><\/div>\n<div dir=\"auto\">K. Le ministre Vincent Van Quickenborne (Open VLD) a r\u00e9cemment visit\u00e9 quelques prisons en Finlande. Les prisons y sont plus petites et plus humaines. Il \u00e9tait impressionn\u00e9. Mais avec Haren, c&rsquo;est tout le contraire qui se produit ?<\/div>\n<\/div>\n<div class=\"l7ghb35v kjdc1dyq kmwttqpk gh25dzvf jikcssrz n3t5jt4f\">\n<div dir=\"auto\"><strong>N\u00c8VE :<\/strong> Il ne devrait pas seulement ouvrir de nouvelles petites prisons, mais aussi fermer les vieilles prisons usag\u00e9es. La seule prison qui sera d\u00e9finitivement ferm\u00e9e est celle de Forest. Sint-Gillis restera ouvert au moins jusqu&rsquo;\u00e0 la fin de l&rsquo;ann\u00e9e prochaine. Idem pour l&rsquo;ancienne prison de Termonde. Et plus il y a de prisons, plus il y a de prisonniers. Il est illusoire de penser que la multiplication des cellules r\u00e9soudra le probl\u00e8me de la surpopulation.<\/div>\n<\/div>\n<div class=\"l7ghb35v kjdc1dyq kmwttqpk gh25dzvf jikcssrz n3t5jt4f\">\n<div dir=\"auto\"><\/div>\n<div dir=\"auto\">K. Une nouvelle prison est \u00e9galement en cours de construction \u00e0 Dendermonde.<\/div>\n<\/div>\n<div class=\"l7ghb35v kjdc1dyq kmwttqpk gh25dzvf jikcssrz n3t5jt4f\">\n<div dir=\"auto\"><strong>N\u00c8VE :<\/strong> Mais quand ouvrira-t-elle ? Aucun personnel ne peut \u00eatre trouv\u00e9. Sur 800 candidats, 200 sont rest\u00e9s apr\u00e8s une premi\u00e8re s\u00e9lection. R\u00e9cemment, le ministre Van Quickenborne s&rsquo;est rendu \u00e0 un festival de heavy metal pour chercher des candidats-cipients. Ce n&rsquo;est pas s\u00e9rieux ?<\/div>\n<\/div>\n<div class=\"l7ghb35v kjdc1dyq kmwttqpk gh25dzvf jikcssrz n3t5jt4f\">\n<div dir=\"auto\"><\/div>\n<div dir=\"auto\">K. Haren compte sur 724 employ\u00e9s \u00e0 temps plein, ainsi que 23 directeurs.<\/div>\n<\/div>\n<div class=\"l7ghb35v kjdc1dyq kmwttqpk gh25dzvf jikcssrz n3t5jt4f\">\n<div dir=\"auto\"><strong>N\u00c8VE :<\/strong> C&rsquo;est comme une arm\u00e9e mexicaine. Chaque d\u00e9partement a son propre directeur, je suppose.<\/div>\n<\/div>\n<div class=\"l7ghb35v kjdc1dyq kmwttqpk gh25dzvf jikcssrz n3t5jt4f\">\n<div dir=\"auto\"><\/div>\n<div dir=\"auto\">K. Les 36 prisons belges comptent au total 153 directeurs. Est-ce pour aider certaines personnes \u00e0 obtenir un emploi bien r\u00e9mun\u00e9r\u00e9 ?<\/div>\n<\/div>\n<div class=\"l7ghb35v kjdc1dyq kmwttqpk gh25dzvf jikcssrz n3t5jt4f\">\n<div dir=\"auto\"><strong>N\u00c8VE :<\/strong> Je ne sais pas. J&rsquo;\u00e9tais r\u00e9cemment \u00e0 la prison de Marche-en-Famenne (environ 300 d\u00e9tenus). Il est dirig\u00e9 par six ou sept gardiens, mais seuls deux \u00e9taient actifs. Les autres \u00e9taient malades. C&rsquo;est en fait irresponsable. On dirait que Haren anticipe d\u00e9j\u00e0 les futurs burn-out des directeurs.<\/div>\n<\/div>\n<div class=\"l7ghb35v kjdc1dyq kmwttqpk gh25dzvf jikcssrz n3t5jt4f\">\n<div dir=\"auto\"><\/div>\n<div dir=\"auto\">K. Les nouveaux membres du personnel doivent tous \u00eatre form\u00e9s. Mais l&rsquo;institut de formation n&rsquo;a pas encore \u00e9t\u00e9 mis en place, alors que la prison ouvrira dans quelques semaines.<\/div>\n<\/div>\n<div class=\"l7ghb35v kjdc1dyq kmwttqpk gh25dzvf jikcssrz n3t5jt4f\">\n<div dir=\"auto\"><strong>N\u00c8VE :<\/strong> La Cour des comptes et le Conseil d&rsquo;\u00c9tat ont d\u00e9j\u00e0 pos\u00e9 des questions \u00e0 ce sujet. Comme il n&rsquo;existe pas d&rsquo;institut de formation, le ministre a simplement d\u00e9cid\u00e9 de supprimer la formation obligatoire des conditions de recrutement. C&rsquo;est incompr\u00e9hensible.<\/div>\n<\/div>\n<div class=\"l7ghb35v kjdc1dyq kmwttqpk gh25dzvf jikcssrz n3t5jt4f\">\n<div dir=\"auto\"><\/div>\n<div dir=\"auto\">K. Le ministre et le syst\u00e8me p\u00e9nitentiaire tiennent-ils compte de vos recommandations ?<\/div>\n<\/div>\n<div class=\"l7ghb35v kjdc1dyq kmwttqpk gh25dzvf jikcssrz n3t5jt4f\">\n<div dir=\"auto\"><strong>N\u00c8VE :<\/strong> Nos recommandations apr\u00e8s notre premi\u00e8re visite concernant plus d&rsquo;espace de marche, les cellules de temps mort et ainsi de suite, ont \u00e9t\u00e9 prises en compte \u00e0 z\u00e9ro virgule z\u00e9ro. Je ne sais m\u00eame pas si le ministre ou quelqu&rsquo;un de son bureau lit nos rapports. Esp\u00e9rons que certains membres du Parlement le feront. Ils pourraient s&rsquo;en inspirer pour poser des questions parlementaires au ministre. Je l&rsquo;esp\u00e8re.<\/div>\n<\/div>\n<div class=\"l7ghb35v kjdc1dyq kmwttqpk gh25dzvf jikcssrz n3t5jt4f\">\n<div dir=\"auto\"><\/div>\n<div dir=\"auto\">K. N&rsquo;avez-vous pas eu de contact personnel avec le ministre au sujet de Haren ?<\/div>\n<\/div>\n<div class=\"l7ghb35v kjdc1dyq kmwttqpk gh25dzvf jikcssrz n3t5jt4f\">\n<div dir=\"auto\"><strong>N\u00c8VE :<\/strong> (sec) J&rsquo;en ai fait la demande officielle il y a plusieurs mois, mais j&rsquo;attends toujours une r\u00e9ponse. Il m&rsquo;avait promis, lors de sa prise de fonction, que nous nous rencontrerions r\u00e9guli\u00e8rement.<\/div>\n<\/div>\n<div class=\"l7ghb35v kjdc1dyq kmwttqpk gh25dzvf jikcssrz n3t5jt4f\">\n<div dir=\"auto\"><\/div>\n<div dir=\"auto\">K. Pourquoi le gouvernement ne parvient-il pas \u00e0 r\u00e9soudre le probl\u00e8me de la surpopulation ?<\/div>\n<\/div>\n<div class=\"l7ghb35v kjdc1dyq kmwttqpk gh25dzvf jikcssrz n3t5jt4f\">\n<div dir=\"auto\"><strong>N\u00c8VE :<\/strong> Les premiers rapports \u00e0 ce sujet datent des ann\u00e9es 1980. C&rsquo;\u00e9tait il y a quarante ans. Il y a trop peu de courage politique pour s&rsquo;y attaquer. Quel politicien oserait enfermer moins de prisonniers ? Pourquoi y a-t-il tant de toxicomanes en prison ? Ne s&rsquo;agit-il pas avant tout d&rsquo;un probl\u00e8me de sant\u00e9 ? Pourquoi y a-t-il tant d&rsquo;intern\u00e9s en prison, malgr\u00e9 les nouveaux centres de psychiatrie l\u00e9gale ? D&rsquo;ailleurs, leur nombre a encore augment\u00e9 ces derniers mois, alors que notre pays a \u00e9t\u00e9 condamn\u00e9 \u00e0 plusieurs reprises par l&rsquo;Europe pour cela. L&rsquo;\u00e9r\u00e9miste Henri Heimans a dit un jour \u00ab\u00a0que les ordures sont trait\u00e9es dans ce pays avec plus de soin que les intern\u00e9s\u00a0\u00bb. Pourquoi y a-t-il si peu de peines alternatives ? Les politiciens n&rsquo;osent pas aller \u00e0 l&rsquo;encontre de l&rsquo;appel populiste en faveur d&rsquo;une approche toujours plus stricte \u00e0 l&rsquo;\u00e9gard des auteurs de crimes ? La devise est : \u00ab\u00a0Enfermez-les et jetez la cl\u00e9\u00a0\u00bb.<\/div>\n<\/div>\n<div class=\"l7ghb35v kjdc1dyq kmwttqpk gh25dzvf jikcssrz n3t5jt4f\">\n<div dir=\"auto\"><strong>N\u00c8VE :<\/strong> La plupart des politiciens et des populistes n&rsquo;ont jamais visit\u00e9 une prison. Ils ne connaissent pas les conditions lamentables. Et ils ont peur de ce qu&rsquo;ils ne connaissent pas. Prenez la maison de transition d&rsquo;Enghien, par exemple. C&rsquo;\u00e9tait une initiative priv\u00e9e. Lorsque l&rsquo;on a appris qu&rsquo;une petite \u00ab\u00a0prison\u00a0\u00bb \u00e9tait en cours de construction, la municipalit\u00e9 s&rsquo;est mise en col\u00e8re. R\u00e9cemment, la maison a \u00e9t\u00e9 ferm\u00e9e par manque d&rsquo;argent et d&rsquo;un nouveau directeur. Mais les crieurs d&rsquo;autrefois sont sortis dans les rues pour garder la maison ouverte. Les politiciens doivent oser aller \u00e0 l&rsquo;encontre de l&rsquo;opinion publique et convaincre les citoyens de l&rsquo;utilit\u00e9 d&rsquo;une mesure. Parlez-leur, expliquez-leur ce qui va se passer. Prenez-les au s\u00e9rieux.<\/div>\n<\/div>\n<div class=\"l7ghb35v kjdc1dyq kmwttqpk gh25dzvf jikcssrz n3t5jt4f\">\n<div dir=\"auto\"><\/div>\n<div dir=\"auto\">K. Les magistrats, les juges et les procureurs savent-ils ce qui se passe derri\u00e8re les murs des prisons ?<\/div>\n<\/div>\n<div class=\"l7ghb35v kjdc1dyq kmwttqpk gh25dzvf jikcssrz n3t5jt4f\">\n<div dir=\"auto\"><strong>N\u00c8VE :<\/strong> Non. Il y a \u00e9galement un manque de connaissances sur l&rsquo;ex\u00e9cution des peines. Par exemple, certains disent que les peines de moins de trois ans n&rsquo;\u00e9taient pas ex\u00e9cut\u00e9es jusqu&rsquo;\u00e0 r\u00e9cemment, mais c&rsquo;est tout simplement faux. C&rsquo;\u00e9tait des exceptions, et g\u00e9n\u00e9ralement un bracelet de cheville \u00e9tait utilis\u00e9. C&rsquo;est aussi une punition.<\/div>\n<\/div>\n<div class=\"l7ghb35v kjdc1dyq kmwttqpk gh25dzvf jikcssrz n3t5jt4f\">\n<div dir=\"auto\"><\/div>\n<div dir=\"auto\">K. La non-ex\u00e9cution de certaines peines l\u00e9g\u00e8res \u00e9tait destin\u00e9e \u00e0 lutter contre la surpopulation, n&rsquo;est-ce pas ?<\/div>\n<\/div>\n<div class=\"l7ghb35v kjdc1dyq kmwttqpk gh25dzvf jikcssrz n3t5jt4f\">\n<div dir=\"auto\"><strong>N\u00c8VE :<\/strong> La cons\u00e9quence a \u00e9t\u00e9 que les juges ont commenc\u00e9 \u00e0 prononcer des peines plus s\u00e9v\u00e8res. Parfois parce qu&rsquo;ils supposaient que les suspects n&rsquo;auraient pas \u00e0 purger leur peine de toute fa\u00e7on. Certains juges d&rsquo;instruction ont de plus en plus recours \u00e0 la d\u00e9tention provisoire. Le raisonnement est le suivant : \u00ab\u00a0Vous allez d&rsquo;abord en prison, car nous ne sommes pas du tout s\u00fbrs que le tribunal vous punira assez s\u00e9v\u00e8rement\u00a0\u00bb. Le r\u00e9sultat est que la Belgique est en t\u00eate de l&rsquo;Europe avec pr\u00e8s de 40% de prisonniers qui n&rsquo;ont pas \u00e9t\u00e9 condamn\u00e9s mais qui sont quand m\u00eame en prison. Il ne serait pas mauvais que les magistrats passent une journ\u00e9e dans une prison une fois par an. Ils pourraient ainsi faire l&rsquo;exp\u00e9rience directe de ce qui s&rsquo;y passe.<\/div>\n<\/div>\n<div class=\"l7ghb35v kjdc1dyq kmwttqpk gh25dzvf jikcssrz n3t5jt4f\">\n<div dir=\"auto\"><\/div>\n<div dir=\"auto\">K. L&rsquo;abus de la d\u00e9tention pr\u00e9ventive est un vieux chagrin connu depuis des d\u00e9cennies, n&rsquo;est-ce pas ?<\/div>\n<\/div>\n<div class=\"l7ghb35v kjdc1dyq kmwttqpk gh25dzvf jikcssrz n3t5jt4f\">\n<div dir=\"auto\"><strong>N\u00c8VE :<\/strong> La l\u00e9gislation la plus r\u00e9cente sur la d\u00e9tention pr\u00e9ventive date des ann\u00e9es 1990. \u00c0 l&rsquo;\u00e9poque, j&rsquo;ai \u00e9crit un article, avec l&rsquo;avocat Eddy Boutmans, dont la conclusion \u00e9tait la suivante : la nouvelle loi ne changera rien. Malheureusement, on nous a donn\u00e9 raison.<\/div>\n<\/div>\n<div class=\"l7ghb35v kjdc1dyq kmwttqpk gh25dzvf jikcssrz n3t5jt4f\">\n<div dir=\"auto\"><\/div>\n<div dir=\"auto\">K. Un certain nombre de magistrats vont bient\u00f4t passer deux jours et une nuit \u00e0 Haren dans le cadre d&rsquo;une \u00ab\u00a0visite d&#8217;empathie\u00a0\u00bb. Une bonne chose ?<\/div>\n<\/div>\n<div class=\"l7ghb35v kjdc1dyq kmwttqpk gh25dzvf jikcssrz n3t5jt4f\">\n<div dir=\"auto\"><strong>N\u00c8VE :<\/strong> Les magistrats s&rsquo;y int\u00e9ressent beaucoup, mais ils devraient aussi se pencher sur les nombreuses institutions d\u00e9su\u00e8tes datant du XIXe si\u00e8cle. Je les ai d\u00e9j\u00e0 invit\u00e9s \u00e0 venir s\u00e9journer \u00e0 Saint-Gilles. En vain.<\/div>\n<\/div>\n<div class=\"l7ghb35v kjdc1dyq kmwttqpk gh25dzvf jikcssrz n3t5jt4f\">\n<div dir=\"auto\"><\/div>\n<div dir=\"auto\">K. Cette m\u00e9connaissance de la vie carc\u00e9rale conduit-elle \u00e0 des punitions irr\u00e9fl\u00e9chies ?<\/div>\n<\/div>\n<div class=\"l7ghb35v kjdc1dyq kmwttqpk gh25dzvf jikcssrz n3t5jt4f\">\n<div dir=\"auto\"><strong>N\u00c8VE :<\/strong> Les magistrats devraient en savoir plus sur la v\u00e9ritable punition avant la cour d&rsquo;assises. Combien de fois ai-je entendu le procureur plaider pour une longue peine \u00ab\u00a0parce qu&rsquo;apr\u00e8s un tiers de leur peine, ils seront de toute fa\u00e7on lib\u00e9r\u00e9s\u00a0\u00bb ? Ce n&rsquo;est pas le cas. La lib\u00e9ration anticip\u00e9e est une faveur, pas un automatisme.<\/div>\n<\/div>\n<div class=\"l7ghb35v kjdc1dyq kmwttqpk gh25dzvf jikcssrz n3t5jt4f\">\n<div dir=\"auto\"><\/div>\n<div dir=\"auto\">K. Freddy Horion est en prison depuis 43 ans, Staf Van Eyken depuis 50 ans. Il y a vingt ans, vous avez d\u00e9clar\u00e9 dans une interview : \u00ab\u00a0Personne ne m\u00e9rite d&rsquo;\u00eatre enferm\u00e9 \u00e0 vie\u00a0\u00bb. Vous vous en tenez \u00e0 cela ?<\/div>\n<\/div>\n<div class=\"l7ghb35v kjdc1dyq kmwttqpk gh25dzvf jikcssrz n3t5jt4f\">\n<div dir=\"auto\"><strong>N\u00c8VE :<\/strong> Absolument. Le Conseil de l&rsquo;Europe a fait une enqu\u00eate \u00e0 ce sujet. Dans les pays d&rsquo;Europe du Nord, la peine maximale est de 17 ans. Dans les pays plus au sud, c&rsquo;est la prison \u00e0 vie.<\/div>\n<\/div>\n<div class=\"l7ghb35v kjdc1dyq kmwttqpk gh25dzvf jikcssrz n3t5jt4f\">\n<div dir=\"auto\"><\/div>\n<div dir=\"auto\">K. La peine de mort a \u00e9t\u00e9 abolie en Belgique en 1996. L&#8217;emprisonnement \u00e0 vie devrait-il \u00e9galement \u00eatre aboli ?<\/div>\n<\/div>\n<div class=\"l7ghb35v kjdc1dyq kmwttqpk gh25dzvf jikcssrz n3t5jt4f\">\n<div dir=\"auto\"><strong>N\u00c8VE :<\/strong> Je pense que oui. La Cour europ\u00e9enne des droits de l&rsquo;homme a d\u00e9j\u00e0 rendu des arr\u00eats en ce sens. Lorsqu&rsquo;une peine n&rsquo;est plus justifiable pour un d\u00e9tenu, il doit \u00eatre lib\u00e9r\u00e9. J&rsquo;ai un jour d\u00e9fendu un jeune homme de 20 ans, qui est maintenant en prison depuis plus de 15 ans. Il a \u00e9t\u00e9 condamn\u00e9 pour avoir tu\u00e9 sa m\u00e8re adoptive. Une histoire de famille complexe. Eh bien, cet homme ne peut pas \u00eatre lib\u00e9r\u00e9 parce qu&rsquo;il ne fonctionnerait plus dans la soci\u00e9t\u00e9. Je lui ai parl\u00e9 quand il a \u00e9t\u00e9 transf\u00e9r\u00e9 \u00e0 la prison d&rsquo;Andenne. Il \u00e9tait ravi de sa nouvelle cellule bien rang\u00e9e, o\u00f9 il avait une radio. Je ne sortirai plus de ma cellule, ils font trop de bruit dehors&rsquo;, a-t-il dit. Du pur d\u00e9sespoir. Il n&rsquo;a que 40 ans, mais il a l&rsquo;air d&rsquo;un homme de 60 ans. C&rsquo;est indigne. Alors qu&rsquo;il est un prisonnier mod\u00e8le qui n&rsquo;a jamais caus\u00e9 de probl\u00e8mes. Quel est l&rsquo;int\u00e9r\u00eat d&rsquo;une telle phrase ?<\/div>\n<\/div>\n<div class=\"l7ghb35v kjdc1dyq kmwttqpk gh25dzvf jikcssrz n3t5jt4f\">\n<div dir=\"auto\"><\/div>\n<div dir=\"auto\">K. Mich\u00e8le Martin, ex-femme du tueur d&rsquo;enfants Marc Dutroux, vient d&rsquo;\u00eatre lib\u00e9r\u00e9e sans conditions. Vous \u00e9tiez son avocat \u00e0 l&rsquo;\u00e9poque. Dutroux peut-il aussi \u00eatre lib\u00e9r\u00e9 un jour ?<\/div>\n<\/div>\n<div class=\"l7ghb35v kjdc1dyq kmwttqpk gh25dzvf jikcssrz n3t5jt4f\">\n<div dir=\"auto\"><strong>N\u00c8VE :<\/strong> Tout prisonnier doit avoir la perspective d&rsquo;\u00eatre lib\u00e9r\u00e9, y compris Marc Dutroux. Bien s\u00fbr, une personne comme lui devrait continuer \u00e0 recevoir un encadrement intensif apr\u00e8s sa lib\u00e9ration. Cela co\u00fbte moins cher que la prison. J&rsquo;\u00e9tais l&rsquo;avocat de Robert Van Oirbeek, d\u00e9c\u00e9d\u00e9 depuis, le petit Robert comme on l&rsquo;appelait dans les m\u00e9dias (Van Oirbeek \u00e9tait l&rsquo;un des gangsters les plus recherch\u00e9s dans les ann\u00e9es 80. Il a \u00e9t\u00e9 condamn\u00e9 pour vol \u00e0 main arm\u00e9e et \u00e9tait connu comme le roi des \u00e9vasions). \u00c0 un moment donn\u00e9, il m&rsquo;a dit : \u00ab\u00a0J&rsquo;arr\u00eate, et si je suis lib\u00e9r\u00e9, vous n&rsquo;entendrez plus jamais parler de moi\u00a0\u00bb. J&rsquo;ai ensuite n\u00e9goci\u00e9 avec le procureur g\u00e9n\u00e9ral pour obtenir une gr\u00e2ce. Quelques ann\u00e9es plus tard, il a \u00e9t\u00e9 lib\u00e9r\u00e9, et il a tenu sa parole. Personne n&rsquo;a plus jamais entendu parler de lui, il a \u00e9t\u00e9 compl\u00e8tement oubli\u00e9 par le public et les m\u00e9dias. Il a juste travaill\u00e9 pendant des ann\u00e9es comme chauffeur transportant des personnes handicap\u00e9es.<\/div>\n<\/div>\n<div class=\"l7ghb35v kjdc1dyq kmwttqpk gh25dzvf jikcssrz n3t5jt4f\">\n<div dir=\"auto\"><\/div>\n<div dir=\"auto\">K. Tout \u00eatre humain m\u00e9rite une seconde chance ?<\/div>\n<\/div>\n<div class=\"l7ghb35v kjdc1dyq kmwttqpk gh25dzvf jikcssrz n3t5jt4f\">\n<div dir=\"auto\"><strong>N\u00c8VE :<\/strong> Certainement. Le petit Robert n&rsquo;est qu&rsquo;un exemple. Il y a beaucoup plus d&rsquo;exemples de lib\u00e9rations r\u00e9ussies que de criminels comme Marc Dutroux qui ne devraient jamais \u00eatre lib\u00e9r\u00e9s, pour ainsi dire.<\/div>\n<\/div>\n<div class=\"l7ghb35v kjdc1dyq kmwttqpk gh25dzvf jikcssrz n3t5jt4f\">\n<div dir=\"auto\"><\/div>\n<div dir=\"auto\">K. Avez-vous encore des contacts avec Dutroux ?<\/div>\n<\/div>\n<div class=\"l7ghb35v kjdc1dyq kmwttqpk gh25dzvf jikcssrz n3t5jt4f\">\n<div dir=\"auto\"><strong>N\u00c8VE :<\/strong> Je ne l&rsquo;ai pas d\u00e9fendu lors de son proc\u00e8s, mais apr\u00e8s sa condamnation, j&rsquo;ai encore eu des contacts avec lui en prison, ce qui remonte maintenant \u00e0 un certain temps, mais un de mes amis le suit bien en tant qu&rsquo;avocat.<\/div>\n<\/div>\n<div class=\"l7ghb35v kjdc1dyq kmwttqpk gh25dzvf jikcssrz n3t5jt4f\">\n<div dir=\"auto\"><\/div>\n<div dir=\"auto\">K. Quelle impression Dutroux vous fait-il en tant que personne ?<\/div>\n<\/div>\n<div class=\"l7ghb35v kjdc1dyq kmwttqpk gh25dzvf jikcssrz n3t5jt4f\">\n<div dir=\"auto\"><strong>N\u00c8VE :<\/strong> D\u00e9sol\u00e9, cela fait partie de la relation confidentielle entre l&rsquo;avocat et son client. Il est compl\u00e8tement isol\u00e9 et a peu ou pas de contact avec les autres prisonniers.<\/div>\n<\/div>\n<div class=\"l7ghb35v kjdc1dyq kmwttqpk gh25dzvf jikcssrz n3t5jt4f\">\n<div dir=\"auto\"><\/div>\n<div dir=\"auto\">K. Est-il trait\u00e9 de mani\u00e8re inhumaine ?<\/div>\n<\/div>\n<div class=\"l7ghb35v kjdc1dyq kmwttqpk gh25dzvf jikcssrz n3t5jt4f\">\n<div dir=\"auto\"><strong>N\u00c8VE :<\/strong> Je dois faire attention quand je dis cela, mais pendant la p\u00e9riode o\u00f9 j&rsquo;ai eu des contacts avec lui, j&rsquo;ai trouv\u00e9 qu&rsquo;il \u00e9tait parfois d\u00e9gradant. Les suspects de terrorisme qui compara\u00eetront bient\u00f4t devant la cour d&rsquo;assises ne sont pas non plus satisfaits de la fa\u00e7on dont ils sont trait\u00e9s en prison.<\/div>\n<\/div>\n<div class=\"l7ghb35v kjdc1dyq kmwttqpk gh25dzvf jikcssrz n3t5jt4f\">\n<div dir=\"auto\"><\/div>\n<div dir=\"auto\">K. Se sont-ils d\u00e9j\u00e0 plaints officiellement aupr\u00e8s du CTRG ?<\/div>\n<\/div>\n<div class=\"l7ghb35v kjdc1dyq kmwttqpk gh25dzvf jikcssrz n3t5jt4f\">\n<div dir=\"auto\"><strong>N\u00c8VE :<\/strong> Oui, mais je ne peux rien vous dire sur le contenu de ces plaintes.<\/div>\n<\/div>\n<div class=\"l7ghb35v kjdc1dyq kmwttqpk gh25dzvf jikcssrz n3t5jt4f\">\n<div dir=\"auto\"><\/div>\n<div dir=\"auto\">K. Le nombre de r\u00e9cidivistes dans les prisons belges est tr\u00e8s \u00e9lev\u00e9 : pr\u00e8s de 60 %. Pourquoi \u00e7a ?<\/div>\n<\/div>\n<div class=\"l7ghb35v kjdc1dyq kmwttqpk gh25dzvf jikcssrz n3t5jt4f\">\n<div dir=\"auto\"><strong>N\u00c8VE :<\/strong> Parce que notre syst\u00e8me favorise la r\u00e9cidive. Plus vous restez longtemps en prison, plus le risque de r\u00e9cidive est \u00e9lev\u00e9. Vous avez de plus en plus de contacts avec d&rsquo;autres condamn\u00e9s, il n&rsquo;y a pas d&rsquo;orientation ni de pr\u00e9paration \u00e0 la lib\u00e9ration. En principe, l&rsquo;\u00e9vasion ne constitue pas une infraction p\u00e9nale, mais toute personne qui s&rsquo;\u00e9vade est imm\u00e9diatement consid\u00e9r\u00e9e comme un individu particuli\u00e8rement dangereux, tant par la police que par l&rsquo;opinion publique. J&rsquo;ai suivi un certain nombre de prisonniers \u00e9vad\u00e9s qui, apr\u00e8s avoir \u00e9t\u00e9 attrap\u00e9s, ont n\u00e9anmoins \u00e9t\u00e9 lib\u00e9r\u00e9s assez rapidement par le tribunal p\u00e9nal. Et je le comprends parfaitement.<\/div>\n<\/div>\n<div class=\"l7ghb35v kjdc1dyq kmwttqpk gh25dzvf jikcssrz n3t5jt4f\">\n<div dir=\"auto\"><\/div>\n<div dir=\"auto\">K. Pourquoi ?<\/div>\n<\/div>\n<div class=\"l7ghb35v kjdc1dyq kmwttqpk gh25dzvf jikcssrz n3t5jt4f\">\n<div dir=\"auto\"><strong>N\u00c8VE :<\/strong> L&rsquo;\u00e9norme \u00e9nergie qu&rsquo;ils mettent dans leur fuite, ils peuvent aussi l&rsquo;utiliser comme une \u00e9nergie positive pour se r\u00e9int\u00e9grer dans la soci\u00e9t\u00e9. Un de mes clients a \u00e9t\u00e9 condamn\u00e9 pour vol. Il s&rsquo;est \u00e9chapp\u00e9 de prison en pantalon en mena\u00e7ant un gardien avec un faux pistolet qu&rsquo;il avait fabriqu\u00e9 avec des miettes de pain dans sa cellule. Pour cette \u00e9vasion, il a \u00e9t\u00e9 condamn\u00e9 par contumace \u00e0 15 ans de prison suppl\u00e9mentaires. Dix-sept ans apr\u00e8s cette condamnation, il a \u00e9t\u00e9 arr\u00eat\u00e9 aux Pays-Bas. La police n\u00e9erlandaise elle-m\u00eame \u00e9tait choqu\u00e9e : que devait-elle faire de cet homme ? Ils ne pouvaient pas du tout lui en vouloir. Il avait v\u00e9cu tranquillement pr\u00e8s de Haarlem toutes ces ann\u00e9es et avait travaill\u00e9 comme facteur pendant dix-sept ans sans le moindre probl\u00e8me. Il m&rsquo;a dit qu&rsquo;il avait \u00e9t\u00e9 tr\u00e8s prudent pendant toutes ces ann\u00e9es, s&rsquo;arr\u00eatant \u00e0 chaque feu rouge pour s&rsquo;assurer qu&rsquo;il n&rsquo;enfreignait pas la loi. (rires) A un moment donn\u00e9, il s&rsquo;est battu avec sa petite amie, et elle l&rsquo;a d\u00e9nonc\u00e9 \u00e0 la police par vengeance. Le juge n\u00e9erlandais n&rsquo;a rien compris. Dix-sept ans apr\u00e8s son \u00e9vasion, il doit \u00e0 nouveau compara\u00eetre devant la cour d&rsquo;assises de Li\u00e8ge. Le procureur a exig\u00e9 une punition tr\u00e8s s\u00e9v\u00e8re. J&rsquo;ai fait valoir qu&rsquo;il n&rsquo;\u00e9tait plus le m\u00eame homme qui avait commis un crime il y a des d\u00e9cennies. Le jury populaire l&rsquo;a acquitt\u00e9 et il vit \u00e0 nouveau aux Pays-Bas. Ce client \u00e9tait un bon exemple de la fa\u00e7on dont quelqu&rsquo;un peut changer et transformer sa vie.<\/div>\n<\/div>\n<div class=\"l7ghb35v kjdc1dyq kmwttqpk gh25dzvf jikcssrz n3t5jt4f\">\n<div dir=\"auto\"><\/div>\n<div dir=\"auto\">K. Mais parfois, les choses vont dramatiquement mal. Le meurtrier et violeur de Julie Van Espen se promenait librement en attendant son proc\u00e8s en appel pour un autre viol. Il a \u00e9t\u00e9 condamn\u00e9 \u00e0 la prison \u00e0 vie.<\/div>\n<\/div>\n<div class=\"l7ghb35v kjdc1dyq kmwttqpk gh25dzvf jikcssrz n3t5jt4f\">\n<div dir=\"auto\"><strong>N\u00c8VE :<\/strong> C&rsquo;est bien s\u00fbr dramatique. Mais ces cas sp\u00e9cifiques et tr\u00e8s mauvais sont une tr\u00e8s petite minorit\u00e9. C&rsquo;est une chance. Il existe des personnes extr\u00eamement dangereuses, mais beaucoup moins que ce que l&rsquo;on croit parfois.<\/div>\n<\/div>\n<div class=\"l7ghb35v kjdc1dyq kmwttqpk gh25dzvf jikcssrz n3t5jt4f\">\n<div dir=\"auto\"><\/div>\n<div dir=\"auto\">K. Nous devons nous d\u00e9barrasser du mythe selon lequel le gouvernement doit \u00eatre en mesure de garantir la s\u00e9curit\u00e9 totale de ses citoyens. Une citation de Marc N\u00e8ve, l&rsquo;avocat de Dutroux.<\/div>\n<\/div>\n<div class=\"l7ghb35v kjdc1dyq kmwttqpk gh25dzvf jikcssrz n3t5jt4f\">\n<div dir=\"auto\"><strong>N\u00c8VE :<\/strong> (rires) Je pense toujours que c&rsquo;est une d\u00e9claration sage. Le gouvernement ne peut pas le garantir, m\u00eame s&rsquo;il cr\u00e9e cette impression, par exemple en construisant de grandes et co\u00fbteuses prisons.<\/div>\n<\/div>\n<div class=\"l7ghb35v kjdc1dyq kmwttqpk gh25dzvf jikcssrz n3t5jt4f\">\n<div dir=\"auto\"><\/div>\n<div dir=\"auto\">K. Vous \u00eates maintenant pr\u00e9sident \u00e0 plein temps du Conseil central de surveillance p\u00e9nitentiaire, et avocat depuis 1979. Comment avez-vous vu cette profession \u00e9voluer ?<\/div>\n<\/div>\n<div class=\"l7ghb35v kjdc1dyq kmwttqpk gh25dzvf jikcssrz n3t5jt4f\">\n<div dir=\"auto\"><strong>N\u00c8VE :<\/strong> Malheureusement pas dans un sens positif, du moins pas dans les affaires p\u00e9nales. L&rsquo;\u00e9volution est m\u00eame paradoxale depuis la loi Salduz (depuis 2016, les suspects ont le droit d&rsquo;\u00eatre assist\u00e9s par un avocat lorsqu&rsquo;ils sont interrog\u00e9s par la police, nvdr). Il s&rsquo;agit d&rsquo;une loi tr\u00e8s importante, car il est crucial qu&rsquo;un avocat puisse assister une personne d\u00e8s le premier interrogatoire. Mais un effet secondaire de cette loi est que beaucoup d&rsquo;avocats qui ont peu de clients et qui ne sont pas des sp\u00e9cialistes du droit p\u00e9nal se sont inscrits sur la liste Salduz, de sorte qu&rsquo;ils sont appel\u00e9s d\u00e8s qu&rsquo;une personne est arr\u00eat\u00e9e pour \u00eatre interrog\u00e9e. A Li\u00e8ge, le chef de la police est venu se plaindre aupr\u00e8s du b\u00e2tonnier que ces \u00ab\u00a0avocats de Salduz\u00a0\u00bb n&rsquo;intervenaient pas du tout lors d&rsquo;un interrogatoire. Il a d\u00e9clar\u00e9 que certains avocats tapaient sur leurs smartphones pendant l&rsquo;interrogatoire de leur client et ne disaient pas un mot. Ils ont peut-\u00eatre lanc\u00e9 un programme de formation pour les jeunes avocats l\u00e0-bas, mais je trouve vraiment inqui\u00e9tante la fa\u00e7on dont certains avocats exercent leur profession. J&rsquo;ai l&rsquo;impression que la qualit\u00e9 de la profession juridique est \u00e9galement en baisse.<\/div>\n<\/div>\n<div class=\"l7ghb35v kjdc1dyq kmwttqpk gh25dzvf jikcssrz n3t5jt4f\">\n<div dir=\"auto\"><\/div>\n<div dir=\"auto\">K. En tant que francophone, vous avez grandi \u00e0 Mol et vous parlez parfaitement le n\u00e9erlandais. Comment ressentez-vous les diff\u00e9rences entre les Flamands et les Wallons ?<\/div>\n<\/div>\n<div class=\"l7ghb35v kjdc1dyq kmwttqpk gh25dzvf jikcssrz n3t5jt4f\">\n<div dir=\"auto\"><strong>N\u00c8VE :<\/strong> Mon p\u00e8re travaillait au Centre d&rsquo;\u00e9tude de l&rsquo;\u00e9nergie nucl\u00e9aire, alors nous avons d\u00e9m\u00e9nag\u00e9 \u00e0 Mol. Apr\u00e8s mes \u00e9tudes, je me suis retrouv\u00e9 au barreau de Li\u00e8ge et maintenant je vis \u00e0 la fronti\u00e8re linguistique. Je regrette particuli\u00e8rement que Li\u00e8ge tourne le dos \u00e0 la Flandre. Ils pensent toujours \u00eatre une principaut\u00e9 ind\u00e9pendante. Il n&rsquo;y a pratiquement aucun int\u00e9r\u00eat pour la Flandre et la langue n\u00e9erlandaise. En tant qu&rsquo;avocat, je devais souvent pr\u00e9senter des documents au greffe en n\u00e9erlandais. L&rsquo;\u00e9merveillement ! Ma\u00eetre, comment allons-nous faire \u00e7a ? Comment osez-vous ? Des r\u00e9actions incroyables.<\/div>\n<\/div>\n<div class=\"l7ghb35v kjdc1dyq kmwttqpk gh25dzvf jikcssrz n3t5jt4f\">\n<div dir=\"auto\"><\/div>\n<div dir=\"auto\">K. Avez-vous \u00e9t\u00e9 regard\u00e9 bizarrement en tant qu&rsquo;avocat bilingue ?<\/div>\n<\/div>\n<div class=\"l7ghb35v kjdc1dyq kmwttqpk gh25dzvf jikcssrz n3t5jt4f\">\n<div dir=\"auto\"><strong>N\u00c8VE :<\/strong> (sourit) On m&rsquo;appelait \u00ab\u00a0le Hollandais\u00a0\u00bb parce que je venais toujours au tribunal en v\u00e9lo.<\/div>\n<\/div>\n<div class=\"l7ghb35v kjdc1dyq kmwttqpk gh25dzvf jikcssrz n3t5jt4f\">\n<div dir=\"auto\"><\/div>\n<div dir=\"auto\">K. Enfin, si vous deviez vous-m\u00eame vous retrouver en prison, o\u00f9 voudriez-vous \u00eatre ?<\/div>\n<\/div>\n<div class=\"l7ghb35v kjdc1dyq kmwttqpk gh25dzvf jikcssrz n3t5jt4f\">\n<div dir=\"auto\"><strong>N\u00c8VE :<\/strong> Eh bien, \u00e7a n&rsquo;a pas d&rsquo;importance pour moi. Il pourrait m\u00eame y en avoir plusieurs \u00e0 la suite. Je pourrai alors les tester tous. (rires)<\/div>\n<\/div>\n<div dir=\"auto\"><\/div>\n<div dir=\"auto\"><a href=\"https:\/\/www.knack.be\/nieuws\/belgie\/justitie\/marc-neve-ex-advocaat-dutroux-iemand-levenslang-opsluiten-heeft-geen-zin\/?fbclid=IwAR04hy8Ue9D41UZvzeBJuf2AFUkdlp3o9Hy3P6iuqMXffRP24A8P6m39gzg\">Source<\/a> et Traduction :<a href=\"https:\/\/www.facebook.com\/occupy.brussels.belgium\"> OccupyBelgium<\/a><\/div>\n<div dir=\"auto\"><\/div>\n<div dir=\"auto\">\n<p>&nbsp;<\/p>\n<div class=\"l-container:12\/12 l-container--with-default-spacing js-container\">\n<div class=\"l-container:9\/12 js-container\">\n<div class=\"l-stack l-stack l-stack--align:stretch l-stack--with-spacing:x3\">\n<div class=\"l-stack__item \">\n<div class=\"l-stack l-stack l-stack--align:stretch l-stack--with-spacing:x3\">\n<div class=\"l-stack__item \">\n<div class=\"c-article-title \">\n<div class=\"c-article-title__inner\">\n<div class=\"c-article-title__content\">\n<div class=\"c-article-title__title-container\">\n<div class=\"c-article-title__title\">\n<h4>Marc N\u00e8ve, ex-advocaat Dutroux: \u2018Iemand levenslang opsluiten heeft geen zin\u2019<\/h4>\n<\/div>\n<\/div>\n<\/div>\n<\/div>\n<\/div>\n<\/div>\n<div class=\"l-stack__item \">\n<figure class=\"c-picture-figure c-picture--fill-space c-picture--with-caption\">\n<div class=\"c-picture__container\"><picture class=\"c-picture\"><img decoding=\"async\" class=\"c-picture__image skip-lazy\" src=\"https:\/\/img.static-rmg.be\/a\/view\/q75\/w962\/h503\/f65.85,43.42\/4703955\/b823280717z-1-20220830085104-002gna3v8e2c-1-0-jpg.jpg\" alt=\"\" \/><\/picture><\/div><figcaption class=\"c-picture__caption\">Marc N\u00e8ve: \u2018Het is een illusie dat je met meer cellen de overbevolking zult oplossen.\u2019\u00a0<span class=\"c-picture__copyright\">\u00a9 FRANKY VERDICKT<\/span><\/figcaption><\/figure>\n<\/div>\n<\/div>\n<\/div>\n<div class=\"l-stack__item \">\n<div class=\"l-grid l-grid--with-default-spacing\">\n<div class=\"l-grid__col:12\/12 l-grid__col:8\/12@at:viewport-9\">\n<div class=\"l-stack l-stack l-stack--align:stretch l-stack--with-spacing:x3\">\n<div class=\"l-stack__item \">\n<div class=\"c-author-meta \">\n<div class=\"c-author-meta__content\">\n<div class=\"c-author-meta__authors\">\n<div class=\"c-author-meta__author-data\">Jan Lippens<\/div>\n<div class=\"c-author-meta__author-data\">Michel Vandersmissen<\/div>\n<\/div>\n<div class=\"c-author-meta__metadata\"><span class=\"c-author-meta__published c-author-meta__metadata__item\">30-08-2022, 16:00 <\/span>Uit Knack van 31\/08\/2022<\/div>\n<\/div>\n<\/div>\n<\/div>\n<div class=\"l-stack__item \">\n<div class=\"s-wysiwyg-editor paywalled\">\n<p class=\"intro\">De nieuwe megagevangenis in Haren is al verouderd nog voor ze over enkele weken opengaat, meent Marc N\u00e8ve, voorzitter van de Centrale Toezichtsraad voor het Gevangeniswezen (CTRG). De gewezen advocaat van Marc Dutroux pleit voor kortere straffen. O\u00f3k voor zijn oud-cli\u00ebnt.<\/p>\n<p class=\"dropcap\">De gevangenis van Haren wordt eufemistisch \u2018het gevangenisdorp\u2019 genoemd, inclusief \u2018gemeentehuis\u2019 (het administratieve gebouw met de bezoekerslokalen) en een \u2018place du village\u2019. Die open ruimte geeft toegang tot het gemeentehuis, en de gevangenen worden er gelucht.<\/p>\n<p>De Centrale Toezichtsraad voor het Gevangeniswezen (CTRG), de federale instelling die het parlement en de minister van Justitie adviseert over het gevangenisbeleid, is er al twee keer op bezoek geweest. De rapporten zijn vernietigend. En nog frappanter: met geen enkele aanbeveling na het eerste bezoek werd rekening gehouden. De CTRG stelde bijvoorbeeld vast dat de wandelruimtes voor wie op strafcel zit te klein of slecht ingericht zijn. Een wandelruimte ligt op het dak van een afdeling, waar gedetineerden kunnen \u2018ijsberen\u2019 tussen zeven meter hoge betonnen muren, afgedekt met een zwaar metalen rooster. \u2018Mensonwaardig\u2019 is het verdict. De Toezichtsraad hekelde ook de \u2018totale afwezigheid van een recreatieruimte\u2019 en de veel te kleine fitnesszaal. De inspecteurs vrezen dat het activiteitenprogramma voor de gedetineerden te beperkt zal zijn.<\/p>\n<blockquote><p>Ik schrok van de grootte van de gevangenis van Haren. Dat is een verouderd concept. Overal in Europa streeft men naar kleinere gevangenissen.<\/p><\/blockquote>\n<p>Nog kritischer is de CTRG voor de afdeling voor vrouwelijke gedetineerden die voor of tijdens hun detentie moeder werden. Zij mogen hun kind tot drie jaar bij zich houden. Die kinderen zijn uiteraard geen gevangenen en hebben recht op de beste zorg, maar Marc N\u00e8ve, voorzitter van de CTRG, vreest dat dit niet het geval zal zijn. \u2018Je kunt hun speelruimte nog het best vergelijken met een kleine, grijze, betonnen doos. Volstrekt kindonvriendelijk. Toen ik directeur Jurgen Van Poecke daarop aansprak, antwoordde hij dat de betonnen vloer groen zal worden geschilderd. Hopen ze dat de kinderen dan zullen denken dat ze op gras spelen?\u2019<\/p>\n<p><strong>In de gevangenis van Haren zal plaats zijn voor 1200 gedetineerden. Wat was uw eerste indruk?<\/strong><\/p>\n<p><b>Marc N\u00e8ve:<\/b>\u00a0Ik schrok enorm van de grootte. Dat is een verouderd concept. Overal in Europa streeft men naar kleinere gevangenissen. Het is heel moeilijk om zo\u2019n grote gevangenis goed te managen. Haren telt verschillende afdelingen: arresthuizen, een afdeling voor ge\u00efnterneerden, een vrouwenafdeling met of zonder kinderen enzovoort. Alle bewegingen tussen die afdelingen zullen elektronisch geregeld worden vanuit controlekamers in drie bunkers.<\/p>\n<p><strong>Hoe moeten we ons dat voorstellen?<\/strong><\/p>\n<p><b>N\u00e8ve:<\/b>\u00a0Alle afdelingen hebben een deur die leidt naar de\u00a0<i>place du village<\/i>\u00a0en het gemeentehuis, waar ook bezoekruimtes zijn. Het openen en sluiten van al die deuren wordt vanuit die bunkers gesynchroniseerd. Ik kom in veel gevangenissen en ontmoet veel cipiers. Ik betwijfel of ze over voldoende kennis beschikken om die co\u00f6rdinatie te doen. Ze zijn daar niet voor opgeleid. Ik vrees echt voor grote problemen, zeker bij incidenten.<\/p>\n<p><strong>In uw rapport schrijft u dat sommige cellen niet beantwoorden aan internationale afspraken en normen.<\/strong><\/p>\n<p><b>N\u00e8ve:<\/b>\u00a0Dat geldt bijvoorbeeld voor het grote aantal fixatiecellen, waar gedetineerden op een bed worden vastgebonden. In Haren is telkens \u00e9\u00e9n van de strafcellen per sectie ingericht als fixatiecel, terwijl fixatie alleen is toegelaten in zeer uitzonderlijke omstandigheden \u00e9n onder medische controle. Ook het Europese Comit\u00e9 voor de preventie van foltering (CPT) verbiedt ze. Wij stellen voor om die fixatiebedden weg te halen.<\/p>\n<p><strong>U hebt ook een probleem met de zogenaamde time-outcellen.<\/strong><\/p>\n<p><b>N\u00e8ve:<\/b>\u00a0Dat is een slecht concept dat Jurgen Van Poecke heeft meegebracht uit de gesloten instelling voor minderjarigen in Everberg. Hij was daar een tijd directeur. Die cellen zijn bedoeld om jongeren een heel korte tijd wat te laten afkoelen. In Haren zou dat niet het geval zijn. Die cellen hebben bovendien geen natuurlijk licht, wat claustrofobische aanvallen kan uitlokken. Wij vragen dat ze allemaal omgebouwd worden tot normale cellen.<\/p>\n<p><strong>Minister Vincent Van Quickenborne (Open VLD) bezocht onlangs enkele gevangenissen in Finland. Daar zijn gevangenissen kleiner en humaner. Hij was onder de indruk. Maar in Haren gebeurt net het tegenovergestelde?<\/strong><\/p>\n<p><b>N\u00e8ve:<\/b>\u00a0Hij zou niet alleen nieuwe, kleine gevangenissen moeten openen, maar ook de oude, versleten instellingen moeten sluiten. De enige gevangenis die zeker zal worden gesloten is die in Vorst. Sint-Gillis blijft minstens tot eind volgend jaar open. Idem voor de oude gevangenis van Dendermonde. En hoe meer gevangenissen, hoe meer gevangenen. Het is een illusie dat je met meer cellen de overbevolking zult oplossen.<\/p>\n<blockquote><p>Onlangs trok minister Van Quickenborne naar een heavy-metalfestival om daar kandidaat-cipiers te zoeken. Dat is toch niet ernstig?<\/p><\/blockquote>\n<p><strong>In Dendermonde wordt toch ook een nieuwe gevangenis gebouwd?<\/strong><\/p>\n<p><b>N\u00e8ve:<\/b>\u00a0Maar wanneer zal die opengaan? Men vindt geen personeel. Van de 800 kandidaten bleven er na een eerste selectie 200 over. Onlangs trok minister Van Quickenborne naar een heavy-metalfestival om daar kandidaat-cipiers te zoeken. Dat is toch niet ernstig?<\/p>\n<p><strong>Haren rekent op 724 voltijdse personeelsleden, en ook 23 directeurs.<\/strong><\/p>\n<p><b>N\u00e8ve:<\/b>\u00a0Het lijkt wel een Mexicaans leger. Elke afdeling zijn eigen directeur, veronderstel ik.<\/p>\n<p><strong>De 36 Belgische gevangenissen hebben in totaal liefst 153 directeurs. Is dat om sommige mensen aan een goedbetaalde job te helpen?<\/strong><\/p>\n<p><b>N\u00e8ve:<\/b>\u00a0Dat weet ik niet. Ik was onlangs in de gevangenis van Marche-en-Famenne (ongeveer 300 gedetineerden, nvdr). Ze wordt geleid door zes of zeven directeuren, maar er waren er slechts twee actief. De rest was ziek. Dat is eigenlijk onverantwoord. Het lijkt alsof Haren al een voorschot neemt op toekomstige burn-outs van de directeuren.<\/p>\n<p><strong>Die nieuwe personeelsleden moeten allemaal worden opgeleid. Maar het opleidingsinstituut daarvoor is nog niet opgericht, terwijl de gevangenis over enkele weken opengaat.<\/strong><\/p>\n<p><b>N\u00e8ve:<\/b>\u00a0Het Rekenhof en de Raad van State hebben daarover al vragen gesteld. Omdat er geen opleidingsinstituut is, heeft de minister gewoon beslist om de verplichte opleiding en vorming uit de aanwervingsvoorwaarden te schrappen. Het is onbegrijpelijk.<\/p>\n<p><strong>Houden de minister en het gevangeniswezen rekening met uw adviezen?<\/strong><\/p>\n<p><b>N\u00e8ve:<\/b>\u00a0Met onze aanbevelingen na ons eerste bezoek over meer wandelruimte, de time-outcellen enzovoort is\u00a0<i>nul komma nul<\/i>\u00a0rekening gehouden. Ik kreeg zelfs geen ontvangstbewijs van ons eerste rapport, noch van het tweede rapport van juni. Ik weet niet of de minister of iemand op zijn kabinet onze rapporten leest. Hopelijk doen enkele parlementsleden dat wel. Ze vinden daar misschien inspiratie in om de minister parlementaire vragen te stellen. Dat verwacht ik wel.<\/p>\n<p><strong>Had u dan geen enkel persoonlijk contact met de minister over Haren?<\/strong><\/p>\n<p><b>N\u00e8ve:<\/b><i>\u00a0(droog)\u00a0<\/i>Ik heb dat maanden geleden formeel aangevraagd, maar ik wacht nog altijd op antwoord. Hij had me bij zijn aantreden nochtans beloofd dat we elkaar regelmatig zouden spreken.<\/p>\n<p><strong>Waarom slaagt de overheid er maar niet in om de overbevolking op te lossen?<\/strong><\/p>\n<p><b>N\u00e8ve:<\/b>\u00a0De eerste rapporten daarover dateren van de jaren tachtig. Dat is dus veertig jaar geleden. Er is te weinig politieke moed om dat aan te pakken. Welke politicus durft het aan om minder gevangenen op te sluiten? Waarom zitten zo veel drugsverslaafden in de cel? Dat is toch vooral een gezondheidsprobleem? Waarom zitten zo veel ge\u00efnterneerden in de cel, ondanks de nieuwe Forensische Psychiatrische Centra? Hun aantal is de voorbije maanden trouwens weer aan het stijgen, terwijl ons land daar al talloze keren voor veroordeeld is door Europa. Eremagistraat Henri Heimans zei ooit \u2018dat het huisvuil in dit land zorgvuldiger wordt behandeld dan ge\u00efnterneerden\u2019. Waarom worden er zo weinig alternatieve straffen gegeven?<\/p>\n<figure class=\"wp-block-image size-rmg_article_normal\"><figcaption>Marc N\u00e8ve: \u2018Met onze aanbevelingen over de gevangenis van Haren is nul komma nul rekening gehouden.\u2019<span class=\"caption-copyright\">\u00a0\u00a9\u00a0FRANKY VERDICKT<\/span><\/figcaption><\/figure>\n<p><strong>Politici durven niet in te gaan tegen de populistische roep om een steeds strengere aanpak van wie een misdrijf pleegt? \u2018Sluit ze op en gooi de sleutel weg\u2019 is het motto.<\/strong><\/p>\n<p><b>N\u00e8ve:<\/b>\u00a0De meeste politici en populisten hebben nog nooit een gevangenis bezocht. Ze kennen de lamentabele toestanden niet. En voor wat men niet kent, is men bang. Neem bijvoorbeeld het transitiehuis in Enghien. Dat was een priv\u00e9-initiatief. Toen bekend werd dat er een kleine \u2018gevangenis\u2019 kwam, stond de gemeente in rep en roer. Onlangs werd het huis gesloten bij gebrek aan geld en een nieuwe uitbater. Maar de roepers van vroeger kwamen op straat om het huis open te houden. Politici moeten durven in te gaan tegen de publieke opinie en burgers overtuigen van het nut van een maatregel. Praat met hen, leg uit wat er gaat gebeuren. Neem hen ernstig.<\/p>\n<p><strong>Weten magistraten, rechters en procureurs wel wat zich afspeelt achter de muren van gevangenissen?<\/strong><\/p>\n<p><b>N\u00e8ve:<\/b>\u00a0Nee. Ook over de uitvoering van de straffen is er gebrek aan kennis. Sommigen zeggen bijvoorbeeld dat straffen van minder dan drie jaar tot voor kort niet werden uitgevoerd, maar dat klopt gewoon niet. Dat waren uitzonderingen, en meestal werd dan nog in een enkelband voorzien. Dat is ook een straf, h\u00e8.<\/p>\n<p><strong>Sommige lichtere straffen niet uitvoeren was toch bedoeld om de overbevolking tegen te gaan?<\/strong><\/p>\n<p><b>N\u00e8ve:<\/b>\u00a0Het gevolg was dat rechters strengere straffen begonnen uit te spreken. Soms omdat ze ervan uitgaan dat verdachten hun straf anders toch niet zouden hoeven uit te zitten. Sommige onderzoeksrechters gebruikten steeds vaker de voorlopige hechtenis. De redenering erachter is: \u2018Jij gaat nu eerst de bak in, want we zijn er helemaal niet zeker van dat de rechtbank je streng genoeg zal straffen.\u2019 Het gevolg is dat Belgi\u00eb in Europa aan de top staat met bijna 40 procent gevangenen die niet veroordeeld zijn maar toch al in de cel zitten. Het zou niet slecht zijn als magistraten een keer per jaar een dag zouden doorbrengen in een gevangenis. Dan ondervinden ze aan den lijve wat daar gebeurt.<\/p>\n<p><strong>Het misbruik van de preventieve hechtenis is toch een oud zeer dat al decennia bekend is?<\/strong><\/p>\n<p><b>N\u00e8ve:<\/b>\u00a0De jongste wetgeving over preventieve hechtenis dateert van de jaren negentig. Ik schreef toen, samen met advocaat Eddy Boutmans, een artikel met als conclusie: de nieuwe wet zal niets veranderen. We hebben helaas gelijk gekregen.<\/p>\n<p><strong>Een aantal magistraten zou binnenkort twee dagen en een nacht in Haren logeren als \u2018inlevingsbezoek\u2019. Een goede zaak?<\/strong><\/p>\n<p><b>N\u00e8ve:<\/b>\u00a0De belangstelling van magistraten daarvoor is groot, maar ze zouden ook eens een kijkje moeten nemen in de vele verouderde instellingen uit de negentiende eeuw. Ik heb hen al uitgenodigd om ook eens in Sint-Gillis te logeren. Tevergeefs.<\/p>\n<p><strong>Leidt dat gebrek aan kennis van het gevangenisleven tot ondoordachte straffen?<\/strong><\/p>\n<p><b>N\u00e8ve:<\/b>\u00a0Magistraten zouden meer moeten weten over de echte strafuitvoering. Ik heb vaak gepleit voor het hof van assisen. Hoe vaak heb ik het Openbaar Ministerie niet horen pleiten voor een lange straf \u2018want na een derde van hun straf komen ze toch vrij\u2019? Dat \u00eds niet zo. Vervroegd vrijkomen is een gunst, geen automatisme.<\/p>\n<p><strong>Freddy Horion zit 43 jaar in de cel, Staf Van Eyken al 50 jaar. Twintig jaar geleden zei u in een interview: \u2018Niemand verdient het om levenslang opgesloten te worden.\u2019 Blijft u daarbij?<\/strong><\/p>\n<p><b>N\u00e8ve:<\/b>\u00a0Absoluut. De Raad van Europa heeft het ooit onderzocht. In Noord-Europese landen is de maximumstraf 17 jaar. In meer zuidelijk gelegen landen is het levenslang.<\/p>\n<blockquote><p>Het zou niet slecht zijn als magistraten een keer per jaar een dag zouden doorbrengen in een gevangenis. Dan weten ze wat daar gebeurt.<\/p><\/blockquote>\n<p><strong>De doodstraf werd in Belgi\u00eb in 1996 afgeschaft. Moet ook levenslang worden afgeschaft?<\/strong><\/p>\n<p><b>N\u00e8ve:<\/b>\u00a0Dat vind ik wel. Het Europees Hof voor de Rechten van de Mens heeft al uitspraken in die zin geveld. Wanneer een straf niet langer te verantwoorden is voor een gevangene, dan m\u00f3\u00e9t hij of zij vrijkomen. Ik verdedigde ooit een jongeman van 20 jaar, die nu ruim 15 jaar in de cel zit. Hij werd veroordeeld voor het doden van zijn adoptiemoeder. Een complex familieverhaal. Wel, die man k\u00e1n niet meer vrijkomen omdat hij niet meer zou functioneren in de samenleving. Ik sprak hem toen hij naar de gevangenis van Andenne werd overgeplaatst. Hij was in de wolken over zijn nieuwe, nette cel, waar hij een radiootje had. \u2018Ik kom hier zeker niet meer uit mijn cel, want buiten maken ze te veel lawaai\u2019, zei hij. Pure wanhoop. Hij is nog maar 40 jaar oud, maar hij ziet eruit als een man van 60. Dat is mensonwaardig. Terwijl hij een modelgevangene is die nooit problemen maakte. Wat is de zin van zo\u2019n straf?<\/p>\n<p><strong>Mich\u00e8le Martin, ex-vrouw van kindermoordenaar Marc Dutroux, kwam zopas vrij zonder voorwaarden. U was destijds zijn advocaat. Mag Dutroux ook ooit vrijkomen?<\/strong><\/p>\n<p><b>N\u00e8ve:<\/b>\u00a0Elke gevangene moet het perspectief hebben om vrij te komen, ook Marc Dutroux. Uiteraard moet iemand als hij na zijn vrijlating verder intensief begeleid worden. Dat kost bovendien minder dan de gevangenis. Ik was advocaat van de inmiddels overleden Robert Van Oirbeek,\u00a0<i>le petit Robert\u00a0<\/i>zoals hij in de media werd genoemd (Van Oirbeek was in de jaren tachtig een van de meest gezochte gangsters. Hij werd veroordeeld voor gewapende overvallen en was berucht als ontsnappingskoning, nvdr). Op een bepaald moment vertelde hij mij: \u2018Ik stop ermee. En als ik vrijkom, zul je nooit meer iets over mij horen.\u2019 Ik heb toen met het parket onderhandeld over gratie. Enkele jaren later werd hij vrijgelaten, en hij heeft woord gehouden. Niemand heeft ooit nog iets van hem vernomen, hij werd helemaal vergeten door publiek en media. Hij heeft gewoon jarenlang gewerkt als chauffeur in het vervoer van gehandicapten.<\/p>\n<p><strong>Elke mens verdient een tweede kans?<\/strong><\/p>\n<p><b>N\u00e8ve:<\/b>\u00a0Zeker. Le petit Robert is maar \u00e9\u00e9n voorbeeld. Er zijn veel meer voorbeelden van geslaagde vrijlatingen dan van misdadigers zoals Marc Dutroux die zogenaamd nooit meer zouden mogen vrijkomen.<\/p>\n<p><strong>Hebt u nog contact met Dutroux?<\/strong><\/p>\n<p><b>N\u00e8ve:<\/b>\u00a0Ik heb hem niet verdedigd op zijn proces, maar na zijn veroordeling had ik nog contact met hem in de gevangenis. Dat is nu even geleden, maar een vriend van mij volgt hem goed op als advocaat.<\/p>\n<p><strong>Welke indruk maakt Dutroux als mens op u?<\/strong><\/p>\n<p><b>N\u00e8ve:<\/b>\u00a0Sorry, dat behoort tot de vertrouwelijke relatie tussen advocaat en cli\u00ebnt. Hij zit helemaal afgezonderd en heeft weinig of geen contact met andere gevangenen.<\/p>\n<p><strong>Wordt hij mensonterend behandeld?<\/strong><\/p>\n<p><b>N\u00e8ve:<\/b>\u00a0Ik moet voorzichtig blijven met uitspraken, maar in de periode dat ik contact met hem had, vond ik het op bepaalde momenten wel mensonterend. Hoe het vandaag is, weet ik niet. De terreurverdachten die binnenkort voor assisen verschijnen, zijn ook niet tevreden over hoe ze in de gevangenis behandeld worden.<\/p>\n<figure class=\"wp-block-image size-rmg_article_normal\"><figcaption>Marc N\u00e8ve: \u2018Hoe langer je in de gevangenis zit, hoe meer risico op recidive.\u2019<span class=\"caption-copyright\">\u00a0\u00a9\u00a0FRANKY VERDICKT<\/span><\/figcaption><\/figure>\n<p><strong>Hebben ze daarover al formeel een klacht ingediend bij de CTRG?<\/strong><\/p>\n<p><b>N\u00e8ve:<\/b>\u00a0Ja, maar ik kan u niets vertellen over de inhoud van die klachten.<\/p>\n<p><strong>Het aantal recidivisten in Belgische gevangenissen ligt met bijna 60 procent wel heel hoog.<\/strong><\/p>\n<p><b>N\u00e8ve:<\/b>\u00a0Hoe komt dat? Omdat ons systeem recidive bevordert. Hoe langer je in de gevangenis zit, hoe meer risico op recidive. Je krijgt meer en langer contact met andere veroordeelden, er is geen goede begeleiding of voorbereiding op de vrijlating. Ontsnappen is in principe niet strafbaar, maar wie ontsnapt, wordt meteen als bijzonder gevaarlijk individu bekeken, zowel door de politie als door de publieke opinie. Ik heb een aantal ontsnapte gedetineerden opgevolgd, die nadat ze weer waren opgepakt toch vrij snel werden vrijgelaten door de strafuitvoeringsrechtbank. En ik begrijp dat perfect.<\/p>\n<p><strong>Hoezo?<\/strong><\/p>\n<p><b>N\u00e8ve:<\/b>\u00a0De enorme energie die ze stoppen in hun ontsnapping kunnen ze ook gebruiken als positieve energie om zich in de samenleving te re-integreren. Een van mijn cli\u00ebnten werd veroordeeld voor diefstal. Hij ontsnapte in zijn onderbroek uit de gevangenis door een cipier te bedreigen met een neppistool dat hij in zijn cel uit broodkruim had gekneed. Voor die ontsnapping werd hij bij verstek veroordeeld tot nog eens vijftien jaar cel. Zeventien jaar na die veroordeling werd hij opgepakt in Nederland. De Nederlandse politie schrok er zelf van: wat moesten ze met die man doen? Ze konden hem totaal niets verwijten. Hij woonde al die jaren rustig in de buurt van Haarlem en werkte al zeventien jaar als postbode, zonder het minste probleem. Hij vertelde me dat hij al die jaren wel heel voorzichtig was geweest, en voor elk rood licht stopte om zeker geen overtreding te begaan.\u00a0<i>(lacht)\u00a0<\/i>Op een bepaald moment kreeg hij ruzie met zijn vriendin, en ze heeft hem uit wraak aangegeven bij de politie. De Nederlandse rechter begreep er niets van. Zeventien jaar na zijn ontsnapping moest hij in Luik weer voor het hof van assisen verschijnen. De procureur eiste een zeer zware straf. Ik heb gepleit dat hij niet meer dezelfde man was die decennia geleden een misdrijf had gepleegd. Wel, de volksjury heeft hem vrijgesproken en hij woont nu weer in Nederland. Die cli\u00ebnt was een mooi voorbeeld van hoe iemand kan veranderen en zijn leven grondig kan omgooien.<\/p>\n<p><strong>Toch loopt het soms dramatisch fout. De moordenaar en verkrachter van Julie Van Espen liep vrij rond in afwachting van zijn proces in beroep voor een andere verkrachting. Hij kreeg nu levenslang.<\/strong><\/p>\n<p><b>N\u00e8ve:<\/b>\u00a0Dat is uiteraard dramatisch. Maar die specifieke en zeer erge gevallen zijn een bijzonder kleine minderheid. Gelukkig maar. Uiterst gevaarlijke personen bestaan, maar veel minder dan men soms laat doorschemeren.<\/p>\n<p><strong>\u2018We moeten af van de mythe dat de overheid in staat moet zijn haar burgers totale veiligheid te garanderen.\u2019 Een uitspraak van Marc N\u00e8ve, als advocaat van Dutroux.<\/strong><\/p>\n<p><b>N\u00e8ve:<\/b><i>\u00a0(lacht)\u00a0<\/i>Ik vind dat nog altijd een verstandige uitspraak. De overheid k\u00e1n dat niet garanderen, ook al wekt ze die indruk, onder andere met de bouw van grote, dure gevangenissen.<\/p>\n<blockquote><p>Elke gevangene moet het perspectief hebben om vrij te komen, ook Marc Dutroux. Uiteraard met intensieve begeleiding.<\/p><\/blockquote>\n<p><strong>U bent nu voltijds voorzitter van de Centrale Toezichtsraad Gevangeniswezen, en sinds 1979 advocaat. Hoe hebt u dat beroep zien veranderen?<\/strong><\/p>\n<p><b>N\u00e8ve:<\/b>\u00a0Spijtig genoeg niet in positieve zin, toch niet in strafzaken. De evolutie is zelfs paradoxaal sinds de Salduz-wet (sinds 2016 hebben verdachten recht op bijstand van een advocaat bij verhoor door de politie, nvdr). Dat is een bijzonder belangrijke wet, want het is cruciaal dat een advocaat iemand van bij het eerste verhoor kan bijstaan. Maar een neveneffect van die wet is dat heel wat advocaten die weinig cli\u00ebnten hebben en die geen specialist zijn in strafrecht zich voor de Salduz-lijst hebben gemeld, zodat ze worden opgeroepen zodra iemand wordt opgepakt voor verhoor. In Luik is de hoofdcommissaris van de politie komen klagen bij de stafhouder van de balie dat die \u2018Salduz-advocaten\u2019 helemaal niet tussenbeide kwamen bij een verhoor. Hij vertelde dat sommige advocaten op hun smartphone zaten te tokkelen tijdens het verhoor van hun cli\u00ebnt en geen woord zeiden. Ze zijn daar dan met een opleiding voor jonge advocaten begonnen, maar ik vind het echt verontrustend hoe sommige advocaten hun beroep uitoefenen. Ook puur juridisch gaat de kwaliteit achteruit, heb ik de indruk.<\/p>\n<p><strong>U bent als Franstalige opgegroeid in Mol en spreekt perfect Nederlands. Hoe ervaart u verschillen tussen Vlamingen en Walen?<\/strong><\/p>\n<p><b>N\u00e8ve:<\/b>\u00a0Mijn vader werkte in het Studiecentrum voor Kernenergie, en daarom zijn we naar Mol verhuisd. Na mijn studie ben ik aan de balie van Luik beland en nu woon ik op de taalgrens. Ik betreur vooral dat Luik Vlaanderen de rug toekeert. Ze denken nog altijd dat ze een onafhankelijk prinsbisdom zijn. Er is zo goed als geen belangstelling voor Vlaanderen en de Nederlandse taal. Ik heb het als advocaat vaak meegemaakt dat ik er documenten in het Nederlands moest indienen op de griffie. De verbazing! \u2018Meester, hoe gaan we dat d\u00f3\u00e9n? Hoe d\u00farft u dat?\u2019 Ongelooflijke reacties.<\/p>\n<p><strong>Werd u raar bekeken als tweetalige advocaat?<\/strong><\/p>\n<p><b>N\u00e8ve:<\/b><i>\u00a0(glimlacht)\u00a0<\/i>Ik werd \u2018de Hollander\u2019 genoemd omdat ik altijd met de fiets naar de rechtbank kwam.<\/p>\n<p><strong>Tot slot: als u zelf ooit in de gevangenis zou belanden, waar zou u dan willen zitten?<\/strong><\/p>\n<p>N\u00e8ve: Goh, dat maakt mij niet uit. Het mogen er zelfs verschillende na elkaar zijn. Dan kan ik ze allemaal eens testen. (lacht)<\/p>\n<div id=\"below_para_71\"><\/div>\n<div class=\"c-alert-box c-alert-box--result-c\">\n<div class=\"s-wysiwyg-editor c-alert-box__content\">\n<p><b>Marc N\u00e8ve<\/b><\/p>\n<p>\u2013 1953: geboren in Leuven<\/p>\n<p>\u2013 1973-1976: studie rechten in Namen en aan de UCL<\/p>\n<p>\u2013 1979: advocaat, gespecialiseerd in strafrecht aan balie van Luik<\/p>\n<p>\u2013 Verdedigde o.a. Marc Dutroux, Farid \u2018le Fou\u2019 Bamouhammad, \u2018Le petit Robert\u2019 Van Oirbeek en terrorist Nizar Trabelsi<\/p>\n<p>\u2013 1991-2011: voorzitter van Avocats sans Fronti\u00e8res (ASF), ondervoorzitter van het Comit\u00e9 ter Preventie van Foltering van de Raad van Europa, voorzitter van de Commission prisons de la Ligue des droits humains\u2019<\/p>\n<p>\u2013 Sinds april 2019: voorzitter van de Centrale Toezichtsraad voor het Gevangeniswezen<\/p>\n<\/div>\n<\/div>\n<\/div>\n<\/div>\n<\/div>\n<\/div>\n<\/div>\n<\/div>\n<\/div>\n<\/div>\n<\/div>\n<p>&nbsp;<\/p>\n<\/div>\n","protected":false},"excerpt":{"rendered":"<p>La m\u00e9gaprison ne doit pas ouvrir avant qu&rsquo;elle soit conforme aux permis d\u00e9livr\u00e9s. Elle ne doit pas non plus ouvrir avant qu&rsquo;elle soit conforme aux normes internationales dont Marc N\u00e8ve rappelle l&rsquo;existence dans l&rsquo;excellente interview ci-dessous. Elle ne doit pas ouvrir tant que le cadre du personnel ne sera pas plein, ou pas plus que &#8230; <a title=\"La m\u00e9gaprison ne doit pas ouvrir, , il faudra fermer cette m\u00e9gaprison qui ne peut r\u00e9soudre aucun des probl\u00e8mes\" class=\"read-more\" href=\"https:\/\/bruxelles-pantheres.be\/?p=5281\" aria-label=\"En savoir plus sur La m\u00e9gaprison ne doit pas ouvrir, , il faudra fermer cette m\u00e9gaprison qui ne peut r\u00e9soudre aucun des probl\u00e8mes\">Lire la suite<\/a><\/p>\n","protected":false},"author":1,"featured_media":443,"comment_status":"open","ping_status":"open","sticky":false,"template":"","format":"standard","meta":{"footnotes":""},"categories":[8,18],"tags":[506,178],"class_list":["post-5281","post","type-post","status-publish","format-standard","has-post-thumbnail","hentry","category-prisons","category-resistance-bruxelles","tag-marc-neve","tag-prison"],"_links":{"self":[{"href":"https:\/\/bruxelles-pantheres.be\/index.php?rest_route=\/wp\/v2\/posts\/5281","targetHints":{"allow":["GET"]}}],"collection":[{"href":"https:\/\/bruxelles-pantheres.be\/index.php?rest_route=\/wp\/v2\/posts"}],"about":[{"href":"https:\/\/bruxelles-pantheres.be\/index.php?rest_route=\/wp\/v2\/types\/post"}],"author":[{"embeddable":true,"href":"https:\/\/bruxelles-pantheres.be\/index.php?rest_route=\/wp\/v2\/users\/1"}],"replies":[{"embeddable":true,"href":"https:\/\/bruxelles-pantheres.be\/index.php?rest_route=%2Fwp%2Fv2%2Fcomments&post=5281"}],"version-history":[{"count":2,"href":"https:\/\/bruxelles-pantheres.be\/index.php?rest_route=\/wp\/v2\/posts\/5281\/revisions"}],"predecessor-version":[{"id":5284,"href":"https:\/\/bruxelles-pantheres.be\/index.php?rest_route=\/wp\/v2\/posts\/5281\/revisions\/5284"}],"wp:featuredmedia":[{"embeddable":true,"href":"https:\/\/bruxelles-pantheres.be\/index.php?rest_route=\/wp\/v2\/media\/443"}],"wp:attachment":[{"href":"https:\/\/bruxelles-pantheres.be\/index.php?rest_route=%2Fwp%2Fv2%2Fmedia&parent=5281"}],"wp:term":[{"taxonomy":"category","embeddable":true,"href":"https:\/\/bruxelles-pantheres.be\/index.php?rest_route=%2Fwp%2Fv2%2Fcategories&post=5281"},{"taxonomy":"post_tag","embeddable":true,"href":"https:\/\/bruxelles-pantheres.be\/index.php?rest_route=%2Fwp%2Fv2%2Ftags&post=5281"}],"curies":[{"name":"wp","href":"https:\/\/api.w.org\/{rel}","templated":true}]}}