{"id":5288,"date":"2022-10-05T22:09:47","date_gmt":"2022-10-05T21:09:47","guid":{"rendered":"https:\/\/bruxelles-pantheres.be\/?p=5288"},"modified":"2022-10-13T16:43:23","modified_gmt":"2022-10-13T15:43:23","slug":"samedi-29-octobre-a-bruxelles-tous-a-la-marche-pour-le-retour-et-la-liberation-de-la-palestine","status":"publish","type":"post","link":"https:\/\/bruxelles-pantheres.be\/?p=5288","title":{"rendered":"Samedi 29 octobre \u00e0 Bruxelles, tous \u00e0 la Marche pour le retour et la lib\u00e9ration de la Palestine !"},"content":{"rendered":"<p>Le mouvement palestinien, arabe et international\u00a0<em><a href=\"http:\/\/masarbadil.org\/\">Masar Badil<\/a><\/em>\u00a0organise\u00a0<a href=\"https:\/\/www.facebook.com\/events\/1616573898778813\">une Marche pour le retour et la lib\u00e9ration de la Palestine le samedi 29 octobre<\/a>\u00a0\u00e0 Bruxelles en Belgique. Cette manifestation d\u00e9filera dans les rues de la capitale europ\u00e9enne afin de renforcer la solidarit\u00e9 avec le peuple palestinien et sa r\u00e9sistance, une cause anticolonialiste et antiraciste qui a plus que jamais besoin de la solidarit\u00e9 de tou\u00b7te\u00b7s.<\/p>\n<p>Le <a href=\"http:\/\/mcpalestine.be\/\">Mouvement Citoyen Palestine<\/a>, Bruxelles Panth\u00e8res\u00a0et de nombreuses organisations de France, de Belgique et d\u2019ailleurs soutiennent cette initiative et appellent \u00e0 y participer en portant ses revendications :<!--more--><\/p>\n<ul>\n<li>Pour une Palestine libre et d\u00e9mocratique de la mer au Jourdain<\/li>\n<li>L\u00e9gitimit\u00e9 et soutien \u00e0 la r\u00e9sistance palestinienne sous toutes ses formes<\/li>\n<li>D\u00e9fense du droit au retour de tou\u00b7te\u00b7s les r\u00e9fugi\u00e9\u00b7e\u00b7s palestinien\u00b7ne\u00b7s sur leur terre<\/li>\n<li>Libert\u00e9 pour tou\u00b7te\u00b7s les prisonnier\u00b7e\u00b7s palestinien\u00b7ne\u00b7s, dont le communiste libanais Georges Abdallah emprisonn\u00e9 en France depuis 1984<\/li>\n<li>D\u00e9noncer la complicit\u00e9 des puissances occidentales, des r\u00e9gimes r\u00e9actionnaires arabes et de l\u2019Autorit\u00e9 palestinienne<\/li>\n<li>Boycott d\u2019Isra\u00ebl et lutte pour son isolement au niveau international<\/li>\n<\/ul>\n<p>Au d\u00e9part de la Place Lumumba \u00e0 14H, cette marche se terminera devant le Parlement europ\u00e9en afin de d\u00e9noncer la complicit\u00e9 des pays de l\u2019<em>Union Europ\u00e9enne<\/em>. Une large place sera faite \u00e0<a href=\"https:\/\/europalestine.com\/2022\/09\/01\/rassemblement-devant-le-parlement-europeen-a-bruxelles\/\">\u00a0la d\u00e9nonciation du blocus de Gaza gr\u00e2ce au cort\u00e8ge organis\u00e9 par\u00a0<em>CAPJPO-Europalestine<\/em>\u00a0<\/a>sur ce sujet.<\/p>\n<p><strong>Le vendredi 28 octobre projection du film Palestine 48 au <a href=\"https:\/\/www.facebook.com\/CinemaAventure\/\">cin\u00e9ma Aventure . <\/a><\/strong>La s\u00e9ance sera suivie d&rsquo;une discussion en pr\u00e9sence du r\u00e9alisateur.<\/p>\n<p><a href=\"https:\/\/fb.me\/e\/1WIBucPby\">https:\/\/fb.me\/e\/1WIBucPby\u00a0<\/a><\/p>\n<p>Par ailleurs,\u00a0<em>Masar Badil<\/em>\u00a0et\u00a0<a href=\"https:\/\/classecontreclasse.org\/\"><em>Classe Contre Classe<\/em><\/a>\u00a0organisent une\u00a0<a href=\"https:\/\/classecontreclasse.org\/programme-de-la-semaine-pour-la-liberation-de-la-palestine-24-29-oct-bruxelles\/\">Semaine pour la lib\u00e9ration de la Palestine<\/a>\u00a0du 24 au 29 octobre avec de nombreuses activit\u00e9s, conf\u00e9rences et rencontres.<\/p>\n<p>Par ailleurs, vous pouvez faire <a href=\"https:\/\/afgj.salsalabs.org\/samindounreturnandliberation\">un don en ligne<\/a>\u00a0pour soutenir cette initiative.<br \/>\n<iframe title=\"YouTube video player\" src=\"https:\/\/www.youtube.com\/embed\/eti6IblDU4E\" width=\"560\" height=\"315\" frameborder=\"0\" allowfullscreen=\"allowfullscreen\"><\/iframe><\/p>\n<p><strong>Appel et d\u00e9claration :<br \/>\n<\/strong><strong>Rejoignez la marche populaire internationale palestinienne au c\u0153ur de l\u2019Europe.<br \/>\n<\/strong><strong>Ensemble sur la route du retour et de la lib\u00e9ration, vers la victoire de la Palestine !<br \/>\n<\/strong><strong>Parlement europ\u00e9en, Bruxelles, Belgique<br \/>\n<\/strong><strong>29 octobre 2022<\/strong><\/p>\n<p><img decoding=\"async\" class=\"aligncenter wp-image-40220 size-full\" src=\"https:\/\/charleroi-pourlapalestine.be\/wp-content\/uploads\/2022\/06\/Marche-pour-le-retour-et-la-liberation-1.jpg\" sizes=\"(max-width: 415px) 100vw, 415px\" srcset=\"https:\/\/charleroi-pourlapalestine.be\/wp-content\/uploads\/2022\/06\/Marche-pour-le-retour-et-la-liberation-1.jpg 415w, https:\/\/charleroi-pourlapalestine.be\/wp-content\/uploads\/2022\/06\/Marche-pour-le-retour-et-la-liberation-1-300x300.jpg 300w, https:\/\/charleroi-pourlapalestine.be\/wp-content\/uploads\/2022\/06\/Marche-pour-le-retour-et-la-liberation-1-150x150.jpg 150w, https:\/\/charleroi-pourlapalestine.be\/wp-content\/uploads\/2022\/06\/Marche-pour-le-retour-et-la-liberation-1-80x80.jpg 80w, https:\/\/charleroi-pourlapalestine.be\/wp-content\/uploads\/2022\/06\/Marche-pour-le-retour-et-la-liberation-1-320x320.jpg 320w\" alt=\"\" width=\"415\" height=\"416\" \/><\/p>\n<p>Le\u00a0<strong>Mouvement palestinien de la voie alternative r\u00e9volutionnaire<\/strong>\u00a0appelle les masses de notre peuple palestinien \u00e0 l\u2019int\u00e9rieur de la Palestine et partout en diaspora et en exil, les masses de notre nation arabe et toutes les forces progressistes et d\u00e9mocratiques dans le monde, en particulier nos communaut\u00e9s en Europe, en Am\u00e9rique du Nord et ailleurs, \u00e0 se joindre \u00e0 nous pour organiser la marche populaire palestinienne internationale \u00e0 Bruxelles en Belgique\u00a0<strong>le samedi 29 octobre 2022<\/strong>. Cette marche descendra dans les rues de\u00a0<strong>la capitale de l\u2019Union europ\u00e9enne<\/strong>\u00a0avec un rassemblement historique au\u00a0<strong>Parlement europ\u00e9en<\/strong>\u00a0pour souligner les points suivants :<\/p>\n<p>Premi\u00e8rement : Nous affirmons l\u2019insistance du peuple arabe palestinien \u00e0 poursuivre sa lutte historique, son mouvement de lib\u00e9ration nationale, et sa r\u00e9sistance vaillante et l\u00e9gitime par tous les moyens possibles, y compris son droit naturel \u00e0 la r\u00e9sistance arm\u00e9e, afin de se d\u00e9fendre et de r\u00e9aliser pleinement ses droits et aspirations nationaux. Tout d\u2019abord, cela signifie\u00a0<strong>le droit des r\u00e9fugi\u00e9s palestiniens \u00e0 retourner dans leurs maisons, leurs terres et leurs propri\u00e9t\u00e9s d\u2019o\u00f9 ils ont \u00e9t\u00e9 d\u00e9plac\u00e9s, et le droit et le devoir de lib\u00e9rer la terre de Palestine de la mer au Jourdain, de r\u00e9cup\u00e9rer nos terres vol\u00e9es, de restaurer notre capitale historique J\u00e9rusalem, Al-Quds Al-Sharif, et d\u2019exercer notre droit \u00e0 l\u2019autod\u00e9termination sur notre sol national.<\/strong><\/p>\n<p>Deuxi\u00e8mement : Nous tenons\u00a0<strong>les puissances coloniales europ\u00e9ennes, les \u00c9tats-Unis et leurs alli\u00e9s,<\/strong>\u00a0les forces sionistes et r\u00e9actionnaires, historiquement, politiquement, l\u00e9galement et moralement responsables du crime d\u2019\u00e9tablissement de l\u2019entit\u00e9 raciste sioniste en Palestine, ainsi que des guerres et des crimes barbares qui ont \u00e9t\u00e9 commis contre les peuples de notre r\u00e9gion au cours des d\u00e9cennies d\u2019oppression depuis la fatidique\u00a0<strong><em>\u00ab D\u00e9claration Balfour \u00bb<\/em><\/strong>\u00a0du 2 novembre 1917. Nous soulignons \u00e9galement la responsabilit\u00e9 de ces parties pour les crimes isra\u00e9liens \u00e0 l\u2019int\u00e9rieur et \u00e0 l\u2019ext\u00e9rieur de la Palestine occup\u00e9e depuis 1948. Les mains de\u00a0<strong>la Grande-Bretagne, de l\u2019Am\u00e9rique, de la France, du Canada, de l\u2019Allemagne, de l\u2019Australie et d\u2019autres pays et empires<\/strong>\u00a0qui ont fond\u00e9 et nourri le mouvement sioniste sont souill\u00e9es du sang des Palestiniens, des Arabes et de tous les peuples de la r\u00e9gion, et il est temps de d\u00e9manteler le r\u00e9gime de colonialisme de peuplement et d\u2019apartheid en Palestine de la mer au Jourdain<\/p>\n<p>Troisi\u00e8mement :<strong>\u00a0Nous affirmons notre soutien clair \u00e0 la lutte des Palestiniens emprisonn\u00e9s dans les prisons coloniales sionistes, et notre soutien total au mouvement des prisonniers palestiniens.<\/strong>\u00a0Nous nous engageons \u00e0 travailler pour lib\u00e9rer les prisonniers de la d\u00e9tention coloniale. Nous, au sein du Mouvement de la Voie R\u00e9volutionnaire Alternative Palestinienne, consid\u00e9rons le mouvement des prisonniers en lutte comme\u00a0<strong>le noyau solide de la r\u00e9sistance palestinienne,<\/strong>\u00a0la direction de la lutte de notre peuple en Palestine, et les lignes de front de la d\u00e9fense des droits des Palestiniens.\u00a0<strong>Nous exigeons \u00e9galement la lib\u00e9ration imm\u00e9diate et inconditionnelle du combattant internationaliste libanais Georges Ibrahim Abdallah<\/strong>\u00a0des prisons fran\u00e7aises, et\u00a0<strong>la lib\u00e9ration inconditionnelle des d\u00e9tenus palestiniens et arabes dans les prisons des \u00c9tats-Unis d\u2019Am\u00e9rique et dans les prisons des r\u00e9gimes arabes.<\/strong><\/p>\n<p>Quatri\u00e8mement : Nous d\u00e9clarons notre position claire et sans \u00e9quivoque contre la soi-disant\u00a0<strong><em>\u00ab Autorit\u00e9 palestinienne \u00bb<\/em><\/strong>\u00a0corrompue qui sert d\u2019<strong>agent du colonialisme sioniste en Palestine<\/strong>, et nous nous opposons aux politiques de r\u00e9pression et d\u2019exclusion pratiqu\u00e9es par les forces de s\u00e9curit\u00e9 de l\u2019AP contre notre peuple et les forces de r\u00e9sistance palestiniennes en Cisjordanie occup\u00e9e de la Palestine par la politique perfide de\u00a0<strong><em>\u00ab coordination s\u00e9curitaire \u00bb.<\/em><\/strong>\u00a0Nous affirmons \u00e9galement notre engagement \u00e0 lutter pour\u00a0<strong>la lib\u00e9ration imm\u00e9diate de tous les prisonniers politiques dans les prisons de l\u2019Autorit\u00e9 palestinienne.<\/strong>\u00a0Notre marche populaire annoncera dans une conf\u00e9rence de presse\u00a0<strong>une campagne nationale et internationale pour faire face au si\u00e8ge injuste impos\u00e9 \u00e0 notre peuple dans la vaillante bande de Gaza<\/strong>, qui vise \u00e0 transformer cette pr\u00e9cieuse partie de la Palestine en la plus grande prison \u00e0 ciel ouvert du monde.<\/p>\n<p>Cinqui\u00e8mement : Nous annon\u00e7ons depuis le c\u0153ur du Parlement europ\u00e9en\u00a0<strong>la campagne palestinienne, arabe et internationale pour expulser Isra\u00ebl des Nations Unies<\/strong>, et<strong>\u00a0\u0153uvrer au boycott et \u00e0 l\u2019isolement du colonialisme sioniste et des entreprises, institutions et organisations qui le soutiennent en Europe et dans le monde.<\/strong>\u00a0Le Mouvement alternatif palestinien de la voie r\u00e9volutionnaire appelle toutes les organisations et tous les mouvements qui travaillent \u00e0 la construction de la campagne de boycott et de solidarit\u00e9 avec la Palestine, partout dans le monde, \u00e0 adopter cet objectif et \u00e0 travailler \u00e0 sa r\u00e9alisation, \u00e0 l\u2019expulsion du r\u00e9gime isra\u00e9lien des Nations Unies et au<strong>\u00a0r\u00e9tablissement de la r\u00e9solution internationale 3379 \u00e9mise par l\u2019Assembl\u00e9e g\u00e9n\u00e9rale des Nations Unies, qui d\u00e9clare que le sionisme est une forme de racisme et de discrimination raciale.<\/strong><\/p>\n<p>Sixi\u00e8mement : Nous d\u00e9clarons notre rejet des<strong>\u00a0politiques r\u00e9pressives et racistes<\/strong>\u00a0men\u00e9es par certains pays de l\u2019Union europ\u00e9enne contre les droits politiques, civils et humains des Palestiniens en Europe, dont la derni\u00e8re en date est l\u2019ordre donn\u00e9 par la police de\u00a0<strong>Berlin,<\/strong>\u00a0la capitale allemande, d\u2019interdire les marches et les \u00e9v\u00e9nements comm\u00e9morant al-Nakba et r\u00e9clamant le droit au retour. Nous condamnons toutes les tentatives de r\u00e9primer la lutte de notre peuple et le mouvement de solidarit\u00e9 avec la Palestine par le biais d\u2019une politique visant \u00e0\u00a0<strong>criminaliser<\/strong>\u00a0les partisans de la r\u00e9sistance palestinienne. Nous appelons \u00e0 contester et \u00e0 mettre fin aux soi-disant\u00a0<em>\u00ab listes de terroristes \u00bb<\/em>\u00a0qui cherchent \u00e0 d\u00e9former l\u2019image de la lutte juste et l\u00e9gitime du peuple palestinien pour la lib\u00e9ration de sa patrie et le r\u00e9tablissement de ses droits, et nous d\u00e9clarerons depuis le c\u0153ur du Parlement europ\u00e9en<strong>\u00a0notre soutien et notre appui au camp de la r\u00e9sistance en Palestine, au Liban et dans la r\u00e9gion.<\/strong><\/p>\n<p>Septi\u00e8mement : Nous affirmons notre loyaut\u00e9 envers les martyrs, les dirigeants assassin\u00e9s par les forces de l\u2019occupation en Europe et dans la diaspora. Ces crimes sont imprescriptibles, nous n\u2019oublierons pas et nous ne pardonnerons pas. Les noms et les photos des martyrs seront en t\u00eate de la Marche du retour et de la lib\u00e9ration \u00e0 Bruxelles, y compris les dirigeants et les symboles des martyrs\u00a0<strong>Naim Khader, Abu Youssef Al-Najjar, Ghassan Kanafani, Majed Abu Sharar, Basil Al-Kubaisi, Kamal Adwan, Naji Al-Ali, Muhammad Boudia, Kamal Nasser, Mahmoud Al-Hamshari, Izz Al-Din Qalaq, Khaled Nazzal, Alex Odeh, Wael Zuaiter,<\/strong>\u00a0et d\u2019autres de la constellation des martyrs qui se sont \u00e9lev\u00e9s vers l\u2019\u00e9ternit\u00e9 sur le chemin de la lutte pour la lib\u00e9ration de la Palestine.<\/p>\n<p>Huiti\u00e8mement : Nous r\u00e9affirmons que\u00a0<strong>la juste cause de la Palestine n\u2019est pas la cause des seuls Palestiniens<\/strong>, ni la cause des seuls Arabes,\u00a0<strong>mais qu\u2019elle est aussi la cause de tous les peuples libres du monde.<\/strong>\u00a0Cette marche du retour et de la lib\u00e9ration vise \u00e0 approfondir et \u00e0 renforcer la\u00a0<strong>dimension internationale de la cause palestinienne<\/strong>\u00a0et de notre voie r\u00e9volutionnaire alternative, et \u00e0 mettre la Palestine au premier plan de l\u2019agenda des mouvements de lib\u00e9ration et des forces r\u00e9volutionnaires pour le changement en Europe et dans le monde, ainsi que des mouvements de femmes, d\u2019\u00e9tudiants et de syndicats qui soutiennent et se tiennent aux c\u00f4t\u00e9s de notre lutte pour obtenir la justice en Palestine.<\/p>\n<p>Notre mouvement populaire a \u00e9t\u00e9 lanc\u00e9 \u00e0 la fin du mois d\u2019octobre 2021 \u00e0<strong>\u00a0Madrid, Beyrouth et Sao Paulo<\/strong>\u00a0en tant que mouvement arabe palestinien et international pour faire face \u00e0 la voie de la liquidation et de la capitulation, afin de redresser la boussole nationale palestinienne et de mobiliser les \u00e9nergies et les ressources du peuple palestinien en diaspora. Cette marche populaire internationale palestinienne r\u00e9affirmera le lancement de notre voie r\u00e9volutionnaire afin d\u2019atteindre tous ces objectifs et de marquer une \u00e9tape importante de la lutte dans l\u2019histoire de notre peuple palestinien, sur le chemin du retour, de la lib\u00e9ration et de la victoire.<\/p>\n<p><strong>Vers la plus large participation palestinienne, arabe et internationale<br \/>\n\u00e0 la Marche du retour et de la lib\u00e9ration !<\/strong><\/p>\n<p><strong>Vive la lutte de notre peuple palestinien !<\/strong><\/p>\n<p><strong>Vive la solidarit\u00e9 internationale avec la Palestine et son peuple !<\/strong><\/p>\n<p><strong>Nous reviendrons et serons victorieux !<\/strong><\/p>\n<p>Mouvement de la voie alternative r\u00e9volutionnaire palestinienne (Masar Badil)<\/p>\n<p>\u00b0\u00b0\u00b0\u00b0\u00b0<\/p>\n<p>Publi\u00e9 le 14 juin sur\u00a0<a href=\"https:\/\/masarbadil.org\/fr\/2022\/06\/2770\/\" target=\"_blank\" rel=\"noopener\">Masar Badil<\/a><\/p>\n<p><a href=\"https:\/\/bruxelles-pantheres.be\/wp-content\/uploads\/2022\/10\/visuelCarmaPal48.jpg\"><img decoding=\"async\" class=\"alignnone wp-image-5290 size-full\" src=\"https:\/\/bruxelles-pantheres.be\/wp-content\/uploads\/2022\/10\/visuelCarmaPal48.jpg\" alt=\"\" width=\"1224\" height=\"960\" srcset=\"https:\/\/bruxelles-pantheres.be\/wp-content\/uploads\/2022\/10\/visuelCarmaPal48.jpg 1224w, https:\/\/bruxelles-pantheres.be\/wp-content\/uploads\/2022\/10\/visuelCarmaPal48-300x235.jpg 300w, https:\/\/bruxelles-pantheres.be\/wp-content\/uploads\/2022\/10\/visuelCarmaPal48-1024x803.jpg 1024w, https:\/\/bruxelles-pantheres.be\/wp-content\/uploads\/2022\/10\/visuelCarmaPal48-768x602.jpg 768w\" sizes=\"(max-width: 1224px) 100vw, 1224px\" \/><\/a><\/p>\n<table role=\"presentation\" border=\"0\" width=\"100%\" cellspacing=\"0\" cellpadding=\"0\" align=\"center\">\n<tbody>\n<tr>\n<td>\n<table role=\"presentation\" border=\"0\" width=\"600\" cellspacing=\"0\" cellpadding=\"0\" align=\"center\">\n<tbody>\n<tr>\n<td width=\"100%\">\n<table role=\"presentation\" border=\"0\" width=\"100%\" cellspacing=\"0\" cellpadding=\"0\">\n<tbody>\n<tr>\n<td>\n<div align=\"center\"><a href=\"https:\/\/returnandliberation.org\/\" target=\"_blank\" rel=\"noopener\" data-saferedirecturl=\"https:\/\/www.google.com\/url?q=https:\/\/returnandliberation.org&amp;source=gmail&amp;ust=1665760170397000&amp;usg=AOvVaw24WlG-Izq8KH6EwOIjpGe0\"><img decoding=\"async\" class=\"CToWUd\" src=\"https:\/\/ci5.googleusercontent.com\/proxy\/4E8z-yoZXXJzp2JkIIEyzU4tDpj-eF95Vt9S6Iaikbm2CmFRYlEuMymHsFHokxZxx8VbDLtabOsWiWgY14QYo-phyRTVUqz2jMj0BF9q8m1kVXp3C7HLgMtQB3qEbWXmk2_1YOvCBohyIC3me7TNwg-kyB9gpHW74bWH5V8PgxHV1vvtlnJQeyo_WOs=s0-d-e1-ft#https:\/\/d15k2d11r6t6rl.cloudfront.net\/public\/users\/Integrators\/BeeProAgency\/644187_626332\/Add%20a%20heading%20%284%29.png\" width=\"600\" data-bit=\"iit\" \/><\/a><\/div>\n<\/td>\n<\/tr>\n<\/tbody>\n<\/table>\n<table role=\"presentation\" border=\"0\" width=\"100%\" cellspacing=\"0\" cellpadding=\"10\">\n<tbody>\n<tr>\n<td>\n<div align=\"center\">\n<table role=\"presentation\" border=\"0\" width=\"100%\" cellspacing=\"0\" cellpadding=\"0\">\n<tbody>\n<tr>\n<td><\/td>\n<\/tr>\n<\/tbody>\n<\/table>\n<\/div>\n<\/td>\n<\/tr>\n<\/tbody>\n<\/table>\n<table role=\"presentation\" border=\"0\" width=\"100%\" cellspacing=\"0\" cellpadding=\"10\">\n<tbody>\n<tr>\n<td>\n<div>\n<table role=\"presentation\" border=\"0\" width=\"210px\" cellspacing=\"0\" cellpadding=\"0\">\n<tbody>\n<tr>\n<td><a href=\"https:\/\/www.facebook.com\/sharer.php?u=https:\/\/email.samidoun.net\/lists\/?m=133&amp;uid=b90de1324ecc9907522a52f761fe3e6a&amp;p=view&amp;pi=ViewBrowserPlugin\" target=\"_blank\" rel=\"noopener\" data-saferedirecturl=\"https:\/\/www.google.com\/url?q=https:\/\/www.facebook.com\/sharer.php?u%3Dhttps:\/\/email.samidoun.net\/lists\/?m%3D133%26uid%3Db90de1324ecc9907522a52f761fe3e6a%26p%3Dview%26pi%3DViewBrowserPlugin&amp;source=gmail&amp;ust=1665760170397000&amp;usg=AOvVaw0jOFvLAEou-RsC1scSdl0e\"><img decoding=\"async\" class=\"CToWUd\" title=\"Facebook\" src=\"https:\/\/ci5.googleusercontent.com\/proxy\/q8vtBZHwtBHlITQYVdlHIwnhNYWCUUxALVV_Kmlwfip1eqPuw7Cp30V9GVYycij-noIxVZPpOm7qWh-lDxUTvsdmdbJ46zmQupMTjdDz745PiJ1irkKDekS0HDMJNbxkEum942YyJWwYDRm7oW3vTRbptMhO6Aoav2A=s0-d-e1-ft#https:\/\/app-rsrc.getbee.io\/public\/resources\/social-networks-icon-sets\/t-only-logo-color\/facebook@2x.png\" alt=\"Facebook\" width=\"32\" height=\"32\" data-bit=\"iit\" \/><\/a><\/td>\n<td><a href=\"https:\/\/twitter.com\/intent\/tweet?url=https:\/\/email.samidoun.net\/lists\/?m=133&amp;uid=b90de1324ecc9907522a52f761fe3e6a&amp;p=view&amp;pi=ViewBrowserPlugin\" target=\"_blank\" rel=\"noopener\" data-saferedirecturl=\"https:\/\/www.google.com\/url?q=https:\/\/twitter.com\/intent\/tweet?url%3Dhttps:\/\/email.samidoun.net\/lists\/?m%3D133%26uid%3Db90de1324ecc9907522a52f761fe3e6a%26p%3Dview%26pi%3DViewBrowserPlugin&amp;source=gmail&amp;ust=1665760170397000&amp;usg=AOvVaw34eTVDINKqRovK9XIIqkrc\"><img decoding=\"async\" class=\"CToWUd\" title=\"Twitter\" src=\"https:\/\/ci6.googleusercontent.com\/proxy\/GAlkSmloEtmOA3aEFeapBJnvu2vuf1HaT9N1IKkOLP69hItjHlz10le_THqWbHlnB8Y8pCPHg1X4TcWPUOd0agr9Rcao2BfPIYZIkwnxpuHcC-gLhYoDox9xTs0fEOPSuLI_GnaMmak6IcjDLgdVIPzyOcACAoR-BQ=s0-d-e1-ft#https:\/\/app-rsrc.getbee.io\/public\/resources\/social-networks-icon-sets\/t-only-logo-color\/twitter@2x.png\" alt=\"Twitter\" width=\"32\" height=\"32\" data-bit=\"iit\" \/><\/a><\/td>\n<td><a href=\"https:\/\/vk.com\/share.php?url=https:\/\/email.samidoun.net\/lists\/?m=133&amp;uid=b90de1324ecc9907522a52f761fe3e6a&amp;p=view&amp;pi=ViewBrowserPlugin\" target=\"_blank\" rel=\"noopener\" data-saferedirecturl=\"https:\/\/www.google.com\/url?q=https:\/\/vk.com\/share.php?url%3Dhttps:\/\/email.samidoun.net\/lists\/?m%3D133%26uid%3Db90de1324ecc9907522a52f761fe3e6a%26p%3Dview%26pi%3DViewBrowserPlugin&amp;source=gmail&amp;ust=1665760170397000&amp;usg=AOvVaw1TrXxB5zBNykYQ0Jpsff17\"><img decoding=\"async\" class=\"CToWUd\" title=\"Vkontakte\" src=\"https:\/\/ci6.googleusercontent.com\/proxy\/F3Kw5lXm45uHuCvj3SUjUUrOznuqUcs5jrZTNxJkqRNVZr5HwKU3FMsBfHVLqpyxs1w1q0rO1KjKhPhVLtjAlOFp2RXEaAGWljWw0uRTjtlSr4YCdH3R2E13inuVit2XwcMG-rBZB4b_3SHMysw3BpkR12J39S1VTKwz=s0-d-e1-ft#https:\/\/app-rsrc.getbee.io\/public\/resources\/social-networks-icon-sets\/t-only-logo-color\/vkontakte@2x.png\" alt=\"Vkontakte\" width=\"32\" height=\"32\" data-bit=\"iit\" \/><\/a><\/td>\n<td><a href=\"mailto:https:\/\/email.samidoun.net\/lists\/?p=forward&amp;uid=b90de1324ecc9907522a52f761fe3e6a&amp;mid=133\" target=\"_blank\" rel=\"noopener\"><img decoding=\"async\" class=\"CToWUd\" title=\"E-Mail\" src=\"https:\/\/ci6.googleusercontent.com\/proxy\/AtphuxbO0N2yUMwqb7umNl06NZHqFuAqwYeQS1IBLU-FSZ8MSa-94mOB1LkLDJsN8GIaMUrq1qPOL1dHmzPOie2AHYLbInDg3xHd2jlMJWAOXTjSQPvB6qvbHIv9peS3K0MQOzsavEBmn039rUtJw-K6HJlMYw=s0-d-e1-ft#https:\/\/app-rsrc.getbee.io\/public\/resources\/social-networks-icon-sets\/t-only-logo-color\/mail@2x.png\" alt=\"E-Mail\" width=\"32\" height=\"32\" data-bit=\"iit\" \/><\/a><\/td>\n<td><a href=\"https:\/\/email.samidoun.net\/lists\/?m=133&amp;uid=b90de1324ecc9907522a52f761fe3e6a&amp;p=view&amp;pi=ViewBrowserPlugin\" target=\"_blank\" rel=\"noopener\" data-saferedirecturl=\"https:\/\/www.google.com\/url?q=https:\/\/email.samidoun.net\/lists\/?m%3D133%26uid%3Db90de1324ecc9907522a52f761fe3e6a%26p%3Dview%26pi%3DViewBrowserPlugin&amp;source=gmail&amp;ust=1665760170397000&amp;usg=AOvVaw23PdhANkK0nkOYa6mVdX3X\"><img decoding=\"async\" class=\"CToWUd\" title=\"Web Site\" src=\"https:\/\/ci3.googleusercontent.com\/proxy\/plZ3N5yPQSOhi49aW1s10cAguteHvfkoOOu2paXd7Wp8c1C5kP47WbGN6BsDFPgtXAjdXo2GbbMG_aNPHMJ4NgppFySKfLCscsJg1-7l6TXc62a2nPkltqGegTKHnO6N-cyHO72UEBqNH7cP0lf_-IEcO0dPzx2aTA=s0-d-e1-ft#https:\/\/app-rsrc.getbee.io\/public\/resources\/social-networks-icon-sets\/t-only-logo-color\/website@2x.png\" alt=\"Web Site\" width=\"32\" height=\"32\" data-bit=\"iit\" \/><\/a><\/td>\n<\/tr>\n<\/tbody>\n<\/table>\n<\/div>\n<\/td>\n<\/tr>\n<\/tbody>\n<\/table>\n<table role=\"presentation\" border=\"0\" width=\"100%\" cellspacing=\"0\" cellpadding=\"0\">\n<tbody>\n<tr>\n<td>\n<div align=\"center\"><a href=\"https:\/\/www.youtube.com\/watch?v=qnMKhStSHPo\" target=\"_blank\" rel=\"noopener\" data-saferedirecturl=\"https:\/\/www.google.com\/url?q=https:\/\/www.youtube.com\/watch?v%3DqnMKhStSHPo&amp;source=gmail&amp;ust=1665760170397000&amp;usg=AOvVaw3u4r5q4HxEMU4XYXSU-QTM\"><img decoding=\"async\" class=\"CToWUd\" src=\"https:\/\/ci4.googleusercontent.com\/proxy\/SkexfwmJahUE3ZFAlADZz_PoCuBSrwSny4lpgbgB5b2BxwumFX7keKbSi7rsEUxKkuA4Yzf096scMHxtlE4iTwRGjzOJ7gMfBZg1D7BiXEithjyLcueXhfct0YxSj6IAvFjCsSOmt1Z9IDk_svHvLpsFz8ZtUQ_WlCEZ=s0-d-e1-ft#https:\/\/d15k2d11r6t6rl.cloudfront.net\/public\/users\/Integrators\/BeeProAgency\/644187_626332\/marchvideo.JPG\" width=\"600\" data-bit=\"iit\" \/><\/a><\/div>\n<\/td>\n<\/tr>\n<\/tbody>\n<\/table>\n<table role=\"presentation\" border=\"0\" width=\"100%\" cellspacing=\"0\" cellpadding=\"10\">\n<tbody>\n<tr>\n<td>\n<div>\n<div>\n<p><b>Join us in Brussels on 29 October 2022 for the March for Return and Liberation for Palestine!\u00a0<\/b><\/p>\n<p>&nbsp;<\/p>\n<p><b>Visit the newly launched website for the March:\u00a0<\/b><\/p>\n<p><a href=\"https:\/\/returnandliberation.org\/\" target=\"_blank\" rel=\"noopener\" data-saferedirecturl=\"https:\/\/www.google.com\/url?q=https:\/\/returnandliberation.org&amp;source=gmail&amp;ust=1665760170398000&amp;usg=AOvVaw14o703-xLOxTY4Xy-3gwF0\"><b>https:\/\/returnandliberation.<wbr \/>org<\/b><\/a><\/p>\n<p>&nbsp;<\/p>\n<p>Join the March for Return and Liberation in Brussels, Belgium on\u00a0<b>Saturday, 29 October 2022<\/b>. We will march at\u00a0<b>2 pm (14h) from Lumumba Square to the European Parliament.\u00a0<\/b><\/p>\n<p>&nbsp;<\/p>\n<p>Our demands include: the liberation of Palestine from the river to the sea, the liberation of all Palestinian prisoners, the return of Palestinian refugees, an end to the EU-Israel Association agreement (and total boycott) and defense of the Palestinian people and their resistance.\u00a0<a href=\"https:\/\/returnandliberation.org\/about-us\/\" target=\"_blank\" rel=\"noopener\" data-saferedirecturl=\"https:\/\/www.google.com\/url?q=https:\/\/returnandliberation.org\/about-us\/&amp;source=gmail&amp;ust=1665760170398000&amp;usg=AOvVaw3eCmfwv0wk2ngM-d8a1Mzx\">Read our fuller call to action here.<\/a><\/p>\n<p>&nbsp;<\/p>\n<p>The March is the culmination of the<b>\u00a0Week for Palestinian Liberation<\/b>. Events and activities will take place every day in Brussels from\u00a0<b>24 October to 29 October.<\/b><\/p>\n<\/div>\n<\/div>\n<\/td>\n<\/tr>\n<\/tbody>\n<\/table>\n<table role=\"presentation\" border=\"0\" width=\"100%\" cellspacing=\"0\" cellpadding=\"10\">\n<tbody>\n<tr>\n<td>\n<div align=\"center\">\n<table role=\"presentation\" border=\"0\" width=\"100%\" cellspacing=\"0\" cellpadding=\"0\">\n<tbody>\n<tr>\n<td><\/td>\n<\/tr>\n<\/tbody>\n<\/table>\n<\/div>\n<\/td>\n<\/tr>\n<\/tbody>\n<\/table>\n<table role=\"presentation\" border=\"0\" width=\"100%\" cellspacing=\"0\" cellpadding=\"10\">\n<tbody>\n<tr>\n<td>\n<div align=\"center\"><a href=\"https:\/\/returnandliberation.org\/\" target=\"_blank\" rel=\"noopener\" data-saferedirecturl=\"https:\/\/www.google.com\/url?q=https:\/\/returnandliberation.org&amp;source=gmail&amp;ust=1665760170398000&amp;usg=AOvVaw14o703-xLOxTY4Xy-3gwF0\"><span dir=\"ltr\">VISIT THE WEBSITE<\/span><\/a><\/div>\n<\/td>\n<\/tr>\n<\/tbody>\n<\/table>\n<table role=\"presentation\" border=\"0\" width=\"100%\" cellspacing=\"0\" cellpadding=\"10\">\n<tbody>\n<tr>\n<td>\n<div align=\"center\"><a href=\"https:\/\/returnandliberation.org\/endorse\" target=\"_blank\" rel=\"noopener\" data-saferedirecturl=\"https:\/\/www.google.com\/url?q=https:\/\/returnandliberation.org\/endorse&amp;source=gmail&amp;ust=1665760170398000&amp;usg=AOvVaw09zVRqBGH5uNYreVS4cSYI\"><span dir=\"ltr\">ENDORSE THE MARCH<\/span><\/a><\/div>\n<\/td>\n<\/tr>\n<\/tbody>\n<\/table>\n<table role=\"presentation\" border=\"0\" width=\"100%\" cellspacing=\"0\" cellpadding=\"10\">\n<tbody>\n<tr>\n<td>\n<div align=\"center\"><a href=\"https:\/\/afgj.salsalabs.org\/samindounreturnandliberation\" target=\"_blank\" rel=\"noopener\" data-saferedirecturl=\"https:\/\/www.google.com\/url?q=https:\/\/afgj.salsalabs.org\/samindounreturnandliberation&amp;source=gmail&amp;ust=1665760170398000&amp;usg=AOvVaw28L5G5YeDWWICe4Q5Isf7S\"><span dir=\"ltr\">MAKE A DONATION<\/span><\/a><\/div>\n<\/td>\n<\/tr>\n<\/tbody>\n<\/table>\n<table role=\"presentation\" border=\"0\" width=\"100%\" cellspacing=\"0\" cellpadding=\"10\">\n<tbody>\n<tr>\n<td>\n<div align=\"center\">\n<table role=\"presentation\" border=\"0\" width=\"100%\" cellspacing=\"0\" cellpadding=\"0\">\n<tbody>\n<tr>\n<td><\/td>\n<\/tr>\n<\/tbody>\n<\/table>\n<\/div>\n<\/td>\n<\/tr>\n<\/tbody>\n<\/table>\n<table role=\"presentation\" border=\"0\" width=\"100%\" cellspacing=\"0\" cellpadding=\"10\">\n<tbody>\n<tr>\n<td>\n<div>\n<div>\n<p>We will gather at\u00a0<b>Lumumba Square at 2 pm (14h) on Saturday, October 29.\u00a0<\/b><\/p>\n<p>&nbsp;<\/p>\n<p>After an initial rally, we will proceed from\u00a0<b>Lumumba Square to the European Parliament for the final rally<\/b>. Please expect to be at the European Parliament until 4:30 \u2013 5 pm (16h30 \u2013 17h)<\/p>\n<p>&nbsp;<\/p>\n<p>Are you bringing a bus or other large vehicle and need help or information about parking, storage and logistics? Do you want to plan a large contingent? Email us at\u00a0<a title=\"info@returnandliberation.org\" href=\"mailto:info@returnandliberation.org\" target=\"_blank\" rel=\"noopener\">info@returnandliberation.org<\/a>\u00a0or\u00a0<a href=\"https:\/\/returnandliberation.org\/contact\/\" target=\"_blank\" rel=\"noopener\" data-saferedirecturl=\"https:\/\/www.google.com\/url?q=https:\/\/returnandliberation.org\/contact\/&amp;source=gmail&amp;ust=1665760170398000&amp;usg=AOvVaw27RD3zdJTweSIxTt3rczqf\">use our contact form<\/a>!<\/p>\n<p>&nbsp;<\/p>\n<p>Our comrades at\u00a0<a href=\"https:\/\/europalestine.com\/2022\/09\/01\/rassemblement-devant-le-parlement-europeen-a-bruxelles\/\" target=\"_blank\" rel=\"noopener\" data-saferedirecturl=\"https:\/\/www.google.com\/url?q=https:\/\/europalestine.com\/2022\/09\/01\/rassemblement-devant-le-parlement-europeen-a-bruxelles\/&amp;source=gmail&amp;ust=1665760170398000&amp;usg=AOvVaw2x5f_V0D57pldTD4GMFc8N\">CAPJPO-EuroPalestine<\/a>\u00a0in France are organizing a special contingent in the October 29 rally to\u00a0<b>end the blockade of Gaza and hold the European Parliament accountable.\u00a0<\/b><\/p>\n<p>&nbsp;<\/p>\n<p>They are organizing\u00a0<b>bus and communal transport from France (including Paris and elsewhere!)\u00a0<\/b>To join the contingent or get your seat on the bus, email\u00a0<a href=\"mailto:info@europalestine.com\" target=\"_blank\" rel=\"noopener\">info@europalestine.com<\/a>\u00a0<wbr \/>or call<b>+33\u00a0(0)7 56 88 65 41.<\/b><\/p>\n<\/div>\n<\/div>\n<\/td>\n<\/tr>\n<\/tbody>\n<\/table>\n<table role=\"presentation\" border=\"0\" width=\"100%\" cellspacing=\"0\" cellpadding=\"0\">\n<tbody>\n<tr>\n<td>\n<div align=\"center\"><a href=\"https:\/\/returnandliberation.org\/\" target=\"_blank\" rel=\"noopener\" data-saferedirecturl=\"https:\/\/www.google.com\/url?q=https:\/\/returnandliberation.org\/&amp;source=gmail&amp;ust=1665760170398000&amp;usg=AOvVaw1DuaRrlBMh0zkjw-KW6IvE\"><img decoding=\"async\" class=\"CToWUd\" src=\"https:\/\/ci5.googleusercontent.com\/proxy\/XBTw8_usvXlmtHQ7KCJxHtxRsDSTjd4W9ebh4jvMH72rZmlzz1VjlPZQ50-49VooU9XQs5b3EAsLj5d2ZgLXKexvYrjojksDkI6TRHrVTvgkDZXlCGtyFUOhVeTilBZvdWwKK57ynv45p9a-3887FcnABqB3=s0-d-e1-ft#https:\/\/d15k2d11r6t6rl.cloudfront.net\/public\/users\/Integrators\/BeeProAgency\/644187_626332\/maps.JPG\" width=\"600\" data-bit=\"iit\" \/><\/a><\/div>\n<\/td>\n<\/tr>\n<\/tbody>\n<\/table>\n<table role=\"presentation\" border=\"0\" width=\"100%\" cellspacing=\"0\" cellpadding=\"10\">\n<tbody>\n<tr>\n<td>\n<div align=\"center\">\n<table role=\"presentation\" border=\"0\" width=\"100%\" cellspacing=\"0\" cellpadding=\"0\">\n<tbody>\n<tr>\n<td><\/td>\n<\/tr>\n<\/tbody>\n<\/table>\n<\/div>\n<\/td>\n<\/tr>\n<\/tbody>\n<\/table>\n<table role=\"presentation\" border=\"0\" width=\"100%\" cellspacing=\"0\" cellpadding=\"10\">\n<tbody>\n<tr>\n<td>\n<div>\n<div>\n<p>The main Week of Action for Palestinian Liberation is taking place in Brussels, Belgium, culminating in the March for Return and Liberation on Saturday, 29 October.<\/p>\n<p>&nbsp;<\/p>\n<p>However, the struggle for the liberation of Palestine is happening everywhere.\u00a0<b>We invite Palestinian and Arab communities and solidarity movements around the world to organize marches of return and liberation, educational events and actions in your area between October 24 and 29.<\/b>\u00a0Please use the\u00a0<a href=\"https:\/\/returnandliberation.org\/schedule-of-events\/\" target=\"_blank\" rel=\"noopener\" data-saferedirecturl=\"https:\/\/www.google.com\/url?q=https:\/\/returnandliberation.org\/schedule-of-events\/&amp;source=gmail&amp;ust=1665760170398000&amp;usg=AOvVaw2zIdBlYI4LNLK-PKWp0fTX\">form at our website to tell us about your actions<\/a>, and we will add them to the calendar!<\/p>\n<p>&nbsp;<\/p>\n<p>We also encourage all to participate in the\u00a0<b>Month of Action to Free Georges Abdallah<\/b>\u00a0and the\u00a0<a href=\"https:\/\/samidoun.net\/2022\/10\/october-2022-take-action-to-free-georges-abdallah-from-lannemezan-to-brussels-and-beyond\/\" target=\"_blank\" rel=\"noopener\" data-saferedirecturl=\"https:\/\/www.google.com\/url?q=https:\/\/samidoun.net\/2022\/10\/october-2022-take-action-to-free-georges-abdallah-from-lannemezan-to-brussels-and-beyond\/&amp;source=gmail&amp;ust=1665760170398000&amp;usg=AOvVaw2ulF3SGzM0-tdXgaqoPQzG\"><b>international rally on 22 October 2022 in Lannemezan, France<\/b><\/a>. Freeing Georges Abdallah &#8212; the Lebanese Communist struggler for Palestine imprisoned in France for 38 years &#8212; is a major demand of the March for Return and Liberation, and we encourage all to march for liberation,<b>\u00a0from Lannemezan to Brussels!<\/b><\/p>\n<\/div>\n<\/div>\n<\/td>\n<\/tr>\n<\/tbody>\n<\/table>\n<table role=\"presentation\" border=\"0\" width=\"100%\" cellspacing=\"0\" cellpadding=\"10\">\n<tbody>\n<tr>\n<td>\n<div align=\"center\"><a href=\"https:\/\/returnandliberation.org\/schedule-of-events\/\" target=\"_blank\" rel=\"noopener\" data-saferedirecturl=\"https:\/\/www.google.com\/url?q=https:\/\/returnandliberation.org\/schedule-of-events\/&amp;source=gmail&amp;ust=1665760170398000&amp;usg=AOvVaw2zIdBlYI4LNLK-PKWp0fTX\"><span dir=\"ltr\">SCHEDULE OF EVENTS<\/span><\/a><\/div>\n<\/td>\n<\/tr>\n<\/tbody>\n<\/table>\n<table role=\"presentation\" border=\"0\" width=\"100%\" cellspacing=\"0\" cellpadding=\"10\">\n<tbody>\n<tr>\n<td>\n<div align=\"center\"><a href=\"https:\/\/returnandliberation.org\/organize-an-event\/\" target=\"_blank\" rel=\"noopener\" data-saferedirecturl=\"https:\/\/www.google.com\/url?q=https:\/\/returnandliberation.org\/organize-an-event\/&amp;source=gmail&amp;ust=1665760170398000&amp;usg=AOvVaw000fAP9JPypR6LQ0AM_wN9\"><span dir=\"ltr\">ADD YOUR OWN<\/span><\/a><\/div>\n<\/td>\n<\/tr>\n<\/tbody>\n<\/table>\n<table role=\"presentation\" border=\"0\" width=\"100%\" cellspacing=\"0\" cellpadding=\"10\">\n<tbody>\n<tr>\n<td>\n<div align=\"center\">\n<table role=\"presentation\" border=\"0\" width=\"100%\" cellspacing=\"0\" cellpadding=\"0\">\n<tbody>\n<tr>\n<td><\/td>\n<\/tr>\n<\/tbody>\n<\/table>\n<\/div>\n<\/td>\n<\/tr>\n<\/tbody>\n<\/table>\n<table role=\"presentation\" border=\"0\" width=\"100%\" cellspacing=\"0\" cellpadding=\"0\">\n<tbody>\n<tr>\n<td>\n<div align=\"center\"><a href=\"https:\/\/returnandliberation.org\/videos\/\" target=\"_blank\" rel=\"noopener\" data-saferedirecturl=\"https:\/\/www.google.com\/url?q=https:\/\/returnandliberation.org\/videos\/&amp;source=gmail&amp;ust=1665760170398000&amp;usg=AOvVaw1KiDRxkUw7p5moowWLT50m\"><img decoding=\"async\" class=\"CToWUd\" src=\"https:\/\/ci4.googleusercontent.com\/proxy\/fGiuP3dToUVQakhupoVkUmfDYrKCn4wUZAzPOaCuuSFmlf0I5Wt-9kbG7Bvmt5YXyTdvbUV0pZPoNLd1rdKoNALHjphFUoBGRHbyrCz2ZKWk0TtNpqvDK3IkJ89IUU4XF5XpCPrHqRMRhZI1vNO4baE7H8mvWL-f=s0-d-e1-ft#https:\/\/d15k2d11r6t6rl.cloudfront.net\/public\/users\/Integrators\/BeeProAgency\/644187_626332\/vidpage.JPG\" width=\"600\" data-bit=\"iit\" \/><\/a><\/div>\n<\/td>\n<\/tr>\n<\/tbody>\n<\/table>\n<\/td>\n<\/tr>\n<\/tbody>\n<\/table>\n<\/td>\n<\/tr>\n<\/tbody>\n<\/table>\n<table role=\"presentation\" border=\"0\" width=\"100%\" cellspacing=\"0\" cellpadding=\"0\" align=\"center\">\n<tbody>\n<tr>\n<td>\n<table role=\"presentation\" border=\"0\" width=\"600\" cellspacing=\"0\" cellpadding=\"0\" align=\"center\">\n<tbody>\n<tr>\n<td width=\"100%\">\n<table role=\"presentation\" border=\"0\" width=\"100%\" cellspacing=\"0\" cellpadding=\"10\">\n<tbody>\n<tr>\n<td>\n<div>\n<div>\n<p>Check out\u00a0<a href=\"https:\/\/returnandliberation.org\/videos\/\" target=\"_blank\" rel=\"noopener\" data-saferedirecturl=\"https:\/\/www.google.com\/url?q=https:\/\/returnandliberation.org\/videos\/&amp;source=gmail&amp;ust=1665760170398000&amp;usg=AOvVaw1KiDRxkUw7p5moowWLT50m\">the videos page at our website<\/a>\u00a0for an array of videos in English, Arabic and French urging participation in the March of Liberation and Return! Hear from\u00a0<b>Salman Abu Sitta, Fr. Manuel Musallam, Khaled al-Batsh, Fr. Atallah Hanna, Olivia Zemor, Dr. Ahmed Bahar, Mohammed Hashisho, Najah Wakim, Simaan Khoury<\/b>\u00a0and more &#8212; not to mention a special invitation from the march coordinator,\u00a0<b>Mohammed Khatib<\/b>!<\/p>\n<\/div>\n<\/div>\n<\/td>\n<\/tr>\n<\/tbody>\n<\/table>\n<table role=\"presentation\" border=\"0\" width=\"100%\" cellspacing=\"0\" cellpadding=\"10\">\n<tbody>\n<tr>\n<td>\n<div align=\"center\"><a href=\"https:\/\/returnandliberation.org\/videos\/\" target=\"_blank\" rel=\"noopener\" data-saferedirecturl=\"https:\/\/www.google.com\/url?q=https:\/\/returnandliberation.org\/videos\/&amp;source=gmail&amp;ust=1665760170398000&amp;usg=AOvVaw1KiDRxkUw7p5moowWLT50m\"><span dir=\"ltr\">WATCH THE VIDEOS<\/span><\/a><\/div>\n<\/td>\n<\/tr>\n<\/tbody>\n<\/table>\n<table role=\"presentation\" border=\"0\" width=\"100%\" cellspacing=\"0\" cellpadding=\"10\">\n<tbody>\n<tr>\n<td>\n<div align=\"center\"><a href=\"https:\/\/afgj.salsalabs.org\/samindounreturnandliberation\" target=\"_blank\" rel=\"noopener\" data-saferedirecturl=\"https:\/\/www.google.com\/url?q=https:\/\/afgj.salsalabs.org\/samindounreturnandliberation&amp;source=gmail&amp;ust=1665760170398000&amp;usg=AOvVaw28L5G5YeDWWICe4Q5Isf7S\"><span dir=\"ltr\">MAKE A DONATION<\/span><\/a><\/div>\n<\/td>\n<\/tr>\n<\/tbody>\n<\/table>\n<table role=\"presentation\" border=\"0\" width=\"100%\" cellspacing=\"0\" cellpadding=\"10\">\n<tbody>\n<tr>\n<td>\n<div align=\"center\">\n<table role=\"presentation\" border=\"0\" width=\"100%\" cellspacing=\"0\" cellpadding=\"0\">\n<tbody>\n<tr>\n<td><\/td>\n<\/tr>\n<\/tbody>\n<\/table>\n<\/div>\n<\/td>\n<\/tr>\n<\/tbody>\n<\/table>\n<table role=\"presentation\" border=\"0\" width=\"100%\" cellspacing=\"0\" cellpadding=\"0\">\n<tbody>\n<tr>\n<td>\n<div align=\"center\"><a href=\"https:\/\/masarbadil.org\/\" target=\"_blank\" rel=\"noopener\" data-saferedirecturl=\"https:\/\/www.google.com\/url?q=https:\/\/masarbadil.org&amp;source=gmail&amp;ust=1665760170398000&amp;usg=AOvVaw0HX_5aOl-lUNnc8ORel_O3\"><img decoding=\"async\" class=\"CToWUd\" src=\"https:\/\/ci6.googleusercontent.com\/proxy\/M5u5j5MC1ltubmCtKfCc2WK29cguqaebdXOOHIYhqm879dNve3fjulOOu8nrfR-hyEYUhGpt2NsSNTRCjg30mq8MI9gj29hihcEBVsNB4uHipy960ATjYBPVw3lnDWdIA0dMPp8NOABKBZ82liIfrywIHQ0=s0-d-e1-ft#https:\/\/d15k2d11r6t6rl.cloudfront.net\/public\/users\/Integrators\/BeeProAgency\/644187_626332\/1_8.png\" width=\"400\" data-bit=\"iit\" \/><\/a><\/div>\n<\/td>\n<\/tr>\n<\/tbody>\n<\/table>\n<table role=\"presentation\" border=\"0\" width=\"100%\" cellspacing=\"0\" cellpadding=\"10\">\n<tbody>\n<tr>\n<td>\n<div>\n<div>\n<p>The March for Return and Liberation is organized by the\u00a0<a href=\"https:\/\/masarbadil.org\/\" target=\"_blank\" rel=\"noopener\" data-saferedirecturl=\"https:\/\/www.google.com\/url?q=https:\/\/masarbadil.org\/&amp;source=gmail&amp;ust=1665760170398000&amp;usg=AOvVaw1wALsPqGvOhy5v1KMei2mP\"><b>Palestinian Alternative Revolutionary Path Movement (Masar Badil.)<\/b><\/a>\u00a0The Masar Badil is a Palestinian popular movement that aims for a Palestinian united national front to confront the occupier, bring down collaborationist entities and struggle against Zionism, imperialism and reactionary regimes.<\/p>\n<p>&nbsp;<\/p>\n<p>It is being endorsed and organized by Palestinian, Arab and international organizations that support the principles of this action.\u00a0<a href=\"https:\/\/returnandliberation.org\/endorse\/\" target=\"_blank\" rel=\"noopener\" data-saferedirecturl=\"https:\/\/www.google.com\/url?q=https:\/\/returnandliberation.org\/endorse\/&amp;source=gmail&amp;ust=1665760170398000&amp;usg=AOvVaw156kvK6Bjev7eoWn-zqIpy\">Check out the growing list on our website!<\/a>\u00a0Your organization is invited to endorse and join the campaign.<\/p>\n<p>&nbsp;<\/p>\n<\/div>\n<\/div>\n<\/td>\n<\/tr>\n<\/tbody>\n<\/table>\n<table role=\"presentation\" border=\"0\" width=\"100%\" cellspacing=\"0\" cellpadding=\"10\">\n<tbody>\n<tr>\n<td>\n<div align=\"center\"><a href=\"https:\/\/returnandliberation.org\/endorse\/\" target=\"_blank\" rel=\"noopener\" data-saferedirecturl=\"https:\/\/www.google.com\/url?q=https:\/\/returnandliberation.org\/endorse\/&amp;source=gmail&amp;ust=1665760170398000&amp;usg=AOvVaw156kvK6Bjev7eoWn-zqIpy\"><span dir=\"ltr\">ENDORSE THE MARCH<\/span><\/a><\/div>\n<\/td>\n<\/tr>\n<\/tbody>\n<\/table>\n<table role=\"presentation\" border=\"0\" width=\"100%\" cellspacing=\"0\" cellpadding=\"0\">\n<tbody>\n<tr>\n<td>\n<div align=\"center\"><a href=\"https:\/\/returnandliberation.org\/endorse\/\" target=\"_blank\" rel=\"noopener\" data-saferedirecturl=\"https:\/\/www.google.com\/url?q=https:\/\/returnandliberation.org\/endorse\/&amp;source=gmail&amp;ust=1665760170398000&amp;usg=AOvVaw156kvK6Bjev7eoWn-zqIpy\"><img decoding=\"async\" class=\"CToWUd\" src=\"https:\/\/ci6.googleusercontent.com\/proxy\/6anIfSbahmfp256QMBz4xWkxt8tSYSnMj_ecZ2PXXTPSZoxM4FI-MPshYcJXIP69ZhsIDffgYDIa9zQEZac_FEH3r0po1pjmrGRinmZTuVm-5NN4RwMLKU0Yqbrl0bWzVgej4sTk_EXBMYGqXHVFUpjIZIM3rl6XDA=s0-d-e1-ft#https:\/\/d15k2d11r6t6rl.cloudfront.net\/public\/users\/Integrators\/BeeProAgency\/644187_626332\/endorse3.JPG\" width=\"600\" data-bit=\"iit\" \/><\/a><\/div>\n<\/td>\n<\/tr>\n<\/tbody>\n<\/table>\n<table role=\"presentation\" border=\"0\" width=\"100%\" cellspacing=\"0\" cellpadding=\"10\">\n<tbody>\n<tr>\n<td>\n<div align=\"center\">\n<table role=\"presentation\" border=\"0\" width=\"100%\" cellspacing=\"0\" cellpadding=\"0\">\n<tbody>\n<tr>\n<td><\/td>\n<\/tr>\n<\/tbody>\n<\/table>\n<\/div>\n<\/td>\n<\/tr>\n<\/tbody>\n<\/table>\n<table role=\"presentation\" border=\"0\" width=\"100%\" cellspacing=\"0\" cellpadding=\"10\">\n<tbody>\n<tr>\n<td>\n<div align=\"center\"><a href=\"https:\/\/afgj.salsalabs.org\/samindounreturnandliberation\" target=\"_blank\" rel=\"noopener\" data-saferedirecturl=\"https:\/\/www.google.com\/url?q=https:\/\/afgj.salsalabs.org\/samindounreturnandliberation&amp;source=gmail&amp;ust=1665760170398000&amp;usg=AOvVaw28L5G5YeDWWICe4Q5Isf7S\"><span dir=\"ltr\">Click here to donate to support the March!<\/span><\/a><\/div>\n<\/td>\n<\/tr>\n<\/tbody>\n<\/table>\n<\/td>\n<\/tr>\n<\/tbody>\n<\/table>\n<\/td>\n<\/tr>\n<\/tbody>\n<\/table>\n","protected":false},"excerpt":{"rendered":"<p>Le mouvement palestinien, arabe et international\u00a0Masar Badil\u00a0organise\u00a0une Marche pour le retour et la lib\u00e9ration de la Palestine le samedi 29 octobre\u00a0\u00e0 Bruxelles en Belgique. Cette manifestation d\u00e9filera dans les rues de la capitale europ\u00e9enne afin de renforcer la solidarit\u00e9 avec le peuple palestinien et sa r\u00e9sistance, une cause anticolonialiste et antiraciste qui a plus que &#8230; <a title=\"Samedi 29 octobre \u00e0 Bruxelles, tous \u00e0 la Marche pour le retour et la lib\u00e9ration de la Palestine !\" class=\"read-more\" href=\"https:\/\/bruxelles-pantheres.be\/?p=5288\" aria-label=\"En savoir plus sur Samedi 29 octobre \u00e0 Bruxelles, tous \u00e0 la Marche pour le retour et la lib\u00e9ration de la Palestine !\">Lire la suite<\/a><\/p>\n","protected":false},"author":1,"featured_media":5289,"comment_status":"open","ping_status":"open","sticky":false,"template":"","format":"standard","meta":{"footnotes":""},"categories":[21,36,6,18],"tags":[186],"class_list":["post-5288","post","type-post","status-publish","format-standard","has-post-thumbnail","hentry","category-anti-imperialisme","category-europe","category-palestine-moyen-orient","category-resistance-bruxelles","tag-palestine"],"_links":{"self":[{"href":"https:\/\/bruxelles-pantheres.be\/index.php?rest_route=\/wp\/v2\/posts\/5288","targetHints":{"allow":["GET"]}}],"collection":[{"href":"https:\/\/bruxelles-pantheres.be\/index.php?rest_route=\/wp\/v2\/posts"}],"about":[{"href":"https:\/\/bruxelles-pantheres.be\/index.php?rest_route=\/wp\/v2\/types\/post"}],"author":[{"embeddable":true,"href":"https:\/\/bruxelles-pantheres.be\/index.php?rest_route=\/wp\/v2\/users\/1"}],"replies":[{"embeddable":true,"href":"https:\/\/bruxelles-pantheres.be\/index.php?rest_route=%2Fwp%2Fv2%2Fcomments&post=5288"}],"version-history":[{"count":3,"href":"https:\/\/bruxelles-pantheres.be\/index.php?rest_route=\/wp\/v2\/posts\/5288\/revisions"}],"predecessor-version":[{"id":5312,"href":"https:\/\/bruxelles-pantheres.be\/index.php?rest_route=\/wp\/v2\/posts\/5288\/revisions\/5312"}],"wp:featuredmedia":[{"embeddable":true,"href":"https:\/\/bruxelles-pantheres.be\/index.php?rest_route=\/wp\/v2\/media\/5289"}],"wp:attachment":[{"href":"https:\/\/bruxelles-pantheres.be\/index.php?rest_route=%2Fwp%2Fv2%2Fmedia&parent=5288"}],"wp:term":[{"taxonomy":"category","embeddable":true,"href":"https:\/\/bruxelles-pantheres.be\/index.php?rest_route=%2Fwp%2Fv2%2Fcategories&post=5288"},{"taxonomy":"post_tag","embeddable":true,"href":"https:\/\/bruxelles-pantheres.be\/index.php?rest_route=%2Fwp%2Fv2%2Ftags&post=5288"}],"curies":[{"name":"wp","href":"https:\/\/api.w.org\/{rel}","templated":true}]}}