{"id":5293,"date":"2022-10-08T13:32:18","date_gmt":"2022-10-08T12:32:18","guid":{"rendered":"https:\/\/bruxelles-pantheres.be\/?p=5293"},"modified":"2022-10-08T13:49:49","modified_gmt":"2022-10-08T12:49:49","slug":"la-ville-danvers-doit-reconnaitre-son-histoire-coloniale","status":"publish","type":"post","link":"https:\/\/bruxelles-pantheres.be\/?p=5293","title":{"rendered":"La ville d\u2019Anvers doit reconna\u00eetre son histoire coloniale"},"content":{"rendered":"<p>Le 24 septembre marquera la r\u00e9ouverture officielle du Mus\u00e9e Royal des Beaux-Arts d\u2019Anvers en pr\u00e9sence de Jan Jambon (N-VA), ministre-pr\u00e9sident et ministre de la Culture du gouvernement flamand. Le KMSKA annonce un week-end de c\u00e9l\u00e9brations sur la place du mus\u00e9e. Nous jugeons inappropri\u00e9 de faire abstraction, dans le cadre de cet \u00e9v\u00e9nement, du c\u00f4t\u00e9 obscur teint\u00e9 de colonialisme de cette place. Nous r\u00e9clamons d\u00e8s lors au conseil communal d\u2019Anvers une comm\u00e9moration officielle des victimes congolaises de l\u2019Exposition universelle de 1894.<!--more--><\/p>\n<p style=\"text-align: center;\"><a href=\"https:\/\/bruxelles-pantheres.be\/wp-content\/uploads\/2018\/11\/6415515.jpg\"><img decoding=\"async\" class=\"alignnone wp-image-3975 size-full\" src=\"https:\/\/bruxelles-pantheres.be\/wp-content\/uploads\/2018\/11\/6415515.jpg\" alt=\"\" width=\"1000\" height=\"667\" srcset=\"https:\/\/bruxelles-pantheres.be\/wp-content\/uploads\/2018\/11\/6415515.jpg 1000w, https:\/\/bruxelles-pantheres.be\/wp-content\/uploads\/2018\/11\/6415515-300x200.jpg 300w, https:\/\/bruxelles-pantheres.be\/wp-content\/uploads\/2018\/11\/6415515-768x512.jpg 768w, https:\/\/bruxelles-pantheres.be\/wp-content\/uploads\/2018\/11\/6415515-600x400.jpg 600w\" sizes=\"(max-width: 1000px) 100vw, 1000px\" \/><\/a><\/p>\n<p>En 1885, les pays europ\u00e9ens se partagent le continent africain tel un g\u00e2teau. Le Congo devient la propri\u00e9t\u00e9 priv\u00e9e du roi L\u00e9opold II de Belgique. La m\u00eame ann\u00e9e, Anvers organise sa premi\u00e8re Exposition universelle, qui sera suivie de deux autres \u00e9ditions en 1894 et en 1930. Ces expositions permettaient de d\u00e9couvrir les avanc\u00e9es techniques europ\u00e9ennes, ainsi que diff\u00e9rentes facettes des colonies.<\/p>\n<p>\u00c0 l\u2019occasion de la r\u00e9ouverture du KMSKA apr\u00e8s onze ans de travaux de r\u00e9novation, nous souhaitons attirer l\u2019attention sur l\u2019Exposition universelle de 1894. \u00c0 l\u2019\u00e9poque, 144 Congolais ont \u00e9t\u00e9 exp\u00e9di\u00e9s par bateau pour \u00eatre expos\u00e9s dans le pavillon du Congo de l\u2019Exposition universelle d\u2019Anvers. La place du mus\u00e9e abritait en effet un village congolais reconstitu\u00e9. Une fois arriv\u00e9s au Scheldekaai, ces femmes et hommes \u00e9taient exhib\u00e9s comme des animaux de zoo. Cette mise en sc\u00e8ne d\u00e9gradante et barbare faisait partie de la propagande coloniale cens\u00e9e pr\u00e9senter une image primitive des Africains \u00ab \u00e0 civiliser \u00bb. Aux XIXe et XXe si\u00e8cles, plusieurs pays occidentaux ont tenu des zoos humains qui attiraient des flots de visiteurs. Ce ph\u00e9nom\u00e8ne inhumain et ind\u00e9niablement raciste fa\u00e7onne aujourd\u2019hui encore les st\u00e9r\u00e9otypes.<\/p>\n<p>Jusqu\u2019\u00e0 l\u2019ann\u00e9e derni\u00e8re, le MAS a accueilli l\u2019exposition, par ailleurs r\u00e9compens\u00e9e, \u00ab 100 x Congo \u2013 Un si\u00e8cle d\u2019art congolais \u00e0 Anvers \u00bb. Selon les recherches men\u00e9es par le mus\u00e9e, sept Congolais, \u00e2g\u00e9s entre 17 et 35 ans, sont d\u00e9c\u00e9d\u00e9s lors de l\u2019Exposition universelle. Ils reposent avec d\u2019autres dans une fosse commune du cimeti\u00e8re Schoonselhof. Une trag\u00e9die oubli\u00e9e de l\u2019histoire urbaine d\u2019Anvers.<br \/>\nComm\u00e9moration officielle<\/p>\n<p>Ces derni\u00e8res ann\u00e9es, la Belgique a pris des mesures sur le plan politique pour adopter une approche plus critique par rapport \u00e0 son pass\u00e9 colonial. \u00c0 l\u2019heure o\u00f9 plusieurs villes et communes de Flandre optent pour des comm\u00e9morations, nous estimons qu\u2019Anvers ne peut pas rester les bras crois\u00e9s. Le conseil communal doit reconna\u00eetre son histoire coloniale, ainsi que le lien entre le Congo et la richesse de la cit\u00e9 portuaire. En effet, L\u00e9opold II a trouv\u00e9 \u00e0 Anvers de fid\u00e8les alli\u00e9s pour son projet colonial. Les politiques et entrepreneurs anversois ont tir\u00e9 parti des \u00e9normes b\u00e9n\u00e9fices g\u00e9n\u00e9r\u00e9s par le commerce de l\u2019ivoire et du caoutchouc congolais. Les deux soci\u00e9t\u00e9s caoutchouti\u00e8res, ABIR et Anversoise, \u00e9taient bas\u00e9es dans la ville.<\/p>\n<p>Depuis cet \u00e9t\u00e9, la sculpture \u00ab The Long Hand \u00bb de l\u2019artiste congolais Sammy Baloji tr\u00f4ne sur le Scheldekaai. Apr\u00e8s ce premier pas timide, la ville se doit d\u2019aller de l\u2019avant \u00e0 l\u2019occasion de la r\u00e9ouverture du mus\u00e9e en comm\u00e9morant les victimes du zoo humain \u2013 tant les Congolais expos\u00e9s que ceux qui n\u2019ont pas surv\u00e9cu \u2013 instaur\u00e9 sur son sol.<\/p>\n<blockquote><p>\u00ab \u00c0 l\u2019occasion de la r\u00e9ouverture du mus\u00e9e, l\u2019heure est venue de se souvenir des Congolais exhib\u00e9s et d\u00e9c\u00e9d\u00e9s. \u00bb<\/p><\/blockquote>\n<p>Pr\u00e8s de 130 ans apr\u00e8s les faits, il est temps de donner \u00e0 cette trag\u00e9die oubli\u00e9e une place officielle dans la politique de m\u00e9moire de la ville. Placer une plaque comm\u00e9morative sur la place du mus\u00e9e. Cr\u00e9er un lieu artistique o\u00f9 habitants et visiteurs pourraient se rassembler et comm\u00e9morer les Congolais. Les propositions sont sur la table. Elles doivent maintenant \u00eatre prises au s\u00e9rieux par le conseil communal. \u00c0 cet \u00e9gard, nous nous tournons tout particuli\u00e8rement vers le bourgmestre Bart De Wever et l\u2019\u00e9chevine de la Culture Nabilla Ait Daoud.<\/p>\n<p>Une soixantaine de cosignataires, parmi lesquels figurent Bambi Ceuppens, chercheur AfricaMuseum ; Baudouin Mena Sebu, doctorant Universiteit Antwerpen ; Chokri Ben Chikha, directeur Action Zoo Humain ; Dalilla Hermans, journaliste, autrice et metteuse en sc\u00e8ne ; David Katshiunga, artiste ; David Van Reybrouck, \u00e9crivain ; Don Pandzou, expert en diversit\u00e9 et auteur ; Fleur Pierets, \u00e9crivaine ; Guy Poppe, journaliste ; Herman Van Goethem, recteur Universiteit Antwerpen ; Hind Eljadid, magicienne des mots ; Jeroen Olyslaegers, \u00e9crivain ; Jihad Van Puymbroeck, copr\u00e9sident, Hand in Hand tegen Racisme ; Kevin Absillis, ma\u00eetre de conf\u00e9rence Universiteit Antwerpen ; Kris Smet, ancien journaliste VRT ; Kristien Hemmerechts, \u00e9crivaine ; Lieven Miguel Kandolo, copr\u00e9sident Hand in Hand tegen Racisme et auteur ; Matthias De Groof, professeur Universiteit Antwerpen ; Mathieu Zana Etambala, professeur invit\u00e9 Universiteit Gent ; Nina Henkens, coordinatrice Kif Kif ; Nyanchama Okemwa, collaboratrice Hand in Hand tegen Racisme ; Paul Beloy Beloy, ex-footballeur et auteur ; Rachida Lamrabet, juriste et \u00e9crivaine ; Samira Azabar, sociologue et membre de Boeh (Baas Over Eigen Hoofd) ; Sandrine Ekofo, juriste ; Seckou Ouologuem, ex-po\u00e8te officiel de la ville d\u2019Anvers ; Stef Van Bellingen, organisateur d\u2019expositions ; Tom Lanoye, \u00e9crivain ; Tom Verlent, directeur Stedelijk Lyceum Lange Beeldekens ; Victorine Mpanzu Kwamy, pr\u00e9sidente de l\u2019association des \u00e9tudiants AY\u00d2 Belgium ; Walter Zinzen, journaliste ; Wouter Hillaert, journaliste culture et professeur Conservatorium Antwerpen ; Zakayo Wandoloh, consultant en diversit\u00e9 &amp; inclusion.<\/p>\n<div class=\"intro\">\n<p>Nadia Nsayi est politologue de la KULeuven et auteure du roman autobiographique <em>Dochter van de dekolonisatie<\/em> (Fille de la d\u00e9colonisation).<\/p>\n<p>Judith Elseviers est professeure et conseill\u00e8re en d\u00e9colonisation.<\/p>\n<\/div>\n<div class=\"row single__info\">\n<div class=\"col-md-6\">\n<div><span class=\"job\">Auteur\u2e31e<\/span> <span class=\"name\"> Nadia Nsayi et Judith Elseviers<\/span><\/div>\n<\/div>\n<div class=\"col-md-6\">\n<div><span class=\"job\">Traductrice<\/span> <span class=\"name\">Virginie Dupont<\/span><\/div>\n<div><a href=\"https:\/\/daardaar.be\/rubriques\/culture-et-medias\/le-conseil-communal-danvers-doit-reconnaitre-son-histoire-coloniale\/?utm_source=rss&amp;utm_medium=rss&amp;utm_campaign=le-conseil-communal-danvers-doit-reconnaitre-son-histoire-coloniale\">SOURCE<\/a><\/div>\n<\/div>\n<div>\n<p class=\"wp-embed-heading\"><a href=\"https:\/\/daardaar.be\/rubriques\/societe\/nadia-nsayi-politologue-belgo-congolaise-notre-societe-est-malade\/\" target=\"_top\" rel=\"noopener\"> Nadia Nsayi, politologue belgo-congolaise: \u00ab\u00a0Notre soci\u00e9t\u00e9 est malade\u00a0\u00bb <\/a><\/p>\n<div class=\"wp-embed-excerpt\">\n<p>La politologue belgo-congolaise Nadia Nsayi, 36 ans, \u00e9tait pr\u00e9sente parmi les 10\u00a0000\u00a0personnes venues manifester ce dimanche devant le Palais de Justice. Selon elle, \u00ab\u00a0une soci\u00e9t\u00e9 qui se l\u00e8ve face \u00e0 l\u2019injustice, c\u2019est une soci\u00e9t\u00e9 en bonne sant\u00e9.\u00a0\u00bb<\/p>\n<p class=\"wp-embed-heading\"><a href=\"https:\/\/daardaar.be\/rubriques\/societe\/des-oeuvres-dart-pillees-au-congo-exposees-a-anvers\/\" target=\"_top\" rel=\"noopener\"> Des oeuvres d\u2019art pill\u00e9es au Congo expos\u00e9es \u00e0 Anvers ? <\/a><\/p>\n<div class=\"wp-embed-excerpt\">\n<p>Selon Bart De Wever, le pass\u00e9 colonial n\u2019a plus d\u2019impact sur le domaine public \u00e0 Anvers. Or ces propos sont en contradiction flagrante avec les \u0153uvres pill\u00e9es. Il s\u2019agit d\u2019\u0153uvres africaines, dont la place se situe en Afrique, affirme Ikrame Kastit, conseill\u00e8re communale (Groen).<\/p>\n<p>&nbsp;<\/p>\n<\/div>\n<\/div>\n<\/div>\n<\/div>\n","protected":false},"excerpt":{"rendered":"<p>Le 24 septembre marquera la r\u00e9ouverture officielle du Mus\u00e9e Royal des Beaux-Arts d\u2019Anvers en pr\u00e9sence de Jan Jambon (N-VA), ministre-pr\u00e9sident et ministre de la Culture du gouvernement flamand. Le KMSKA annonce un week-end de c\u00e9l\u00e9brations sur la place du mus\u00e9e. Nous jugeons inappropri\u00e9 de faire abstraction, dans le cadre de cet \u00e9v\u00e9nement, du c\u00f4t\u00e9 obscur &#8230; <a title=\"La ville d\u2019Anvers doit reconna\u00eetre son histoire coloniale\" class=\"read-more\" href=\"https:\/\/bruxelles-pantheres.be\/?p=5293\" aria-label=\"En savoir plus sur La ville d\u2019Anvers doit reconna\u00eetre son histoire coloniale\">Lire la suite<\/a><\/p>\n","protected":false},"author":1,"featured_media":4500,"comment_status":"open","ping_status":"open","sticky":false,"template":"","format":"standard","meta":{"footnotes":""},"categories":[36,7,18,28],"tags":[102],"class_list":["post-5293","post","type-post","status-publish","format-standard","has-post-thumbnail","hentry","category-europe","category-negrophobie","category-resistance-bruxelles","category-racismes","tag-decolonial"],"_links":{"self":[{"href":"https:\/\/bruxelles-pantheres.be\/index.php?rest_route=\/wp\/v2\/posts\/5293","targetHints":{"allow":["GET"]}}],"collection":[{"href":"https:\/\/bruxelles-pantheres.be\/index.php?rest_route=\/wp\/v2\/posts"}],"about":[{"href":"https:\/\/bruxelles-pantheres.be\/index.php?rest_route=\/wp\/v2\/types\/post"}],"author":[{"embeddable":true,"href":"https:\/\/bruxelles-pantheres.be\/index.php?rest_route=\/wp\/v2\/users\/1"}],"replies":[{"embeddable":true,"href":"https:\/\/bruxelles-pantheres.be\/index.php?rest_route=%2Fwp%2Fv2%2Fcomments&post=5293"}],"version-history":[{"count":1,"href":"https:\/\/bruxelles-pantheres.be\/index.php?rest_route=\/wp\/v2\/posts\/5293\/revisions"}],"predecessor-version":[{"id":5295,"href":"https:\/\/bruxelles-pantheres.be\/index.php?rest_route=\/wp\/v2\/posts\/5293\/revisions\/5295"}],"wp:featuredmedia":[{"embeddable":true,"href":"https:\/\/bruxelles-pantheres.be\/index.php?rest_route=\/wp\/v2\/media\/4500"}],"wp:attachment":[{"href":"https:\/\/bruxelles-pantheres.be\/index.php?rest_route=%2Fwp%2Fv2%2Fmedia&parent=5293"}],"wp:term":[{"taxonomy":"category","embeddable":true,"href":"https:\/\/bruxelles-pantheres.be\/index.php?rest_route=%2Fwp%2Fv2%2Fcategories&post=5293"},{"taxonomy":"post_tag","embeddable":true,"href":"https:\/\/bruxelles-pantheres.be\/index.php?rest_route=%2Fwp%2Fv2%2Ftags&post=5293"}],"curies":[{"name":"wp","href":"https:\/\/api.w.org\/{rel}","templated":true}]}}