{"id":5303,"date":"2022-09-30T06:06:43","date_gmt":"2022-09-30T05:06:43","guid":{"rendered":"https:\/\/bruxelles-pantheres.be\/?p=5303"},"modified":"2022-10-08T15:10:26","modified_gmt":"2022-10-08T14:10:26","slug":"48-647%e2%8e%a5liste-des-morts-aux-frontieres-de-leurope-forteresse","status":"publish","type":"post","link":"https:\/\/bruxelles-pantheres.be\/?p=5303","title":{"rendered":"48.647\u23a5Liste des morts aux fronti\u00e8res de l&rsquo;Europe Forteresse"},"content":{"rendered":"<p>Chaque ann\u00e9e, le 20 juin, Journ\u00e9e internationale des r\u00e9fugi\u00e9s, UNITED for Intercultural Action met \u00e0 jour la liste des morts aux fronti\u00e8res de l&rsquo;Europe Forteresse depuis 1993. <!--more--><\/p>\n<p><a href=\"https:\/\/unitedagainstrefugeedeaths.eu\/wp-content\/uploads\/2014\/06\/ListofDeathsActual.pdf\" target=\"_blank\" rel=\"noopener\"><img decoding=\"async\" class=\"aligncenter wp-image-4989 size-medium\" src=\"https:\/\/unitedagainstrefugeedeaths.eu\/wp-content\/uploads\/2014\/06\/Screen-Shot-2022-06-12-at-15.21.35-300x171.png\" sizes=\"(max-width: 300px) 100vw, 300px\" srcset=\"https:\/\/unitedagainstrefugeedeaths.eu\/wp-content\/uploads\/2014\/06\/Screen-Shot-2022-06-12-at-15.21.35-300x171.png 300w, https:\/\/unitedagainstrefugeedeaths.eu\/wp-content\/uploads\/2014\/06\/Screen-Shot-2022-06-12-at-15.21.35-768x439.png 768w, https:\/\/unitedagainstrefugeedeaths.eu\/wp-content\/uploads\/2014\/06\/Screen-Shot-2022-06-12-at-15.21.35-1024x585.png 1024w, https:\/\/unitedagainstrefugeedeaths.eu\/wp-content\/uploads\/2014\/06\/Screen-Shot-2022-06-12-at-15.21.35.png 1284w\" alt=\"\" width=\"300\" height=\"171\" \/><\/a><\/p>\n<p>In the \u2018<a href=\"https:\/\/unitedagainstrefugeedeaths.eu\/wp-content\/uploads\/2014\/06\/ListofDeathsActual.pdf\" target=\"_blank\" rel=\"noopener\">\u2018UNITED List of Refugee Deaths\u2019<\/a>\u2019 <a href=\"https:\/\/unitedagainstrefugeedeaths.eu\/wp-content\/uploads\/2014\/06\/ListofDeathsActual.pdf\">(download pdf)<\/a>, UNITED has been collecting reliable data on refugee deaths related to Fortress Europe since 1993. In the period 1993-2022 at least 48.647 documented refugee deaths can be attributed to the \u2018Fatal Policies of Fortress Europe\u2019. Most probably thousands more are never found.<\/p>\n","protected":false},"excerpt":{"rendered":"<p>Chaque ann\u00e9e, le 20 juin, Journ\u00e9e internationale des r\u00e9fugi\u00e9s, UNITED for Intercultural Action met \u00e0 jour la liste des morts aux fronti\u00e8res de l&rsquo;Europe Forteresse depuis 1993.<\/p>\n","protected":false},"author":1,"featured_media":5262,"comment_status":"open","ping_status":"open","sticky":false,"template":"","format":"standard","meta":{"footnotes":""},"categories":[36,28,39,5],"tags":[432],"class_list":["post-5303","post","type-post","status-publish","format-standard","has-post-thumbnail","hentry","category-europe","category-racismes","category-sans-papier","category-violence-policiere","tag-frontex"],"_links":{"self":[{"href":"https:\/\/bruxelles-pantheres.be\/index.php?rest_route=\/wp\/v2\/posts\/5303","targetHints":{"allow":["GET"]}}],"collection":[{"href":"https:\/\/bruxelles-pantheres.be\/index.php?rest_route=\/wp\/v2\/posts"}],"about":[{"href":"https:\/\/bruxelles-pantheres.be\/index.php?rest_route=\/wp\/v2\/types\/post"}],"author":[{"embeddable":true,"href":"https:\/\/bruxelles-pantheres.be\/index.php?rest_route=\/wp\/v2\/users\/1"}],"replies":[{"embeddable":true,"href":"https:\/\/bruxelles-pantheres.be\/index.php?rest_route=%2Fwp%2Fv2%2Fcomments&post=5303"}],"version-history":[{"count":1,"href":"https:\/\/bruxelles-pantheres.be\/index.php?rest_route=\/wp\/v2\/posts\/5303\/revisions"}],"predecessor-version":[{"id":5304,"href":"https:\/\/bruxelles-pantheres.be\/index.php?rest_route=\/wp\/v2\/posts\/5303\/revisions\/5304"}],"wp:featuredmedia":[{"embeddable":true,"href":"https:\/\/bruxelles-pantheres.be\/index.php?rest_route=\/wp\/v2\/media\/5262"}],"wp:attachment":[{"href":"https:\/\/bruxelles-pantheres.be\/index.php?rest_route=%2Fwp%2Fv2%2Fmedia&parent=5303"}],"wp:term":[{"taxonomy":"category","embeddable":true,"href":"https:\/\/bruxelles-pantheres.be\/index.php?rest_route=%2Fwp%2Fv2%2Fcategories&post=5303"},{"taxonomy":"post_tag","embeddable":true,"href":"https:\/\/bruxelles-pantheres.be\/index.php?rest_route=%2Fwp%2Fv2%2Ftags&post=5303"}],"curies":[{"name":"wp","href":"https:\/\/api.w.org\/{rel}","templated":true}]}}