{"id":5307,"date":"2022-10-12T06:30:33","date_gmt":"2022-10-12T05:30:33","guid":{"rendered":"https:\/\/bruxelles-pantheres.be\/?p=5307"},"modified":"2022-10-15T09:59:37","modified_gmt":"2022-10-15T08:59:37","slug":"5307","status":"publish","type":"post","link":"https:\/\/bruxelles-pantheres.be\/?p=5307","title":{"rendered":"JOURN\u00c9E DE LA R\u00c9SISTANCE ET DE LA DIGNIT\u00c9 INDIG\u00c8NE"},"content":{"rendered":"<p>APPEL \u00c0 UNE ACTION MONDIALE CONTRE LA MILITARISATION ET LA GUERRE CAPITALISTE ET PATRIARCALE ENVERS LES PEUPLES DE TOUT LE MEXIQUE ET DU MONDE, ENVERS L&rsquo;EZLN ET LES COMMUNAUT\u00c9S ZAPATISTES, ET ENVERS LES PEUPLES AUTOCHTONES DU MEXIQUE. 3 octobre 2022.<\/p>\n<p>12 OCTOBRE<br \/>\nJOURN\u00c9E DE LA R\u00c9SISTANCE ET DE LA DIGNIT\u00c9 INDIG\u00c8NE<\/p>\n<p>Aux peuples du Mexique et du monde,<br \/>\nAux peuples autochtones,<br \/>\nAux organismes et collectifs d\u00e9fenseurs des droits humains,<br \/>\n\u00c0 la Sexta nationale et internationale,<br \/>\nAux r\u00e9seaux de r\u00e9sistance et de r\u00e9bellion,<br \/>\n\u00c0 l&rsquo;Europe insoumise, digne et rebelle,<br \/>\nAux signataires d&rsquo;Une d\u00e9claration pour la vie,<!--more--><a href=\"https:\/\/bruxelles-pantheres.be\/wp-content\/uploads\/2022\/10\/postal-3.jpg\"><img decoding=\"async\" class=\"wp-image-5309 size-large aligncenter\" src=\"https:\/\/bruxelles-pantheres.be\/wp-content\/uploads\/2022\/10\/postal-3-791x1024.jpg\" alt=\"\" width=\"791\" height=\"1024\" srcset=\"https:\/\/bruxelles-pantheres.be\/wp-content\/uploads\/2022\/10\/postal-3-791x1024.jpg 791w, https:\/\/bruxelles-pantheres.be\/wp-content\/uploads\/2022\/10\/postal-3-232x300.jpg 232w, https:\/\/bruxelles-pantheres.be\/wp-content\/uploads\/2022\/10\/postal-3-768x994.jpg 768w, https:\/\/bruxelles-pantheres.be\/wp-content\/uploads\/2022\/10\/postal-3.jpg 989w\" sizes=\"(max-width: 791px) 100vw, 791px\" \/><\/a><\/p>\n<p>Cinq cent trente ans apr\u00e8s la mal nomm\u00e9e Conqu\u00eate de l&rsquo;Am\u00e9rique, nous n&rsquo;avons rien d&rsquo;autre \u00e0 c\u00e9l\u00e9brer que la r\u00e9sistance et la r\u00e9bellion des peuples autochtones.<\/p>\n<p>Cette date marque le d\u00e9but de la r\u00e9sistance de nos peuples et communaut\u00e9s contre le plus grand g\u00e9nocide de l&rsquo;histoire de l&rsquo;humanit\u00e9, contre l&rsquo;invasion, contre la conqu\u00eate, contre le pillage de nos terres et territoires, contre l&rsquo;extermination de nos institutions, de nos langues, de notre culture et de nos traditions ; en d&rsquo;autres termes, contre la mort que produit le capitalisme patriarcal.<\/p>\n<p>En contraste par rapport \u00e0 la douleur et \u00e0 la rage de nos peuples, l&rsquo;ann\u00e9e derni\u00e8re \u00e0 ces dates-ci, alors que l&rsquo;EZLN d\u00e9non\u00e7ait que \u00ab le Chiapas \u00e9tait au bord de la guerre civile \u00bb, les peuples zapatistes, dans ce qu&rsquo;ils ont appel\u00e9 \u00ab\u00a0Le voyage pour la vie\u00a0\u00bb, ont d\u00e9cid\u00e9 de traverser l&rsquo;Atlantique pour rejoindre l&rsquo;autre Europe, l&rsquo;Europe insoumise, celle d&rsquo;en bas et \u00e0 gauche&#8230;, ils disaient : \u00ab Nous allons remercier l&rsquo;autre d&rsquo;exister. Le remercier pour les enseignements que sa r\u00e9bellion et sa r\u00e9sistance nous ont offerts. Livrer la fleur promise.<br \/>\nEmbrasser l&rsquo; autre et lui dire \u00e0 l&rsquo; oreille qu&rsquo;il n&rsquo;est pas seule, seulx, seul. Lui murmurer que cela vaut la peine de r\u00e9sister, de lutter, de souffrir pour celles et ceux qui ne sont plus l\u00e0, d&rsquo; avoir la rage que le criminel soit impuni, de r\u00eaver d&rsquo;un monde non pas parfait, mais meilleur : un monde sans peur. Et aussi, et surtout, nous allons chercher des complicit\u00e9s? pour la vie.\u00a0\u00bb<\/p>\n<p>Ce 12 octobre, 26 ans se seront \u00e9coul\u00e9s depuis la fondation du Congr\u00e8s national indig\u00e8ne, la Maison des peuples indig\u00e8nes du Mexique, un espace de r\u00e9flexion et de solidarit\u00e9 dont l&rsquo;EZLN est le fondateur et o\u00f9 les formes d&rsquo;organisation, de repr\u00e9sentation et de prise de d\u00e9cision sont respect\u00e9es. La lutte pour la vie est notre parole collective depuis 530 ans et la guerre contre nos peuples a toujours \u00e9t\u00e9 la r\u00e9ponse des mauvais gouvernements. C&rsquo;est pourquoi nous \u00e9levons la voix et nous nous mobilisons pour exiger l&rsquo;arr\u00eat total du si\u00e8ge militaire, des attaques paramilitaires et de la guerre contre-insurrectionnelle dirig\u00e9e contre l&rsquo;EZLN, contre les communaut\u00e9s zapatistes et contre les peuples autochtones du Mexique \u00e0 travers la militarisation et la para-militarisation, le crime organis\u00e9, les m\u00e9ga-projets de mort et le pillage de nos terres et territoires.<\/p>\n<p>L&rsquo;ann\u00e9e derni\u00e8re, le CNI d\u00e9non\u00e7ait que jusqu&rsquo;\u00e0 cette date, on d\u00e9nombrait 33 assassinats parmi ses membres, dont six femmes, ainsi que deux disparitions ; un an plus tard, ces chiffres ont consid\u00e9rablement augment\u00e9, le d\u00e9nominateur commun \u00e9tant l&rsquo;impunit\u00e9.<\/p>\n<p>Depuis toujours le Mexique est confront\u00e9 \u00e0 des violations flagrantes et syst\u00e9matiques des droits humains individuels et collectifs, qui se sont aggrav\u00e9es sous le r\u00e9gime actuel de la 4T. Les homicides, les ex\u00e9cutions extrajudiciaires et les disparitions massives, ainsi que la r\u00e9pression \u00e0 l&rsquo;encontre des\u00a0<a href=\"http:\/\/xn--tudiant-9xa.es\/\" target=\"_blank\" rel=\"noopener noreferrer\" data-saferedirecturl=\"https:\/\/www.google.com\/url?q=http:\/\/xn--tudiant-9xa.es&amp;source=gmail&amp;ust=1665760237232000&amp;usg=AOvVaw2_-GKKZ6NKfsxzsvbw1aBX\">\u00e9tudiant.es<\/a>, des femmes, des paysan.nes, des <a href=\"http:\/\/enseignant.es\/\" target=\"_blank\" rel=\"noopener noreferrer\" data-saferedirecturl=\"https:\/\/www.google.com\/url?q=http:\/\/enseignant.es&amp;source=gmail&amp;ust=1665760237232000&amp;usg=AOvVaw0cA3at-2-Kfu6K0L-2z0Oy\">enseignant.es<\/a>, des travailleur.euses, des jeunes, des d\u00e9fenseur.euses des droits humains et de la Terre M\u00e8re, comme dans le cas de notre fr\u00e8re Samir Flores Soberanes, des journalistes, des activistes et des peuples autochtones, sont constants et croissants ; et cela va de l&rsquo;intimidation, du harc\u00e8lement, des menaces, \u00e0 la d\u00e9possession, au d\u00e9placement, \u00e0 la torture, \u00e0 l&#8217;emprisonnement politique, \u00e0 la disparition, \u00e0 l&rsquo;homicide, au f\u00e9minicide&#8230;<\/p>\n<p>Elles sont innombrables les formes de guerre auxquelles nous, les peuples du Mexique, sommes confront\u00e9s.<\/p>\n<p>Nous savons que ce syst\u00e8me patriarcal et capitaliste veut ainsi nous soumettre partout dans le monde, comme cela se passe actuellement en Ukraine, en Afghanistan, au Moyen-Orient, sur toute la plan\u00e8te ; mais si nous nous unissons et nous organisons, nous pouvons lutter ensemble contre la guerre et contre le capitalisme.<\/p>\n<p>Les mauvais gouvernements utilisent la militarisation, la para-militarisation, les attaques et les agressions du crime organis\u00e9 pour imposer l&rsquo;extraction des minerais et des hydrocarbures ou les m\u00e9ga-projets de mort tels que le mal nomm\u00e9 Train Maya, le Corridor interoc\u00e9anique et le Projet int\u00e9gral Morelos ; le pillage de l&rsquo;eau est institutionnalis\u00e9 pratiquement sur l&rsquo;ensemble du territoire national et des \u00e9l\u00e9ments de la force publique sont affect\u00e9s \u00e0 la d\u00e9fense des entreprises transnationales ; la contamination des rivi\u00e8res, des nappes phr\u00e9atiques, de l&rsquo;air et de la terre augmente ; la priorit\u00e9 est donn\u00e9e \u00e0 l&rsquo;exploitation mini\u00e8re, au trafic de drogue, \u00e0 l&rsquo;exploitation foresti\u00e8re et aux industries. Les communaut\u00e9s, les peuples et les organisations d\u00e9noncent sans cesse que l&rsquo;imposition de projets d&rsquo;infrastructures et d&rsquo;extractivisme se fait avec la participation directe de la Garde nationale, ce qui accro\u00eet la militarisation de la vie quotidienne dans de nombreuses r\u00e9gions et villages indig\u00e8nes. Cette situation n&rsquo;est rien d&rsquo;autre que la poursuite interminable de la colonisation.<\/p>\n<p>R\u00e9cemment, les Chambres des d\u00e9put\u00e9s et des s\u00e9nateurs ont approuv\u00e9 des amendements l\u00e9gislatifs visant \u00e0 transf\u00e9rer le contr\u00f4le op\u00e9rationnel et administratif de la Garde nationale au minist\u00e8re de la D\u00e9fense national (SEDENA), bien que cela soit contraire \u00e0 l&rsquo;article 21 de la Constitution. Il y a maintenant une volont\u00e9 de prolonger la p\u00e9riode pendant laquelle l&rsquo;arm\u00e9e de terre et le minist\u00e8re de la Marine pourront intervenir dans les t\u00e2ches de s\u00e9curit\u00e9 publique : non seulement jusqu&rsquo;en 2024 &#8211; d\u00e9lai qui a \u00e9t\u00e9 convenu pour renforcer la police d&rsquo;\u00c9tat et la police municipale &#8211; mais jusqu&rsquo;en 2028, imposant ainsi un sch\u00e9ma d\u00e9passant le sexennat.<\/p>\n<p>Ces d\u00e9cisions, ordonn\u00e9es par le contrema\u00eetre Andr\u00e9s Manuel L\u00f3pez Obrador depuis l&rsquo;ex\u00e9cutif, sont en contradiction avec ses promesses de campagne de \u00ab renvoyer l&rsquo;arm\u00e9e dans ses casernes \u00bb et octroient aux militaires un r\u00f4le de premier plan et une pr\u00e9sence dans la vie du pays comme ils n&rsquo;en ont jamais eu auparavant ; et ce, malgr\u00e9 le fait qu&rsquo;ils ont viol\u00e9 et continuent de violer syst\u00e9matiquement les droits humains des peuples du Mexique, comme en t\u00e9moignent les massacres tels que ceux du 2 octobre 1968, du 10 juin 1971, la d\u00e9nomm\u00e9e guerre sale, la pr\u00e9tendue guerre contre le trafic de drogue, de Calder\u00f3n jusqu&rsquo;\u00e0 aujourd&rsquo;hui, ou la disparition des 43 \u00e9tudiants d&rsquo;Ayotzinapa o\u00f9 l&rsquo;arm\u00e9e mexicaine a jou\u00e9 un r\u00f4le central.<\/p>\n<p>Pour tout ce qui vient d&rsquo;\u00eatre dit, en tant qu&rsquo;accord de la R\u00e9union \u00e9largie de la Commission de coordination et de suivi du CNI-CIG, ainsi que des diff\u00e9rentes organisations, r\u00e9seaux et collectif.ves qui accompagnent le Congr\u00e8s national indig\u00e8ne, nous vous appelons le 12 octobre 2022, selon vos temps, modes, calendriers et g\u00e9ographies, \u00e0 r\u00e9aliser une&#8230; ACTION GLOBALE CONTRE LA MILITARISATION ET LA GUERRE CAPITALISTE ET\u00a0 PATRIARCALE ENVERS LES PEUPLES DE TOUT LE MEXIQUE ET DU MONDE, ENVERS L&rsquo;EZLN ET LES COMMUNAUT\u00c9S ZAPATISTES ET ENVERS LES PEUPLES AUTOCHTONES DU MEXIQUE<\/p>\n<p>Nous lan\u00e7ons un appel aux peuples du Mexique et du monde qui r\u00e9sistent contre la mort et l&rsquo;oubli, aux organisations sociales, civiles et politiques, \u00e0 la Sexta nationale et internationale, aux r\u00e9seaux de r\u00e9sistance et de r\u00e9bellion, aux signataires d&rsquo;Une d\u00e9claration pour la vie dans les cinq continents, aux femmes et aux hommes de bon c\u0153ur, afin qu&rsquo;ensemble nous \u00e9levions nos voix contre la guerre au Mexique et dans le monde.<\/p>\n<p>Pour inscrire les activit\u00e9s qui seront r\u00e9alis\u00e9es en fonction de votre calendrier et de votre g\u00e9ographie dans le cadre de cette action mondiale, veuillez envoyer vos informations \u00e0 l&rsquo;adresse \u00e9lectronique suivante :\u00a0<a href=\"mailto:accionglobaloctubre2022@gmail.com\" target=\"_blank\" rel=\"noopener\">accionglobaloctubre2022@gmail.<wbr \/>com<\/a>.<\/p>\n<p>Rejoins-nous et participe avec les hashtags suivants:<br \/>\n#EZLNnoEst\u00e1nSolos<br \/>\n#AltoALaGuerraContraElEZLN<br \/>\n#FueraParamilitaresDeTerritori<wbr \/>oZapatista<br \/>\n#VsLaGuerraCapitalistaEnMexico<wbr \/>yEnElMundo<br \/>\n#VsLaGuerraHaciaLosPueblosDelM<wbr \/>undo<br \/>\n#VsLaGuerraHaciaLosPueblosOrig<wbr \/>inarios<br \/>\n#AltoALaMilitarizaci\u00f3n<br \/>\n#VsLaViolenciaHaciaLasMujeres<br \/>\n#AltoALosAsesinatos<br \/>\n#AltoALasDesapariciones<br \/>\n#LibertadALosPresosPol\u00edticos<\/p>\n<p>Sinc\u00e8rement,<br \/>\nPlus jamais un Mexique sans nous !<br \/>\nPour la reconstitution int\u00e9grale de nos peuples !<\/p>\n<p><a href=\"https:\/\/www.congresonacionalindigena.org\/\">CONGR\u00c8S NATIONAL INDIG\u00c8NE<\/a><br \/>\nOrganisations, collectifs et r\u00e9seaux qui accompagnent le CNI<\/p>\n","protected":false},"excerpt":{"rendered":"<p>APPEL \u00c0 UNE ACTION MONDIALE CONTRE LA MILITARISATION ET LA GUERRE CAPITALISTE ET PATRIARCALE ENVERS LES PEUPLES DE TOUT LE MEXIQUE ET DU MONDE, ENVERS L&rsquo;EZLN ET LES COMMUNAUT\u00c9S ZAPATISTES, ET ENVERS LES PEUPLES AUTOCHTONES DU MEXIQUE. 3 octobre 2022. 12 OCTOBRE JOURN\u00c9E DE LA R\u00c9SISTANCE ET DE LA DIGNIT\u00c9 INDIG\u00c8NE Aux peuples du Mexique &#8230; <a title=\"JOURN\u00c9E DE LA R\u00c9SISTANCE ET DE LA DIGNIT\u00c9 INDIG\u00c8NE\" class=\"read-more\" href=\"https:\/\/bruxelles-pantheres.be\/?p=5307\" aria-label=\"En savoir plus sur JOURN\u00c9E DE LA R\u00c9SISTANCE ET DE LA DIGNIT\u00c9 INDIG\u00c8NE\">Lire la suite<\/a><\/p>\n","protected":false},"author":1,"featured_media":5308,"comment_status":"open","ping_status":"open","sticky":false,"template":"","format":"standard","meta":{"footnotes":""},"categories":[35,21],"tags":[47],"class_list":["post-5307","post","type-post","status-publish","format-standard","has-post-thumbnail","hentry","category-amerique-du-sud","category-anti-imperialisme","tag-ezln"],"_links":{"self":[{"href":"https:\/\/bruxelles-pantheres.be\/index.php?rest_route=\/wp\/v2\/posts\/5307","targetHints":{"allow":["GET"]}}],"collection":[{"href":"https:\/\/bruxelles-pantheres.be\/index.php?rest_route=\/wp\/v2\/posts"}],"about":[{"href":"https:\/\/bruxelles-pantheres.be\/index.php?rest_route=\/wp\/v2\/types\/post"}],"author":[{"embeddable":true,"href":"https:\/\/bruxelles-pantheres.be\/index.php?rest_route=\/wp\/v2\/users\/1"}],"replies":[{"embeddable":true,"href":"https:\/\/bruxelles-pantheres.be\/index.php?rest_route=%2Fwp%2Fv2%2Fcomments&post=5307"}],"version-history":[{"count":2,"href":"https:\/\/bruxelles-pantheres.be\/index.php?rest_route=\/wp\/v2\/posts\/5307\/revisions"}],"predecessor-version":[{"id":5319,"href":"https:\/\/bruxelles-pantheres.be\/index.php?rest_route=\/wp\/v2\/posts\/5307\/revisions\/5319"}],"wp:featuredmedia":[{"embeddable":true,"href":"https:\/\/bruxelles-pantheres.be\/index.php?rest_route=\/wp\/v2\/media\/5308"}],"wp:attachment":[{"href":"https:\/\/bruxelles-pantheres.be\/index.php?rest_route=%2Fwp%2Fv2%2Fmedia&parent=5307"}],"wp:term":[{"taxonomy":"category","embeddable":true,"href":"https:\/\/bruxelles-pantheres.be\/index.php?rest_route=%2Fwp%2Fv2%2Fcategories&post=5307"},{"taxonomy":"post_tag","embeddable":true,"href":"https:\/\/bruxelles-pantheres.be\/index.php?rest_route=%2Fwp%2Fv2%2Ftags&post=5307"}],"curies":[{"name":"wp","href":"https:\/\/api.w.org\/{rel}","templated":true}]}}