{"id":5313,"date":"2022-10-15T09:51:28","date_gmt":"2022-10-15T08:51:28","guid":{"rendered":"https:\/\/bruxelles-pantheres.be\/?p=5313"},"modified":"2022-10-15T17:47:34","modified_gmt":"2022-10-15T16:47:34","slug":"extrait-du-livre-la-race-tue-deux-fois","status":"publish","type":"post","link":"https:\/\/bruxelles-pantheres.be\/?p=5313","title":{"rendered":"Extrait du livre \u00ab La race tue deux fois \u00bb"},"content":{"rendered":"<p>Nous avons le plaisir de publier en exclusivit\u00e9 un extrait du livre\u00a0 <a href=\"https:\/\/www.syllepse.net\/la-race-tue-deux-fois-_r_65_i_821.html\"><i>\u00ab<\/i> La race tue deux fois \u00bb<\/a>\u00a0Une histoire des crimes racistes en france (1970-2000) de <a title=\"Rachida Brahim\" href=\"https:\/\/www.syllepse.net\/rachida-brahim-_r_35_lettre_R_c_1133.html\">Rachida Brahim<\/a><\/p>\n<p><strong>Avec l\u2019aimable autorisation des Editions Syllepse.\u00a0\u00a0 <\/strong><\/p>\n<p>Enqu\u00eate portant sur la d\u00e9nonciation et le traitement l\u00e9gislatif des crimes racistes commis contre des immigr\u00e9s ou des descendants d&rsquo;immigr\u00e9s maghr\u00e9bins dans les ann\u00e9es 1970 \u00e0 2000. Les donn\u00e9es mobilis\u00e9es mettent en \u00e9vidence un racisme qui fait syst\u00e8me au sein de la soci\u00e9t\u00e9 fran\u00e7aise en se manifestant aussi bien \u00e0 l&rsquo;\u00e9chelle individuelle qu&rsquo;institutionnelle.<\/p>\n<p><!--more--><\/p>\n<p><strong>Comment expliquer la violence raciale\u2009?<\/strong><\/p>\n<p style=\"text-align: left;\">D\u2019apr\u00e8s Christine Delphy, \u00ab\u2009ce qui explique les violences conjugales, c\u2019est la conjugalit\u00e9\u2009\u00bb, c\u2019est le fait que la soci\u00e9t\u00e9 ait cr\u00e9\u00e9, \u00e0 travers le lien matrimonial et des constructions juridiques particuli\u00e8res, \u00ab\u2009une cat\u00e9gorie sociale\u2009\u00bb, une \u00ab\u2009sph\u00e8re priv\u00e9e\u2009\u00bb qui \u00ab\u2009suspend les r\u00e8gles de droit commun\u2009\u00bb et qui permet \u00e0 certains hommes d\u2019affirmer leur pr\u00e9dominance en d\u00e9rogeant \u00e0 l\u2019interdit concernant l\u2019usage de la violence (Delphy, 1995). Dans la m\u00eame logique, je consid\u00e8re que les crimes racistes sont des violences relatives aux rapports de domination produits par l\u2019ordre social. Ce qui explique les violences raciales, c\u2019est la race, c\u2019est-\u00e0-dire la construction au sein de la soci\u00e9t\u00e9 d\u2019une cat\u00e9gorie de personnes associ\u00e9e \u00e0 un danger contre lequel il faut se d\u00e9fendre. Les stigmates particularisent et exposent \u00e0 la violence.<\/p>\n<p style=\"text-align: left;\">Parce qu\u2019ils permettent de d\u00e9signer un groupe qui pose probl\u00e8me, ils cr\u00e9ent un rapport de domination, une raison de discriminer et d\u2019exercer la force. En tra\u00e7ant une fronti\u00e8re ethnique, ils dessinent au sein du corps social un potentiel de cibles et d\u2019assaillants. \u00c0 l\u2019\u00e9chelle macrosociale, ils participent au d\u00e9veloppement d\u2019une violence qui discrimine, stratifie et tend \u00e0 exclure les individus ethniquement minoris\u00e9s. \u00c0 l\u2019\u00e9chelle microsociale, ils peuvent induire des violences d\u2019ordre physique.<\/p>\n<p style=\"text-align: left;\">Une piste de recherche explor\u00e9e par Michel Foucault dans une s\u00e9rie de cours qu\u2019il prononce au Coll\u00e8ge de France en 1976 (Foucault, 1997) permet d\u2019\u00e9tayer ce point de vue. En \u00e9tudiant le discours sur la \u00ab\u2009lutte des races\u2009\u00bb produit d\u00e8s le 17e si\u00e8cle, il met en \u00e9vidence la mani\u00e8re dont la race, en tant que dispositif du biopouvoir, produit une sous-cat\u00e9gorie de personnes expos\u00e9es \u00e0 une violence sp\u00e9cifique. Dans cet ouvrage, Michel Foucault inverse l\u2019aphorisme du th\u00e9oricien militaire Carl Von Clausewitz ayant d\u00e9clar\u00e9 au 19e si\u00e8cle que la guerre \u00e9tait la continuation de la politique par d\u2019autres moyens. Il soutient au contraire que c\u2019est la politique qui est le prolongement de la guerre. Dans cette logique, quel que soit l\u2019\u00e9tat de paix et d\u2019\u00e9quilibre apparent, la guerre serait un \u00e9l\u00e9ment constitutif de nos soci\u00e9t\u00e9s, une organisation sous-jacente qui perdure dans le temps, qui conditionne les institutions, les individus, la mani\u00e8re dont ils adviennent et dont ils existent. Le r\u00f4le de la politique serait pr\u00e9cis\u00e9ment d\u2019entretenir cet \u00e9tat de guerre qui transpara\u00eet \u00e0 travers les rapports de force et de pouvoir qui divisent la soci\u00e9t\u00e9.<\/p>\n<p style=\"text-align: left;\">Dans cette perspective, la guerre devient l\u2019action \u00e0 entreprendre pour assurer la survie de l\u2019\u00c9tat contre les dangers internes. Il s\u2019agit pour le pouvoir politique de d\u00e9fendre la soci\u00e9t\u00e9 contre cette \u00ab\u2009sous-race\u2009\u00bb constitu\u00e9e d\u2019\u00ab\u2009anormaux\u2009\u00bb. Fondamentalement, il s\u2019agit de d\u00e9fendre la domination de certains contre l\u2019insurrection d\u2019autres. L\u2019expression \u00ab\u2009racisme d\u2019\u00c9tat\u2009\u00bb employ\u00e9e par le philosophe r\u00e9sume cette id\u00e9e. Elle \u00e9voque \u00ab\u2009un racisme qu\u2019une soci\u00e9t\u00e9 va exercer sur elle-m\u00eame, sur ses propres \u00e9l\u00e9ments, sur ses propres produits\u2009; un racisme interne, celui de la purification permanente, qui sera l\u2019une des dimensions fondamentales de la normalisation sociale\u2009\u00bb (Foucault, 1997\u2009: 53). Cette volont\u00e9 de normalisation est la finalit\u00e9 m\u00eame de la biopolitique. Ce concept renvoie \u00e0 l\u2019id\u00e9e selon laquelle le pouvoir politique gouverne non seulement les individus gr\u00e2ce \u00e0 des proc\u00e9d\u00e9s disciplinaires, mais aussi l\u2019ensemble des vivants, c\u2019est-\u00e0-dire la population. Ce gouvernement des vivants a \u00e9t\u00e9 rendu possible par \u00ab\u2009une prise en compte de la vie par le pouvoir\u2009\u00bb, par une \u00ab\u2009\u00e9tatisation du biologique\u2009\u00bb qui s\u2019est d\u00e9velopp\u00e9 aux 18e et 19e si\u00e8cles. En fonction d\u2019int\u00e9r\u00eats socio-\u00e9conomiques et politiques donn\u00e9s, le biopouvoir s\u2019int\u00e9resse ainsi \u00e0 la proportion de naissances, de d\u00e9c\u00e8s, \u00e0 la long\u00e9vit\u00e9, au taux de f\u00e9condit\u00e9 et aux mouvements de populations. L\u2019ensemble des \u00e9v\u00e8nements qui traversent une soci\u00e9t\u00e9 sont mesur\u00e9s, r\u00e9gul\u00e9s et maximis\u00e9s afin de r\u00e9pondre \u00e0 une norme \u00e9tablie. Face \u00e0 cette norme s\u2019alignent les d\u00e9viants, la cohorte d\u2019individus qui ne peuvent s\u2019y ins\u00e9rer. Le\u2009racisme d\u2019\u00c9tat s\u2019exerce pr\u00e9cis\u00e9ment sur cette part de la population. Il s\u2019incarne dans une s\u00e9rie de discours et d\u2019institutions qui \u00ab\u2009\u00e0 l\u2019int\u00e9rieur du corps social vont faire fonctionner le discours de la lutte des races comme un principe d\u2019\u00e9limination, de s\u00e9gr\u00e9gation, de normalisation de la soci\u00e9t\u00e9\u2009\u00bb (Foucault, 1997\u2009: 53).<\/p>\n<p style=\"text-align: left;\">Le racisme permet, dans un premier temps, d\u2019op\u00e9rer une diff\u00e9rentiation radicale en introduisant \u00ab\u2009une coupure entre ce qui doit vivre et ce qui doit mourir\u2009\u00bb. Selon Foucault, \u00ab\u2009l\u2019apparition des races, la qualification de certaines races comme bonnes et d\u2019autres, au contraire, comme inf\u00e9rieures\u2009\u00bb a \u00e9t\u00e9 \u00ab\u2009une mani\u00e8re de fragmenter ce champ du biologique que le pouvoir a pris en charge\u2009; une mani\u00e8re de d\u00e9caler, \u00e0 l\u2019int\u00e9rieur de la population, des groupes les uns par rapport aux autres [\u2026]. C\u2019est la premi\u00e8re fonction du racisme, de fragmenter, de faire des c\u00e9sures \u00e0 l\u2019int\u00e9rieur de ce continuum biologique auquel s\u2019adresse le biopouvoir\u2009\u00bb (Foucault, 1997\u2009: 227). La deuxi\u00e8me fonction du racisme est de pr\u00e9server le patrimoine g\u00e9n\u00e9tique, la survie de la population saine en \u00ab\u2009laissant mourir\u2009\u00bb le groupe d\u00e9ficient. Cette notion du \u00ab\u2009laisser mourir\u2009\u00bb est issue de la th\u00e9orie de la souverainet\u00e9. Selon cette th\u00e9orie, les souverains poss\u00e9daient initialement un droit de vie et de mort sur leurs sujets. Ils d\u00e9tenaient le pouvoir de les laisser vivre et celui de les faire mourir. La biopolitique qui se range du c\u00f4t\u00e9 de la vie aurait, pour un temps seulement, fait perdre cette derni\u00e8re pr\u00e9rogative aux gouvernants. Le racisme a permis de r\u00e9introduire l\u2019exercice de ce droit souverain, non pas en faisant mourir, mais en laissant mourir, en exposant davantage \u00e0 la mort une partie de la population.<\/p>\n<p style=\"text-align: left;\">Selon cette logique, le racisme est \u00ab\u2009la condition d\u2019acceptabilit\u00e9 de la mise \u00e0 mort dans une soci\u00e9t\u00e9 de normalisation\u2009\u00bb, il permet \u00e0 l\u2019\u00c9tat \u00ab\u2009d\u2019exercer sa fonction meurtri\u00e8re\u2009\u00bb (Foucault, 1997\u2009: 228).<br \/>\nFoucault prend l\u2019exemple du \u00ab\u2009g\u00e9nocide colonisateur\u2009\u00bb, mais aussi du traitement de la folie dans les soci\u00e9t\u00e9s modernes. Ainsi, le discours raciste, tel qu\u2019il appara\u00eet aux 19e et 20e si\u00e8cles, trouve son origine dans un \u00e9nonc\u00e9 s\u00e9culaire. Par le biopouvoir, il est devenu une ressource, un m\u00e9canisme central des \u00c9tats modernes. Cette r\u00e9flexion sur la \u00ab\u2009lutte des races\u2009\u00bb conduit \u00e0 penser que ce qui fonde la race \u00e0 l\u2019\u00e9chelle institutionnelle, c\u2019est sa quotidiennet\u00e9, son caract\u00e8re ordinaire et la l\u00e9gitimit\u00e9 de son usage en tant que technique du biopouvoir. La racialisation appara\u00eet comme un dispositif qui permet de particulariser, mais aussi d\u2019exposer davantage \u00e0 la mort une cat\u00e9gorie de la population.<\/p>\n<p style=\"text-align: left;\">Nous touchons ici \u00e0 la dimension structurelle et macrosociale du racisme. La soci\u00e9t\u00e9 est avant tout un syst\u00e8me de classement compos\u00e9 de groupes sociaux hi\u00e9rarchis\u00e9s et au sein desquels les ressources mat\u00e9rielles et symboliques sont in\u00e9galement distribu\u00e9es. Diff\u00e9rentes attributions cat\u00e9gorielles permettent d\u2019\u00e9tablir les fronti\u00e8res entre ces groupes et de fixer les rapports de pouvoir. La classe, le genre et la race sont g\u00e9n\u00e9ralement consid\u00e9r\u00e9s comme les principaux crit\u00e8res de distinction et de stratification sociale (Crenshaw, 1989). Dans ce cadre, le racisme est un produit de l\u2019ordre social. Il est structurel dans la mesure o\u00f9 il est une cons\u00e9quence directe des r\u00e8gles qui r\u00e9gissent l\u2019organisation des soci\u00e9t\u00e9s modernes. Par ailleurs, il d\u00e9pend directement des techniques d\u2019administration qui assignent les individus \u00e0 une position sociale d\u00e9termin\u00e9e. Cet usage de la race \u00e0 l\u2019\u00e9chelle macrosociale est d\u2019une importance capitale puisqu\u2019il contredit l\u2019id\u00e9e v\u00e9hicul\u00e9e depuis la Lib\u00e9ration selon laquelle les races n\u2019existent pas. \u00c0 la suite du traumatisme provoqu\u00e9 par le g\u00e9nocide des Juifs et des Tsiganes, cette affirmation r\u00e9pondait \u00e0 un besoin imp\u00e9rieux et parfaitement justifi\u00e9. Mais la lancinante r\u00e9p\u00e9tition de cette simple phrase n\u2019a pas suffi \u00e0 annihiler la construction des races, races qui ne rel\u00e8vent pas seulement d\u2019une pens\u00e9e id\u00e9ologique, mais qui reposent donc sur des dispositifs structurels parfaitement ancr\u00e9s dans les soci\u00e9t\u00e9s modernes et inh\u00e9rents \u00e0 l\u2019organisation des rapports sociaux (Guillaumin, 1972). Certes dans la p\u00e9riode qui nous int\u00e9resse, les marqueurs ethniques ne s\u2019accompagnent plus du discours scientifique qui a pr\u00e9valu au si\u00e8cle pr\u00e9c\u00e9dent et qui a permis d\u2019asseoir cette construction sociale en affirmant que les diff\u00e9rences et les hi\u00e9rarchies entre les groupes \u00e9taient naturelles et g\u00e9n\u00e9tiquement inscrites. Cela \u00e9tant, ils rel\u00e8vent du m\u00eame principe de cat\u00e9gorisation \u00e0 travers lequel des groupes humains sont diff\u00e9renci\u00e9s, inf\u00e9rioris\u00e9s et expos\u00e9s \u00e0 une<br \/>\nviolence sp\u00e9cifique. Ces marqueurs sont \u00e0 l\u2019origine de la race, ils participent \u00e0 sa construction et \u00e0 son r\u00e9tablissement quand bien m\u00eame ses contours auraient chang\u00e9, passant d\u2019une forme biologiquement ancr\u00e9e \u00e0 une forme qui met davantage l\u2019accent sur \u00ab\u2009l\u2019irr\u00e9ductibilit\u00e9 des diff\u00e9rences culturelles\u2009\u00bb en visant notamment la question migratoire (Balibar et Wallerstein, 1997\u2009: 32).<\/p>\n<p style=\"text-align: left;\">\u00c0 travers les discours publics ou dans les notes internes produites \u00e0 l\u2019\u00e9chelle gouvernementale, on constate que durant les ann\u00e9es 1970, 1980 et 1990, les migrants africains et leurs descendants ont pu \u00eatre pr\u00e9sent\u00e9s comme des malades, des criminels, des asociaux, des individus qu\u2019il \u00e9tait impossible d\u2019ordonner et qui ne pouvaient s\u2019adapter. C\u2019est la vis\u00e9e disciplinaire et r\u00e9gulatrice de la biopolitique qui a ici \u00e9t\u00e9 mobilis\u00e9e. Sous cet angle, la construction du probl\u00e8me immigr\u00e9 s\u2019apparente \u00e0 la mise en \u00e9vidence d\u2019une sous-race, au sens foucaldien du terme, \u00e0 l\u2019\u00e9mergence d\u2019une cat\u00e9gorie d\u2019anormaux contre laquelle il fallait d\u00e9fendre la soci\u00e9t\u00e9.<\/p>\n<p style=\"text-align: left;\">Cette d\u00e9fense peut \u00eatre assur\u00e9e par n\u2019importe quel citoyen avec les moyens dont il dispose, une r\u00e9glementation discriminante, des explosifs, des armes \u00e0 feu, sa propre force physique. En \u00e9tant confront\u00e9es \u00e0 la politique du laisser mourir, les personnes racialis\u00e9es deviennent des victimes latentes.<br \/>\nEn raison des stigmates assign\u00e9s, elles constituent des cibles potentielles qui sont plus ou moins expos\u00e9es en fonction des types d\u2019interaction dans lesquels sont pris leurs corps, mais aussi des tensions nationales ou internationales li\u00e9es au contexte \u00e9conomique, social et politique. Si l\u2019on observe les faits r\u00e9pertori\u00e9s entre\u202f1970 et\u202f2000, on constate que des causes conjoncturelles viennent se greffer \u00e0 la cause structurelle que constitue la stratification sociale. Il s\u2019agit d\u2019\u00e9l\u00e9ments contextuels qui favorisent l\u2019\u00e9mersion de la violence \u00e0 l\u2019encontre des Maghr\u00e9bins. Je pense aux sillons laiss\u00e9s par la p\u00e9riode coloniale, \u00e0 la nationalisation du p\u00e9trole alg\u00e9rien en 1971, \u00e0 la constante mont\u00e9e du FN \u00e0 partir de 1983, aux lois Pasqua de 1986 ou 1993, \u00e0 la croissance du ch\u00f4mage dans les ann\u00e9es 1980, aux probl\u00e9matiques urbanistiques et aux \u00e9v\u00e8nements de politique internationale impliquant le monde arabe tels que la guerre en Irak, le conflit isra\u00e9lo-palestinien ou les attentats revendiqu\u00e9s par Al-Qa\u00efda. \u00c0 chaque fois, on retrouve express\u00e9ment l\u2019id\u00e9e d\u2019un danger interne contre lequel il faudrait se pr\u00e9munir et qui justifierait l\u2019usage de la violence.<\/p>\n<div class=\"clk-row\">\n<div class=\"col-l-8-24\">\n<div class=\"clk-wrap-img h100pct imglarge \"><a class=\"imglarge fancybox\" title=\"La race tue deux fois \/ Histoire : enjeux et d\u00e9bats\" href=\"https:\/\/www.syllepse.net\/syllepse_images\/produits\/la-race-tue-deux-fois.jpg\" rel=\"syllepse\"><img decoding=\"async\" id=\"limg\" src=\"https:\/\/www.syllepse.net\/syllepse_images\/produits\/la-race-tue-deux-fois.jpg?2\" alt=\"La race tue deux fois Histoire : enjeux et d\u00e9bats\" \/> <\/a><\/div>\n<p><center><a class=\"btn-table\" href=\"https:\/\/www.syllepse.net\/syllepse_images\/divers\/intro+tdm.pdf\" target=\"_blank\" rel=\"noopener\"><i class=\"fa fa-file-text-o\" aria-hidden=\"true\"><\/i> Voir la Table des mati\u00e8res<\/a><\/center><\/div>\n<div class=\"col-l-16-24\">\n<div class=\"bg-edito edito-produit\">\n<div class=\"edito\">\n<h4>Une histoire des crimes racistes en france (1970-2000)<\/h4>\n<p><strong>Collection :<\/strong> <i>\u00ab <a title=\"Histoire : enjeux et d\u00e9bats\" href=\"https:\/\/www.syllepse.net\/histoire-enjeux-et-debats-_r_65.html\">Histoire : enjeux et d\u00e9bats<\/a> \u00bb<\/i><\/p>\n<p><strong>Auteur-e :<\/strong> <a title=\"Rachida Brahim\" href=\"https:\/\/www.syllepse.net\/rachida-brahim-_r_35_lettre_R_c_1133.html\">Rachida Brahim<\/a><\/p>\n<p><strong>Parution :<\/strong> janvier 2021<br \/>\n<strong>Pages :<\/strong> 228<br \/>\n<strong>Format :<\/strong> 150 x 210<br \/>\n<strong>ISBN :<\/strong> 978-2-84950-844-2-PAP<\/p>\n<\/div>\n<\/div>\n<div class=\"tabs-panier ui-tabs ui-corner-all ui-widget ui-widget-content\">\n<ul class=\"ui-tabs-nav ui-corner-all ui-helper-reset ui-helper-clearfix ui-widget-header\" role=\"tablist\">\n<li class=\"ui-tabs-tab ui-corner-top ui-state-default ui-tab ui-tabs-active ui-state-active\" tabindex=\"0\" role=\"tab\" aria-controls=\"tabs165\" aria-labelledby=\"ui-id-2\" aria-selected=\"true\" aria-expanded=\"true\"><a id=\"ui-id-2\" class=\"ui-tabs-anchor\" tabindex=\"-1\" role=\"presentation\" href=\"https:\/\/www.syllepse.net\/la-race-tue-deux-fois-_r_65_i_821.html#tabs165\">Version papier<\/a><\/li>\n<li class=\"ui-tabs-tab ui-corner-top ui-state-default ui-tab\" tabindex=\"-1\" role=\"tab\" aria-controls=\"tabs166\" aria-labelledby=\"ui-id-3\" aria-selected=\"false\" aria-expanded=\"false\"><a id=\"ui-id-3\" class=\"ui-tabs-anchor\" tabindex=\"-1\" role=\"presentation\" href=\"https:\/\/www.syllepse.net\/la-race-tue-deux-fois-_r_65_i_821.html#tabs166\">Version epub<\/a><\/li>\n<li class=\"ui-tabs-tab ui-corner-top ui-state-default ui-tab\" tabindex=\"-1\" role=\"tab\" aria-controls=\"tabs167\" aria-labelledby=\"ui-id-4\" aria-selected=\"false\" aria-expanded=\"false\"><a id=\"ui-id-4\" class=\"ui-tabs-anchor\" tabindex=\"-1\" role=\"presentation\" href=\"https:\/\/www.syllepse.net\/la-race-tue-deux-fois-_r_65_i_821.html#tabs167\">Version PDF<\/a><\/li>\n<\/ul>\n<form id=\"AddForm\" class=\"AddForm\" action=\"index.phtml\" method=\"post\" name=\"AddForm\">\n<div id=\"tabs165\" class=\"tabs-wrapper ui-tabs-panel ui-corner-bottom ui-widget-content\" role=\"tabpanel\" aria-labelledby=\"ui-id-2\" aria-hidden=\"false\">\n<div class=\"col-m-1-2 tabs-content\">\n<p class=\"prix\">18,00\u00a0\u20ac<\/p>\n<\/div>\n<\/div>\n<\/form>\n<\/div>\n<\/div>\n<\/div>\n<div class=\"clk-row\">\n<div class=\"col-l-16-24\">\n<div class=\"tabs-panier ui-tabs ui-corner-all ui-widget ui-widget-content\">\n<form id=\"AddForm\" class=\"AddForm\" action=\"index.phtml\" method=\"post\" name=\"AddForm\">\n<div id=\"tabs165\" class=\"tabs-wrapper ui-tabs-panel ui-corner-bottom ui-widget-content\" role=\"tabpanel\" aria-labelledby=\"ui-id-2\" aria-hidden=\"false\">\n<div class=\"col-m-1-2 tabs-content\"><img decoding=\"async\" src=\"https:\/\/www.syllepse.net\/syllepse_images\/sitev2\/cart-visa.png\" \/> <img decoding=\"async\" src=\"https:\/\/www.syllepse.net\/syllepse_images\/sitev2\/cart-paypal.png\" \/> <img decoding=\"async\" src=\"https:\/\/www.syllepse.net\/syllepse_images\/sitev2\/cart-cic.png\" \/><\/div>\n<div class=\"clear\"><\/div>\n<\/div>\n<\/form>\n<form id=\"AddForm\" class=\"AddForm\" action=\"index.phtml\" method=\"post\" name=\"AddForm\"><\/form>\n<form id=\"AddForm\" class=\"AddForm\" action=\"index.phtml\" method=\"post\" name=\"AddForm\"><\/form>\n<\/div>\n<\/div>\n<\/div>\n<div class=\"clk-row clearfix\">\n<div class=\"col-m-1-4 col-mb2\">\n<p class=\"titre-box\">Pr\u00e9sentation<\/p>\n<\/div>\n<div class=\"clear\"><\/div>\n<div class=\"col-s-1 col-mb2\">\n<p lang=\"fr-FR\" align=\"JUSTIFY\">\u00abDe telles listes sont dress\u00e9es depuis les ann\u00e9es 1970. Compil\u00e9es par plusieurs g\u00e9n\u00e9rations de militants, elles sont enfouies dans les caves des archives associatives et pr\u00e9sentent toutes le m\u00eame format, \u00e0 la fois sec et funeste. On y trouve la date du crime, le nom de la victime, suivis d\u2019une ou deux phrases laconiques. Elles frappent par leur rudesse, leur longueur et leur nombre. Poser une liste conduit inexorablement \u00e0 en trouver une autre quelques jours plus tard. Ces listes expriment l\u2019id\u00e9e d\u2019une injustice. Elles d\u00e9noncent le racisme et l\u2019impunit\u00e9 du racisme. Elles pointent du doigt les crimes, mais \u00e9galement la grande majorit\u00e9 des proc\u00e8s qui ont fini par des peines l\u00e9g\u00e8res avec sursis ou des acquittements, quand ce n\u2019est pas un non-lieu qui est venu clore l&rsquo;affaire.<\/p>\n<p lang=\"fr-FR\" align=\"JUSTIFY\">Elles disent en substance que la racialisation,\u2002autrement dit le fait de placer des personnes dans une cat\u00e9gorie raciale afin d\u2019asseoir un rapport de pouvoir et d\u2019en tirer profit, tue deux fois. La premi\u00e8re violence touche \u00e0 l\u2019int\u00e9grit\u00e9 physique de la personne. La seconde violence a lieu \u00e0 l\u2019\u00e9chelle institutionnelle. Elle est une cons\u00e9quence du traitement p\u00e9nal qui ignore la nature raciste des crimes jug\u00e9s.\u00bb<\/p>\n<p align=\"JUSTIFY\">De la grande vague de violence de 1973 dans le sud de la France aux crimes policiers des ann\u00e9es 1990 en passant par les crimes racistes jalonnant les ann\u00e9es 1980, cet ouvrage, issu d&rsquo;une base de donn\u00e9es de plus de 700 cas, nous invite \u00e0 prendre la mesure de cette histoire \u00e0 l&rsquo;heure o\u00f9 le racisme institutionnel et l&rsquo;action de la police continuent chaque ann\u00e9e \u00e0 \u00eatre \u00e0 l&rsquo;origine de nombreux morts.<\/p>\n<figure id=\"attachment_5340\" aria-describedby=\"caption-attachment-5340\" style=\"width: 1014px\" class=\"wp-caption alignnone\"><a href=\"https:\/\/bruxelles-pantheres.be\/wp-content\/uploads\/2022\/10\/311353066_10160465544349539_5108924151536332701_n.jpg\"><img decoding=\"async\" class=\"wp-image-5340 size-large\" src=\"https:\/\/bruxelles-pantheres.be\/wp-content\/uploads\/2022\/10\/311353066_10160465544349539_5108924151536332701_n-1024x768.jpg\" alt=\"\" width=\"1024\" height=\"768\" srcset=\"https:\/\/bruxelles-pantheres.be\/wp-content\/uploads\/2022\/10\/311353066_10160465544349539_5108924151536332701_n-1024x768.jpg 1024w, https:\/\/bruxelles-pantheres.be\/wp-content\/uploads\/2022\/10\/311353066_10160465544349539_5108924151536332701_n-300x225.jpg 300w, https:\/\/bruxelles-pantheres.be\/wp-content\/uploads\/2022\/10\/311353066_10160465544349539_5108924151536332701_n-768x576.jpg 768w, https:\/\/bruxelles-pantheres.be\/wp-content\/uploads\/2022\/10\/311353066_10160465544349539_5108924151536332701_n-1536x1152.jpg 1536w, https:\/\/bruxelles-pantheres.be\/wp-content\/uploads\/2022\/10\/311353066_10160465544349539_5108924151536332701_n-1320x990.jpg 1320w, https:\/\/bruxelles-pantheres.be\/wp-content\/uploads\/2022\/10\/311353066_10160465544349539_5108924151536332701_n.jpg 2048w\" sizes=\"(max-width: 1024px) 100vw, 1024px\" \/><\/a><figcaption id=\"caption-attachment-5340\" class=\"wp-caption-text\">Cette liste est extrait de la revue La Br\u00e8che, num\u00e9ro 4 : <a href=\"https:\/\/33af44b9-facc-428c-b187-b15fa329d18e.filesusr.com\/ugd\/c63bc5_9eca1303e68d4286a278d975475600e3.pdf?fbclid=IwAR12pkmWsOGTW0-BHimJ3-UE5rwZtePwRXdJSAnVsBFcueIfYRuflTlNrCI\">\u00ab Racisme et criminalisation, des populations dans le viseur \u00bb. <\/a>Dans le num\u00e9ro se trouve notamment un entretien sur le travail de Bruxelles Panth\u00e8res, ainsi qu\u2019une liste non-exhaustive des meurtres policiers en Belgique depuis les ann\u00e9es 80.\u00a0<\/figcaption><\/figure>\n<\/div>\n<\/div>\n","protected":false},"excerpt":{"rendered":"<p>Nous avons le plaisir de publier en exclusivit\u00e9 un extrait du livre\u00a0 \u00ab La race tue deux fois \u00bb\u00a0Une histoire des crimes racistes en france (1970-2000) de Rachida Brahim Avec l\u2019aimable autorisation des Editions Syllepse.\u00a0\u00a0 Enqu\u00eate portant sur la d\u00e9nonciation et le traitement l\u00e9gislatif des crimes racistes commis contre des immigr\u00e9s ou des descendants d&rsquo;immigr\u00e9s &#8230; <a title=\"Extrait du livre \u00ab La race tue deux fois \u00bb\" class=\"read-more\" href=\"https:\/\/bruxelles-pantheres.be\/?p=5313\" aria-label=\"En savoir plus sur Extrait du livre \u00ab La race tue deux fois \u00bb\">Lire la suite<\/a><\/p>\n","protected":false},"author":1,"featured_media":5314,"comment_status":"open","ping_status":"open","sticky":false,"template":"","format":"standard","meta":{"footnotes":""},"categories":[28,5],"tags":[54,467],"class_list":["post-5313","post","type-post","status-publish","format-standard","has-post-thumbnail","hentry","category-racismes","category-violence-policiere","tag-police","tag-race"],"_links":{"self":[{"href":"https:\/\/bruxelles-pantheres.be\/index.php?rest_route=\/wp\/v2\/posts\/5313","targetHints":{"allow":["GET"]}}],"collection":[{"href":"https:\/\/bruxelles-pantheres.be\/index.php?rest_route=\/wp\/v2\/posts"}],"about":[{"href":"https:\/\/bruxelles-pantheres.be\/index.php?rest_route=\/wp\/v2\/types\/post"}],"author":[{"embeddable":true,"href":"https:\/\/bruxelles-pantheres.be\/index.php?rest_route=\/wp\/v2\/users\/1"}],"replies":[{"embeddable":true,"href":"https:\/\/bruxelles-pantheres.be\/index.php?rest_route=%2Fwp%2Fv2%2Fcomments&post=5313"}],"version-history":[{"count":5,"href":"https:\/\/bruxelles-pantheres.be\/index.php?rest_route=\/wp\/v2\/posts\/5313\/revisions"}],"predecessor-version":[{"id":5341,"href":"https:\/\/bruxelles-pantheres.be\/index.php?rest_route=\/wp\/v2\/posts\/5313\/revisions\/5341"}],"wp:featuredmedia":[{"embeddable":true,"href":"https:\/\/bruxelles-pantheres.be\/index.php?rest_route=\/wp\/v2\/media\/5314"}],"wp:attachment":[{"href":"https:\/\/bruxelles-pantheres.be\/index.php?rest_route=%2Fwp%2Fv2%2Fmedia&parent=5313"}],"wp:term":[{"taxonomy":"category","embeddable":true,"href":"https:\/\/bruxelles-pantheres.be\/index.php?rest_route=%2Fwp%2Fv2%2Fcategories&post=5313"},{"taxonomy":"post_tag","embeddable":true,"href":"https:\/\/bruxelles-pantheres.be\/index.php?rest_route=%2Fwp%2Fv2%2Ftags&post=5313"}],"curies":[{"name":"wp","href":"https:\/\/api.w.org\/{rel}","templated":true}]}}