{"id":533,"date":"2013-03-02T16:23:12","date_gmt":"2013-03-02T15:23:12","guid":{"rendered":"https:\/\/bruxelles-pantheres.be\/?p=533"},"modified":"2013-11-10T16:25:10","modified_gmt":"2013-11-10T15:25:10","slug":"engager-de-vraies-mannequins-noires-2","status":"publish","type":"post","link":"https:\/\/bruxelles-pantheres.be\/?p=533","title":{"rendered":"Engager de vraies mannequins noires"},"content":{"rendered":"<div class=\"entry-content\">\n<p><img decoding=\"async\" class=\"aligncenter\" alt=\"http:\/\/thyblackman.com\/wp-content\/uploads\/2011\/06\/black-is-beautiful-tee.png\" src=\"http:\/\/thyblackman.com\/wp-content\/uploads\/2011\/06\/black-is-beautiful-tee.png\" \/><\/p>\n<p><b><a href=\"http:\/\/email.change.org\/wf\/click?upn=L4wUyO6b13sjdmUXmXaF3F24CF2asWTP1maUpu0ZXHeMS1VuUVFQ-2BwRML-2FjotY7mVwz11fpeKJ8-2FlolKgnxZOsOtU6S8brarbx-2Fxnj6MBZMKzrhDb1qENWa-2FCnT3LmweplcIgXvMB1yu6pv6Dd0nWB7NSrxOPwR-2BTivng5EuIhpRHIwy3WQ4YqChA5xojZuvFjxwWsijXEXmL2dacS7dHYdCXNgjmu0c-2FO3qk5q-2B2u1DvztrFiYHDKx7vT2cniNCToKYdkSy7SNV9Q-2Fn2X0BuqnFmzrxR9hVzJutFGikvRE-3D_9DOsh2M7TacM6qFzA2M1BwnBMmL8W1xeE96jaI4a2uLImHrwWfzbR8JVqA42NZEZb38ZwJEQnzd4W-2FKBJEhwwtm0LJCqQkoifAZXGlrZnHm3l6cnrHdCJscnlFjWPDnJlzG86CaR-2B8ZcADqi-2B5p13qWZ-2BA3I8PC2S6MFVdxFo0GSHsOquqCgJoghB3YW5zU4kRVvv6AYpQiN9ATCg7uq7wCako4LEgd8qXpx-2F6QNmfHEgWUWsPY7OFb8NJi6CL7K\" target=\"_blank\">NUM\u00c9RO magazine : mettez les vraies mannequins noires \u00e0 l\u2019honneur. #AfricanQueen<\/a><\/b><\/p>\n<p><b>Lanc\u00e9e par : Kama, Fontenay sous bois<\/b><\/p>\n<table width=\"846\" cellspacing=\"0\" cellpadding=\"0\" align=\"right\" bgcolor=\"#F1F0E9\">\n<tbody>\n<tr>\n<td><strong><a href=\"http:\/\/email.change.org\/wf\/click?upn=L4wUyO6b13sjdmUXmXaF3F24CF2asWTP1maUpu0ZXHeMS1VuUVFQ-2BwRML-2FjotY7mVwz11fpeKJ8-2FlolKgnxZOsOtU6S8brarbx-2Fxnj6MBZMKzrhDb1qENWa-2FCnT3LmweplcIgXvMB1yu6pv6Dd0nWB7NSrxOPwR-2BTivng5EuIhpRHIwy3WQ4YqChA5xojZuvFjxwWsijXEXmL2dacS7dHYdCXNgjmu0c-2FO3qk5q-2B2u1DvztrFiYHDKx7vT2cniNCToKYdkSy7SNV9Q-2Fn2X0BuqnFmzrxR9hVzJutFGikvRE-3D_9DOsh2M7TacM6qFzA2M1BwnBMmL8W1xeE96jaI4a2uLImHrwWfzbR8JVqA42NZEZb38ZwJEQnzd4W-2FKBJEhwwtm0LJCqQkoifAZXGlrZnHm3l6cnrHdCJscnlFjWPDnJHmiZfReNo9koVVnIr5txxp5nMJCbIoAhXP1GHY799fVPiK0vu8WhChrzv6tpAWul5CsywIZ6TEyR-2B8zFhem6f0aVwodmXwGUjLv-2BKuUmwMigjlAYxA-2Bp8pAhhkiLtPIm\" target=\"_blank\">Kama demande au magazine fran\u00e7ais Num\u00e9ro d\u2019engager de vraies mannequins noires au lieu d\u2019utiliser des mannequins blanches maquill\u00e9es en femmes noires. <\/a> <\/strong><\/p>\n<p><!--more--><\/td>\n<\/tr>\n<tr>\n<td><\/td>\n<\/tr>\n<tr>\n<td>\n<h1><a href=\"https:\/\/www.change.org\/fr\/petitions\/num%C3%A9ro-magazine-mettez-les-vraies-mannequins-noires-%C3%A0-l-honneur-africanqueen?alert_id=iAyKBbXmDK_RcbrDOUULk&amp;utm_campaign=19048&amp;utm_medium=email&amp;utm_source=action_alert\">Signez sa p\u00e9tition<\/a><\/h1>\n<\/td>\n<\/tr>\n<\/tbody>\n<\/table>\n<p><strong><em>Je viens de d\u00e9couvrir la s\u00e9rie de photos \u00ab\u00a0<a href=\"http:\/\/email.change.org\/wf\/click?upn=3ENo50YA3k-2BYvJGyVc-2FOY-2FE6gjyOBkbKveIn0uLzURoye2KdqHQ6Oa6HSmmHCZNu4nSKA79asdKzThh4AE1aDVB3MMNpnqx8o3JNOeimnQGDw1EL-2Fn-2Bsnr4P7Vyq6tJGTkQvqmEIaVjhYCmVv9NUhIWVjC4df7Ii6f7Y9pjhEQS-2B67fcLTJxdTstK0-2BZbIkW2rIR9Uk0c27wLph84mRR6DeZJwQ-2BxEy6whyu5e5gRSHDFUgwmNmkaN8ivQHfG8JIVFEwNfTTCworMBRVJS6kiqWBEvClg66pDxSGCjkTKwzCI4E6SPJjlrQqIG66Zk45pep44Ztpo7BBp5fZnxTvwREpzfi9tR8iuf17zT0zIcOdxt6O1osaIjIY-2BL3pZ4fqjLd359tOu0xsYQISN3PU-2F-2FDjduUECXnMOkh9RYEJL-2BgCEWPIUUMoXHlqsaz6V3eT_9DOsh2M7TacM6qFzA2M1BwnBMmL8W1xeE96jaI4a2uLImHrwWfzbR8JVqA42NZEZb38ZwJEQnzd4W-2FKBJEhwwtm0LJCqQkoifAZXGlrZnHm3l6cnrHdCJscnlFjWPDnJ18l3m1deeip2X4qpJPJpoEAp5wgVyYDCNh-2Bg3V6RTciOexPfEpca198CrSuXatqAohJwrDG2EKlpXxHvfMs17hpwuA-2FI146fRe7-2BrcbgNfWy40NRunV69GMxyne4uddC\" target=\"_blank\" rel=\"nofollow\">African Queen<\/a>\u00a0\u00bb du magazine Num\u00e9ro de mars 2013. \u00c0 ma grande surprise, pour illustrer ce th\u00e8me, la revue a choisi une mannequin blanche, l\u2019am\u00e9ricaine Ondria Hardin, et l\u2019a maquill\u00e9e pour l\u2019occasion en femme noire. Quand va t-on cesser de remplacer les mannequins noires \u2013 d\u00e9j\u00e0 sous-repr\u00e9sent\u00e9es dans les magazines \u2013 par des mannequins \u00ab\u00a0maquill\u00e9es\u00a0\u00bb?<\/em><\/strong><\/p>\n<p>La mannequin Ondria Hardin est blonde et \u00e0 la peau blanche. Mais beaucoup de fond de teint et poudre \u00e0 effet \u00ab\u00a0bronzant\u00a0\u00bb auront suffi pour la m\u00e9tamorphoser dans cette s\u00e9rie de photos qui trompe les lectrices et les lecteurs. Au passage, elle y arbore tous ce qui dans l\u2019imaginaire occidental fait la \u00ab\u00a0beaut\u00e9 noire\u00a0\u00bb, la \u00ab\u00a0beaut\u00e9 africaine\u00a0\u00bb: coiffes, colliers, bracelets, imprim\u00e9s.<\/p>\n<p>Qu\u2019a voulu montrer ce magazine?\u00a0<strong>Pourquoi ne pas avoir tout simplement choisi un mannequin noire pour repr\u00e9senter cette \u00ab\u00a0African Queen\u00a0\u00bb<\/strong> et proposer cette s\u00e9rie cens\u00e9e \u00ab\u00a0c\u00e9l\u00e9brer\u00a0\u00bb la beaut\u00e9 africaine ?<\/p>\n<p>Je doute que le choix manquait. Pire, <strong>les mannequins noires sont sous-repr\u00e9sent\u00e9es dans les magazines f\u00e9minins et sur les podiums<\/strong> \u2013 le magazine Jezebel a ainsi relev\u00e9 que 82% des mannequins \u00e0 la derni\u00e8re Fashion Week de New York \u00e9taient blanches. Ce genre de choix \u00e9ditorial ne fait qu\u2019accentuer ces in\u00e9galit\u00e9s.<\/p>\n<p>Aussi, \u00e0 travers cette p\u00e9tition, <strong>je demande des excuses au magazine Num\u00e9ro <\/strong>et j\u2019appelle les annonceurs du magazine \u00e0 retirer leur soutien tant que Num\u00e9ro ne se sera pas excus\u00e9 et ne se sera pas engag\u00e9 \u00e0<strong> donner plus de place aux mannequins noires dans ces pages.<\/strong><\/p>\n<p><strong>Merci de signer et diffuser la p\u00e9tition!<\/strong><\/p>\n<p>Plus d\u2019informations:<\/p>\n<p><a href=\"http:\/\/email.change.org\/wf\/click?upn=1mmeex-2FjZn-2FwcNsRwSa6VU9f4hH68LstS8fjrjE1M12q9cyifo416xkJjiF5OV4pc3A-2BYyQv6QnXnWotnZlCe4L4-2B3ntYuELgBBn1ce3QTEmg3GkZHO7xFz7IysZFsTLT-2FvHWpnLGN5-2BF186qJtFpB3Lyq6JMr1E3xL6MkbF8Ac9w7P2W2HB-2FqjOx-2BomggEIJLuvmL-2BtHAscIzpGZASzV0XTjbr-2Bjxh7y9y0QDjO1PgDd8k9Msp-2BlJqDpEs-2BFi9-2Bgi-2FQ1ImthFx7E-2FsRi3hzorSfl3sEwYxLYnwk9cDIopcztAwRrX2Qur5wDEDyI-2B8j_9DOsh2M7TacM6qFzA2M1BwnBMmL8W1xeE96jaI4a2uLImHrwWfzbR8JVqA42NZEZb38ZwJEQnzd4W-2FKBJEhwwtm0LJCqQkoifAZXGlrZnHm3l6cnrHdCJscnlFjWPDnJGS6EycJi1-2BSQrYJHvNFirWiFrMVv-2FDNDmOfLkNePrrR0y-2B-2Fr0hXfYhqhGuxWvtb6YnPq6cRbHt1cbVc8RilZhN1J7i68fgCJXkRJ-2BZ8GAOKPYFtoZMmwrID4tLzgBRfE\" target=\"_blank\" rel=\"nofollow\">article sur Puretrend<\/a><\/p>\n<p><a href=\"http:\/\/email.change.org\/wf\/click?upn=9ILkMd4r6vJ4XkLlop9-2FQ-2BL1aH3nfUWLUvIkuiQJaYVj65dTZaytd7PNHiHtX0OhHw4qT-2Bc7IraEliO1nRLIjNRH-2F-2BrHTouFWywusbDlsscCLKijkjZt00ipM658eNpVIxwVr1kRGuyuP67hsmaj6oPlzd1DgbZsvu59E8UTz97mZkIE0LF7mGezM-2FDRMVQNElQ-2FoMb6pucLEJf-2F-2FbAsLlsA3qLHPVDDx7RmOxDJF-2BCcMfjtrF7FRaVsYRv0XfW-2F_9DOsh2M7TacM6qFzA2M1BwnBMmL8W1xeE96jaI4a2uLImHrwWfzbR8JVqA42NZEZb38ZwJEQnzd4W-2FKBJEhwwtm0LJCqQkoifAZXGlrZnHm3l6cnrHdCJscnlFjWPDnJy9eECobaNjkSWAfRIR0zv1ICM8hsR-2FAjJtdrd37ZKT1r3YUv7SqttNxqrlEFk-2F8mhTwWNwpDtcwoFt1e7CRcpDmutlBR9plbFyCCVisrKO97t09QD0Ef0t5dN5oQ3xUP\" target=\"_blank\" rel=\"nofollow\">\u00e9ditorial de Jezebel<\/a><\/p>\n<p><a href=\"http:\/\/email.change.org\/wf\/click?upn=0Lu0-2B4ySGYrRu-2F4xoHRL-2BKeJz-2B1ifQqmpvA4HRhR7numdlDCvFd7NK2qix3F7hQsGkfTcjF3ap8OV-2FR6n5fJMWB-2B8TaKzLtNkcWQyuj7jawRKBReC-2Fo2xzt3L4qhH1NNi3zCnbcCFglpnQUqrXMdHvPPrC6dFyIjnogRBhAQUcuIAjA28p9yUonKqPW6z7xElZPEQ1Gg86nFLvDBdtzPor3dm99CEOH-2FIp-2BniRRCaKZ2ac22xRyTQ842-2FeWfC3p3fZWFL5jhQwe2V97JLJRMzSxyNT2QY1YmdbtSWoFWNNnXpJ-2Fi-2FsnP40EgrqeBhb4m_9DOsh2M7TacM6qFzA2M1BwnBMmL8W1xeE96jaI4a2uLImHrwWfzbR8JVqA42NZEZb38ZwJEQnzd4W-2FKBJEhwwtm0LJCqQkoifAZXGlrZnHm3l6cnrHdCJscnlFjWPDnJIz3-2FhayUFu0QY1K4DptMQ0mBWcPHtaw9nh-2BNj9PPi7cZiOAxWmXbW0TOGeiAFXKDL-2Fm4msJS798Hb6avoHWdqTFVCtOMvHPHCJENupw-2B9MeRsQ-2FgsI-2BbPG6zV-2BifTMCB\" target=\"_blank\" rel=\"nofollow\">article dans Lib\u00e9ration mentionnant la p\u00e9tition<\/a><\/p>\n<p><a href=\"http:\/\/email.change.org\/wf\/click?upn=L4wUyO6b13sjdmUXmXaF3F24CF2asWTP1maUpu0ZXHeMS1VuUVFQ-2BwRML-2FjotY7mVwz11fpeKJ8-2FlolKgnxZOsOtU6S8brarbx-2Fxnj6MBZMKzrhDb1qENWa-2FCnT3LmweplcIgXvMB1yu6pv6Dd0nWB7NSrxOPwR-2BTivng5EuIhpRHIwy3WQ4YqChA5xojZuvFjxwWsijXEXmL2dacS7dHYdCXNgjmu0c-2FO3qk5q-2B2u1DvztrFiYHDKx7vT2cniNCToKYdkSy7SNV9Q-2Fn2X0BurGMkf2oNaCLa2v-2FqpKqWsU-3D_9DOsh2M7TacM6qFzA2M1BwnBMmL8W1xeE96jaI4a2uLImHrwWfzbR8JVqA42NZEZb38ZwJEQnzd4W-2FKBJEhwwtm0LJCqQkoifAZXGlrZnHm3l6cnrHdCJscnlFjWPDnJZn2V9iQXS8igcrNYRcdZGFmK4wxk5hJrSxwDrdplJCmw-2FXnpq21ei-2FwvM1lxKx5ZdIJV-2FmWDq2WXebvW7hELlMH2BO65T1b6zg9b-2B6UTJPxJirYfwlgqVdlVUEdjJpm8\" target=\"_blank\"><strong>Cliquez ici pour signer la p\u00e9tition de Kama, \u00ab\u00a0NUM\u00c9RO magazine : mettez les vraies mannequins noires \u00e0 l\u2019honneur. #AfricanQueen\u00a0\u00bb.<\/strong><\/a><\/p>\n<p><a href=\"http:\/\/www.egalite.be\/wp-content\/uploads\/2013\/03\/yeDjPRdvlOKDiga-556x313-noPad.jpg\"><img decoding=\"async\" class=\"aligncenter size-full wp-image-5570\" alt=\"yeDjPRdvlOKDiga-556x313-noPad\" src=\"http:\/\/www.egalite.be\/wp-content\/uploads\/2013\/03\/yeDjPRdvlOKDiga-556x313-noPad.jpg\" width=\"556\" height=\"313\" \/><\/a><\/p>\n<\/div>\n","protected":false},"excerpt":{"rendered":"<p>NUM\u00c9RO magazine : mettez les vraies mannequins noires \u00e0 l\u2019honneur. #AfricanQueen Lanc\u00e9e par : Kama, Fontenay sous bois Kama demande au magazine fran\u00e7ais Num\u00e9ro d\u2019engager de vraies mannequins noires au lieu d\u2019utiliser des mannequins blanches maquill\u00e9es en femmes noires.<\/p>\n","protected":false},"author":1,"featured_media":534,"comment_status":"open","ping_status":"open","sticky":false,"template":"","format":"standard","meta":{"footnotes":""},"categories":[1,21,36,7,28],"tags":[],"class_list":["post-533","post","type-post","status-publish","format-standard","has-post-thumbnail","hentry","category-non-classe","category-anti-imperialisme","category-europe","category-negrophobie","category-racismes"],"_links":{"self":[{"href":"https:\/\/bruxelles-pantheres.be\/index.php?rest_route=\/wp\/v2\/posts\/533","targetHints":{"allow":["GET"]}}],"collection":[{"href":"https:\/\/bruxelles-pantheres.be\/index.php?rest_route=\/wp\/v2\/posts"}],"about":[{"href":"https:\/\/bruxelles-pantheres.be\/index.php?rest_route=\/wp\/v2\/types\/post"}],"author":[{"embeddable":true,"href":"https:\/\/bruxelles-pantheres.be\/index.php?rest_route=\/wp\/v2\/users\/1"}],"replies":[{"embeddable":true,"href":"https:\/\/bruxelles-pantheres.be\/index.php?rest_route=%2Fwp%2Fv2%2Fcomments&post=533"}],"version-history":[{"count":1,"href":"https:\/\/bruxelles-pantheres.be\/index.php?rest_route=\/wp\/v2\/posts\/533\/revisions"}],"predecessor-version":[{"id":535,"href":"https:\/\/bruxelles-pantheres.be\/index.php?rest_route=\/wp\/v2\/posts\/533\/revisions\/535"}],"wp:featuredmedia":[{"embeddable":true,"href":"https:\/\/bruxelles-pantheres.be\/index.php?rest_route=\/wp\/v2\/media\/534"}],"wp:attachment":[{"href":"https:\/\/bruxelles-pantheres.be\/index.php?rest_route=%2Fwp%2Fv2%2Fmedia&parent=533"}],"wp:term":[{"taxonomy":"category","embeddable":true,"href":"https:\/\/bruxelles-pantheres.be\/index.php?rest_route=%2Fwp%2Fv2%2Fcategories&post=533"},{"taxonomy":"post_tag","embeddable":true,"href":"https:\/\/bruxelles-pantheres.be\/index.php?rest_route=%2Fwp%2Fv2%2Ftags&post=533"}],"curies":[{"name":"wp","href":"https:\/\/api.w.org\/{rel}","templated":true}]}}