{"id":5354,"date":"2022-10-28T14:29:13","date_gmt":"2022-10-28T13:29:13","guid":{"rendered":"https:\/\/bruxelles-pantheres.be\/?p=5354"},"modified":"2022-10-28T14:34:52","modified_gmt":"2022-10-28T13:34:52","slug":"la-deportation-de-charlotte-kates-et-khalid-barakat-une-attaque-contre-la-marche-du-retour-et-la-diaspora","status":"publish","type":"post","link":"https:\/\/bruxelles-pantheres.be\/?p=5354","title":{"rendered":"La d\u00e9portation de Charlotte Kates et Khalid Barakat : une attaque contre la Marche du Retour et la diaspora"},"content":{"rendered":"<p>Ils \u00e9taient en route pour participer \u00e0 la\u00a0<strong><a href=\"https:\/\/charleroi-pourlapalestine.be\/index.php\/2022\/10\/24\/la-dynamique-sactive-pour-la-marche-en-faveur-du-retour-et-de-la-liberation-rejoignez-nous-a-bruxelles\/\">Semaine d\u2019action pour le retour et la lib\u00e9ration de la Palestine<\/a>.<\/strong><\/p>\n<p>A leur arriv\u00e9e \u00e0 l\u2019a\u00e9roport\u00a0<strong>Schiphol d\u2019Amsterdam<\/strong>\u00a0le 24 octobre au matin, ils ont \u00e9t\u00e9 d\u00e9tenus par le service d\u2019immigration g\u00e9r\u00e9 par la police militaire n\u00e9erlandaise.<!--more--><\/p>\n<p><strong>Le r\u00e9seau de solidarit\u00e9 avec les prisonniers palestiniens Samidoun d\u00e9nonce le refus d\u2019entr\u00e9e aux Pays-Bas de notre coordinatrice internationale,\u00a0<a href=\"https:\/\/charleroi-pourlapalestine.be\/index.php\/tag\/charlotte-kates\/\">Charlotte Kates<\/a>, et de l\u2019un des fondateurs du mouvement palestinien Masar Badil,\u00a0<a href=\"https:\/\/charleroi-pourlapalestine.be\/index.php\/tag\/khaled-barakat\/\">Khaled Barakat<\/a>, ainsi que leur expulsion de l\u2019a\u00e9roport d\u2019Amsterdam vers le Canada par la police militaire n\u00e9erlandaise.<\/strong><\/p>\n<p><strong>Nous consid\u00e9rons leur refus d\u2019entr\u00e9e et leur d\u00e9portation comme une attaque claire men\u00e9e par les Pays-Bas et l\u2019Union europ\u00e9enne contre l\u2019organisation palestinienne, le peuple palestinien et sa lutte pour le retour et la lib\u00e9ration.<\/strong><\/p>\n<p>&nbsp;<\/p>\n<div id=\"attachment_46121\" class=\"wp-caption alignnone\">\n<p><img decoding=\"async\" class=\"wp-image-46121 size-full\" src=\"https:\/\/charleroi-pourlapalestine.be\/wp-content\/uploads\/2022\/10\/kates.jpg\" alt=\"L\u2019\u00e9crivain et activiste Khaled Barakat et Charlotte Kates, coordinatrice de Samidoun Palestinian Prisoner Solidarity Network \u00e0 la marche de Masar Badil \u00e0 Madrid, le 31 octobre 2021. Photo : Masar Badil)\" width=\"700\" height=\"617\" aria-describedby=\"caption-attachment-46121\" \/><\/p>\n<p id=\"caption-attachment-46121\" class=\"wp-caption-text\"><strong>L\u2019\u00e9crivain et activiste Khaled Barakat, l\u2019un des fondateurs du mouvement Masar Badil, et Charlotte Kates, coordinatrice de Samidoun Palestinian Prisoner Solidarity Network \u00e0 la marche de Masar Badil \u00e0 Madrid, le 31 octobre 2021. Photo : Masar Badil)<\/strong><\/p>\n<\/div>\n<p>&nbsp;<\/p>\n<p><strong>Barakat et Kates ont \u00e9t\u00e9 interrog\u00e9s sur leurs opinions politiques, sur Samidoun, Masar Basil et la semaine d\u2019action pour la lib\u00e9ration et le retour. Cela montre qu\u2019il s\u2019agit d\u2019une attaque politique claire contre eux, nos organisations et le mouvement palestinien, en particulier dans la diaspora.<\/strong><\/p>\n<p>Ce n\u2019est pas la premi\u00e8re fois que Barakat et Kates sont attaqu\u00e9s et r\u00e9prim\u00e9s par un \u00c9tat europ\u00e9en.<\/p>\n<p>En 2019, Khaled Barakat a re\u00e7u une interdiction politique alors qu\u2019il vivait et organisait le shatat (\u201cdiaspora\u201d) palestinien \u00e0 Berlin en\u00a0<strong>Allemagne.<\/strong>\u00a0Il n\u2019a pas \u00e9t\u00e9 autoris\u00e9 \u00e0 participer \u00e0 un quelconque \u00e9v\u00e9nement politique ni \u00e0 rencontrer plus de dix personnes \u00e0 la fois.<\/p>\n<p>Barakat et Kates, qui sont \u00e9galement mari\u00e9s l\u2019un \u00e0 l\u2019autre, ont \u00e9t\u00e9<strong>\u00a0<a href=\"https:\/\/charleroi-pourlapalestine.be\/index.php\/2020\/03\/13\/lallemagne-intensifie-son-attaque-contre-khaled-barakat\/\">contraints de quitter l\u2019Allemagne<\/a><\/strong>\u00a0et ont \u00e9t\u00e9 interdits d\u2019y revenir pendant plusieurs ann\u00e9es, jusqu\u2019\u00e0 ce jour.<\/p>\n<p><strong>Cette interdiction enti\u00e8rement politique qui leur a \u00e9t\u00e9 impos\u00e9e a \u00e9t\u00e9 cit\u00e9e comme la raison de leur refus d\u2019entr\u00e9e dans l\u2019espace Schengen.<\/strong><\/p>\n<p>Il convient de noter que cela se produit alors que le premier ministre n\u00e9erlandais\u00a0<strong>Mark Rutte<\/strong>\u00a0arrive dans l\u2019\u00c9tat sioniste colonial pour deux jours de discussions, au milieu d\u2019une r\u00e9sistance palestinienne f\u00e9roce et de la violence coloniale, y compris l\u2019assassinat cibl\u00e9 de r\u00e9sistants palestiniens et la mort de cinq martyrs palestiniens la nuit derni\u00e8re.<\/p>\n<p>Nous insistons sur le fait que notre r\u00e9ponse \u00e0 cette attaque contre notre organisation doit \u00eatre de prendre une position encore plus grande, plus forte, plus bruyante et plus puissante avec le peuple palestinien, sa r\u00e9sistance et la lib\u00e9ration de la Palestine.<\/p>\n<p><strong>La Marche pour le Retour et la Lib\u00e9ration se rassemblera \u00e0 Bruxelles ce samedi 29 octobre pour une d\u00e9monstration claire que le peuple palestinien n\u2019acceptera rien de moins que le retour et la lib\u00e9ration, de la mer au Jourdain, et tiendra l\u2019Europe responsable de ses crimes coloniaux et de son exploitation imp\u00e9rialiste continue !<\/strong><\/p>\n<p>Nous appelons tous les Palestiniens, les Arabes et les internationalistes \u00e0 se joindre \u00e0 la marche ou \u00e0 organiser des activit\u00e9s locales pour le retour et la lib\u00e9ration !<\/p>\n<p><strong>L\u2019expulsion de Barakat et Kates s\u2019inscrit dans la politique de longue date de l\u2019Allemagne, des Pays-Bas et de l\u2019Union europ\u00e9enne, qui consiste \u00e0 r\u00e9primer l\u2019organisation palestinienne et la solidarit\u00e9 europ\u00e9enne avec le mouvement de lib\u00e9ration palestinien.<\/strong><\/p>\n<p>De l\u2019interdiction d\u2019artistes (pro-)palestiniens \u00e0 l\u2019interdiction des manifestations de la Nakba, en passant par la suppression des subventions aux agriculteurs palestiniens et l\u2019attaque des Juifs antisionistes et des organisations internationalistes qui sont solidaires de la lutte palestinienne.<\/p>\n<p><strong>Il est important de souligner que les \u00c9tats europ\u00e9ens qui r\u00e9priment l\u2019organisation palestinienne sont les m\u00eames imp\u00e9rialistes qui soutiennent inconditionnellement la colonisation sioniste de la Palestine depuis sa fondation il y a plus d\u2019un si\u00e8cle.<\/strong><\/p>\n<p>Les Pays-Bas et l\u2019Allemagne soutiennent tous deux l\u2019entit\u00e9 sioniste financi\u00e8rement, militairement et politiquement, m\u00eame pendant leurs innombrables agressions et guerres contre le peuple palestinien et la bande de Gaza.<\/p>\n<p><strong>Samidoun Palestinian Prisoner Solidarity Network condamne la d\u00e9portation de Khaled Barakat et Charlotte Kates, et appelle tous les partisans de la Palestine \u00e0 d\u00e9fendre le droit de lutter pour le retour et la lib\u00e9ration de la Palestine, de la mer au Jourdain, en participant \u00e0 la Semaine du retour et de la lib\u00e9ration et en organisant des manifestations et des actions dans vos villes en soutien au peuple palestinien, et \u00e0 son droit inali\u00e9nable de lib\u00e9rer sa terre et de retourner dans ses foyers.<\/strong><\/p>\n<p>****<\/p>\n<p>Publi\u00e9 le 25 octobre 2021 sur\u00a0<a href=\"https:\/\/samidoun.net\/fr\/2022\/10\/complicite-de-lunion-europeenne-avec-israel-dans-lattaque-de-la-marche-du-retour-et-contre-la-diaspora\/\">Samidoun<\/a><\/p>\n<p>&nbsp;<\/p>\n<p><img decoding=\"async\" class=\"wp-image-46144 size-full aligncenter\" src=\"https:\/\/charleroi-pourlapalestine.be\/wp-content\/uploads\/2022\/10\/OK-BANNED-FR-e1666704672381.png\" sizes=\"(max-width: 562px) 100vw, 562px\" srcset=\"https:\/\/charleroi-pourlapalestine.be\/wp-content\/uploads\/2022\/10\/OK-BANNED-FR-e1666704672381.png 562w, https:\/\/charleroi-pourlapalestine.be\/wp-content\/uploads\/2022\/10\/OK-BANNED-FR-e1666704672381-300x300.png 300w, https:\/\/charleroi-pourlapalestine.be\/wp-content\/uploads\/2022\/10\/OK-BANNED-FR-e1666704672381-150x150.png 150w, https:\/\/charleroi-pourlapalestine.be\/wp-content\/uploads\/2022\/10\/OK-BANNED-FR-e1666704672381-80x80.png 80w, https:\/\/charleroi-pourlapalestine.be\/wp-content\/uploads\/2022\/10\/OK-BANNED-FR-e1666704672381-320x320.png 320w\" alt=\"Poster : des membres de Masar Badil et Samidoun interdits de rejoindre la Marche du Retour\" width=\"562\" height=\"562\" \/><\/p>\n<p><strong>Face \u00e0 cette scandaleuse r\u00e9pression, rejoignons massivement la Marche pour le Retour et la Lib\u00e9ration de la Palestine, organis\u00e9e \u00e0 Bruxelles ce samedi 29 octobre.<\/strong><\/p>\n<h4 class=\"post-title entry-title fittexted_for_single_post_title\">La National Lawyers Guild d\u00e9nonce la d\u00e9portation de Charlotte Kates et Khaled Barakat appelle au soutien \u00e0 la Marche de Masar Badil<\/h4>\n<div class=\"entry themeform fittexted_for_entry\">\n<div class=\"entry-inner\">\n<div class=\"pf-content\">\n<p><strong>La National Lawyers Guild International Committee (NLG \u2013 Guilde nationale des avocats) d\u00e9nonce \u00e9nergiquement le refus d\u2019entr\u00e9e aux Pays-Bas oppos\u00e9 \u00e0 son affili\u00e9e Charlotte Kates, coordinatrice internationale du r\u00e9seau Samidoun de solidarit\u00e9 avec les prisonniers politiques, et \u00e0 Khaled Barakat, cofondateur de Masar Badil (Mouvement palestinien de la voie alternative r\u00e9volutionnaire), ainsi que\u00a0<a href=\"https:\/\/charleroi-pourlapalestine.be\/index.php\/2022\/10\/25\/la-deportation-de-charlotte-kates-et-khalid-barakat-une-attaque-contre-la-marche-du-retour-et-la-diaspora\/\">leur d\u00e9portation<\/a>\u00a0de l\u2019a\u00e9roport d\u2019Amsterdam vers la Canada par la police militaire des Pays-Bas.<\/strong><\/p>\n<div id=\"attachment_46301\" class=\"wp-caption aligncenter\"><img decoding=\"async\" class=\"wp-image-46301 size-full\" src=\"https:\/\/charleroi-pourlapalestine.be\/wp-content\/uploads\/2022\/10\/Declaration-de-la-National-Lawyers-Guild.jpg\" sizes=\"(max-width: 540px) 100vw, 540px\" srcset=\"https:\/\/charleroi-pourlapalestine.be\/wp-content\/uploads\/2022\/10\/Declaration-de-la-National-Lawyers-Guild.jpg 540w, https:\/\/charleroi-pourlapalestine.be\/wp-content\/uploads\/2022\/10\/Declaration-de-la-National-Lawyers-Guild-300x163.jpg 300w\" alt=\"Masar Badil et Samidoun interdits d\u2019acc\u00e8s \u00e0 l\u2019Union europ\u00e9enne ! (Photo : Samidoun)\" width=\"540\" height=\"294\" aria-describedby=\"caption-attachment-46301\" \/><\/p>\n<p id=\"caption-attachment-46301\" class=\"wp-caption-text\">Masar Badil et Samidoun interdits d\u2019acc\u00e8s \u00e0 l\u2019Union europ\u00e9enne ! (Photo : Samidoun)<\/p>\n<\/div>\n<p><strong>\u00a0<\/strong><\/p>\n<p><a href=\"https:\/\/charleroi-pourlapalestine.be\/index.php\/tag\/charlotte-kates\/\"><strong>Charlotte Kates<\/strong><\/a>\u00a0et\u00a0<a href=\"https:\/\/charleroi-pourlapalestine.be\/index.php\/tag\/khaled-barakat\/\"><strong>Khaled Barakat<\/strong><\/a>\u00a0\u00e9taient en route pour participer \u00e0 la\u00a0<a href=\"https:\/\/charleroi-pourlapalestine.be\/index.php\/2022\/10\/24\/la-dynamique-sactive-pour-la-marche-en-faveur-du-retour-et-de-la-liberation-rejoignez-nous-a-bruxelles\/\"><strong>Semaine d\u2019action pour le retour et la lib\u00e9ration de la Palestine<\/strong>\u00a0<\/a>organis\u00e9e par<a href=\"https:\/\/charleroi-pourlapalestine.be\/index.php\/2021\/11\/12\/masar-badil-ce-mouvement-est-pour-vous-si-vous-en-avez-assez-du-processus-de-capitulation\/\"><strong>\u00a0Masar Badil.<\/strong><\/a>\u00a0D\u00e8s leur arriv\u00e9e \u00e0 l\u2019a\u00e9roport de\u00a0<strong>Schiphol<\/strong>, \u00e0<strong>\u00a0Amsterdam<\/strong>, lundi matin, le 24 octobre 2022, tous deux ont \u00e9t\u00e9\u00a0<strong>arr\u00eat\u00e9s<\/strong>\u00a0par le service d\u2019immigration g\u00e9r\u00e9 par la police militaire des Pays-Bas.<\/p>\n<p><strong>Khaled et Charlotte ont \u00e9t\u00e9 interrog\u00e9s tous les deux \u00e0 propos de leurs opinions politiques, de leurs organisations et de la semaine d\u2019action pour la lib\u00e9ration et le retour. C\u2019est un signe clair que ces forces des \u00c9tats de l\u2019UE attaquent politiquement non seulement les dirigeants du mouvement palestinien comme Charlotte et Khaled, mais qu\u2019elles ciblent \u00e9galement leurs organisations et le mouvement palestinien o\u00f9 qu\u2019il se trouve.<\/strong><\/p>\n<p>Nous percevons leur interdiction d\u2019entr\u00e9e et leur d\u00e9portation comme une escalade dans une attaque de plus grande envergure men\u00e9e par l\u2019<strong>Union europ\u00e9enne<\/strong>\u00a0contre la soci\u00e9t\u00e9 civile palestinienne et contre l\u2019organisation de la solidarit\u00e9.<\/p>\n<p>Ces derni\u00e8res ann\u00e9es, nous n\u2019avons cess\u00e9 de nous pr\u00e9occuper de l\u2019accroissement des\u00a0<strong>attaques politiques et de la r\u00e9pression des Palestiniens et des organisations de solidarit\u00e9 avec la Palestine dans les \u00c9tats de l\u2019UE.<\/strong>\u00a0Partout dans le bloc europ\u00e9en, nous avons assist\u00e9 \u00e0 une censure croissante du mouvement et, en\u00a0<strong>Allemagne<\/strong>, nous avons m\u00eame \u00e9t\u00e9 t\u00e9moins de raids contre les organisations du mouvement palestinien, d\u2019un accroissement de leur criminalisation et de violations directes de leur droit de rassemblement en guise de soutien des droits palestiniens. Mais, dans le m\u00eame temps, nous avons vu les m\u00eames forces gouvernementales prot\u00e9ger les droits des organisations fascistes \u00e0 d\u00e9filer, \u00e0 faciliter la diffusion et le soutien de leurs id\u00e9ologies.<\/p>\n<p>De plus, dans le sillage de l\u2019attaque men\u00e9e par la police militaire des Pays-Bas, l<strong>e Premier ministre n\u00e9erlandais Mark Rutte est arriv\u00e9 dans l\u2019\u00c9tat colonial sioniste de peuplement pour deux journ\u00e9es d\u2019entretiens<\/strong>\u00a0et ce, en pleine escalade de la violence coloniale sioniste, y compris les assassinats cibl\u00e9s de r\u00e9sistants palestiniens. Les Pays-Bas et l\u2019Allemagne soutiennent tous deux l\u2019entit\u00e9 sioniste financi\u00e8rement, militairement et politiquement, m\u00eame pendant ses innombrables agressions et guerres contre le peuple palestinien et la bande de Gaza.<\/p>\n<p>La NLG invite ses membres et organisations affili\u00e9es \u00e0 entreprendre des actions en vue de s\u2019opposer \u00e0 cette attaque :<\/p>\n<p><strong>Condamnez la complicit\u00e9 de l\u2019UE avec Isra\u00ebl dans l\u2019attaque contre la Marche du Retour et la diaspora.\u00a0<a href=\"https:\/\/european-union.europa.eu\/contact-eu_en\" target=\"_blank\" rel=\"noopener\">T\u00e9l\u00e9phonez ou \u00e9crivez \u00e0 l\u2019UE<\/a><\/strong>\u00a0et insistez pour qu\u2019elle condamne l\u2019arrestation, les interrogatoires et la d\u00e9portation de Khaled Barakat et de Charlotte Kates, et qu\u2019elle mette un terme aux attaques contre nos organisations et le mouvement palestinien.<\/p>\n<p><strong>Exprimez votre soutien sans \u00e9quivoque \u00e0 la Marche pour le Retour et la Lib\u00e9ration.\u00a0<\/strong>Soutenez la Semaine d\u2019action et la Marche pour le Retour et la Lib\u00e9ration !\u00a0<a href=\"https:\/\/returnandliberation.org\/endorse\/\"><strong>Rejoignez nos signataires<\/strong><\/a>\u00a0au sein du mouvement et ajoutez votre voix, votre nom et votre soutien \u00e0 ce projet important.<\/p>\n<p><strong>La Marche pour le Retour et la Lib\u00e9ration<\/strong>\u00a0se rassemblera \u00e0 Bruxelles ce samedi 29 octobre. La marche se d\u00e9roulera dans les rues de la capitale de l\u2019Union europ\u00e9enne et sera marqu\u00e9e par un rassemblement historique au Parlement europ\u00e9en.<\/p>\n<p><strong>Parmi les revendications de la marche figurent : la lib\u00e9ration de la Palestine du fleuve \u00e0 la mer, la fin de l\u2019Accord d\u2019association entre l\u2019UE et Isra\u00ebl et la lib\u00e9ration de tous les prisonniers palestiniens.<\/strong><\/p>\n<p>*****<\/p>\n<p>Publi\u00e9 le 27 octobre 2022 sur\u00a0<strong>National Lawyers Guild\u00a0<a href=\"https:\/\/nlginternational.org\/2022\/10\/national-lawyers-guild-international-denounces-denial-of-entry-and-deportation-of-nlg-member-charlotte-kates-and-co-founder-of-masar-badil-by-dutch-and-eu-officials\/\" target=\"_blank\" rel=\"noopener\">International Committee<\/a><br \/>\n<\/strong>Traduction : Jean-Marie Fl\u00e9mal,\u00a0<strong><a href=\"https:\/\/charleroi-pourlapalestine.be\/\">Charleroi pour la Palestine<\/a><\/strong><\/p>\n<p>*****<\/p>\n<\/div>\n<\/div>\n<\/div>\n","protected":false},"excerpt":{"rendered":"<p>Ils \u00e9taient en route pour participer \u00e0 la\u00a0Semaine d\u2019action pour le retour et la lib\u00e9ration de la Palestine. A leur arriv\u00e9e \u00e0 l\u2019a\u00e9roport\u00a0Schiphol d\u2019Amsterdam\u00a0le 24 octobre au matin, ils ont \u00e9t\u00e9 d\u00e9tenus par le service d\u2019immigration g\u00e9r\u00e9 par la police militaire n\u00e9erlandaise.<\/p>\n","protected":false},"author":1,"featured_media":5355,"comment_status":"open","ping_status":"open","sticky":false,"template":"","format":"standard","meta":{"footnotes":""},"categories":[6,18],"tags":[513,514,186],"class_list":["post-5354","post","type-post","status-publish","format-standard","has-post-thumbnail","hentry","category-palestine-moyen-orient","category-resistance-bruxelles","tag-charlotte-kates","tag-khaled-barakat","tag-palestine"],"_links":{"self":[{"href":"https:\/\/bruxelles-pantheres.be\/index.php?rest_route=\/wp\/v2\/posts\/5354","targetHints":{"allow":["GET"]}}],"collection":[{"href":"https:\/\/bruxelles-pantheres.be\/index.php?rest_route=\/wp\/v2\/posts"}],"about":[{"href":"https:\/\/bruxelles-pantheres.be\/index.php?rest_route=\/wp\/v2\/types\/post"}],"author":[{"embeddable":true,"href":"https:\/\/bruxelles-pantheres.be\/index.php?rest_route=\/wp\/v2\/users\/1"}],"replies":[{"embeddable":true,"href":"https:\/\/bruxelles-pantheres.be\/index.php?rest_route=%2Fwp%2Fv2%2Fcomments&post=5354"}],"version-history":[{"count":3,"href":"https:\/\/bruxelles-pantheres.be\/index.php?rest_route=\/wp\/v2\/posts\/5354\/revisions"}],"predecessor-version":[{"id":5358,"href":"https:\/\/bruxelles-pantheres.be\/index.php?rest_route=\/wp\/v2\/posts\/5354\/revisions\/5358"}],"wp:featuredmedia":[{"embeddable":true,"href":"https:\/\/bruxelles-pantheres.be\/index.php?rest_route=\/wp\/v2\/media\/5355"}],"wp:attachment":[{"href":"https:\/\/bruxelles-pantheres.be\/index.php?rest_route=%2Fwp%2Fv2%2Fmedia&parent=5354"}],"wp:term":[{"taxonomy":"category","embeddable":true,"href":"https:\/\/bruxelles-pantheres.be\/index.php?rest_route=%2Fwp%2Fv2%2Fcategories&post=5354"},{"taxonomy":"post_tag","embeddable":true,"href":"https:\/\/bruxelles-pantheres.be\/index.php?rest_route=%2Fwp%2Fv2%2Ftags&post=5354"}],"curies":[{"name":"wp","href":"https:\/\/api.w.org\/{rel}","templated":true}]}}