{"id":5359,"date":"2022-10-28T14:40:52","date_gmt":"2022-10-28T13:40:52","guid":{"rendered":"https:\/\/bruxelles-pantheres.be\/?p=5359"},"modified":"2022-10-28T14:41:48","modified_gmt":"2022-10-28T13:41:48","slug":"la-belgique-utilise-sa-legislation-antiterroriste-pour-proteger-lindustrie-de-guerre-israelienne","status":"publish","type":"post","link":"https:\/\/bruxelles-pantheres.be\/?p=5359","title":{"rendered":"La Belgique utilise sa l\u00e9gislation antiterroriste pour prot\u00e9ger l\u2019industrie de guerre isra\u00e9lienne"},"content":{"rendered":"<p>La Belgique se sert de sa l\u00e9gislation antiterroriste pour prot\u00e9ger une firme d\u2019armement isra\u00e9lienne.<\/p>\n<p>Le bureau du procureur f\u00e9d\u00e9ral \u00e0 Bruxelles a confirm\u00e9 qu\u2019il traitait un dossier relatif \u00e0 des dommages r\u00e9cents occasionn\u00e9s \u00e0 l\u2019usine<strong>\u00a0OIP Sensor Systems<\/strong>, install\u00e9e pr\u00e8s de la ville de Gand.<\/p>\n<p>L\u2019affaire pourrait avoir des implications de tr\u00e8s longue port\u00e9e.\u00a0<a href=\"https:\/\/charleroi-pourlapalestine.be\/index.php\/2019\/01\/25\/la-firme-israelienne-elbit-lorgne-un-important-contrat-darmement-avec-la-belgique\/\"><strong>OIP est la propri\u00e9t\u00e9 enti\u00e8re d\u2019Elbit<\/strong><\/a>, un manufacturier d\u2019armes isra\u00e9lien qui tire profit des attaques perp\u00e9tr\u00e9es contre les Palestiniens.<!--more--><\/p>\n<div id=\"attachment_45788\" class=\"wp-caption alignnone\">\n<p><img decoding=\"async\" class=\"wp-image-45788 size-full\" src=\"https:\/\/charleroi-pourlapalestine.be\/wp-content\/uploads\/2022\/10\/La-Belgique-utilise-sa-legislation-antiterroriste-pour-proteger-lindustrie-de-guerre-israelienne-e1666258628302.jpg\" sizes=\"(max-width: 480px) 100vw, 480px\" srcset=\"https:\/\/charleroi-pourlapalestine.be\/wp-content\/uploads\/2022\/10\/La-Belgique-utilise-sa-legislation-antiterroriste-pour-proteger-lindustrie-de-guerre-israelienne-e1666258628302.jpg 480w, https:\/\/charleroi-pourlapalestine.be\/wp-content\/uploads\/2022\/10\/La-Belgique-utilise-sa-legislation-antiterroriste-pour-proteger-lindustrie-de-guerre-israelienne-e1666258628302-300x200.jpg 300w\" alt=\"La Belgique utilise sa l\u00e9gislation antiterroriste pour prot\u00e9ger l\u2019industrie de guerre isra\u00e9lienne. Le manufacturier d\u2019armes isra\u00e9lien Elbit Systems est propri\u00e9taire de l\u2019usine OIP, pr\u00e8s de la ville belge de Gand. \" width=\"480\" height=\"320\" aria-describedby=\"caption-attachment-45788\" \/><\/p>\n<p id=\"caption-attachment-45788\" class=\"wp-caption-text\">Le manufacturier d\u2019armes isra\u00e9lien Elbit Systems est propri\u00e9taire de l\u2019usine OIP, pr\u00e8s de la ville belge de Gand. (Photo : Pavlo Gonchar \/ SOPA Images\/SIPA)<\/p>\n<\/div>\n<p><strong>\u00a0<\/strong><\/p>\n<p><a href=\"https:\/\/charleroi-pourlapalestine.be\/index.php\/tag\/david-cronin\/\"><strong>David Cronin<\/strong><\/a>, 19 octobre 2022<\/p>\n<p>Le week-end dernier,<a href=\"https:\/\/www.hln.be\/oudenaarde\/gentenaar-31-opgepakt-voor-brand-die-twee-pantservoertuigen-vernielde-bij-oudenaards-bedrijf~a0715176\/\" target=\"_blank\" rel=\"noopener\">\u00a0un article<\/a>\u00a0paraissait dans le quotidien belge en langue n\u00e9erlandaise\u00a0<em>Het Laatste Nieuws,\u00a0<\/em>disant qu\u2019un homme \u00e9tait en d\u00e9tention suite \u00e0 un incident qui avait eu lieu \u00e0 l\u2019usine OIP.<\/p>\n<p>Le 28 ao\u00fbt,\u00a0<a href=\"https:\/\/charleroi-pourlapalestine.be\/index.php\/2022\/08\/30\/belgique-action-incendiaire-contre-oip-la-filiale-belge-du-constructeur-darmes-israelien-elbit\/\">des cocktails Molotov avaient \u00e9t\u00e9 jet\u00e9s sur des v\u00e9hicules blind\u00e9s gar\u00e9s sur le parking d\u2019OIP<\/a>. Le slogan \u00ab Fermez Elbit \u00bb avait \u00e9t\u00e9 trouv\u00e9 sur les lieux peu de temps apr\u00e8s, pr\u00e9tendent certains comptes rendus.<\/p>\n<p>Bien que les pompiers soient venus sur les lieux pour ma\u00eetriser rapidement les flammes, les deux v\u00e9hicules militaires avaient n\u00e9anmoins \u00e9t\u00e9 d\u00e9truits compl\u00e8tement, a-t-on pu lire dans\u00a0<em>Het Laatste Nieuws<\/em>.<\/p>\n<p>\u00c0 l\u2019origine, l\u2019affaire avait \u00e9t\u00e9 confi\u00e9e \u00e0 un tribunal local, mais avait \u00e9t\u00e9 transmise par la suite au<strong>\u00a0procureur f\u00e9d\u00e9ral.<\/strong><\/p>\n<p><strong>Eric Van Duyse<\/strong>, un porte-parole du procureur, a d\u00e9clar\u00e9 que<\/p>\n<blockquote><p>\u00ab le suspect \u00e9tait en fait confront\u00e9 \u00e0 des accusations d\u2019incendie criminel avec intentions terroristes \u00bb.<\/p><\/blockquote>\n<p>Le nom de l\u2019homme en d\u00e9tention n\u2019a pas \u00e9t\u00e9 r\u00e9v\u00e9l\u00e9.<\/p>\n<blockquote><p>\u00ab Nous ne fournissons pas les identit\u00e9s des suspects mais je puis vous dire que, jusqu\u2019\u00e0 pr\u00e9sent, aucun lien n\u2019a \u00e9t\u00e9 trouv\u00e9 avec quelque organisation palestinienne que ce soit \u00bb,<\/p><\/blockquote>\n<p>a d\u00e9clar\u00e9 Van Duyse par courriel.<\/p>\n<blockquote><p>\u00ab Nous sommes toujours au d\u00e9but de l\u2019enqu\u00eate \u00bb,<\/p><\/blockquote>\n<p>a-t-il dit, ajoutant qu\u2019aucune date n\u2019avait \u00e9t\u00e9 fix\u00e9e pour une audience au tribunal.<\/p>\n<h3 class=\"fittexted_for_content_h3\"><strong><br \/>\nLe perroquet<\/strong><\/h3>\n<p>Contact\u00e9 par t\u00e9l\u00e9phone,\u00a0<strong>Ronny De Coster<\/strong>, le journaliste qui a r\u00e9dig\u00e9 l\u2019article du week-end dernier pour\u00a0<em>Het Laatste Nieuws<\/em>, a insist\u00e9 pour dire qu\u2019il ignorait le nom du d\u00e9tenu ainsi que celui de son avocat. De Coster a d\u00e9clar\u00e9 que son article s\u2019appuyait sur des d\u00e9tails que lui avaient transmis les autorit\u00e9s judiciaires en Flandre-Orientale, o\u00f9 est situ\u00e9e l\u2019usine OIP.<\/p>\n<p>Ce que De Coster reconna\u00eet l\u00e0 soul\u00e8ve de graves questions \u00e0 propos de son journalisme. Pourquoi a-t-il r\u00e9p\u00e9t\u00e9 \u00e0 la fa\u00e7on d\u2019un perroquet une ligne que lui ont transmise les autorit\u00e9s, sans s\u2019arr\u00eater pour examiner l\u2019agenda sous-jacent ?<\/p>\n<p>L\u2019article de De Coster sugg\u00e9rait que l\u2019homme en d\u00e9tention nourrissait des sympathies envers le peuple palestinien en situation critique. L\u2019article d\u00e9crivait n\u00e9anmoins l\u2019incident du cocktail Molotov comme criminel, sans fournir le moindre contexte \u00e0 propos du r\u00f4le d\u2019Elbit dans la violence d\u2019\u00c9tat d\u2019Isra\u00ebl.<\/p>\n<p>Bien que propri\u00e9t\u00e9 d\u2019Elbit depui<a href=\"https:\/\/vri.vlaanderen\/en\/members\/oip-sensor-systems\/\" target=\"_blank\" rel=\"noopener\">s pr\u00e8s de deux d\u00e9cennies<\/a>, les connexions \u00e9troites d\u2019OIP avec l\u2019industrie isra\u00e9lienne des armes sont loin d\u2019\u00eatre largement connues.<\/p>\n<p>Jusqu\u2019\u00e0 pr\u00e9sent, la firme a \u00e9chapp\u00e9 au genre de protestations que le groupe\u00a0<strong>Palestine Action<\/strong>\u00a0a entreprises contre les investissements d\u2019Elbit en Grande-Bretagne. Ces protestations ont inclus des prolongements tout \u00e0 fait louables tels que la destruction d\u2019\u00e9quipements de production d\u2019armes.<\/p>\n<p>Personne n\u2019a \u00e9t\u00e9 bless\u00e9 lors du jet des cocktails Molotov sur les v\u00e9hicules blind\u00e9s gar\u00e9s \u00e0 proximit\u00e9 de l\u2019usine OIP.<\/p>\n<p><strong>Alors, pourquoi la Belgique a-t-elle invoqu\u00e9 sa l\u00e9gislation antiterroriste ?<\/strong>\u00a0Se pourrait-il que l\u2019\u00c9tat envoie un signal pour dire qu\u2019il ne tol\u00e9rera aucune protestation susceptible de perturber le fonctionnement d\u2019OIP et, par extension, celui de sa maison m\u00e8re isra\u00e9lienne ?<\/p>\n<p><em>The Wall Street Journal<\/em>\u00a0vient de publier\u00a0<a href=\"https:\/\/www.wsj.com\/articles\/israels-defense-industry-is-big-winner-two-years-after-abraham-accords-11665317252\" target=\"_blank\" rel=\"noopener\">un article lumineux<\/a>\u00a0sur les marchands de mort isra\u00e9liens.<\/p>\n<p>L\u2019article brode sur la fa\u00e7on dont les\u00a0<em>\u00ab ventes militaires mondiales d\u2019Isra\u00ebl \u00bb<\/em>\u00a0ont atteint\u00a0<em>\u00ab le montant record de 11,3 milliards de USD l\u2019an dernier \u00bb<\/em>. Un important facteur derri\u00e8re cette croissance a \u00e9t\u00e9 les<strong>\u00a0accords Abraham<\/strong>\u00a0\u2013 une s\u00e9rie d\u2019accords de normalisation avec des pays arabes.<\/p>\n<p>L\u2019acquisition par Elbit d\u2019OIP en Belgique est ant\u00e9rieure \u00e0 ces accords. Mais cela ne la rend pas sans cons\u00e9quence.<\/p>\n<p>OIP, par exemple, a dirig\u00e9 un consortium qui a d\u00e9croch\u00e9 un important\u00a0<a href=\"https:\/\/www.oip.be\/2020\/01\/09\/oip-sensor-systems-telefunken-racoms-awarded-fpsa-contract\/\" target=\"_blank\" rel=\"noopener\">contrat<\/a>\u00a0en 2019 en vue d\u2018\u00e9quiper l\u2019arm\u00e9e fran\u00e7aise de\u00a0<a href=\"https:\/\/www.edrmagazine.eu\/iop-sensors-systems-details-the-fpsa-contract-for-france\" target=\"_blank\" rel=\"noopener\">nouveaux fusils.<\/a><\/p>\n<p>En agissant de la sorte, OIP a trouv\u00e9 une affaire pour l\u2019industrie isra\u00e9lienne des armes dans l\u2019un des plus grands pays de l\u2019Union europ\u00e9enne.<\/p>\n<p>Cela fait d\u2019OIP un producteur tr\u00e8s sinistre et dangereux. Bien plus dangereux que la personne qui a incendi\u00e9 les v\u00e9hicules blind\u00e9s sur son parking.<\/p>\n<p>*****<\/p>\n<p>Publi\u00e9 le 19 octobre 2022 sur\u00a0<a href=\"https:\/\/electronicintifada.net\/blogs\/david-cronin\/belgium-wields-terror-law-shield-israels-war-industry\" target=\"_blank\" rel=\"noopener\">The Electronic Intifada<\/a><br \/>\nTraduction : Jean-Marie Fl\u00e9mal,\u00a0<a href=\"https:\/\/charleroi-pourlapalestine.be\/\">Charleroi pour la Palestine<\/a><\/p>\n<p>*****<\/p>\n<p><strong><a href=\"https:\/\/charleroi-pourlapalestine.be\/index.php\/tag\/david-cronin\/\">David Cronin<\/a><a href=\"https:\/\/charleroi-pourlapalestine.be\/index.php\/tag\/david-cronin\/\"><img decoding=\"async\" class=\"alignright wp-image-20420 size-full\" src=\"https:\/\/charleroi-pourlapalestine.be\/wp-content\/uploads\/2020\/12\/david-cronin.jpg\" alt=\"\" width=\"112\" height=\"112\" \/><\/a><\/strong>\u00a0est l\u2019auteur de plusieurs ouvrages, dont\u00a0<a href=\"https:\/\/assolaguillotine.wordpress.com\/catalogue\/europe-israel-de-david-cronin\/\" target=\"_blank\" rel=\"noopener noreferrer\"><em><strong><span id=\"productTitle\" class=\"a-size-large\">Europe Isra\u00ebl : Une alliance contre-nature\u00a0<\/span><\/strong><\/em><\/a><span id=\"productTitle\" class=\"a-size-large\">(Ed. La Guillotine \u2013 2013) et\u00a0<\/span>\u00a0<strong><em>Europe\u2019s Alliance With Israel: Aiding the Occupation<\/em>\u00a0<\/strong>(Pluto Press, 2011 \u2013\u00a0<strong><em>L\u2019Alliance de l\u2019Europe avec Isra\u00ebl contribue \u00e0 l\u2019occupation<\/em>)<\/strong>. Il a particip\u00e9 \u00e0 la r\u00e9daction du rapport \u201c<strong><a href=\"http:\/\/powerbase.info\/images\/0\/06\/PII_IsraelLobbyEUreport2016_Cronin_Mursak_Miller.pdf\" target=\"_blank\" rel=\"noopener noreferrer\">The israeli lobby and the European Union<\/a><\/strong>\u201d.<br \/>\nSon dernier livre est :\u00a0<strong><span id=\"productTitle\" class=\"a-size-large\"><em>Balfour\u2019s Shadow: A Century of British Support for Zionism and Israel<\/em>\u00a0<\/span><\/strong><span id=\"productTitle\" class=\"a-size-large\">(Pluto Press \u2013 Londres 2017).<\/span><\/p>\n<p>Il a \u00e9crit de nombreux articles pour de nombreuses publications, dont\u00a0<strong>The Guardian, The Wall Street Journal Europe, European Voice, the Inter Press Service, The Irish Times and The Sunday Tribune.<\/strong>\u00a0En tant qu\u2019activiste politique, il a tent\u00e9 d\u2019appliquer un \u00e9tat d\u2019 \u201carrestation citoyenne\u201d \u00e0\u00a0<strong>Tony Blair<\/strong>\u00a0et Avigdor\u00a0<strong>Lieberman\u00a0<\/strong>pour crimes contre l\u2019humanit\u00e9.<\/p>\n","protected":false},"excerpt":{"rendered":"<p>La Belgique se sert de sa l\u00e9gislation antiterroriste pour prot\u00e9ger une firme d\u2019armement isra\u00e9lienne. Le bureau du procureur f\u00e9d\u00e9ral \u00e0 Bruxelles a confirm\u00e9 qu\u2019il traitait un dossier relatif \u00e0 des dommages r\u00e9cents occasionn\u00e9s \u00e0 l\u2019usine\u00a0OIP Sensor Systems, install\u00e9e pr\u00e8s de la ville de Gand. L\u2019affaire pourrait avoir des implications de tr\u00e8s longue port\u00e9e.\u00a0OIP est la &#8230; <a title=\"La Belgique utilise sa l\u00e9gislation antiterroriste pour prot\u00e9ger l\u2019industrie de guerre isra\u00e9lienne\" class=\"read-more\" href=\"https:\/\/bruxelles-pantheres.be\/?p=5359\" aria-label=\"En savoir plus sur La Belgique utilise sa l\u00e9gislation antiterroriste pour prot\u00e9ger l\u2019industrie de guerre isra\u00e9lienne\">Lire la suite<\/a><\/p>\n","protected":false},"author":1,"featured_media":5360,"comment_status":"open","ping_status":"open","sticky":false,"template":"","format":"standard","meta":{"footnotes":""},"categories":[21,36,6,18],"tags":[236,515,186],"class_list":["post-5359","post","type-post","status-publish","format-standard","has-post-thumbnail","hentry","category-anti-imperialisme","category-europe","category-palestine-moyen-orient","category-resistance-bruxelles","tag-david-cronin","tag-elbit","tag-palestine"],"_links":{"self":[{"href":"https:\/\/bruxelles-pantheres.be\/index.php?rest_route=\/wp\/v2\/posts\/5359","targetHints":{"allow":["GET"]}}],"collection":[{"href":"https:\/\/bruxelles-pantheres.be\/index.php?rest_route=\/wp\/v2\/posts"}],"about":[{"href":"https:\/\/bruxelles-pantheres.be\/index.php?rest_route=\/wp\/v2\/types\/post"}],"author":[{"embeddable":true,"href":"https:\/\/bruxelles-pantheres.be\/index.php?rest_route=\/wp\/v2\/users\/1"}],"replies":[{"embeddable":true,"href":"https:\/\/bruxelles-pantheres.be\/index.php?rest_route=%2Fwp%2Fv2%2Fcomments&post=5359"}],"version-history":[{"count":2,"href":"https:\/\/bruxelles-pantheres.be\/index.php?rest_route=\/wp\/v2\/posts\/5359\/revisions"}],"predecessor-version":[{"id":5362,"href":"https:\/\/bruxelles-pantheres.be\/index.php?rest_route=\/wp\/v2\/posts\/5359\/revisions\/5362"}],"wp:featuredmedia":[{"embeddable":true,"href":"https:\/\/bruxelles-pantheres.be\/index.php?rest_route=\/wp\/v2\/media\/5360"}],"wp:attachment":[{"href":"https:\/\/bruxelles-pantheres.be\/index.php?rest_route=%2Fwp%2Fv2%2Fmedia&parent=5359"}],"wp:term":[{"taxonomy":"category","embeddable":true,"href":"https:\/\/bruxelles-pantheres.be\/index.php?rest_route=%2Fwp%2Fv2%2Fcategories&post=5359"},{"taxonomy":"post_tag","embeddable":true,"href":"https:\/\/bruxelles-pantheres.be\/index.php?rest_route=%2Fwp%2Fv2%2Ftags&post=5359"}],"curies":[{"name":"wp","href":"https:\/\/api.w.org\/{rel}","templated":true}]}}